{"id":52564,"date":"2021-02-16T19:43:04","date_gmt":"2021-02-16T22:43:04","guid":{"rendered":"http:\/\/www.noticiasradioreflejos.com.ar\/noticias\/?p=52564"},"modified":"2021-02-16T19:43:04","modified_gmt":"2021-02-16T22:43:04","slug":"un-feriado-de-carnaval-con-ocupacion-plena-en-la-comarca","status":"publish","type":"post","link":"https:\/\/www.noticiasradioreflejos.com.ar\/2021\/un-feriado-de-carnaval-con-ocupacion-plena-en-la-comarca\/","title":{"rendered":"Un feriado de Carnaval con ocupaci\u00f3n plena en la Comarca"},"content":{"rendered":"<p>As\u00ed lo inform\u00f3 Gustavo Sandoval, desde la Secretar\u00eda de Turismo. \u201cDemostramos que siendo un distrito responsable se puede alargar la temporada\u201d.<!--more--><\/p>\n<div class=\"text\">\n<p>En el \u00faltimo d\u00eda del feriado por Carnaval, el Partido de Tornquist ha registrado un fin de semana largo con ocupaci\u00f3n plena. Gustavo Sandoval, Secretario de Turismo, brind\u00f3 detalles a este medio sobre los balances referentes a la temporada de verano 2021 transcurrida hasta el d\u00eda de la fecha.<\/p>\n<p>Dos de las localidades mayormente recorridas por los turistas dentro del distrito son Sierra y Villa Ventana, aunque, en este verano at\u00edpico debido a la pandemia, los porcentajes de ocupaci\u00f3n se incrementan considerablemente en el resto de las localidades.<\/p>\n<p>\u201cEn el mes de enero hemos tenido un porcentaje ocupacional del 87% y este finde, aproximadamente, un 100%\u201d, resalta Sandobal, afirmando que \u201cestamos siendo un destino, dentro de la Provincia de Buenos Aires, elegido por la gente y se est\u00e1 demostrando d\u00eda a d\u00eda\u201d.<\/p>\n<p>Es que la temporada demuestra ir por buen camino, por sorpresa de todos los sectores que han padecido cierres y restricciones a causa de la crisis sanitaria: \u201cHubo una reactivaci\u00f3n r\u00e1pida y muchos prestadores nos comentan que se est\u00e1n poniendo al d\u00eda con las deudas contra\u00eddas y que se est\u00e1n generando nuevos puestos de trabajo\u201d.<\/p>\n<p>\u201cHay turistas que vienen a pasar el d\u00eda y no se contabilizan dentro de la ocupaci\u00f3n de camas\u201d, sostuvo, \u201cestuvimos realizando promociones en el mirador del Cerro de la Ventana y vimos much\u00edsima gente\u201d.<\/p>\n<p>La sorpresa, dentro de los n\u00fameros positivos, fueron los niveles de ocupaci\u00f3n de la localidad de Tornquist. Es que la novedad fue, como norma durante la pandemia y en diferencia a a\u00f1os anteriores, el porcentaje sostenido de turistas que realizan su paso por las localidades del Partido durante los d\u00edas semanales. Cuesti\u00f3n que, en otras temporadas, de jueves a domingo se esperaba la llegada \u201cfuerte\u201d de visitantes.<\/p>\n<p>\u201cEstamos demostrando que, siendo un distrito responsable, podemos alargar la temporada sin dejar de lado el contexto sanitario que estamos viviendo\u201d, afirm\u00f3 sobre el cumplimiento de los protocolos enviados desde Naci\u00f3n y Provincia.<\/p>\n<p>Si bien la temporada est\u00e1 anunciada hasta el pr\u00f3ximo 4 de abril, lo cierto es que las miradas y expectativas se encuentran, de ahora en adelante, en el mes de marzo, en donde hist\u00f3ricamente concurre gran cantidad de gente a nuestro distrito: \u201cSe esperan programas anunciados desde Provincia referentes a descuentos y promociones para potenciar el mes pr\u00f3ximo en cuanto al turismo\u201d, concluy\u00f3.<\/p>\n<p><iframe loading=\"lazy\" src=\"https:\/\/w.soundcloud.com\/player\/?url=https%3A\/\/api.soundcloud.com\/tracks\/987053146&amp;color=%23ff5500&amp;auto_play=false&amp;hide_related=false&amp;show_comments=true&amp;show_user=true&amp;show_reposts=false&amp;show_teaser=true\" width=\"100%\" height=\"166\" frameborder=\"no\" scrolling=\"no\"><\/iframe><\/p>\n<div style=\"font-size: 10px; color: #cccccc; line-break: anywhere; word-break: normal; overflow: hidden; white-space: nowrap; text-overflow: ellipsis; font-family: Interstate,Lucida Grande,Lucida Sans Unicode,Lucida Sans,Garuda,Verdana,Tahoma,sans-serif; font-weight: 100;\"><a style=\"color: #cccccc; text-decoration: none;\" title=\"fmreflejos 103.7\" href=\"https:\/\/soundcloud.com\/fmreflejos-103-7\" target=\"_blank\" rel=\"noopener\">fmreflejos 103.7<\/a> \u00b7 <a style=\"color: #cccccc; text-decoration: none;\" title=\"Nota - Gustavo - Sandoval\" href=\"https:\/\/soundcloud.com\/fmreflejos-103-7\/nota-gustavo-sandoval\" target=\"_blank\" rel=\"noopener\">Nota &#8211; Gustavo &#8211; Sandoval<\/a><\/div>\n<\/div>\n<div><img decoding=\"async\" src=\"https:\/\/www.noticiastornquist.com.ar\/imagen.php?imagen=\/sierra-6-1.jpg\" \/><\/div>\n<div><\/div>\n<div>Fuente: Noticias Tornquist<\/div>\n","protected":false},"excerpt":{"rendered":"<p>As\u00ed lo inform\u00f3 Gustavo Sandoval, desde la Secretar\u00eda de Turismo. \u201cDemostramos que siendo un distrito responsable se puede alargar la temporada\u201d.<\/p>\n","protected":false},"author":3,"featured_media":0,"comment_status":"closed","ping_status":"open","sticky":false,"template":"","format":"standard","meta":{"footnotes":""},"categories":[33],"tags":[],"class_list":["post-52564","post","type-post","status-publish","format-standard","hentry","category-turismo"],"yoast_head":"<!-- This site is optimized with the Yoast SEO plugin v25.9 - https:\/\/yoast.com\/wordpress\/plugins\/seo\/ -->\n<title>Un feriado de Carnaval con ocupaci\u00f3n plena en la Comarca - Noticias Radio Reflejos<\/title>\n<meta name=\"robots\" content=\"index, follow, max-snippet:-1, max-image-preview:large, max-video-preview:-1\" \/>\n<link rel=\"canonical\" href=\"https:\/\/www.noticiasradioreflejos.com.ar\/2021\/un-feriado-de-carnaval-con-ocupacion-plena-en-la-comarca\/\" \/>\n<meta property=\"og:locale\" content=\"es_ES\" \/>\n<meta property=\"og:type\" content=\"article\" \/>\n<meta property=\"og:title\" content=\"Un feriado de Carnaval con ocupaci\u00f3n plena en la Comarca - Noticias Radio Reflejos\" \/>\n<meta property=\"og:description\" content=\"As\u00ed lo inform\u00f3 Gustavo Sandoval, desde la Secretar\u00eda de Turismo. \u201cDemostramos que siendo un distrito responsable se puede alargar la temporada\u201d.\" \/>\n<meta property=\"og:url\" content=\"https:\/\/www.noticiasradioreflejos.com.ar\/2021\/un-feriado-de-carnaval-con-ocupacion-plena-en-la-comarca\/\" \/>\n<meta property=\"og:site_name\" content=\"Noticias Radio Reflejos\" \/>\n<meta property=\"article:published_time\" content=\"2021-02-16T22:43:04+00:00\" \/>\n<meta property=\"og:image\" content=\"https:\/\/www.noticiastornquist.com.ar\/imagen.php?imagen=\/sierra-6-1.jpg\" \/>\n<meta name=\"author\" content=\"Arnaldo Botto\" \/>\n<meta name=\"twitter:card\" content=\"summary_large_image\" \/>\n<script type=\"application\/ld+json\" class=\"yoast-schema-graph\">{\"@context\":\"https:\/\/schema.org\",\"@graph\":[{\"@type\":\"WebPage\",\"@id\":\"https:\/\/www.noticiasradioreflejos.com.ar\/2021\/un-feriado-de-carnaval-con-ocupacion-plena-en-la-comarca\/\",\"url\":\"https:\/\/www.noticiasradioreflejos.com.ar\/2021\/un-feriado-de-carnaval-con-ocupacion-plena-en-la-comarca\/\",\"name\":\"Un feriado de Carnaval con ocupaci\u00f3n plena en la Comarca - Noticias Radio Reflejos\",\"isPartOf\":{\"@id\":\"https:\/\/www.noticiasradioreflejos.com.ar\/2021\/#website\"},\"primaryImageOfPage\":{\"@id\":\"https:\/\/www.noticiasradioreflejos.com.ar\/2021\/un-feriado-de-carnaval-con-ocupacion-plena-en-la-comarca\/#primaryimage\"},\"image\":{\"@id\":\"https:\/\/www.noticiasradioreflejos.com.ar\/2021\/un-feriado-de-carnaval-con-ocupacion-plena-en-la-comarca\/#primaryimage\"},\"thumbnailUrl\":\"https:\/\/www.noticiastornquist.com.ar\/imagen.php?imagen=\/sierra-6-1.jpg\",\"datePublished\":\"2021-02-16T22:43:04+00:00\",\"author\":{\"@id\":\"https:\/\/www.noticiasradioreflejos.com.ar\/2021\/#\/schema\/person\/ad82545263dcc5ec0996818884fd5fb1\"},\"breadcrumb\":{\"@id\":\"https:\/\/www.noticiasradioreflejos.com.ar\/2021\/un-feriado-de-carnaval-con-ocupacion-plena-en-la-comarca\/#breadcrumb\"},\"inLanguage\":\"es\",\"potentialAction\":[{\"@type\":\"ReadAction\",\"target\":[\"https:\/\/www.noticiasradioreflejos.com.ar\/2021\/un-feriado-de-carnaval-con-ocupacion-plena-en-la-comarca\/\"]}]},{\"@type\":\"ImageObject\",\"inLanguage\":\"es\",\"@id\":\"https:\/\/www.noticiasradioreflejos.com.ar\/2021\/un-feriado-de-carnaval-con-ocupacion-plena-en-la-comarca\/#primaryimage\",\"url\":\"https:\/\/www.noticiastornquist.com.ar\/imagen.php?imagen=\/sierra-6-1.jpg\",\"contentUrl\":\"https:\/\/www.noticiastornquist.com.ar\/imagen.php?imagen=\/sierra-6-1.jpg\"},{\"@type\":\"BreadcrumbList\",\"@id\":\"https:\/\/www.noticiasradioreflejos.com.ar\/2021\/un-feriado-de-carnaval-con-ocupacion-plena-en-la-comarca\/#breadcrumb\",\"itemListElement\":[{\"@type\":\"ListItem\",\"position\":1,\"name\":\"Portada\",\"item\":\"https:\/\/www.noticiasradioreflejos.com.ar\/2021\/\"},{\"@type\":\"ListItem\",\"position\":2,\"name\":\"Un feriado de Carnaval con ocupaci\u00f3n plena en la Comarca\"}]},{\"@type\":\"WebSite\",\"@id\":\"https:\/\/www.noticiasradioreflejos.com.ar\/2021\/#website\",\"url\":\"https:\/\/www.noticiasradioreflejos.com.ar\/2021\/\",\"name\":\"Noticias Radio Reflejos\",\"description\":\"Las noticias de mi comarca\",\"potentialAction\":[{\"@type\":\"SearchAction\",\"target\":{\"@type\":\"EntryPoint\",\"urlTemplate\":\"https:\/\/www.noticiasradioreflejos.com.ar\/2021\/?s={search_term_string}\"},\"query-input\":{\"@type\":\"PropertyValueSpecification\",\"valueRequired\":true,\"valueName\":\"search_term_string\"}}],\"inLanguage\":\"es\"},{\"@type\":\"Person\",\"@id\":\"https:\/\/www.noticiasradioreflejos.com.ar\/2021\/#\/schema\/person\/ad82545263dcc5ec0996818884fd5fb1\",\"name\":\"Arnaldo Botto\",\"image\":{\"@type\":\"ImageObject\",\"inLanguage\":\"es\",\"@id\":\"https:\/\/www.noticiasradioreflejos.com.ar\/2021\/#\/schema\/person\/image\/\",\"url\":\"https:\/\/secure.gravatar.com\/avatar\/55cb5e37c1efa326397366e6974cb338056df65cb50e7d64d1cf314e87504837?s=96&d=mm&r=g\",\"contentUrl\":\"https:\/\/secure.gravatar.com\/avatar\/55cb5e37c1efa326397366e6974cb338056df65cb50e7d64d1cf314e87504837?s=96&d=mm&r=g\",\"caption\":\"Arnaldo Botto\"},\"url\":\"https:\/\/www.noticiasradioreflejos.com.ar\/2021\/author\/arnaldo\/\"}]}<\/script>\n<!-- \/ Yoast SEO plugin. -->","yoast_head_json":{"title":"Un feriado de Carnaval con ocupaci\u00f3n plena en la Comarca - Noticias Radio Reflejos","robots":{"index":"index","follow":"follow","max-snippet":"max-snippet:-1","max-image-preview":"max-image-preview:large","max-video-preview":"max-video-preview:-1"},"canonical":"https:\/\/www.noticiasradioreflejos.com.ar\/2021\/un-feriado-de-carnaval-con-ocupacion-plena-en-la-comarca\/","og_locale":"es_ES","og_type":"article","og_title":"Un feriado de Carnaval con ocupaci\u00f3n plena en la Comarca - Noticias Radio Reflejos","og_description":"As\u00ed lo inform\u00f3 Gustavo Sandoval, desde la Secretar\u00eda de Turismo. \u201cDemostramos que siendo un distrito responsable se puede alargar la temporada\u201d.","og_url":"https:\/\/www.noticiasradioreflejos.com.ar\/2021\/un-feriado-de-carnaval-con-ocupacion-plena-en-la-comarca\/","og_site_name":"Noticias Radio Reflejos","article_published_time":"2021-02-16T22:43:04+00:00","og_image":[{"url":"https:\/\/www.noticiastornquist.com.ar\/imagen.php?imagen=\/sierra-6-1.jpg","type":"","width":"","height":""}],"author":"Arnaldo Botto","twitter_card":"summary_large_image","schema":{"@context":"https:\/\/schema.org","@graph":[{"@type":"WebPage","@id":"https:\/\/www.noticiasradioreflejos.com.ar\/2021\/un-feriado-de-carnaval-con-ocupacion-plena-en-la-comarca\/","url":"https:\/\/www.noticiasradioreflejos.com.ar\/2021\/un-feriado-de-carnaval-con-ocupacion-plena-en-la-comarca\/","name":"Un feriado de Carnaval con ocupaci\u00f3n plena en la Comarca - Noticias Radio Reflejos","isPartOf":{"@id":"https:\/\/www.noticiasradioreflejos.com.ar\/2021\/#website"},"primaryImageOfPage":{"@id":"https:\/\/www.noticiasradioreflejos.com.ar\/2021\/un-feriado-de-carnaval-con-ocupacion-plena-en-la-comarca\/#primaryimage"},"image":{"@id":"https:\/\/www.noticiasradioreflejos.com.ar\/2021\/un-feriado-de-carnaval-con-ocupacion-plena-en-la-comarca\/#primaryimage"},"thumbnailUrl":"https:\/\/www.noticiastornquist.com.ar\/imagen.php?imagen=\/sierra-6-1.jpg","datePublished":"2021-02-16T22:43:04+00:00","author":{"@id":"https:\/\/www.noticiasradioreflejos.com.ar\/2021\/#\/schema\/person\/ad82545263dcc5ec0996818884fd5fb1"},"breadcrumb":{"@id":"https:\/\/www.noticiasradioreflejos.com.ar\/2021\/un-feriado-de-carnaval-con-ocupacion-plena-en-la-comarca\/#breadcrumb"},"inLanguage":"es","potentialAction":[{"@type":"ReadAction","target":["https:\/\/www.noticiasradioreflejos.com.ar\/2021\/un-feriado-de-carnaval-con-ocupacion-plena-en-la-comarca\/"]}]},{"@type":"ImageObject","inLanguage":"es","@id":"https:\/\/www.noticiasradioreflejos.com.ar\/2021\/un-feriado-de-carnaval-con-ocupacion-plena-en-la-comarca\/#primaryimage","url":"https:\/\/www.noticiastornquist.com.ar\/imagen.php?imagen=\/sierra-6-1.jpg","contentUrl":"https:\/\/www.noticiastornquist.com.ar\/imagen.php?imagen=\/sierra-6-1.jpg"},{"@type":"BreadcrumbList","@id":"https:\/\/www.noticiasradioreflejos.com.ar\/2021\/un-feriado-de-carnaval-con-ocupacion-plena-en-la-comarca\/#breadcrumb","itemListElement":[{"@type":"ListItem","position":1,"name":"Portada","item":"https:\/\/www.noticiasradioreflejos.com.ar\/2021\/"},{"@type":"ListItem","position":2,"name":"Un feriado de Carnaval con ocupaci\u00f3n plena en la Comarca"}]},{"@type":"WebSite","@id":"https:\/\/www.noticiasradioreflejos.com.ar\/2021\/#website","url":"https:\/\/www.noticiasradioreflejos.com.ar\/2021\/","name":"Noticias Radio Reflejos","description":"Las noticias de mi comarca","potentialAction":[{"@type":"SearchAction","target":{"@type":"EntryPoint","urlTemplate":"https:\/\/www.noticiasradioreflejos.com.ar\/2021\/?s={search_term_string}"},"query-input":{"@type":"PropertyValueSpecification","valueRequired":true,"valueName":"search_term_string"}}],"inLanguage":"es"},{"@type":"Person","@id":"https:\/\/www.noticiasradioreflejos.com.ar\/2021\/#\/schema\/person\/ad82545263dcc5ec0996818884fd5fb1","name":"Arnaldo Botto","image":{"@type":"ImageObject","inLanguage":"es","@id":"https:\/\/www.noticiasradioreflejos.com.ar\/2021\/#\/schema\/person\/image\/","url":"https:\/\/secure.gravatar.com\/avatar\/55cb5e37c1efa326397366e6974cb338056df65cb50e7d64d1cf314e87504837?s=96&d=mm&r=g","contentUrl":"https:\/\/secure.gravatar.com\/avatar\/55cb5e37c1efa326397366e6974cb338056df65cb50e7d64d1cf314e87504837?s=96&d=mm&r=g","caption":"Arnaldo Botto"},"url":"https:\/\/www.noticiasradioreflejos.com.ar\/2021\/author\/arnaldo\/"}]}},"_links":{"self":[{"href":"https:\/\/www.noticiasradioreflejos.com.ar\/2021\/wp-json\/wp\/v2\/posts\/52564","targetHints":{"allow":["GET"]}}],"collection":[{"href":"https:\/\/www.noticiasradioreflejos.com.ar\/2021\/wp-json\/wp\/v2\/posts"}],"about":[{"href":"https:\/\/www.noticiasradioreflejos.com.ar\/2021\/wp-json\/wp\/v2\/types\/post"}],"author":[{"embeddable":true,"href":"https:\/\/www.noticiasradioreflejos.com.ar\/2021\/wp-json\/wp\/v2\/users\/3"}],"replies":[{"embeddable":true,"href":"https:\/\/www.noticiasradioreflejos.com.ar\/2021\/wp-json\/wp\/v2\/comments?post=52564"}],"version-history":[{"count":0,"href":"https:\/\/www.noticiasradioreflejos.com.ar\/2021\/wp-json\/wp\/v2\/posts\/52564\/revisions"}],"wp:attachment":[{"href":"https:\/\/www.noticiasradioreflejos.com.ar\/2021\/wp-json\/wp\/v2\/media?parent=52564"}],"wp:term":[{"taxonomy":"category","embeddable":true,"href":"https:\/\/www.noticiasradioreflejos.com.ar\/2021\/wp-json\/wp\/v2\/categories?post=52564"},{"taxonomy":"post_tag","embeddable":true,"href":"https:\/\/www.noticiasradioreflejos.com.ar\/2021\/wp-json\/wp\/v2\/tags?post=52564"}],"curies":[{"name":"wp","href":"https:\/\/api.w.org\/{rel}","templated":true}]}}