{"id":52485,"date":"2021-02-12T15:18:11","date_gmt":"2021-02-12T18:18:11","guid":{"rendered":"http:\/\/www.noticiasradioreflejos.com.ar\/noticias\/?p=52485"},"modified":"2021-02-12T15:18:11","modified_gmt":"2021-02-12T18:18:11","slug":"unas-10-millones-de-personas-se-movilizaron-por-el-pais-desde-el-inicio-de-la-temporada","status":"publish","type":"post","link":"https:\/\/www.noticiasradioreflejos.com.ar\/2021\/unas-10-millones-de-personas-se-movilizaron-por-el-pais-desde-el-inicio-de-la-temporada\/","title":{"rendered":"Unas 10 millones de personas se movilizaron por el pa\u00eds desde el inicio de la temporada"},"content":{"rendered":"<p class=\"title\">El ministro de Turismo y Deportes, Mat\u00edas Lammens, dijo hoy que desde el inicio de la temporada de verano \u00abya se movilizaron casi 10 millones de argentinos por todo el pa\u00eds\u00bb, y que se proyecta estar en mas del 70% de la temporada anterior, \u00abque fue r\u00e9cord\u00bb.<!--more--><\/p>\n<div id=\"div_cuerpo\" class=\"content cable-content\">\n\u00abDesde el inicio de la temporada ya se movilizaron casi 10 millones de argentinos por todo el pa\u00eds. Estamos teniendo una muy buena temporada en un contexto sumamente dif\u00edcil, y proyectamos estar en m\u00e1s del 70% de lo que fue la temporada pasada, que fue r\u00e9cord\u00bb, precis\u00f3 Lammens a trav\u00e9s de un comunicado que difundi\u00f3 ese organismo nacional.<\/p>\n<p>Asimismo, en el comunicado se informa que m\u00e1s de 1,8 millones de argentinos y argentinas ya sacaron su Certificado Verano para viajar por los distintos destinos del pa\u00eds durante el feriado largo de carnaval.<\/p>\n<p>A este n\u00famero hay que sumarle los que lo sacan el mismo d\u00eda de viaje y las provincias que no exigen este certificado para el ingreso, y de est\u00e1 manera se alcanzar\u00edan los 2.5 millones de turistas, se destac\u00f3.<\/p>\n<p>En ese sentido, el ministro Lammens indic\u00f3 que \u00abdurante este fin de semana de Carnaval tenemos la expectativa de superar los n\u00fameros del tercer fin de semana de enero, que fueron los m\u00e1s altos de la temporada\u00bb.<\/p>\n<p>\u00abDesde los distintos destinos del pa\u00eds nos llega informaci\u00f3n de un muy buen nivel de reservas, en algunos casos con ocupaci\u00f3n total\u00bb, continu\u00f3.<\/p>\n<p>\u00abGenera una enorme satisfacci\u00f3n ver al sector tur\u00edstico poni\u00e9ndose en marcha, sector que genera un mill\u00f3n de puestos de trabajo y es fundamental para muchas econom\u00edas regionales, y tambi\u00e9n nos da mucha alegr\u00eda ver a millones de compatriotas tom\u00e1ndose un descanso despu\u00e9s de un a\u00f1o tan duro\u00bb, finaliz\u00f3 Lammens.<\/p>\n<p>Se estima que el 75% del movimiento tur\u00edstico de todo el pa\u00eds se repartir\u00e1 entre Buenos Aires, C\u00f3rdoba, R\u00edo Negro, Entre R\u00edos, y Neuqu\u00e9n.<\/p>\n<p>Los destinos m\u00e1s elegidos por los visitantes, hasta el momento, son: el Partido de la Costa, Mar del Plata, Villa Gesell, Bariloche, y Villa Carlos Paz.<\/p><\/div>\n","protected":false},"excerpt":{"rendered":"<p>El ministro de Turismo y Deportes, Mat\u00edas Lammens, dijo hoy que desde el inicio de la temporada de verano \u00abya se movilizaron casi 10 millones de argentinos por todo el pa\u00eds\u00bb, y que se proyecta estar en mas del 70% de la temporada anterior, \u00abque fue r\u00e9cord\u00bb.<\/p>\n","protected":false},"author":3,"featured_media":0,"comment_status":"closed","ping_status":"open","sticky":false,"template":"","format":"standard","meta":{"footnotes":""},"categories":[25],"tags":[],"class_list":["post-52485","post","type-post","status-publish","format-standard","hentry","category-uncategorized"],"yoast_head":"<!-- This site is optimized with the Yoast SEO plugin v25.9 - https:\/\/yoast.com\/wordpress\/plugins\/seo\/ -->\n<title>Unas 10 millones de personas se movilizaron por el pa\u00eds desde el inicio de la temporada - Noticias Radio Reflejos<\/title>\n<meta name=\"robots\" content=\"index, follow, max-snippet:-1, max-image-preview:large, max-video-preview:-1\" \/>\n<link rel=\"canonical\" href=\"https:\/\/www.noticiasradioreflejos.com.ar\/2021\/unas-10-millones-de-personas-se-movilizaron-por-el-pais-desde-el-inicio-de-la-temporada\/\" \/>\n<meta property=\"og:locale\" content=\"es_ES\" \/>\n<meta property=\"og:type\" content=\"article\" \/>\n<meta property=\"og:title\" content=\"Unas 10 millones de personas se movilizaron por el pa\u00eds desde el inicio de la temporada - Noticias Radio Reflejos\" \/>\n<meta property=\"og:description\" content=\"El ministro de Turismo y Deportes, Mat\u00edas Lammens, dijo hoy que desde el inicio de la temporada de verano \u00abya se movilizaron casi 10 millones de argentinos por todo el pa\u00eds\u00bb, y que se proyecta estar en mas del 70% de la temporada anterior, \u00abque fue r\u00e9cord\u00bb.\" \/>\n<meta property=\"og:url\" content=\"https:\/\/www.noticiasradioreflejos.com.ar\/2021\/unas-10-millones-de-personas-se-movilizaron-por-el-pais-desde-el-inicio-de-la-temporada\/\" \/>\n<meta property=\"og:site_name\" content=\"Noticias Radio Reflejos\" \/>\n<meta property=\"article:published_time\" content=\"2021-02-12T18:18:11+00:00\" \/>\n<meta property=\"og:image\" content=\"https:\/\/www.noticiasradioreflejos.com.ar\/2021\/wp-content\/uploads\/2021\/07\/logosol300x200.png\" \/>\n\t<meta property=\"og:image:width\" content=\"300\" \/>\n\t<meta property=\"og:image:height\" content=\"200\" \/>\n\t<meta property=\"og:image:type\" content=\"image\/png\" \/>\n<meta name=\"author\" content=\"Arnaldo Botto\" \/>\n<meta name=\"twitter:card\" content=\"summary_large_image\" \/>\n<script type=\"application\/ld+json\" class=\"yoast-schema-graph\">{\"@context\":\"https:\/\/schema.org\",\"@graph\":[{\"@type\":\"WebPage\",\"@id\":\"https:\/\/www.noticiasradioreflejos.com.ar\/2021\/unas-10-millones-de-personas-se-movilizaron-por-el-pais-desde-el-inicio-de-la-temporada\/\",\"url\":\"https:\/\/www.noticiasradioreflejos.com.ar\/2021\/unas-10-millones-de-personas-se-movilizaron-por-el-pais-desde-el-inicio-de-la-temporada\/\",\"name\":\"Unas 10 millones de personas se movilizaron por el pa\u00eds desde el inicio de la temporada - Noticias Radio Reflejos\",\"isPartOf\":{\"@id\":\"https:\/\/www.noticiasradioreflejos.com.ar\/2021\/#website\"},\"datePublished\":\"2021-02-12T18:18:11+00:00\",\"author\":{\"@id\":\"https:\/\/www.noticiasradioreflejos.com.ar\/2021\/#\/schema\/person\/ad82545263dcc5ec0996818884fd5fb1\"},\"breadcrumb\":{\"@id\":\"https:\/\/www.noticiasradioreflejos.com.ar\/2021\/unas-10-millones-de-personas-se-movilizaron-por-el-pais-desde-el-inicio-de-la-temporada\/#breadcrumb\"},\"inLanguage\":\"es\",\"potentialAction\":[{\"@type\":\"ReadAction\",\"target\":[\"https:\/\/www.noticiasradioreflejos.com.ar\/2021\/unas-10-millones-de-personas-se-movilizaron-por-el-pais-desde-el-inicio-de-la-temporada\/\"]}]},{\"@type\":\"BreadcrumbList\",\"@id\":\"https:\/\/www.noticiasradioreflejos.com.ar\/2021\/unas-10-millones-de-personas-se-movilizaron-por-el-pais-desde-el-inicio-de-la-temporada\/#breadcrumb\",\"itemListElement\":[{\"@type\":\"ListItem\",\"position\":1,\"name\":\"Portada\",\"item\":\"https:\/\/www.noticiasradioreflejos.com.ar\/2021\/\"},{\"@type\":\"ListItem\",\"position\":2,\"name\":\"Unas 10 millones de personas se movilizaron por el pa\u00eds desde el inicio de la temporada\"}]},{\"@type\":\"WebSite\",\"@id\":\"https:\/\/www.noticiasradioreflejos.com.ar\/2021\/#website\",\"url\":\"https:\/\/www.noticiasradioreflejos.com.ar\/2021\/\",\"name\":\"Noticias Radio Reflejos\",\"description\":\"Las noticias de mi comarca\",\"potentialAction\":[{\"@type\":\"SearchAction\",\"target\":{\"@type\":\"EntryPoint\",\"urlTemplate\":\"https:\/\/www.noticiasradioreflejos.com.ar\/2021\/?s={search_term_string}\"},\"query-input\":{\"@type\":\"PropertyValueSpecification\",\"valueRequired\":true,\"valueName\":\"search_term_string\"}}],\"inLanguage\":\"es\"},{\"@type\":\"Person\",\"@id\":\"https:\/\/www.noticiasradioreflejos.com.ar\/2021\/#\/schema\/person\/ad82545263dcc5ec0996818884fd5fb1\",\"name\":\"Arnaldo Botto\",\"image\":{\"@type\":\"ImageObject\",\"inLanguage\":\"es\",\"@id\":\"https:\/\/www.noticiasradioreflejos.com.ar\/2021\/#\/schema\/person\/image\/\",\"url\":\"https:\/\/secure.gravatar.com\/avatar\/55cb5e37c1efa326397366e6974cb338056df65cb50e7d64d1cf314e87504837?s=96&d=mm&r=g\",\"contentUrl\":\"https:\/\/secure.gravatar.com\/avatar\/55cb5e37c1efa326397366e6974cb338056df65cb50e7d64d1cf314e87504837?s=96&d=mm&r=g\",\"caption\":\"Arnaldo Botto\"},\"url\":\"https:\/\/www.noticiasradioreflejos.com.ar\/2021\/author\/arnaldo\/\"}]}<\/script>\n<!-- \/ Yoast SEO plugin. -->","yoast_head_json":{"title":"Unas 10 millones de personas se movilizaron por el pa\u00eds desde el inicio de la temporada - Noticias Radio Reflejos","robots":{"index":"index","follow":"follow","max-snippet":"max-snippet:-1","max-image-preview":"max-image-preview:large","max-video-preview":"max-video-preview:-1"},"canonical":"https:\/\/www.noticiasradioreflejos.com.ar\/2021\/unas-10-millones-de-personas-se-movilizaron-por-el-pais-desde-el-inicio-de-la-temporada\/","og_locale":"es_ES","og_type":"article","og_title":"Unas 10 millones de personas se movilizaron por el pa\u00eds desde el inicio de la temporada - Noticias Radio Reflejos","og_description":"El ministro de Turismo y Deportes, Mat\u00edas Lammens, dijo hoy que desde el inicio de la temporada de verano \u00abya se movilizaron casi 10 millones de argentinos por todo el pa\u00eds\u00bb, y que se proyecta estar en mas del 70% de la temporada anterior, \u00abque fue r\u00e9cord\u00bb.","og_url":"https:\/\/www.noticiasradioreflejos.com.ar\/2021\/unas-10-millones-de-personas-se-movilizaron-por-el-pais-desde-el-inicio-de-la-temporada\/","og_site_name":"Noticias Radio Reflejos","article_published_time":"2021-02-12T18:18:11+00:00","og_image":[{"width":300,"height":200,"url":"https:\/\/www.noticiasradioreflejos.com.ar\/2021\/wp-content\/uploads\/2021\/07\/logosol300x200.png","type":"image\/png"}],"author":"Arnaldo Botto","twitter_card":"summary_large_image","schema":{"@context":"https:\/\/schema.org","@graph":[{"@type":"WebPage","@id":"https:\/\/www.noticiasradioreflejos.com.ar\/2021\/unas-10-millones-de-personas-se-movilizaron-por-el-pais-desde-el-inicio-de-la-temporada\/","url":"https:\/\/www.noticiasradioreflejos.com.ar\/2021\/unas-10-millones-de-personas-se-movilizaron-por-el-pais-desde-el-inicio-de-la-temporada\/","name":"Unas 10 millones de personas se movilizaron por el pa\u00eds desde el inicio de la temporada - Noticias Radio Reflejos","isPartOf":{"@id":"https:\/\/www.noticiasradioreflejos.com.ar\/2021\/#website"},"datePublished":"2021-02-12T18:18:11+00:00","author":{"@id":"https:\/\/www.noticiasradioreflejos.com.ar\/2021\/#\/schema\/person\/ad82545263dcc5ec0996818884fd5fb1"},"breadcrumb":{"@id":"https:\/\/www.noticiasradioreflejos.com.ar\/2021\/unas-10-millones-de-personas-se-movilizaron-por-el-pais-desde-el-inicio-de-la-temporada\/#breadcrumb"},"inLanguage":"es","potentialAction":[{"@type":"ReadAction","target":["https:\/\/www.noticiasradioreflejos.com.ar\/2021\/unas-10-millones-de-personas-se-movilizaron-por-el-pais-desde-el-inicio-de-la-temporada\/"]}]},{"@type":"BreadcrumbList","@id":"https:\/\/www.noticiasradioreflejos.com.ar\/2021\/unas-10-millones-de-personas-se-movilizaron-por-el-pais-desde-el-inicio-de-la-temporada\/#breadcrumb","itemListElement":[{"@type":"ListItem","position":1,"name":"Portada","item":"https:\/\/www.noticiasradioreflejos.com.ar\/2021\/"},{"@type":"ListItem","position":2,"name":"Unas 10 millones de personas se movilizaron por el pa\u00eds desde el inicio de la temporada"}]},{"@type":"WebSite","@id":"https:\/\/www.noticiasradioreflejos.com.ar\/2021\/#website","url":"https:\/\/www.noticiasradioreflejos.com.ar\/2021\/","name":"Noticias Radio Reflejos","description":"Las noticias de mi comarca","potentialAction":[{"@type":"SearchAction","target":{"@type":"EntryPoint","urlTemplate":"https:\/\/www.noticiasradioreflejos.com.ar\/2021\/?s={search_term_string}"},"query-input":{"@type":"PropertyValueSpecification","valueRequired":true,"valueName":"search_term_string"}}],"inLanguage":"es"},{"@type":"Person","@id":"https:\/\/www.noticiasradioreflejos.com.ar\/2021\/#\/schema\/person\/ad82545263dcc5ec0996818884fd5fb1","name":"Arnaldo Botto","image":{"@type":"ImageObject","inLanguage":"es","@id":"https:\/\/www.noticiasradioreflejos.com.ar\/2021\/#\/schema\/person\/image\/","url":"https:\/\/secure.gravatar.com\/avatar\/55cb5e37c1efa326397366e6974cb338056df65cb50e7d64d1cf314e87504837?s=96&d=mm&r=g","contentUrl":"https:\/\/secure.gravatar.com\/avatar\/55cb5e37c1efa326397366e6974cb338056df65cb50e7d64d1cf314e87504837?s=96&d=mm&r=g","caption":"Arnaldo Botto"},"url":"https:\/\/www.noticiasradioreflejos.com.ar\/2021\/author\/arnaldo\/"}]}},"_links":{"self":[{"href":"https:\/\/www.noticiasradioreflejos.com.ar\/2021\/wp-json\/wp\/v2\/posts\/52485","targetHints":{"allow":["GET"]}}],"collection":[{"href":"https:\/\/www.noticiasradioreflejos.com.ar\/2021\/wp-json\/wp\/v2\/posts"}],"about":[{"href":"https:\/\/www.noticiasradioreflejos.com.ar\/2021\/wp-json\/wp\/v2\/types\/post"}],"author":[{"embeddable":true,"href":"https:\/\/www.noticiasradioreflejos.com.ar\/2021\/wp-json\/wp\/v2\/users\/3"}],"replies":[{"embeddable":true,"href":"https:\/\/www.noticiasradioreflejos.com.ar\/2021\/wp-json\/wp\/v2\/comments?post=52485"}],"version-history":[{"count":0,"href":"https:\/\/www.noticiasradioreflejos.com.ar\/2021\/wp-json\/wp\/v2\/posts\/52485\/revisions"}],"wp:attachment":[{"href":"https:\/\/www.noticiasradioreflejos.com.ar\/2021\/wp-json\/wp\/v2\/media?parent=52485"}],"wp:term":[{"taxonomy":"category","embeddable":true,"href":"https:\/\/www.noticiasradioreflejos.com.ar\/2021\/wp-json\/wp\/v2\/categories?post=52485"},{"taxonomy":"post_tag","embeddable":true,"href":"https:\/\/www.noticiasradioreflejos.com.ar\/2021\/wp-json\/wp\/v2\/tags?post=52485"}],"curies":[{"name":"wp","href":"https:\/\/api.w.org\/{rel}","templated":true}]}}