{"id":52482,"date":"2021-02-12T15:14:51","date_gmt":"2021-02-12T18:14:51","guid":{"rendered":"http:\/\/www.noticiasradioreflejos.com.ar\/noticias\/?p=52482"},"modified":"2021-02-12T15:14:51","modified_gmt":"2021-02-12T18:14:51","slug":"va-a-ser-un-proceso-en-construccion-dijo-trotta-sobre-el-regreso-a-las-clases-presenciales","status":"publish","type":"post","link":"https:\/\/www.noticiasradioreflejos.com.ar\/2021\/va-a-ser-un-proceso-en-construccion-dijo-trotta-sobre-el-regreso-a-las-clases-presenciales\/","title":{"rendered":"\u00abVa a ser un proceso en construcci\u00f3n\u00bb, dijo Trotta sobre el regreso a las clases presenciales"},"content":{"rendered":"<p class=\"title\">El ministro de Educaci\u00f3n, Nicol\u00e1s Trotta, consider\u00f3 hoy que el regreso a las clases presenciales con protocolos sanitarios definida hoy por el Consejo Federal de Educaci\u00f3n (CFE) \u00abva a ser un proceso en construcci\u00f3n\u00bb y enfatiz\u00f3 que \u00abtodos los cuidados se sostendr\u00e1n de forma progresiva\u00bb.<!--more--><\/p>\n<div id=\"div_cuerpo\" class=\"content cable-content\">\nEl CFE ratific\u00f3 hoy el retorno a las clases presenciales en todo el pa\u00eds, de acuerdo a la situaci\u00f3n epidemiol\u00f3gica de cada regi\u00f3n y con condiciones de seguridad sanitaria que garanticen el cuidado de la salud, seg\u00fan indicaron fuentes oficiales.<\/p>\n<p>\u00abVa a ser un proceso en construcci\u00f3n la vuelta a la presencialidad cuidada\u00bb, por lo que \u00abse reforz\u00f3 el env\u00edo de recursos a las escuelas y remiti\u00f3 3.200 millones de pesos a partir de un fondo Covid-19\u00bb, apunt\u00f3 el funcionario en una conferencia de prensa ofrecida tras la reuni\u00f3n.<\/p>\n<p>Trotta ponder\u00f3 que, \u00aba lo largo de un 2020 de enorme complejidad, avanzamos, como hoy, en acuerdos que tuvieron la unanimidad de las 24 jurisdicciones\u00bb y resalt\u00f3 que el Ejecutivo nacional recibi\u00f3 el respaldo de los gobernadores en las recorridas federales que hizo.<\/p>\n<p>\u00abLas variables epidemiol\u00f3gicas por la diversidad territorial pueden ser diferentes en cada jurisdicci\u00f3n\u00bb, por lo cual \u00abse resolvi\u00f3 la creaci\u00f3n de un observatorio para el regreso presencial seguro a las aulas, que permitir\u00e1 un seguimiento de cada uno de los pasos que se deben dar\u00bb, agreg\u00f3.<\/p>\n<p>Tambi\u00e9n indic\u00f3 que \u00abse sostiene el car\u00e1cter obligatorio del distanciamiento dentro del aula de un metro y medio y de dos metros en el resto de las actividades educativas, el uso de tapabocas a partir de los 6 a\u00f1os, la ventilaci\u00f3n, limpieza regular e higiene de las manos\u00bb.<\/p>\n<p>\u00abSe reafirm\u00f3 un esquema de presencialidad, no presencialidad y una combinaci\u00f3n de ambos para poder cumplir los 180 d\u00edas de clases\u00bb, explic\u00f3.<\/p>\n<p>Seg\u00fan Trotta, \u00abest\u00e1n dadas las condiciones, con la particularidad de cada regi\u00f3n, para tener presencialidad en las escuelas\u00bb y enfatiz\u00f3 que la de hoy fue \u00abuna jornada muy importante porque estamos finalizando el proceso de un regreso a una presencialidad cuidada\u00bb.<\/p>\n<p>El ministro rese\u00f1\u00f3 que en el encuentro se analizaron \u00abprotocolos para una presencialidad responsable y resoluciones que clarifican la necesidad de un di\u00e1logo con las familias para que toda la comunidad tenga claro c\u00f3mo van a ser los procesos\u00bb.<\/p>\n<p>Por otra parte, Trotta, confirm\u00f3 que el pr\u00f3ximo jueves se realizar\u00e1 la primera reuni\u00f3n de la paritaria docente para discutir los salarios de los maestros.<\/p>\n<p>\u00abHabr\u00e1 un fondo compensador para que todos los maestros perciban el salario que se establezca, con fondos nacionales de ser necesario\u00bb, precis\u00f3.<\/p><\/div>\n<div class=\"content cable-content\"><\/div>\n<div class=\"content cable-content\">Fuente: Cablera T\u00e9lam<\/div>\n","protected":false},"excerpt":{"rendered":"<p>El ministro de Educaci\u00f3n, Nicol\u00e1s Trotta, consider\u00f3 hoy que el regreso a las clases presenciales con protocolos sanitarios definida hoy por el Consejo Federal de Educaci\u00f3n (CFE) \u00abva a ser un proceso en construcci\u00f3n\u00bb y enfatiz\u00f3 que \u00abtodos los cuidados se sostendr\u00e1n de forma progresiva\u00bb.<\/p>\n","protected":false},"author":3,"featured_media":0,"comment_status":"closed","ping_status":"open","sticky":false,"template":"","format":"standard","meta":{"footnotes":""},"categories":[34],"tags":[],"class_list":["post-52482","post","type-post","status-publish","format-standard","hentry","category-educacion"],"yoast_head":"<!-- This site is optimized with the Yoast SEO plugin v25.9 - https:\/\/yoast.com\/wordpress\/plugins\/seo\/ -->\n<title>&quot;Va a ser un proceso en construcci\u00f3n&quot;, dijo Trotta sobre el regreso a las clases presenciales - Noticias Radio Reflejos<\/title>\n<meta name=\"robots\" content=\"index, follow, max-snippet:-1, max-image-preview:large, max-video-preview:-1\" \/>\n<link rel=\"canonical\" href=\"https:\/\/www.noticiasradioreflejos.com.ar\/2021\/va-a-ser-un-proceso-en-construccion-dijo-trotta-sobre-el-regreso-a-las-clases-presenciales\/\" \/>\n<meta property=\"og:locale\" content=\"es_ES\" \/>\n<meta property=\"og:type\" content=\"article\" \/>\n<meta property=\"og:title\" content=\"&quot;Va a ser un proceso en construcci\u00f3n&quot;, dijo Trotta sobre el regreso a las clases presenciales - Noticias Radio Reflejos\" \/>\n<meta property=\"og:description\" content=\"El ministro de Educaci\u00f3n, Nicol\u00e1s Trotta, consider\u00f3 hoy que el regreso a las clases presenciales con protocolos sanitarios definida hoy por el Consejo Federal de Educaci\u00f3n (CFE) \u00abva a ser un proceso en construcci\u00f3n\u00bb y enfatiz\u00f3 que \u00abtodos los cuidados se sostendr\u00e1n de forma progresiva\u00bb.\" \/>\n<meta property=\"og:url\" content=\"https:\/\/www.noticiasradioreflejos.com.ar\/2021\/va-a-ser-un-proceso-en-construccion-dijo-trotta-sobre-el-regreso-a-las-clases-presenciales\/\" \/>\n<meta property=\"og:site_name\" content=\"Noticias Radio Reflejos\" \/>\n<meta property=\"article:published_time\" content=\"2021-02-12T18:14:51+00:00\" \/>\n<meta property=\"og:image\" content=\"https:\/\/www.noticiasradioreflejos.com.ar\/2021\/wp-content\/uploads\/2021\/07\/logosol300x200.png\" \/>\n\t<meta property=\"og:image:width\" content=\"300\" \/>\n\t<meta property=\"og:image:height\" content=\"200\" \/>\n\t<meta property=\"og:image:type\" content=\"image\/png\" \/>\n<meta name=\"author\" content=\"Arnaldo Botto\" \/>\n<meta name=\"twitter:card\" content=\"summary_large_image\" \/>\n<script type=\"application\/ld+json\" class=\"yoast-schema-graph\">{\"@context\":\"https:\/\/schema.org\",\"@graph\":[{\"@type\":\"WebPage\",\"@id\":\"https:\/\/www.noticiasradioreflejos.com.ar\/2021\/va-a-ser-un-proceso-en-construccion-dijo-trotta-sobre-el-regreso-a-las-clases-presenciales\/\",\"url\":\"https:\/\/www.noticiasradioreflejos.com.ar\/2021\/va-a-ser-un-proceso-en-construccion-dijo-trotta-sobre-el-regreso-a-las-clases-presenciales\/\",\"name\":\"\\\"Va a ser un proceso en construcci\u00f3n\\\", dijo Trotta sobre el regreso a las clases presenciales - Noticias Radio Reflejos\",\"isPartOf\":{\"@id\":\"https:\/\/www.noticiasradioreflejos.com.ar\/2021\/#website\"},\"datePublished\":\"2021-02-12T18:14:51+00:00\",\"author\":{\"@id\":\"https:\/\/www.noticiasradioreflejos.com.ar\/2021\/#\/schema\/person\/ad82545263dcc5ec0996818884fd5fb1\"},\"breadcrumb\":{\"@id\":\"https:\/\/www.noticiasradioreflejos.com.ar\/2021\/va-a-ser-un-proceso-en-construccion-dijo-trotta-sobre-el-regreso-a-las-clases-presenciales\/#breadcrumb\"},\"inLanguage\":\"es\",\"potentialAction\":[{\"@type\":\"ReadAction\",\"target\":[\"https:\/\/www.noticiasradioreflejos.com.ar\/2021\/va-a-ser-un-proceso-en-construccion-dijo-trotta-sobre-el-regreso-a-las-clases-presenciales\/\"]}]},{\"@type\":\"BreadcrumbList\",\"@id\":\"https:\/\/www.noticiasradioreflejos.com.ar\/2021\/va-a-ser-un-proceso-en-construccion-dijo-trotta-sobre-el-regreso-a-las-clases-presenciales\/#breadcrumb\",\"itemListElement\":[{\"@type\":\"ListItem\",\"position\":1,\"name\":\"Portada\",\"item\":\"https:\/\/www.noticiasradioreflejos.com.ar\/2021\/\"},{\"@type\":\"ListItem\",\"position\":2,\"name\":\"\u00abVa a ser un proceso en construcci\u00f3n\u00bb, dijo Trotta sobre el regreso a las clases presenciales\"}]},{\"@type\":\"WebSite\",\"@id\":\"https:\/\/www.noticiasradioreflejos.com.ar\/2021\/#website\",\"url\":\"https:\/\/www.noticiasradioreflejos.com.ar\/2021\/\",\"name\":\"Noticias Radio Reflejos\",\"description\":\"Las noticias de mi comarca\",\"potentialAction\":[{\"@type\":\"SearchAction\",\"target\":{\"@type\":\"EntryPoint\",\"urlTemplate\":\"https:\/\/www.noticiasradioreflejos.com.ar\/2021\/?s={search_term_string}\"},\"query-input\":{\"@type\":\"PropertyValueSpecification\",\"valueRequired\":true,\"valueName\":\"search_term_string\"}}],\"inLanguage\":\"es\"},{\"@type\":\"Person\",\"@id\":\"https:\/\/www.noticiasradioreflejos.com.ar\/2021\/#\/schema\/person\/ad82545263dcc5ec0996818884fd5fb1\",\"name\":\"Arnaldo Botto\",\"image\":{\"@type\":\"ImageObject\",\"inLanguage\":\"es\",\"@id\":\"https:\/\/www.noticiasradioreflejos.com.ar\/2021\/#\/schema\/person\/image\/\",\"url\":\"https:\/\/secure.gravatar.com\/avatar\/55cb5e37c1efa326397366e6974cb338056df65cb50e7d64d1cf314e87504837?s=96&d=mm&r=g\",\"contentUrl\":\"https:\/\/secure.gravatar.com\/avatar\/55cb5e37c1efa326397366e6974cb338056df65cb50e7d64d1cf314e87504837?s=96&d=mm&r=g\",\"caption\":\"Arnaldo Botto\"},\"url\":\"https:\/\/www.noticiasradioreflejos.com.ar\/2021\/author\/arnaldo\/\"}]}<\/script>\n<!-- \/ Yoast SEO plugin. -->","yoast_head_json":{"title":"\"Va a ser un proceso en construcci\u00f3n\", dijo Trotta sobre el regreso a las clases presenciales - Noticias Radio Reflejos","robots":{"index":"index","follow":"follow","max-snippet":"max-snippet:-1","max-image-preview":"max-image-preview:large","max-video-preview":"max-video-preview:-1"},"canonical":"https:\/\/www.noticiasradioreflejos.com.ar\/2021\/va-a-ser-un-proceso-en-construccion-dijo-trotta-sobre-el-regreso-a-las-clases-presenciales\/","og_locale":"es_ES","og_type":"article","og_title":"\"Va a ser un proceso en construcci\u00f3n\", dijo Trotta sobre el regreso a las clases presenciales - Noticias Radio Reflejos","og_description":"El ministro de Educaci\u00f3n, Nicol\u00e1s Trotta, consider\u00f3 hoy que el regreso a las clases presenciales con protocolos sanitarios definida hoy por el Consejo Federal de Educaci\u00f3n (CFE) \u00abva a ser un proceso en construcci\u00f3n\u00bb y enfatiz\u00f3 que \u00abtodos los cuidados se sostendr\u00e1n de forma progresiva\u00bb.","og_url":"https:\/\/www.noticiasradioreflejos.com.ar\/2021\/va-a-ser-un-proceso-en-construccion-dijo-trotta-sobre-el-regreso-a-las-clases-presenciales\/","og_site_name":"Noticias Radio Reflejos","article_published_time":"2021-02-12T18:14:51+00:00","og_image":[{"width":300,"height":200,"url":"https:\/\/www.noticiasradioreflejos.com.ar\/2021\/wp-content\/uploads\/2021\/07\/logosol300x200.png","type":"image\/png"}],"author":"Arnaldo Botto","twitter_card":"summary_large_image","schema":{"@context":"https:\/\/schema.org","@graph":[{"@type":"WebPage","@id":"https:\/\/www.noticiasradioreflejos.com.ar\/2021\/va-a-ser-un-proceso-en-construccion-dijo-trotta-sobre-el-regreso-a-las-clases-presenciales\/","url":"https:\/\/www.noticiasradioreflejos.com.ar\/2021\/va-a-ser-un-proceso-en-construccion-dijo-trotta-sobre-el-regreso-a-las-clases-presenciales\/","name":"\"Va a ser un proceso en construcci\u00f3n\", dijo Trotta sobre el regreso a las clases presenciales - Noticias Radio Reflejos","isPartOf":{"@id":"https:\/\/www.noticiasradioreflejos.com.ar\/2021\/#website"},"datePublished":"2021-02-12T18:14:51+00:00","author":{"@id":"https:\/\/www.noticiasradioreflejos.com.ar\/2021\/#\/schema\/person\/ad82545263dcc5ec0996818884fd5fb1"},"breadcrumb":{"@id":"https:\/\/www.noticiasradioreflejos.com.ar\/2021\/va-a-ser-un-proceso-en-construccion-dijo-trotta-sobre-el-regreso-a-las-clases-presenciales\/#breadcrumb"},"inLanguage":"es","potentialAction":[{"@type":"ReadAction","target":["https:\/\/www.noticiasradioreflejos.com.ar\/2021\/va-a-ser-un-proceso-en-construccion-dijo-trotta-sobre-el-regreso-a-las-clases-presenciales\/"]}]},{"@type":"BreadcrumbList","@id":"https:\/\/www.noticiasradioreflejos.com.ar\/2021\/va-a-ser-un-proceso-en-construccion-dijo-trotta-sobre-el-regreso-a-las-clases-presenciales\/#breadcrumb","itemListElement":[{"@type":"ListItem","position":1,"name":"Portada","item":"https:\/\/www.noticiasradioreflejos.com.ar\/2021\/"},{"@type":"ListItem","position":2,"name":"\u00abVa a ser un proceso en construcci\u00f3n\u00bb, dijo Trotta sobre el regreso a las clases presenciales"}]},{"@type":"WebSite","@id":"https:\/\/www.noticiasradioreflejos.com.ar\/2021\/#website","url":"https:\/\/www.noticiasradioreflejos.com.ar\/2021\/","name":"Noticias Radio Reflejos","description":"Las noticias de mi comarca","potentialAction":[{"@type":"SearchAction","target":{"@type":"EntryPoint","urlTemplate":"https:\/\/www.noticiasradioreflejos.com.ar\/2021\/?s={search_term_string}"},"query-input":{"@type":"PropertyValueSpecification","valueRequired":true,"valueName":"search_term_string"}}],"inLanguage":"es"},{"@type":"Person","@id":"https:\/\/www.noticiasradioreflejos.com.ar\/2021\/#\/schema\/person\/ad82545263dcc5ec0996818884fd5fb1","name":"Arnaldo Botto","image":{"@type":"ImageObject","inLanguage":"es","@id":"https:\/\/www.noticiasradioreflejos.com.ar\/2021\/#\/schema\/person\/image\/","url":"https:\/\/secure.gravatar.com\/avatar\/55cb5e37c1efa326397366e6974cb338056df65cb50e7d64d1cf314e87504837?s=96&d=mm&r=g","contentUrl":"https:\/\/secure.gravatar.com\/avatar\/55cb5e37c1efa326397366e6974cb338056df65cb50e7d64d1cf314e87504837?s=96&d=mm&r=g","caption":"Arnaldo Botto"},"url":"https:\/\/www.noticiasradioreflejos.com.ar\/2021\/author\/arnaldo\/"}]}},"_links":{"self":[{"href":"https:\/\/www.noticiasradioreflejos.com.ar\/2021\/wp-json\/wp\/v2\/posts\/52482","targetHints":{"allow":["GET"]}}],"collection":[{"href":"https:\/\/www.noticiasradioreflejos.com.ar\/2021\/wp-json\/wp\/v2\/posts"}],"about":[{"href":"https:\/\/www.noticiasradioreflejos.com.ar\/2021\/wp-json\/wp\/v2\/types\/post"}],"author":[{"embeddable":true,"href":"https:\/\/www.noticiasradioreflejos.com.ar\/2021\/wp-json\/wp\/v2\/users\/3"}],"replies":[{"embeddable":true,"href":"https:\/\/www.noticiasradioreflejos.com.ar\/2021\/wp-json\/wp\/v2\/comments?post=52482"}],"version-history":[{"count":0,"href":"https:\/\/www.noticiasradioreflejos.com.ar\/2021\/wp-json\/wp\/v2\/posts\/52482\/revisions"}],"wp:attachment":[{"href":"https:\/\/www.noticiasradioreflejos.com.ar\/2021\/wp-json\/wp\/v2\/media?parent=52482"}],"wp:term":[{"taxonomy":"category","embeddable":true,"href":"https:\/\/www.noticiasradioreflejos.com.ar\/2021\/wp-json\/wp\/v2\/categories?post=52482"},{"taxonomy":"post_tag","embeddable":true,"href":"https:\/\/www.noticiasradioreflejos.com.ar\/2021\/wp-json\/wp\/v2\/tags?post=52482"}],"curies":[{"name":"wp","href":"https:\/\/api.w.org\/{rel}","templated":true}]}}