{"id":52450,"date":"2021-02-12T10:19:28","date_gmt":"2021-02-12T13:19:28","guid":{"rendered":"http:\/\/www.noticiasradioreflejos.com.ar\/noticias\/?p=52450"},"modified":"2021-02-12T10:19:28","modified_gmt":"2021-02-12T13:19:28","slug":"vialidad-nacional-continua-con-el-mantenimiento-de-rutas-nacionales-de-la-zona","status":"publish","type":"post","link":"https:\/\/www.noticiasradioreflejos.com.ar\/2021\/vialidad-nacional-continua-con-el-mantenimiento-de-rutas-nacionales-de-la-zona\/","title":{"rendered":"Vialidad Nacional contin\u00faa con el mantenimiento de rutas nacionales de la zona"},"content":{"rendered":"<p><a title=\"WhatsApp Image 2021-02-12 at 09.17.28 (1)\" href=\"http:\/\/live.staticflickr.com\/65535\/50935728457_4ecee888db_w.jpg\" rel=\"\"><img loading=\"lazy\" decoding=\"async\" class=\"alignleft\" style=\"float: left;\" title=\"WhatsApp Image 2021-02-12 at 09.17.28 (1)\" src=\"http:\/\/live.staticflickr.com\/65535\/50935728457_4ecee888db_w.jpg\" alt=\"WhatsApp Image 2021-02-12 at 09.17.28 (1)\" width=\"400\" height=\"204\" \/><\/a>Los trabajos se ejecutan con agentes y equipos de la repartici\u00f3n a lo largo de las rutas nacionales del sur de la provincia de Buenos Aires.<!--more--><\/p>\n<p>Bah\u00eda Blanca, 12 de febrero de 2021- El Ministerio de Obras P\u00fablicas, a trav\u00e9s de Vialidad Nacional, informa que, contin\u00faan los trabajos de mantenimiento en las rutas atendidas por administraci\u00f3n dentro de la jurisdicci\u00f3n del distrito Bah\u00eda Blanca. Las tareas se llevan a cabo con personal de la cuadrilla de la Divisi\u00f3n Conservaci\u00f3n del 19\u00ba Distrito, cumpliendo con estrictos protocolos de bioseguridad y consisten en bacheo en frio, perfilado y calce de banquinas, recolecci\u00f3n de residuos, corte de pastos y limpieza de alcantarillas en rotondas y accesos a localidades de la regi\u00f3n. Tambi\u00e9n se llevan a cabo tareas de desmalezado de bosquecillos y zonas de camino y cortafuegos.<br \/>\n<a title=\"WhatsApp Image 2021-02-12 at 09.17.29\" href=\"http:\/\/live.staticflickr.com\/65535\/50935728502_001f151793_w.jpg\" rel=\"\"><img loading=\"lazy\" decoding=\"async\" class=\"alignright\" style=\"float: right;\" title=\"WhatsApp Image 2021-02-12 at 09.17.29\" src=\"http:\/\/live.staticflickr.com\/65535\/50935728502_001f151793_w.jpg\" alt=\"WhatsApp Image 2021-02-12 at 09.17.29\" width=\"400\" height=\"225\" \/><\/a>Por otro lado, rutinariamente se realiza el mantenimiento de los campamentos viales ubicados a la vera de las rutas 3, 22 y 33. Todos los trabajos mencionados se realizan en beneficio de los usuarios de la ruta y la seguridad vial, a fin de mantener en \u00f3ptimas condiciones la limpieza y el mantenimiento de la calzada. En el caso de los cortafuegos, esta acci\u00f3n cobra importancia en la \u00e9poca estival ya que previene la propagaci\u00f3n de incendios forestales que comiencen en la zona de camino. En el caso de las alcantarillas, es importante el desmalezado, limpieza y mantenimiento para el buen funcionamiento y escurrimiento de las aguas.<br \/>\nEn otro orden, pero a modo de refuerzo de seguridad vial, se realiza el control peri\u00f3dico de se\u00f1alamiento vertical, reponiendo aquellas se\u00f1ales hurtadas o da\u00f1adas. Se recomienda a los conductores circular con extrema precauci\u00f3n en los sectores donde operan las maquinarias viales. Utilizar el cintur\u00f3n de seguridad, llevar las luces bajas encendidas, respetar la velocidad m\u00e1xima y m\u00ednima indicada y las indicaciones viales en el tramo de obra.<\/p>\n<p><a title=\"WhatsApp Image 2021-02-12 at 09.17.27\" href=\"http:\/\/live.staticflickr.com\/65535\/50935728362_fac9ccaaaa_c.jpg\" rel=\"\"><img loading=\"lazy\" decoding=\"async\" class=\"aligncenter\" title=\"WhatsApp Image 2021-02-12 at 09.17.27\" src=\"http:\/\/live.staticflickr.com\/65535\/50935728362_fac9ccaaaa_c.jpg\" alt=\"WhatsApp Image 2021-02-12 at 09.17.27\" width=\"800\" height=\"359\" \/><\/a><\/p>\n","protected":false},"excerpt":{"rendered":"<p>Los trabajos se ejecutan con agentes y equipos de la repartici\u00f3n a lo largo de las rutas nacionales del sur de la provincia de Buenos Aires.<\/p>\n","protected":false},"author":3,"featured_media":0,"comment_status":"closed","ping_status":"open","sticky":false,"template":"","format":"standard","meta":{"footnotes":""},"categories":[25],"tags":[],"class_list":["post-52450","post","type-post","status-publish","format-standard","hentry","category-uncategorized"],"yoast_head":"<!-- This site is optimized with the Yoast SEO plugin v25.9 - https:\/\/yoast.com\/wordpress\/plugins\/seo\/ -->\n<title>Vialidad Nacional contin\u00faa con el mantenimiento de rutas nacionales de la zona - Noticias Radio Reflejos<\/title>\n<meta name=\"robots\" content=\"index, follow, max-snippet:-1, max-image-preview:large, max-video-preview:-1\" \/>\n<link rel=\"canonical\" href=\"https:\/\/www.noticiasradioreflejos.com.ar\/2021\/vialidad-nacional-continua-con-el-mantenimiento-de-rutas-nacionales-de-la-zona\/\" \/>\n<meta property=\"og:locale\" content=\"es_ES\" \/>\n<meta property=\"og:type\" content=\"article\" \/>\n<meta property=\"og:title\" content=\"Vialidad Nacional contin\u00faa con el mantenimiento de rutas nacionales de la zona - Noticias Radio Reflejos\" \/>\n<meta property=\"og:description\" content=\"Los trabajos se ejecutan con agentes y equipos de la repartici\u00f3n a lo largo de las rutas nacionales del sur de la provincia de Buenos Aires.\" \/>\n<meta property=\"og:url\" content=\"https:\/\/www.noticiasradioreflejos.com.ar\/2021\/vialidad-nacional-continua-con-el-mantenimiento-de-rutas-nacionales-de-la-zona\/\" \/>\n<meta property=\"og:site_name\" content=\"Noticias Radio Reflejos\" \/>\n<meta property=\"article:published_time\" content=\"2021-02-12T13:19:28+00:00\" \/>\n<meta property=\"og:image\" content=\"http:\/\/live.staticflickr.com\/65535\/50935728457_4ecee888db_w.jpg\" \/>\n<meta name=\"author\" content=\"Arnaldo Botto\" \/>\n<meta name=\"twitter:card\" content=\"summary_large_image\" \/>\n<script type=\"application\/ld+json\" class=\"yoast-schema-graph\">{\"@context\":\"https:\/\/schema.org\",\"@graph\":[{\"@type\":\"WebPage\",\"@id\":\"https:\/\/www.noticiasradioreflejos.com.ar\/2021\/vialidad-nacional-continua-con-el-mantenimiento-de-rutas-nacionales-de-la-zona\/\",\"url\":\"https:\/\/www.noticiasradioreflejos.com.ar\/2021\/vialidad-nacional-continua-con-el-mantenimiento-de-rutas-nacionales-de-la-zona\/\",\"name\":\"Vialidad Nacional contin\u00faa con el mantenimiento de rutas nacionales de la zona - Noticias Radio Reflejos\",\"isPartOf\":{\"@id\":\"https:\/\/www.noticiasradioreflejos.com.ar\/2021\/#website\"},\"primaryImageOfPage\":{\"@id\":\"https:\/\/www.noticiasradioreflejos.com.ar\/2021\/vialidad-nacional-continua-con-el-mantenimiento-de-rutas-nacionales-de-la-zona\/#primaryimage\"},\"image\":{\"@id\":\"https:\/\/www.noticiasradioreflejos.com.ar\/2021\/vialidad-nacional-continua-con-el-mantenimiento-de-rutas-nacionales-de-la-zona\/#primaryimage\"},\"thumbnailUrl\":\"http:\/\/live.staticflickr.com\/65535\/50935728457_4ecee888db_w.jpg\",\"datePublished\":\"2021-02-12T13:19:28+00:00\",\"author\":{\"@id\":\"https:\/\/www.noticiasradioreflejos.com.ar\/2021\/#\/schema\/person\/ad82545263dcc5ec0996818884fd5fb1\"},\"breadcrumb\":{\"@id\":\"https:\/\/www.noticiasradioreflejos.com.ar\/2021\/vialidad-nacional-continua-con-el-mantenimiento-de-rutas-nacionales-de-la-zona\/#breadcrumb\"},\"inLanguage\":\"es\",\"potentialAction\":[{\"@type\":\"ReadAction\",\"target\":[\"https:\/\/www.noticiasradioreflejos.com.ar\/2021\/vialidad-nacional-continua-con-el-mantenimiento-de-rutas-nacionales-de-la-zona\/\"]}]},{\"@type\":\"ImageObject\",\"inLanguage\":\"es\",\"@id\":\"https:\/\/www.noticiasradioreflejos.com.ar\/2021\/vialidad-nacional-continua-con-el-mantenimiento-de-rutas-nacionales-de-la-zona\/#primaryimage\",\"url\":\"http:\/\/live.staticflickr.com\/65535\/50935728457_4ecee888db_w.jpg\",\"contentUrl\":\"http:\/\/live.staticflickr.com\/65535\/50935728457_4ecee888db_w.jpg\"},{\"@type\":\"BreadcrumbList\",\"@id\":\"https:\/\/www.noticiasradioreflejos.com.ar\/2021\/vialidad-nacional-continua-con-el-mantenimiento-de-rutas-nacionales-de-la-zona\/#breadcrumb\",\"itemListElement\":[{\"@type\":\"ListItem\",\"position\":1,\"name\":\"Portada\",\"item\":\"https:\/\/www.noticiasradioreflejos.com.ar\/2021\/\"},{\"@type\":\"ListItem\",\"position\":2,\"name\":\"Vialidad Nacional contin\u00faa con el mantenimiento de rutas nacionales de la zona\"}]},{\"@type\":\"WebSite\",\"@id\":\"https:\/\/www.noticiasradioreflejos.com.ar\/2021\/#website\",\"url\":\"https:\/\/www.noticiasradioreflejos.com.ar\/2021\/\",\"name\":\"Noticias Radio Reflejos\",\"description\":\"Las noticias de mi comarca\",\"potentialAction\":[{\"@type\":\"SearchAction\",\"target\":{\"@type\":\"EntryPoint\",\"urlTemplate\":\"https:\/\/www.noticiasradioreflejos.com.ar\/2021\/?s={search_term_string}\"},\"query-input\":{\"@type\":\"PropertyValueSpecification\",\"valueRequired\":true,\"valueName\":\"search_term_string\"}}],\"inLanguage\":\"es\"},{\"@type\":\"Person\",\"@id\":\"https:\/\/www.noticiasradioreflejos.com.ar\/2021\/#\/schema\/person\/ad82545263dcc5ec0996818884fd5fb1\",\"name\":\"Arnaldo Botto\",\"image\":{\"@type\":\"ImageObject\",\"inLanguage\":\"es\",\"@id\":\"https:\/\/www.noticiasradioreflejos.com.ar\/2021\/#\/schema\/person\/image\/\",\"url\":\"https:\/\/secure.gravatar.com\/avatar\/55cb5e37c1efa326397366e6974cb338056df65cb50e7d64d1cf314e87504837?s=96&d=mm&r=g\",\"contentUrl\":\"https:\/\/secure.gravatar.com\/avatar\/55cb5e37c1efa326397366e6974cb338056df65cb50e7d64d1cf314e87504837?s=96&d=mm&r=g\",\"caption\":\"Arnaldo Botto\"},\"url\":\"https:\/\/www.noticiasradioreflejos.com.ar\/2021\/author\/arnaldo\/\"}]}<\/script>\n<!-- \/ Yoast SEO plugin. -->","yoast_head_json":{"title":"Vialidad Nacional contin\u00faa con el mantenimiento de rutas nacionales de la zona - Noticias Radio Reflejos","robots":{"index":"index","follow":"follow","max-snippet":"max-snippet:-1","max-image-preview":"max-image-preview:large","max-video-preview":"max-video-preview:-1"},"canonical":"https:\/\/www.noticiasradioreflejos.com.ar\/2021\/vialidad-nacional-continua-con-el-mantenimiento-de-rutas-nacionales-de-la-zona\/","og_locale":"es_ES","og_type":"article","og_title":"Vialidad Nacional contin\u00faa con el mantenimiento de rutas nacionales de la zona - Noticias Radio Reflejos","og_description":"Los trabajos se ejecutan con agentes y equipos de la repartici\u00f3n a lo largo de las rutas nacionales del sur de la provincia de Buenos Aires.","og_url":"https:\/\/www.noticiasradioreflejos.com.ar\/2021\/vialidad-nacional-continua-con-el-mantenimiento-de-rutas-nacionales-de-la-zona\/","og_site_name":"Noticias Radio Reflejos","article_published_time":"2021-02-12T13:19:28+00:00","og_image":[{"url":"http:\/\/live.staticflickr.com\/65535\/50935728457_4ecee888db_w.jpg","type":"","width":"","height":""}],"author":"Arnaldo Botto","twitter_card":"summary_large_image","schema":{"@context":"https:\/\/schema.org","@graph":[{"@type":"WebPage","@id":"https:\/\/www.noticiasradioreflejos.com.ar\/2021\/vialidad-nacional-continua-con-el-mantenimiento-de-rutas-nacionales-de-la-zona\/","url":"https:\/\/www.noticiasradioreflejos.com.ar\/2021\/vialidad-nacional-continua-con-el-mantenimiento-de-rutas-nacionales-de-la-zona\/","name":"Vialidad Nacional contin\u00faa con el mantenimiento de rutas nacionales de la zona - Noticias Radio Reflejos","isPartOf":{"@id":"https:\/\/www.noticiasradioreflejos.com.ar\/2021\/#website"},"primaryImageOfPage":{"@id":"https:\/\/www.noticiasradioreflejos.com.ar\/2021\/vialidad-nacional-continua-con-el-mantenimiento-de-rutas-nacionales-de-la-zona\/#primaryimage"},"image":{"@id":"https:\/\/www.noticiasradioreflejos.com.ar\/2021\/vialidad-nacional-continua-con-el-mantenimiento-de-rutas-nacionales-de-la-zona\/#primaryimage"},"thumbnailUrl":"http:\/\/live.staticflickr.com\/65535\/50935728457_4ecee888db_w.jpg","datePublished":"2021-02-12T13:19:28+00:00","author":{"@id":"https:\/\/www.noticiasradioreflejos.com.ar\/2021\/#\/schema\/person\/ad82545263dcc5ec0996818884fd5fb1"},"breadcrumb":{"@id":"https:\/\/www.noticiasradioreflejos.com.ar\/2021\/vialidad-nacional-continua-con-el-mantenimiento-de-rutas-nacionales-de-la-zona\/#breadcrumb"},"inLanguage":"es","potentialAction":[{"@type":"ReadAction","target":["https:\/\/www.noticiasradioreflejos.com.ar\/2021\/vialidad-nacional-continua-con-el-mantenimiento-de-rutas-nacionales-de-la-zona\/"]}]},{"@type":"ImageObject","inLanguage":"es","@id":"https:\/\/www.noticiasradioreflejos.com.ar\/2021\/vialidad-nacional-continua-con-el-mantenimiento-de-rutas-nacionales-de-la-zona\/#primaryimage","url":"http:\/\/live.staticflickr.com\/65535\/50935728457_4ecee888db_w.jpg","contentUrl":"http:\/\/live.staticflickr.com\/65535\/50935728457_4ecee888db_w.jpg"},{"@type":"BreadcrumbList","@id":"https:\/\/www.noticiasradioreflejos.com.ar\/2021\/vialidad-nacional-continua-con-el-mantenimiento-de-rutas-nacionales-de-la-zona\/#breadcrumb","itemListElement":[{"@type":"ListItem","position":1,"name":"Portada","item":"https:\/\/www.noticiasradioreflejos.com.ar\/2021\/"},{"@type":"ListItem","position":2,"name":"Vialidad Nacional contin\u00faa con el mantenimiento de rutas nacionales de la zona"}]},{"@type":"WebSite","@id":"https:\/\/www.noticiasradioreflejos.com.ar\/2021\/#website","url":"https:\/\/www.noticiasradioreflejos.com.ar\/2021\/","name":"Noticias Radio Reflejos","description":"Las noticias de mi comarca","potentialAction":[{"@type":"SearchAction","target":{"@type":"EntryPoint","urlTemplate":"https:\/\/www.noticiasradioreflejos.com.ar\/2021\/?s={search_term_string}"},"query-input":{"@type":"PropertyValueSpecification","valueRequired":true,"valueName":"search_term_string"}}],"inLanguage":"es"},{"@type":"Person","@id":"https:\/\/www.noticiasradioreflejos.com.ar\/2021\/#\/schema\/person\/ad82545263dcc5ec0996818884fd5fb1","name":"Arnaldo Botto","image":{"@type":"ImageObject","inLanguage":"es","@id":"https:\/\/www.noticiasradioreflejos.com.ar\/2021\/#\/schema\/person\/image\/","url":"https:\/\/secure.gravatar.com\/avatar\/55cb5e37c1efa326397366e6974cb338056df65cb50e7d64d1cf314e87504837?s=96&d=mm&r=g","contentUrl":"https:\/\/secure.gravatar.com\/avatar\/55cb5e37c1efa326397366e6974cb338056df65cb50e7d64d1cf314e87504837?s=96&d=mm&r=g","caption":"Arnaldo Botto"},"url":"https:\/\/www.noticiasradioreflejos.com.ar\/2021\/author\/arnaldo\/"}]}},"_links":{"self":[{"href":"https:\/\/www.noticiasradioreflejos.com.ar\/2021\/wp-json\/wp\/v2\/posts\/52450","targetHints":{"allow":["GET"]}}],"collection":[{"href":"https:\/\/www.noticiasradioreflejos.com.ar\/2021\/wp-json\/wp\/v2\/posts"}],"about":[{"href":"https:\/\/www.noticiasradioreflejos.com.ar\/2021\/wp-json\/wp\/v2\/types\/post"}],"author":[{"embeddable":true,"href":"https:\/\/www.noticiasradioreflejos.com.ar\/2021\/wp-json\/wp\/v2\/users\/3"}],"replies":[{"embeddable":true,"href":"https:\/\/www.noticiasradioreflejos.com.ar\/2021\/wp-json\/wp\/v2\/comments?post=52450"}],"version-history":[{"count":0,"href":"https:\/\/www.noticiasradioreflejos.com.ar\/2021\/wp-json\/wp\/v2\/posts\/52450\/revisions"}],"wp:attachment":[{"href":"https:\/\/www.noticiasradioreflejos.com.ar\/2021\/wp-json\/wp\/v2\/media?parent=52450"}],"wp:term":[{"taxonomy":"category","embeddable":true,"href":"https:\/\/www.noticiasradioreflejos.com.ar\/2021\/wp-json\/wp\/v2\/categories?post=52450"},{"taxonomy":"post_tag","embeddable":true,"href":"https:\/\/www.noticiasradioreflejos.com.ar\/2021\/wp-json\/wp\/v2\/tags?post=52450"}],"curies":[{"name":"wp","href":"https:\/\/api.w.org\/{rel}","templated":true}]}}