{"id":52444,"date":"2021-02-11T23:19:52","date_gmt":"2021-02-12T02:19:52","guid":{"rendered":"http:\/\/www.noticiasradioreflejos.com.ar\/noticias\/?p=52444"},"modified":"2021-02-11T23:19:52","modified_gmt":"2021-02-12T02:19:52","slug":"visito-el-distrito-el-ministro-de-desarrollo-agrario-de-la-provincia","status":"publish","type":"post","link":"https:\/\/www.noticiasradioreflejos.com.ar\/2021\/visito-el-distrito-el-ministro-de-desarrollo-agrario-de-la-provincia\/","title":{"rendered":"Visit\u00f3 el distrito el ministro de Desarrollo Agrario de la Provincia"},"content":{"rendered":"<p>En la tarde de este jueves visit\u00f3 el distrito de Tornquist el ministro de Desarrollo Agrario de la Provincia de Buenos Aires, Javier Rodr\u00edguez, quien fue recibido por el intendente municipal, Sergio Bordoni. <!--more--><\/p>\n<p><a title=\"Visita Ministro Rodriguez (2)\" href=\"http:\/\/live.staticflickr.com\/65535\/50934426546_8f6a4ed130_s.jpg\" rel=\"\"><img loading=\"lazy\" decoding=\"async\" class=\"aligncenter\" title=\"Visita Ministro Rodriguez (2)\" src=\"http:\/\/live.staticflickr.com\/65535\/50934426546_8f6a4ed130_c.jpg\" alt=\"Visita Ministro Rodriguez (2)\" width=\"800\" height=\"600\" \/><\/a><br \/>\nEn su paso por el partido, el funcionario recorri\u00f3 la Bodega Saldungaray y la Estaci\u00f3n Forestal del Parque Provincial \u2018Ernesto Tornquist\u2019, y mantuvo una reuni\u00f3n de trabajo en el Palacio Municipal.<br \/>\nDurante el encuentro, adem\u00e1s, el jefe comunal le present\u00f3 al ministro proyectos relacionados a la mejora de caminos rurales, al armado de la Huerta Comunitaria de Saldungaray, la compra de equipamiento y el desarrollo de ferias productivas.<br \/>\nDe la jornada tambi\u00e9n fueron parte la Secretaria de Producci\u00f3n, Comercio e Industria municipal, Susana Dos Santos; y el Director de Producci\u00f3n, V\u00edctor Ant\u00f3n.<\/p>\n<p><a title=\"Visita Ministro Rodriguez (4)\" href=\"http:\/\/live.staticflickr.com\/65535\/50933738498_0659f4ce03_s.jpg\" rel=\"\"><img loading=\"lazy\" decoding=\"async\" class=\"aligncenter\" title=\"Visita Ministro Rodriguez (4)\" src=\"http:\/\/live.staticflickr.com\/65535\/50933738498_0659f4ce03_c.jpg\" alt=\"Visita Ministro Rodriguez (4)\" width=\"800\" height=\"533\" \/><\/a><br \/>\n\u201cEs sumamente importante dar una mano a la producci\u00f3n y que desde la Provincia nos est\u00e9n ayudando poder concretar esta serie de proyectos\u201d, subray\u00f3 Bordoni al respecto y precis\u00f3 que \u201chicimos pedidos que ya estaban en proyectos, sobre todo en cuanto a caminos rurales y al desarrollo de distintas huertas a implementar en el predio del matadero Saldungaray, cuya posesi\u00f3n es del municipio\u201d.<br \/>\n\u201cEs un gusto estar recorriendo Tornquist, para nosotros es muy importante la articulaci\u00f3n entre la provincia y los distintos municipios, y es lo que estamos expresando en esta recorrida\u201d, dijo a su turno Rodr\u00edguez y se\u00f1al\u00f3 que en la jornada \u201cestuvimos viendo la situaci\u00f3n productiva en general y c\u00f3mo las acciones que se fueron tomando desde la Provincia tienen su impacto en el territorio\u201d.<br \/>\nRespecto a la Bodega de Saldungaray en particular, destac\u00f3 que \u201cla producci\u00f3n de vinos genera m\u00e1s trabajo local y m\u00e1s vinculaciones, y es lo que permite generar un desarrollo de las localidades; por eso remarcamos siempre la importancia y la necesidad de que tengan su apoyo a nivel provincial\u201d.<\/p>\n<p><a title=\"Visita Ministro Rodriguez (3)\" href=\"http:\/\/live.staticflickr.com\/65535\/50934548837_a41cd94992_s.jpg\" rel=\"\"><img loading=\"lazy\" decoding=\"async\" class=\"aligncenter\" title=\"Visita Ministro Rodriguez (3)\" src=\"http:\/\/live.staticflickr.com\/65535\/50934548837_a41cd94992_c.jpg\" alt=\"Visita Ministro Rodriguez (3)\" width=\"800\" height=\"533\" \/><\/a><\/p>\n","protected":false},"excerpt":{"rendered":"<p>En la tarde de este jueves visit\u00f3 el distrito de Tornquist el ministro de Desarrollo Agrario de la Provincia de Buenos Aires, Javier Rodr\u00edguez, quien fue recibido por el intendente municipal, Sergio Bordoni.<\/p>\n","protected":false},"author":3,"featured_media":0,"comment_status":"closed","ping_status":"open","sticky":false,"template":"","format":"standard","meta":{"footnotes":""},"categories":[28],"tags":[],"class_list":["post-52444","post","type-post","status-publish","format-standard","hentry","category-municipales"],"yoast_head":"<!-- This site is optimized with the Yoast SEO plugin v25.9 - https:\/\/yoast.com\/wordpress\/plugins\/seo\/ -->\n<title>Visit\u00f3 el distrito el ministro de Desarrollo Agrario de la Provincia - Noticias Radio Reflejos<\/title>\n<meta name=\"robots\" content=\"index, follow, max-snippet:-1, max-image-preview:large, max-video-preview:-1\" \/>\n<link rel=\"canonical\" href=\"https:\/\/www.noticiasradioreflejos.com.ar\/2021\/visito-el-distrito-el-ministro-de-desarrollo-agrario-de-la-provincia\/\" \/>\n<meta property=\"og:locale\" content=\"es_ES\" \/>\n<meta property=\"og:type\" content=\"article\" \/>\n<meta property=\"og:title\" content=\"Visit\u00f3 el distrito el ministro de Desarrollo Agrario de la Provincia - Noticias Radio Reflejos\" \/>\n<meta property=\"og:description\" content=\"En la tarde de este jueves visit\u00f3 el distrito de Tornquist el ministro de Desarrollo Agrario de la Provincia de Buenos Aires, Javier Rodr\u00edguez, quien fue recibido por el intendente municipal, Sergio Bordoni.\" \/>\n<meta property=\"og:url\" content=\"https:\/\/www.noticiasradioreflejos.com.ar\/2021\/visito-el-distrito-el-ministro-de-desarrollo-agrario-de-la-provincia\/\" \/>\n<meta property=\"og:site_name\" content=\"Noticias Radio Reflejos\" \/>\n<meta property=\"article:published_time\" content=\"2021-02-12T02:19:52+00:00\" \/>\n<meta property=\"og:image\" content=\"http:\/\/live.staticflickr.com\/65535\/50934426546_8f6a4ed130_c.jpg\" \/>\n<meta name=\"author\" content=\"Arnaldo Botto\" \/>\n<meta name=\"twitter:card\" content=\"summary_large_image\" \/>\n<script type=\"application\/ld+json\" class=\"yoast-schema-graph\">{\"@context\":\"https:\/\/schema.org\",\"@graph\":[{\"@type\":\"WebPage\",\"@id\":\"https:\/\/www.noticiasradioreflejos.com.ar\/2021\/visito-el-distrito-el-ministro-de-desarrollo-agrario-de-la-provincia\/\",\"url\":\"https:\/\/www.noticiasradioreflejos.com.ar\/2021\/visito-el-distrito-el-ministro-de-desarrollo-agrario-de-la-provincia\/\",\"name\":\"Visit\u00f3 el distrito el ministro de Desarrollo Agrario de la Provincia - Noticias Radio Reflejos\",\"isPartOf\":{\"@id\":\"https:\/\/www.noticiasradioreflejos.com.ar\/2021\/#website\"},\"primaryImageOfPage\":{\"@id\":\"https:\/\/www.noticiasradioreflejos.com.ar\/2021\/visito-el-distrito-el-ministro-de-desarrollo-agrario-de-la-provincia\/#primaryimage\"},\"image\":{\"@id\":\"https:\/\/www.noticiasradioreflejos.com.ar\/2021\/visito-el-distrito-el-ministro-de-desarrollo-agrario-de-la-provincia\/#primaryimage\"},\"thumbnailUrl\":\"http:\/\/live.staticflickr.com\/65535\/50934426546_8f6a4ed130_c.jpg\",\"datePublished\":\"2021-02-12T02:19:52+00:00\",\"author\":{\"@id\":\"https:\/\/www.noticiasradioreflejos.com.ar\/2021\/#\/schema\/person\/ad82545263dcc5ec0996818884fd5fb1\"},\"breadcrumb\":{\"@id\":\"https:\/\/www.noticiasradioreflejos.com.ar\/2021\/visito-el-distrito-el-ministro-de-desarrollo-agrario-de-la-provincia\/#breadcrumb\"},\"inLanguage\":\"es\",\"potentialAction\":[{\"@type\":\"ReadAction\",\"target\":[\"https:\/\/www.noticiasradioreflejos.com.ar\/2021\/visito-el-distrito-el-ministro-de-desarrollo-agrario-de-la-provincia\/\"]}]},{\"@type\":\"ImageObject\",\"inLanguage\":\"es\",\"@id\":\"https:\/\/www.noticiasradioreflejos.com.ar\/2021\/visito-el-distrito-el-ministro-de-desarrollo-agrario-de-la-provincia\/#primaryimage\",\"url\":\"http:\/\/live.staticflickr.com\/65535\/50934426546_8f6a4ed130_c.jpg\",\"contentUrl\":\"http:\/\/live.staticflickr.com\/65535\/50934426546_8f6a4ed130_c.jpg\"},{\"@type\":\"BreadcrumbList\",\"@id\":\"https:\/\/www.noticiasradioreflejos.com.ar\/2021\/visito-el-distrito-el-ministro-de-desarrollo-agrario-de-la-provincia\/#breadcrumb\",\"itemListElement\":[{\"@type\":\"ListItem\",\"position\":1,\"name\":\"Portada\",\"item\":\"https:\/\/www.noticiasradioreflejos.com.ar\/2021\/\"},{\"@type\":\"ListItem\",\"position\":2,\"name\":\"Visit\u00f3 el distrito el ministro de Desarrollo Agrario de la Provincia\"}]},{\"@type\":\"WebSite\",\"@id\":\"https:\/\/www.noticiasradioreflejos.com.ar\/2021\/#website\",\"url\":\"https:\/\/www.noticiasradioreflejos.com.ar\/2021\/\",\"name\":\"Noticias Radio Reflejos\",\"description\":\"Las noticias de mi comarca\",\"potentialAction\":[{\"@type\":\"SearchAction\",\"target\":{\"@type\":\"EntryPoint\",\"urlTemplate\":\"https:\/\/www.noticiasradioreflejos.com.ar\/2021\/?s={search_term_string}\"},\"query-input\":{\"@type\":\"PropertyValueSpecification\",\"valueRequired\":true,\"valueName\":\"search_term_string\"}}],\"inLanguage\":\"es\"},{\"@type\":\"Person\",\"@id\":\"https:\/\/www.noticiasradioreflejos.com.ar\/2021\/#\/schema\/person\/ad82545263dcc5ec0996818884fd5fb1\",\"name\":\"Arnaldo Botto\",\"image\":{\"@type\":\"ImageObject\",\"inLanguage\":\"es\",\"@id\":\"https:\/\/www.noticiasradioreflejos.com.ar\/2021\/#\/schema\/person\/image\/\",\"url\":\"https:\/\/secure.gravatar.com\/avatar\/55cb5e37c1efa326397366e6974cb338056df65cb50e7d64d1cf314e87504837?s=96&d=mm&r=g\",\"contentUrl\":\"https:\/\/secure.gravatar.com\/avatar\/55cb5e37c1efa326397366e6974cb338056df65cb50e7d64d1cf314e87504837?s=96&d=mm&r=g\",\"caption\":\"Arnaldo Botto\"},\"url\":\"https:\/\/www.noticiasradioreflejos.com.ar\/2021\/author\/arnaldo\/\"}]}<\/script>\n<!-- \/ Yoast SEO plugin. -->","yoast_head_json":{"title":"Visit\u00f3 el distrito el ministro de Desarrollo Agrario de la Provincia - Noticias Radio Reflejos","robots":{"index":"index","follow":"follow","max-snippet":"max-snippet:-1","max-image-preview":"max-image-preview:large","max-video-preview":"max-video-preview:-1"},"canonical":"https:\/\/www.noticiasradioreflejos.com.ar\/2021\/visito-el-distrito-el-ministro-de-desarrollo-agrario-de-la-provincia\/","og_locale":"es_ES","og_type":"article","og_title":"Visit\u00f3 el distrito el ministro de Desarrollo Agrario de la Provincia - Noticias Radio Reflejos","og_description":"En la tarde de este jueves visit\u00f3 el distrito de Tornquist el ministro de Desarrollo Agrario de la Provincia de Buenos Aires, Javier Rodr\u00edguez, quien fue recibido por el intendente municipal, Sergio Bordoni.","og_url":"https:\/\/www.noticiasradioreflejos.com.ar\/2021\/visito-el-distrito-el-ministro-de-desarrollo-agrario-de-la-provincia\/","og_site_name":"Noticias Radio Reflejos","article_published_time":"2021-02-12T02:19:52+00:00","og_image":[{"url":"http:\/\/live.staticflickr.com\/65535\/50934426546_8f6a4ed130_c.jpg","type":"","width":"","height":""}],"author":"Arnaldo Botto","twitter_card":"summary_large_image","schema":{"@context":"https:\/\/schema.org","@graph":[{"@type":"WebPage","@id":"https:\/\/www.noticiasradioreflejos.com.ar\/2021\/visito-el-distrito-el-ministro-de-desarrollo-agrario-de-la-provincia\/","url":"https:\/\/www.noticiasradioreflejos.com.ar\/2021\/visito-el-distrito-el-ministro-de-desarrollo-agrario-de-la-provincia\/","name":"Visit\u00f3 el distrito el ministro de Desarrollo Agrario de la Provincia - Noticias Radio Reflejos","isPartOf":{"@id":"https:\/\/www.noticiasradioreflejos.com.ar\/2021\/#website"},"primaryImageOfPage":{"@id":"https:\/\/www.noticiasradioreflejos.com.ar\/2021\/visito-el-distrito-el-ministro-de-desarrollo-agrario-de-la-provincia\/#primaryimage"},"image":{"@id":"https:\/\/www.noticiasradioreflejos.com.ar\/2021\/visito-el-distrito-el-ministro-de-desarrollo-agrario-de-la-provincia\/#primaryimage"},"thumbnailUrl":"http:\/\/live.staticflickr.com\/65535\/50934426546_8f6a4ed130_c.jpg","datePublished":"2021-02-12T02:19:52+00:00","author":{"@id":"https:\/\/www.noticiasradioreflejos.com.ar\/2021\/#\/schema\/person\/ad82545263dcc5ec0996818884fd5fb1"},"breadcrumb":{"@id":"https:\/\/www.noticiasradioreflejos.com.ar\/2021\/visito-el-distrito-el-ministro-de-desarrollo-agrario-de-la-provincia\/#breadcrumb"},"inLanguage":"es","potentialAction":[{"@type":"ReadAction","target":["https:\/\/www.noticiasradioreflejos.com.ar\/2021\/visito-el-distrito-el-ministro-de-desarrollo-agrario-de-la-provincia\/"]}]},{"@type":"ImageObject","inLanguage":"es","@id":"https:\/\/www.noticiasradioreflejos.com.ar\/2021\/visito-el-distrito-el-ministro-de-desarrollo-agrario-de-la-provincia\/#primaryimage","url":"http:\/\/live.staticflickr.com\/65535\/50934426546_8f6a4ed130_c.jpg","contentUrl":"http:\/\/live.staticflickr.com\/65535\/50934426546_8f6a4ed130_c.jpg"},{"@type":"BreadcrumbList","@id":"https:\/\/www.noticiasradioreflejos.com.ar\/2021\/visito-el-distrito-el-ministro-de-desarrollo-agrario-de-la-provincia\/#breadcrumb","itemListElement":[{"@type":"ListItem","position":1,"name":"Portada","item":"https:\/\/www.noticiasradioreflejos.com.ar\/2021\/"},{"@type":"ListItem","position":2,"name":"Visit\u00f3 el distrito el ministro de Desarrollo Agrario de la Provincia"}]},{"@type":"WebSite","@id":"https:\/\/www.noticiasradioreflejos.com.ar\/2021\/#website","url":"https:\/\/www.noticiasradioreflejos.com.ar\/2021\/","name":"Noticias Radio Reflejos","description":"Las noticias de mi comarca","potentialAction":[{"@type":"SearchAction","target":{"@type":"EntryPoint","urlTemplate":"https:\/\/www.noticiasradioreflejos.com.ar\/2021\/?s={search_term_string}"},"query-input":{"@type":"PropertyValueSpecification","valueRequired":true,"valueName":"search_term_string"}}],"inLanguage":"es"},{"@type":"Person","@id":"https:\/\/www.noticiasradioreflejos.com.ar\/2021\/#\/schema\/person\/ad82545263dcc5ec0996818884fd5fb1","name":"Arnaldo Botto","image":{"@type":"ImageObject","inLanguage":"es","@id":"https:\/\/www.noticiasradioreflejos.com.ar\/2021\/#\/schema\/person\/image\/","url":"https:\/\/secure.gravatar.com\/avatar\/55cb5e37c1efa326397366e6974cb338056df65cb50e7d64d1cf314e87504837?s=96&d=mm&r=g","contentUrl":"https:\/\/secure.gravatar.com\/avatar\/55cb5e37c1efa326397366e6974cb338056df65cb50e7d64d1cf314e87504837?s=96&d=mm&r=g","caption":"Arnaldo Botto"},"url":"https:\/\/www.noticiasradioreflejos.com.ar\/2021\/author\/arnaldo\/"}]}},"_links":{"self":[{"href":"https:\/\/www.noticiasradioreflejos.com.ar\/2021\/wp-json\/wp\/v2\/posts\/52444","targetHints":{"allow":["GET"]}}],"collection":[{"href":"https:\/\/www.noticiasradioreflejos.com.ar\/2021\/wp-json\/wp\/v2\/posts"}],"about":[{"href":"https:\/\/www.noticiasradioreflejos.com.ar\/2021\/wp-json\/wp\/v2\/types\/post"}],"author":[{"embeddable":true,"href":"https:\/\/www.noticiasradioreflejos.com.ar\/2021\/wp-json\/wp\/v2\/users\/3"}],"replies":[{"embeddable":true,"href":"https:\/\/www.noticiasradioreflejos.com.ar\/2021\/wp-json\/wp\/v2\/comments?post=52444"}],"version-history":[{"count":0,"href":"https:\/\/www.noticiasradioreflejos.com.ar\/2021\/wp-json\/wp\/v2\/posts\/52444\/revisions"}],"wp:attachment":[{"href":"https:\/\/www.noticiasradioreflejos.com.ar\/2021\/wp-json\/wp\/v2\/media?parent=52444"}],"wp:term":[{"taxonomy":"category","embeddable":true,"href":"https:\/\/www.noticiasradioreflejos.com.ar\/2021\/wp-json\/wp\/v2\/categories?post=52444"},{"taxonomy":"post_tag","embeddable":true,"href":"https:\/\/www.noticiasradioreflejos.com.ar\/2021\/wp-json\/wp\/v2\/tags?post=52444"}],"curies":[{"name":"wp","href":"https:\/\/api.w.org\/{rel}","templated":true}]}}