{"id":52441,"date":"2021-02-11T21:15:16","date_gmt":"2021-02-12T00:15:16","guid":{"rendered":"http:\/\/www.noticiasradioreflejos.com.ar\/noticias\/?p=52441"},"modified":"2021-02-11T21:15:16","modified_gmt":"2021-02-12T00:15:16","slug":"de-20-000-habitantes-en-el-distrito-solo-1400-se-inscribieron-para-recibir-la-vacuna-afirma-bordoni","status":"publish","type":"post","link":"https:\/\/www.noticiasradioreflejos.com.ar\/2021\/de-20-000-habitantes-en-el-distrito-solo-1400-se-inscribieron-para-recibir-la-vacuna-afirma-bordoni\/","title":{"rendered":"\u201cDe 20.000 habitantes en el distrito, solo 1400 se inscribieron para recibir la vacuna\u201d, afirma Bordoni"},"content":{"rendered":"<h1><\/h1>\n<div class=\"adelanto\">\n<p>El Intendente de nuestra localidad brind\u00f3 detalles sobre las diversas actividades en carpeta que est\u00e1 llevando a cabo el municipio y se refiri\u00f3 al tema sanitario. Le pide a los ciudadanos que se inscriban para que las dosis puedan llegar. Nota con Sergio Bordoni.<\/p>\n<\/div>\n<p><!--more--><\/p>\n<div class=\"text\">\n<p>El Intendente municipal,\u00a0<strong>Sergio\u00a0 Bordoni<\/strong>, dialog\u00f3 con nuestro medio sobre las distintas actividades que se vienen realizando en el distrito.<\/p>\n<p>En cuanto a los trabajos en carpeta, actualmente\u00a0<strong>se encuentran culminando la obra del play\u00f3n trasero, destinada a la Escuela Primaria N\u00b0 1, Domingo Faustino Sarmiento<\/strong>. Debido a la arboleda presente en el sector y a las ra\u00edces proliferas de la especie plantada (Eucaliptos), se procedi\u00f3, en dialogo con la Cooperadora del establecimiento y sus directivos, a realizar el reemplazo de los mismos.<\/p>\n<p>Asimismo, el cerco del\u00a0<b>Jard\u00edn de Infantes 901, Constancio C. Vigil, se correr\u00e1 3 metros (espacio cedido por la Escuela N\u00b0 1) dado que se prev\u00e9 la construcci\u00f3n de un SUM(Sal\u00f3n\u00a0Usos M\u00faltiples)\u00a0<\/b><\/p>\n<p>Referente a las actividades llevadas a cabo conjuntamente con Vialidad, Bordoni menciona que \u201cfuimos a\u00a0<strong>Chasic\u00f3 para ver el acceso de entrada de la localidad<\/strong>\u00a0que se encuentra detonado\u201d. La pretensi\u00f3n ser\u00eda realizar tanto el acceso como la entrada principal del lugar.<\/p>\n<p>\u201cEstuve reunido el pasado jueves con Gustavo Arrieta de Vialidad Nacional y con los t\u00e9cnicos, se intercambiaron ideas y se estableci\u00f3 el trabajo a realizar para sacar costos estimados de la Obra. Est\u00e1n los fondos y es decisi\u00f3n del gobierno nacional\u201d, indic\u00f3.<\/p>\n<p>Respecto a la localidad de Tornquist,<strong>\u00a0actualmente se encuentra en licitaci\u00f3n la Avenida Sarmiento de Tornquist y se prev\u00e9 culminar con el asfaltado de arterias como las dos calles de De los Inmigrantes. En tanto, un aporte de 37 millones de pesos ser\u00e1 destinado a la pavimentaci\u00f3n de distintas zonas.\u00a0<\/strong><\/p>\n<p>Por otra parte, haciendo referencia a cuestiones habitacionales,<strong>\u00a0se encuentran culminando el pintado de casas en el Barrio ubicado sobre calle Lavalle, las cuales ser\u00e1n sorteadas para gente que desee inscribirse en el Banco Provincia<\/strong>\u00a0y queden precalificadas, dado que no se trata de viviendas sociales.<\/p>\n<p>\u201c<strong>El terreno adquirido por la municipalidad para la construcci\u00f3n de 80 lotes<\/strong>(Cercano a la Escuela Agropecuaria) se est\u00e1 organizando todo lo referente a servicios y se espera que, en la medida que sea posible, comenzar a realizar las obras. Lo mismo le depara a la localidad de Saldungaray, que, en la manzana prevista para la construcci\u00f3n de viviendas se realizar\u00e1 la Escuela N\u00b0 4 y, las 27 casas en cuesti\u00f3n, tendr\u00e1n otra manzana como destino.<\/p>\n<p>Otras obras que se est\u00e1n planeando y \u00a0a la espera de licitaci\u00f3n tienen como referencia a las necesidades de la poblaci\u00f3n de \u00a0<strong>Villa Serrana La gruta respecto al agua y el servicio de cloacas<\/strong>: \u201cno es tan ambicioso como el proyecto anterior, se va a poder realizar y va a dar buenos resultados\u201d\u00a0<strong>con un presupuesto de 60 millones,<\/strong>\u00a0afirm\u00f3.<\/p>\n<p><strong>Tema Sanitario<\/strong><\/p>\n<p>En el \u00e1mbito sanitario,\u00a0<strong>actualmente son 49 los casos positivos, no se presentan internados en grave estado dentro del Hospital local<\/strong>, aunque hay derivaciones realizadas a la ciudad de Bah\u00eda Blanca, mientras que la mayor\u00eda de personas que se encuentran cursando la enfermedad est\u00e1n en aislamiento dom\u00e9stico.<\/p>\n<p><b>En lo que a vacunaci\u00f3n se refiere, Bordoni alerta por la baja cantidad de inscriptos para la vacunaci\u00f3n: \u201cDe 20.000 habitantes en el distrito, solo 1.400 se anotaron\u00a0para recibir la dosis<\/b>\u201d, por lo que pide a la poblaci\u00f3n que desee vacunarse, realizar la debida inscripci\u00f3n y, quienes no logran hacerlo por diferentes motivos, pueden acercarse a las distintas \u00e1reas de salud destinadas a que se pueda efectivizar el turno correspondiente.<\/p>\n<p>Debido al comienzo de clases el 17 de febrero,\u00a0<strong>el operativo montando en la Escuela N\u00b01 se traslada al Centro de Jubilados.\u00a0<\/strong><\/p>\n<p>\u201cLa vacuna es la \u00fanica v\u00eda que tenemos para luchar contra la pandemia, no estamos haciendo pol\u00edtica con esto\u201d, expres\u00f3.<br \/>\n<iframe loading=\"lazy\" src=\"https:\/\/w.soundcloud.com\/player\/?url=https%3A\/\/api.soundcloud.com\/tracks\/983824444&amp;color=%23ff5500&amp;auto_play=false&amp;hide_related=false&amp;show_comments=true&amp;show_user=true&amp;show_reposts=false&amp;show_teaser=true\" width=\"100%\" height=\"166\" frameborder=\"no\" scrolling=\"no\"><\/iframe><\/p>\n<div style=\"font-size: 10px; color: #cccccc; line-break: anywhere; word-break: normal; overflow: hidden; white-space: nowrap; text-overflow: ellipsis; font-family: Interstate,Lucida Grande,Lucida Sans Unicode,Lucida Sans,Garuda,Verdana,Tahoma,sans-serif; font-weight: 100;\"><a style=\"color: #cccccc; text-decoration: none;\" title=\"fmreflejos 103.7\" href=\"https:\/\/soundcloud.com\/fmreflejos-103-7\" target=\"_blank\" rel=\"noopener\">fmreflejos 103.7<\/a> \u00b7 <a style=\"color: #cccccc; text-decoration: none;\" title=\"Nota - Sergio - Bordoni - 5.mp3 Original\" href=\"https:\/\/soundcloud.com\/fmreflejos-103-7\/nota-sergio-bordoni-5mp3-original\" target=\"_blank\" rel=\"noopener\">Nota &#8211; Sergio &#8211; Bordoni &#8211; 5.mp3 Original<\/a><\/div>\n<div><img decoding=\"async\" src=\"https:\/\/www.noticiastornquist.com.ar\/imagen.php?imagen=\/gasapr.jpg\" \/><\/div>\n<\/div>\n","protected":false},"excerpt":{"rendered":"<p>El Intendente de nuestra localidad brind\u00f3 detalles sobre las diversas actividades en carpeta que est\u00e1 llevando a cabo el municipio y se refiri\u00f3 al tema sanitario. Le pide a los ciudadanos que se inscriban para que las dosis puedan llegar. Nota con Sergio Bordoni.<\/p>\n","protected":false},"author":3,"featured_media":0,"comment_status":"closed","ping_status":"open","sticky":false,"template":"","format":"standard","meta":{"footnotes":""},"categories":[28,30],"tags":[],"class_list":["post-52441","post","type-post","status-publish","format-standard","hentry","category-municipales","category-salud"],"yoast_head":"<!-- This site is optimized with the Yoast SEO plugin v25.9 - https:\/\/yoast.com\/wordpress\/plugins\/seo\/ -->\n<title>\u201cDe 20.000 habitantes en el distrito, solo 1400 se inscribieron para recibir la vacuna\u201d, afirma Bordoni - Noticias Radio Reflejos<\/title>\n<meta name=\"robots\" content=\"index, follow, max-snippet:-1, max-image-preview:large, max-video-preview:-1\" \/>\n<link rel=\"canonical\" href=\"https:\/\/www.noticiasradioreflejos.com.ar\/2021\/de-20-000-habitantes-en-el-distrito-solo-1400-se-inscribieron-para-recibir-la-vacuna-afirma-bordoni\/\" \/>\n<meta property=\"og:locale\" content=\"es_ES\" \/>\n<meta property=\"og:type\" content=\"article\" \/>\n<meta property=\"og:title\" content=\"\u201cDe 20.000 habitantes en el distrito, solo 1400 se inscribieron para recibir la vacuna\u201d, afirma Bordoni - Noticias Radio Reflejos\" \/>\n<meta property=\"og:description\" content=\"El Intendente de nuestra localidad brind\u00f3 detalles sobre las diversas actividades en carpeta que est\u00e1 llevando a cabo el municipio y se refiri\u00f3 al tema sanitario. Le pide a los ciudadanos que se inscriban para que las dosis puedan llegar. Nota con Sergio Bordoni.\" \/>\n<meta property=\"og:url\" content=\"https:\/\/www.noticiasradioreflejos.com.ar\/2021\/de-20-000-habitantes-en-el-distrito-solo-1400-se-inscribieron-para-recibir-la-vacuna-afirma-bordoni\/\" \/>\n<meta property=\"og:site_name\" content=\"Noticias Radio Reflejos\" \/>\n<meta property=\"article:published_time\" content=\"2021-02-12T00:15:16+00:00\" \/>\n<meta property=\"og:image\" content=\"https:\/\/www.noticiastornquist.com.ar\/imagen.php?imagen=\/gasapr.jpg\" \/>\n<meta name=\"author\" content=\"Arnaldo Botto\" \/>\n<meta name=\"twitter:card\" content=\"summary_large_image\" \/>\n<script type=\"application\/ld+json\" class=\"yoast-schema-graph\">{\"@context\":\"https:\/\/schema.org\",\"@graph\":[{\"@type\":\"WebPage\",\"@id\":\"https:\/\/www.noticiasradioreflejos.com.ar\/2021\/de-20-000-habitantes-en-el-distrito-solo-1400-se-inscribieron-para-recibir-la-vacuna-afirma-bordoni\/\",\"url\":\"https:\/\/www.noticiasradioreflejos.com.ar\/2021\/de-20-000-habitantes-en-el-distrito-solo-1400-se-inscribieron-para-recibir-la-vacuna-afirma-bordoni\/\",\"name\":\"\u201cDe 20.000 habitantes en el distrito, solo 1400 se inscribieron para recibir la vacuna\u201d, afirma Bordoni - Noticias Radio Reflejos\",\"isPartOf\":{\"@id\":\"https:\/\/www.noticiasradioreflejos.com.ar\/2021\/#website\"},\"primaryImageOfPage\":{\"@id\":\"https:\/\/www.noticiasradioreflejos.com.ar\/2021\/de-20-000-habitantes-en-el-distrito-solo-1400-se-inscribieron-para-recibir-la-vacuna-afirma-bordoni\/#primaryimage\"},\"image\":{\"@id\":\"https:\/\/www.noticiasradioreflejos.com.ar\/2021\/de-20-000-habitantes-en-el-distrito-solo-1400-se-inscribieron-para-recibir-la-vacuna-afirma-bordoni\/#primaryimage\"},\"thumbnailUrl\":\"https:\/\/www.noticiastornquist.com.ar\/imagen.php?imagen=\/gasapr.jpg\",\"datePublished\":\"2021-02-12T00:15:16+00:00\",\"author\":{\"@id\":\"https:\/\/www.noticiasradioreflejos.com.ar\/2021\/#\/schema\/person\/ad82545263dcc5ec0996818884fd5fb1\"},\"breadcrumb\":{\"@id\":\"https:\/\/www.noticiasradioreflejos.com.ar\/2021\/de-20-000-habitantes-en-el-distrito-solo-1400-se-inscribieron-para-recibir-la-vacuna-afirma-bordoni\/#breadcrumb\"},\"inLanguage\":\"es\",\"potentialAction\":[{\"@type\":\"ReadAction\",\"target\":[\"https:\/\/www.noticiasradioreflejos.com.ar\/2021\/de-20-000-habitantes-en-el-distrito-solo-1400-se-inscribieron-para-recibir-la-vacuna-afirma-bordoni\/\"]}]},{\"@type\":\"ImageObject\",\"inLanguage\":\"es\",\"@id\":\"https:\/\/www.noticiasradioreflejos.com.ar\/2021\/de-20-000-habitantes-en-el-distrito-solo-1400-se-inscribieron-para-recibir-la-vacuna-afirma-bordoni\/#primaryimage\",\"url\":\"https:\/\/www.noticiastornquist.com.ar\/imagen.php?imagen=\/gasapr.jpg\",\"contentUrl\":\"https:\/\/www.noticiastornquist.com.ar\/imagen.php?imagen=\/gasapr.jpg\"},{\"@type\":\"BreadcrumbList\",\"@id\":\"https:\/\/www.noticiasradioreflejos.com.ar\/2021\/de-20-000-habitantes-en-el-distrito-solo-1400-se-inscribieron-para-recibir-la-vacuna-afirma-bordoni\/#breadcrumb\",\"itemListElement\":[{\"@type\":\"ListItem\",\"position\":1,\"name\":\"Portada\",\"item\":\"https:\/\/www.noticiasradioreflejos.com.ar\/2021\/\"},{\"@type\":\"ListItem\",\"position\":2,\"name\":\"\u201cDe 20.000 habitantes en el distrito, solo 1400 se inscribieron para recibir la vacuna\u201d, afirma Bordoni\"}]},{\"@type\":\"WebSite\",\"@id\":\"https:\/\/www.noticiasradioreflejos.com.ar\/2021\/#website\",\"url\":\"https:\/\/www.noticiasradioreflejos.com.ar\/2021\/\",\"name\":\"Noticias Radio Reflejos\",\"description\":\"Las noticias de mi comarca\",\"potentialAction\":[{\"@type\":\"SearchAction\",\"target\":{\"@type\":\"EntryPoint\",\"urlTemplate\":\"https:\/\/www.noticiasradioreflejos.com.ar\/2021\/?s={search_term_string}\"},\"query-input\":{\"@type\":\"PropertyValueSpecification\",\"valueRequired\":true,\"valueName\":\"search_term_string\"}}],\"inLanguage\":\"es\"},{\"@type\":\"Person\",\"@id\":\"https:\/\/www.noticiasradioreflejos.com.ar\/2021\/#\/schema\/person\/ad82545263dcc5ec0996818884fd5fb1\",\"name\":\"Arnaldo Botto\",\"image\":{\"@type\":\"ImageObject\",\"inLanguage\":\"es\",\"@id\":\"https:\/\/www.noticiasradioreflejos.com.ar\/2021\/#\/schema\/person\/image\/\",\"url\":\"https:\/\/secure.gravatar.com\/avatar\/55cb5e37c1efa326397366e6974cb338056df65cb50e7d64d1cf314e87504837?s=96&d=mm&r=g\",\"contentUrl\":\"https:\/\/secure.gravatar.com\/avatar\/55cb5e37c1efa326397366e6974cb338056df65cb50e7d64d1cf314e87504837?s=96&d=mm&r=g\",\"caption\":\"Arnaldo Botto\"},\"url\":\"https:\/\/www.noticiasradioreflejos.com.ar\/2021\/author\/arnaldo\/\"}]}<\/script>\n<!-- \/ Yoast SEO plugin. -->","yoast_head_json":{"title":"\u201cDe 20.000 habitantes en el distrito, solo 1400 se inscribieron para recibir la vacuna\u201d, afirma Bordoni - Noticias Radio Reflejos","robots":{"index":"index","follow":"follow","max-snippet":"max-snippet:-1","max-image-preview":"max-image-preview:large","max-video-preview":"max-video-preview:-1"},"canonical":"https:\/\/www.noticiasradioreflejos.com.ar\/2021\/de-20-000-habitantes-en-el-distrito-solo-1400-se-inscribieron-para-recibir-la-vacuna-afirma-bordoni\/","og_locale":"es_ES","og_type":"article","og_title":"\u201cDe 20.000 habitantes en el distrito, solo 1400 se inscribieron para recibir la vacuna\u201d, afirma Bordoni - Noticias Radio Reflejos","og_description":"El Intendente de nuestra localidad brind\u00f3 detalles sobre las diversas actividades en carpeta que est\u00e1 llevando a cabo el municipio y se refiri\u00f3 al tema sanitario. Le pide a los ciudadanos que se inscriban para que las dosis puedan llegar. Nota con Sergio Bordoni.","og_url":"https:\/\/www.noticiasradioreflejos.com.ar\/2021\/de-20-000-habitantes-en-el-distrito-solo-1400-se-inscribieron-para-recibir-la-vacuna-afirma-bordoni\/","og_site_name":"Noticias Radio Reflejos","article_published_time":"2021-02-12T00:15:16+00:00","og_image":[{"url":"https:\/\/www.noticiastornquist.com.ar\/imagen.php?imagen=\/gasapr.jpg","type":"","width":"","height":""}],"author":"Arnaldo Botto","twitter_card":"summary_large_image","schema":{"@context":"https:\/\/schema.org","@graph":[{"@type":"WebPage","@id":"https:\/\/www.noticiasradioreflejos.com.ar\/2021\/de-20-000-habitantes-en-el-distrito-solo-1400-se-inscribieron-para-recibir-la-vacuna-afirma-bordoni\/","url":"https:\/\/www.noticiasradioreflejos.com.ar\/2021\/de-20-000-habitantes-en-el-distrito-solo-1400-se-inscribieron-para-recibir-la-vacuna-afirma-bordoni\/","name":"\u201cDe 20.000 habitantes en el distrito, solo 1400 se inscribieron para recibir la vacuna\u201d, afirma Bordoni - Noticias Radio Reflejos","isPartOf":{"@id":"https:\/\/www.noticiasradioreflejos.com.ar\/2021\/#website"},"primaryImageOfPage":{"@id":"https:\/\/www.noticiasradioreflejos.com.ar\/2021\/de-20-000-habitantes-en-el-distrito-solo-1400-se-inscribieron-para-recibir-la-vacuna-afirma-bordoni\/#primaryimage"},"image":{"@id":"https:\/\/www.noticiasradioreflejos.com.ar\/2021\/de-20-000-habitantes-en-el-distrito-solo-1400-se-inscribieron-para-recibir-la-vacuna-afirma-bordoni\/#primaryimage"},"thumbnailUrl":"https:\/\/www.noticiastornquist.com.ar\/imagen.php?imagen=\/gasapr.jpg","datePublished":"2021-02-12T00:15:16+00:00","author":{"@id":"https:\/\/www.noticiasradioreflejos.com.ar\/2021\/#\/schema\/person\/ad82545263dcc5ec0996818884fd5fb1"},"breadcrumb":{"@id":"https:\/\/www.noticiasradioreflejos.com.ar\/2021\/de-20-000-habitantes-en-el-distrito-solo-1400-se-inscribieron-para-recibir-la-vacuna-afirma-bordoni\/#breadcrumb"},"inLanguage":"es","potentialAction":[{"@type":"ReadAction","target":["https:\/\/www.noticiasradioreflejos.com.ar\/2021\/de-20-000-habitantes-en-el-distrito-solo-1400-se-inscribieron-para-recibir-la-vacuna-afirma-bordoni\/"]}]},{"@type":"ImageObject","inLanguage":"es","@id":"https:\/\/www.noticiasradioreflejos.com.ar\/2021\/de-20-000-habitantes-en-el-distrito-solo-1400-se-inscribieron-para-recibir-la-vacuna-afirma-bordoni\/#primaryimage","url":"https:\/\/www.noticiastornquist.com.ar\/imagen.php?imagen=\/gasapr.jpg","contentUrl":"https:\/\/www.noticiastornquist.com.ar\/imagen.php?imagen=\/gasapr.jpg"},{"@type":"BreadcrumbList","@id":"https:\/\/www.noticiasradioreflejos.com.ar\/2021\/de-20-000-habitantes-en-el-distrito-solo-1400-se-inscribieron-para-recibir-la-vacuna-afirma-bordoni\/#breadcrumb","itemListElement":[{"@type":"ListItem","position":1,"name":"Portada","item":"https:\/\/www.noticiasradioreflejos.com.ar\/2021\/"},{"@type":"ListItem","position":2,"name":"\u201cDe 20.000 habitantes en el distrito, solo 1400 se inscribieron para recibir la vacuna\u201d, afirma Bordoni"}]},{"@type":"WebSite","@id":"https:\/\/www.noticiasradioreflejos.com.ar\/2021\/#website","url":"https:\/\/www.noticiasradioreflejos.com.ar\/2021\/","name":"Noticias Radio Reflejos","description":"Las noticias de mi comarca","potentialAction":[{"@type":"SearchAction","target":{"@type":"EntryPoint","urlTemplate":"https:\/\/www.noticiasradioreflejos.com.ar\/2021\/?s={search_term_string}"},"query-input":{"@type":"PropertyValueSpecification","valueRequired":true,"valueName":"search_term_string"}}],"inLanguage":"es"},{"@type":"Person","@id":"https:\/\/www.noticiasradioreflejos.com.ar\/2021\/#\/schema\/person\/ad82545263dcc5ec0996818884fd5fb1","name":"Arnaldo Botto","image":{"@type":"ImageObject","inLanguage":"es","@id":"https:\/\/www.noticiasradioreflejos.com.ar\/2021\/#\/schema\/person\/image\/","url":"https:\/\/secure.gravatar.com\/avatar\/55cb5e37c1efa326397366e6974cb338056df65cb50e7d64d1cf314e87504837?s=96&d=mm&r=g","contentUrl":"https:\/\/secure.gravatar.com\/avatar\/55cb5e37c1efa326397366e6974cb338056df65cb50e7d64d1cf314e87504837?s=96&d=mm&r=g","caption":"Arnaldo Botto"},"url":"https:\/\/www.noticiasradioreflejos.com.ar\/2021\/author\/arnaldo\/"}]}},"_links":{"self":[{"href":"https:\/\/www.noticiasradioreflejos.com.ar\/2021\/wp-json\/wp\/v2\/posts\/52441","targetHints":{"allow":["GET"]}}],"collection":[{"href":"https:\/\/www.noticiasradioreflejos.com.ar\/2021\/wp-json\/wp\/v2\/posts"}],"about":[{"href":"https:\/\/www.noticiasradioreflejos.com.ar\/2021\/wp-json\/wp\/v2\/types\/post"}],"author":[{"embeddable":true,"href":"https:\/\/www.noticiasradioreflejos.com.ar\/2021\/wp-json\/wp\/v2\/users\/3"}],"replies":[{"embeddable":true,"href":"https:\/\/www.noticiasradioreflejos.com.ar\/2021\/wp-json\/wp\/v2\/comments?post=52441"}],"version-history":[{"count":0,"href":"https:\/\/www.noticiasradioreflejos.com.ar\/2021\/wp-json\/wp\/v2\/posts\/52441\/revisions"}],"wp:attachment":[{"href":"https:\/\/www.noticiasradioreflejos.com.ar\/2021\/wp-json\/wp\/v2\/media?parent=52441"}],"wp:term":[{"taxonomy":"category","embeddable":true,"href":"https:\/\/www.noticiasradioreflejos.com.ar\/2021\/wp-json\/wp\/v2\/categories?post=52441"},{"taxonomy":"post_tag","embeddable":true,"href":"https:\/\/www.noticiasradioreflejos.com.ar\/2021\/wp-json\/wp\/v2\/tags?post=52441"}],"curies":[{"name":"wp","href":"https:\/\/api.w.org\/{rel}","templated":true}]}}