{"id":52433,"date":"2021-02-11T20:16:56","date_gmt":"2021-02-11T23:16:56","guid":{"rendered":"http:\/\/www.noticiasradioreflejos.com.ar\/noticias\/?p=52433"},"modified":"2021-02-11T20:16:56","modified_gmt":"2021-02-11T23:16:56","slug":"recomendaciones-de-camcotisas-para-el-manejo-de-los-residuos","status":"publish","type":"post","link":"https:\/\/www.noticiasradioreflejos.com.ar\/2021\/recomendaciones-de-camcotisas-para-el-manejo-de-los-residuos\/","title":{"rendered":"Recomendaciones de Camcotisas para el manejo de los residuos."},"content":{"rendered":"<p>El servicio Municipal de recolecci\u00f3n y manejo de residuos en nuestro distrito de Tornquist y en Su\u00e1rez (localidades de Sierra de la Ventana, Saldungaray y Villa La Arcadia ), se encuentra saturado y el incremento de residuos en los fines de semana largos pr\u00f3ximos (Carnaval y Semana Santa) lo pone al borde del colapso.\u00a0<!--more-->Para ayudar a morigerar el impacto sobre la salud p\u00fablica y el aumento de plagas que nos afectan a todos (moscas y ratas) recomendamos reforzar, a partir de la recepci\u00f3n de este mensaje, la idea del consumo responsable:<br \/>\n1) 3R &#8211; RECICLE, los residuos que no son biodegradables, separando vidrio, pl\u00e1sticos y briks para convertirlos en nuevos productos o en materia prima para su posterior utilizaci\u00f3n. Recicle residuos org\u00e1nicos (compostaje), etc.<br \/>\n2) 3R &#8211; REUSE, Antes de tirarlo reutilice los objetos para darle una segunda vida \u00fatil, utilizando por ejemplo agua de servicios para riego, o en general con residuos de envases, etc.<br \/>\n3) 3R \u2013 REDUZCA, segregar y achicar, promover la NO COMPRA de envases innecesarios (bolsas, envoltorios, etc.). Aplastar los envases pl\u00e1sticos, desarmar las cajas de cart\u00f3n, separar el vidrio, metales y pl\u00e1sticos. Optimizar la entrega de residuos y su segregaci\u00f3n en bolsas verdes.<br \/>\n4) PUNTOS LIMPIOS: ayudemos a que sean limpios!!, no dejando basura afuera de los contenedores y compactando ordenadamente los residuos que se entregan en cada lugar.<br \/>\n5) COMBATA E INFORME LA PRESENCIA DE PLAGAS: Se recomienda reforzar en cada barrio el control domiciliario de plagas y comunicar a la delegaci\u00f3n para fortalecer el CONTROL de PLAGAS en cada localidad (moscas y ratas) en defensa de la Salud P\u00fablica.<\/p>\n<p>Gracias!! Seguiremos compartiendo acciones y escuchando propuestas junto a otras Instituciones, entidades y agrupaciones vecinales con las que estamos formando un grupo de trabajo preocupados por este tema que pone un l\u00edmite a nuestras aspiraciones de crecimiento sostenible. Es imposible pensar un desarrollo y crecimiento sin un adecuado manejo de los residuos que se generan en nuestra comunidad.<\/p>\n<p>Comisi\u00f3n de Medio Ambiente CamCoTiSas<\/p>\n","protected":false},"excerpt":{"rendered":"<p>El servicio Municipal de recolecci\u00f3n y manejo de residuos en nuestro distrito de Tornquist y en Su\u00e1rez (localidades de Sierra de la Ventana, Saldungaray y Villa La Arcadia ), se encuentra saturado y el incremento de residuos en los fines de semana largos pr\u00f3ximos (Carnaval y Semana Santa) lo pone al borde del colapso.\u00a0<\/p>\n","protected":false},"author":3,"featured_media":0,"comment_status":"closed","ping_status":"open","sticky":false,"template":"","format":"standard","meta":{"footnotes":""},"categories":[26],"tags":[],"class_list":["post-52433","post","type-post","status-publish","format-standard","hentry","category-sociedad"],"yoast_head":"<!-- This site is optimized with the Yoast SEO plugin v25.9 - https:\/\/yoast.com\/wordpress\/plugins\/seo\/ -->\n<title>Recomendaciones de Camcotisas para el manejo de los residuos. - Noticias Radio Reflejos<\/title>\n<meta name=\"robots\" content=\"index, follow, max-snippet:-1, max-image-preview:large, max-video-preview:-1\" \/>\n<link rel=\"canonical\" href=\"https:\/\/www.noticiasradioreflejos.com.ar\/2021\/recomendaciones-de-camcotisas-para-el-manejo-de-los-residuos\/\" \/>\n<meta property=\"og:locale\" content=\"es_ES\" \/>\n<meta property=\"og:type\" content=\"article\" \/>\n<meta property=\"og:title\" content=\"Recomendaciones de Camcotisas para el manejo de los residuos. - Noticias Radio Reflejos\" \/>\n<meta property=\"og:description\" content=\"El servicio Municipal de recolecci\u00f3n y manejo de residuos en nuestro distrito de Tornquist y en Su\u00e1rez (localidades de Sierra de la Ventana, Saldungaray y Villa La Arcadia ), se encuentra saturado y el incremento de residuos en los fines de semana largos pr\u00f3ximos (Carnaval y Semana Santa) lo pone al borde del colapso.\u00a0\" \/>\n<meta property=\"og:url\" content=\"https:\/\/www.noticiasradioreflejos.com.ar\/2021\/recomendaciones-de-camcotisas-para-el-manejo-de-los-residuos\/\" \/>\n<meta property=\"og:site_name\" content=\"Noticias Radio Reflejos\" \/>\n<meta property=\"article:published_time\" content=\"2021-02-11T23:16:56+00:00\" \/>\n<meta property=\"og:image\" content=\"https:\/\/www.noticiasradioreflejos.com.ar\/2021\/wp-content\/uploads\/2021\/07\/logosol300x200.png\" \/>\n\t<meta property=\"og:image:width\" content=\"300\" \/>\n\t<meta property=\"og:image:height\" content=\"200\" \/>\n\t<meta property=\"og:image:type\" content=\"image\/png\" \/>\n<meta name=\"author\" content=\"Arnaldo Botto\" \/>\n<meta name=\"twitter:card\" content=\"summary_large_image\" \/>\n<script type=\"application\/ld+json\" class=\"yoast-schema-graph\">{\"@context\":\"https:\/\/schema.org\",\"@graph\":[{\"@type\":\"WebPage\",\"@id\":\"https:\/\/www.noticiasradioreflejos.com.ar\/2021\/recomendaciones-de-camcotisas-para-el-manejo-de-los-residuos\/\",\"url\":\"https:\/\/www.noticiasradioreflejos.com.ar\/2021\/recomendaciones-de-camcotisas-para-el-manejo-de-los-residuos\/\",\"name\":\"Recomendaciones de Camcotisas para el manejo de los residuos. - Noticias Radio Reflejos\",\"isPartOf\":{\"@id\":\"https:\/\/www.noticiasradioreflejos.com.ar\/2021\/#website\"},\"datePublished\":\"2021-02-11T23:16:56+00:00\",\"author\":{\"@id\":\"https:\/\/www.noticiasradioreflejos.com.ar\/2021\/#\/schema\/person\/ad82545263dcc5ec0996818884fd5fb1\"},\"breadcrumb\":{\"@id\":\"https:\/\/www.noticiasradioreflejos.com.ar\/2021\/recomendaciones-de-camcotisas-para-el-manejo-de-los-residuos\/#breadcrumb\"},\"inLanguage\":\"es\",\"potentialAction\":[{\"@type\":\"ReadAction\",\"target\":[\"https:\/\/www.noticiasradioreflejos.com.ar\/2021\/recomendaciones-de-camcotisas-para-el-manejo-de-los-residuos\/\"]}]},{\"@type\":\"BreadcrumbList\",\"@id\":\"https:\/\/www.noticiasradioreflejos.com.ar\/2021\/recomendaciones-de-camcotisas-para-el-manejo-de-los-residuos\/#breadcrumb\",\"itemListElement\":[{\"@type\":\"ListItem\",\"position\":1,\"name\":\"Portada\",\"item\":\"https:\/\/www.noticiasradioreflejos.com.ar\/2021\/\"},{\"@type\":\"ListItem\",\"position\":2,\"name\":\"Recomendaciones de Camcotisas para el manejo de los residuos.\"}]},{\"@type\":\"WebSite\",\"@id\":\"https:\/\/www.noticiasradioreflejos.com.ar\/2021\/#website\",\"url\":\"https:\/\/www.noticiasradioreflejos.com.ar\/2021\/\",\"name\":\"Noticias Radio Reflejos\",\"description\":\"Las noticias de mi comarca\",\"potentialAction\":[{\"@type\":\"SearchAction\",\"target\":{\"@type\":\"EntryPoint\",\"urlTemplate\":\"https:\/\/www.noticiasradioreflejos.com.ar\/2021\/?s={search_term_string}\"},\"query-input\":{\"@type\":\"PropertyValueSpecification\",\"valueRequired\":true,\"valueName\":\"search_term_string\"}}],\"inLanguage\":\"es\"},{\"@type\":\"Person\",\"@id\":\"https:\/\/www.noticiasradioreflejos.com.ar\/2021\/#\/schema\/person\/ad82545263dcc5ec0996818884fd5fb1\",\"name\":\"Arnaldo Botto\",\"image\":{\"@type\":\"ImageObject\",\"inLanguage\":\"es\",\"@id\":\"https:\/\/www.noticiasradioreflejos.com.ar\/2021\/#\/schema\/person\/image\/\",\"url\":\"https:\/\/secure.gravatar.com\/avatar\/55cb5e37c1efa326397366e6974cb338056df65cb50e7d64d1cf314e87504837?s=96&d=mm&r=g\",\"contentUrl\":\"https:\/\/secure.gravatar.com\/avatar\/55cb5e37c1efa326397366e6974cb338056df65cb50e7d64d1cf314e87504837?s=96&d=mm&r=g\",\"caption\":\"Arnaldo Botto\"},\"url\":\"https:\/\/www.noticiasradioreflejos.com.ar\/2021\/author\/arnaldo\/\"}]}<\/script>\n<!-- \/ Yoast SEO plugin. -->","yoast_head_json":{"title":"Recomendaciones de Camcotisas para el manejo de los residuos. - Noticias Radio Reflejos","robots":{"index":"index","follow":"follow","max-snippet":"max-snippet:-1","max-image-preview":"max-image-preview:large","max-video-preview":"max-video-preview:-1"},"canonical":"https:\/\/www.noticiasradioreflejos.com.ar\/2021\/recomendaciones-de-camcotisas-para-el-manejo-de-los-residuos\/","og_locale":"es_ES","og_type":"article","og_title":"Recomendaciones de Camcotisas para el manejo de los residuos. - Noticias Radio Reflejos","og_description":"El servicio Municipal de recolecci\u00f3n y manejo de residuos en nuestro distrito de Tornquist y en Su\u00e1rez (localidades de Sierra de la Ventana, Saldungaray y Villa La Arcadia ), se encuentra saturado y el incremento de residuos en los fines de semana largos pr\u00f3ximos (Carnaval y Semana Santa) lo pone al borde del colapso.\u00a0","og_url":"https:\/\/www.noticiasradioreflejos.com.ar\/2021\/recomendaciones-de-camcotisas-para-el-manejo-de-los-residuos\/","og_site_name":"Noticias Radio Reflejos","article_published_time":"2021-02-11T23:16:56+00:00","og_image":[{"width":300,"height":200,"url":"https:\/\/www.noticiasradioreflejos.com.ar\/2021\/wp-content\/uploads\/2021\/07\/logosol300x200.png","type":"image\/png"}],"author":"Arnaldo Botto","twitter_card":"summary_large_image","schema":{"@context":"https:\/\/schema.org","@graph":[{"@type":"WebPage","@id":"https:\/\/www.noticiasradioreflejos.com.ar\/2021\/recomendaciones-de-camcotisas-para-el-manejo-de-los-residuos\/","url":"https:\/\/www.noticiasradioreflejos.com.ar\/2021\/recomendaciones-de-camcotisas-para-el-manejo-de-los-residuos\/","name":"Recomendaciones de Camcotisas para el manejo de los residuos. - Noticias Radio Reflejos","isPartOf":{"@id":"https:\/\/www.noticiasradioreflejos.com.ar\/2021\/#website"},"datePublished":"2021-02-11T23:16:56+00:00","author":{"@id":"https:\/\/www.noticiasradioreflejos.com.ar\/2021\/#\/schema\/person\/ad82545263dcc5ec0996818884fd5fb1"},"breadcrumb":{"@id":"https:\/\/www.noticiasradioreflejos.com.ar\/2021\/recomendaciones-de-camcotisas-para-el-manejo-de-los-residuos\/#breadcrumb"},"inLanguage":"es","potentialAction":[{"@type":"ReadAction","target":["https:\/\/www.noticiasradioreflejos.com.ar\/2021\/recomendaciones-de-camcotisas-para-el-manejo-de-los-residuos\/"]}]},{"@type":"BreadcrumbList","@id":"https:\/\/www.noticiasradioreflejos.com.ar\/2021\/recomendaciones-de-camcotisas-para-el-manejo-de-los-residuos\/#breadcrumb","itemListElement":[{"@type":"ListItem","position":1,"name":"Portada","item":"https:\/\/www.noticiasradioreflejos.com.ar\/2021\/"},{"@type":"ListItem","position":2,"name":"Recomendaciones de Camcotisas para el manejo de los residuos."}]},{"@type":"WebSite","@id":"https:\/\/www.noticiasradioreflejos.com.ar\/2021\/#website","url":"https:\/\/www.noticiasradioreflejos.com.ar\/2021\/","name":"Noticias Radio Reflejos","description":"Las noticias de mi comarca","potentialAction":[{"@type":"SearchAction","target":{"@type":"EntryPoint","urlTemplate":"https:\/\/www.noticiasradioreflejos.com.ar\/2021\/?s={search_term_string}"},"query-input":{"@type":"PropertyValueSpecification","valueRequired":true,"valueName":"search_term_string"}}],"inLanguage":"es"},{"@type":"Person","@id":"https:\/\/www.noticiasradioreflejos.com.ar\/2021\/#\/schema\/person\/ad82545263dcc5ec0996818884fd5fb1","name":"Arnaldo Botto","image":{"@type":"ImageObject","inLanguage":"es","@id":"https:\/\/www.noticiasradioreflejos.com.ar\/2021\/#\/schema\/person\/image\/","url":"https:\/\/secure.gravatar.com\/avatar\/55cb5e37c1efa326397366e6974cb338056df65cb50e7d64d1cf314e87504837?s=96&d=mm&r=g","contentUrl":"https:\/\/secure.gravatar.com\/avatar\/55cb5e37c1efa326397366e6974cb338056df65cb50e7d64d1cf314e87504837?s=96&d=mm&r=g","caption":"Arnaldo Botto"},"url":"https:\/\/www.noticiasradioreflejos.com.ar\/2021\/author\/arnaldo\/"}]}},"_links":{"self":[{"href":"https:\/\/www.noticiasradioreflejos.com.ar\/2021\/wp-json\/wp\/v2\/posts\/52433","targetHints":{"allow":["GET"]}}],"collection":[{"href":"https:\/\/www.noticiasradioreflejos.com.ar\/2021\/wp-json\/wp\/v2\/posts"}],"about":[{"href":"https:\/\/www.noticiasradioreflejos.com.ar\/2021\/wp-json\/wp\/v2\/types\/post"}],"author":[{"embeddable":true,"href":"https:\/\/www.noticiasradioreflejos.com.ar\/2021\/wp-json\/wp\/v2\/users\/3"}],"replies":[{"embeddable":true,"href":"https:\/\/www.noticiasradioreflejos.com.ar\/2021\/wp-json\/wp\/v2\/comments?post=52433"}],"version-history":[{"count":0,"href":"https:\/\/www.noticiasradioreflejos.com.ar\/2021\/wp-json\/wp\/v2\/posts\/52433\/revisions"}],"wp:attachment":[{"href":"https:\/\/www.noticiasradioreflejos.com.ar\/2021\/wp-json\/wp\/v2\/media?parent=52433"}],"wp:term":[{"taxonomy":"category","embeddable":true,"href":"https:\/\/www.noticiasradioreflejos.com.ar\/2021\/wp-json\/wp\/v2\/categories?post=52433"},{"taxonomy":"post_tag","embeddable":true,"href":"https:\/\/www.noticiasradioreflejos.com.ar\/2021\/wp-json\/wp\/v2\/tags?post=52433"}],"curies":[{"name":"wp","href":"https:\/\/api.w.org\/{rel}","templated":true}]}}