{"id":52364,"date":"2021-02-10T17:41:30","date_gmt":"2021-02-10T20:41:30","guid":{"rendered":"http:\/\/www.noticiasradioreflejos.com.ar\/noticias\/?p=52364"},"modified":"2021-02-10T17:41:30","modified_gmt":"2021-02-10T20:41:30","slug":"abi-gonzalez-y-violeta-videla-por-primera-vez-en-la-comarca","status":"publish","type":"post","link":"https:\/\/www.noticiasradioreflejos.com.ar\/2021\/abi-gonzalez-y-violeta-videla-por-primera-vez-en-la-comarca\/","title":{"rendered":"Abi Gonzalez y Violeta Videla por primera vez en la comarca"},"content":{"rendered":"<p style=\"font-weight: 400;\">El d\u00fao\u00a0brindar\u00e1 dos shows en vivo , el\u00a0S\u00e1bado 13\/2\u00a0en\u00a0Sierra de la Ventana y el\u00a0Domingo 14\/2\u00a0en\u00a0 Villa Ventana<!--more--><\/p>\n<p>El d\u00fao conformado por la violinista y cantante Violeta Videla y el cantante, guitarrista, compositor, arreglador y ganador del Premio Gardel Abi Gonz\u00e1lez llega por primera vez a la Comarca para ofrecer dos conciertos: se presentar\u00e1n el s\u00e1bado 13 de febrero a las 21hs. en Matrioshka Sala Cultural, Sierra de la Ventana, y el domingo 14 de febrero a las 20hs. en los jardines de la Biblioteca Popular Macedonio Fern\u00e1ndez, de Villa Ventana. En ambos encuentros el p\u00fablico podr\u00e1 beber, comer rico y disfrutar de la m\u00fasica en vivo.<\/p>\n<p>Violeta Videla, oriunda de Venado Tuerto, Santa Fe, y Abi Gonz\u00e1lez, de la localidad bonaerense de Azul, compartir\u00e1n su propuesta, tan \u00edntima como din\u00e1mica, en un set que combina varios instrumentos, como viol\u00edn, guitarras, voces y percusiones, y al que suman los colores de la electr\u00f3nica con looperas y efectos. El car\u00e1cter de las canciones que los encuentran en un mismo proyecto desde 2019 es doble: en uno resuena la est\u00e9tica del g\u00e9nero canci\u00f3n, con un set m\u00e1s moderno y electr\u00f3nico y un trabajo de producci\u00f3n sensible y minucioso, mientras que en el otro resuenan el v\u00e9rtigo y la picard\u00eda de tocar folklore espont\u00e1neamente, versionando obras tradicionales y propias.<\/p>\n<p><strong>Mir\u00e1 algunos de sus videos\u2026<\/strong><\/p>\n<p><span style=\"color: #808000;\"><strong><em>Al trotecito \u25ba<\/em><\/strong><\/span> <iframe loading=\"lazy\" src=\"https:\/\/www.youtube.com\/embed\/hL6G1Y7Q0MI\" width=\"560\" height=\"315\" frameborder=\"0\" allowfullscreen=\"allowfullscreen\"><\/iframe><\/p>\n<p><span style=\"color: #808000;\"><em><strong>Un cu\u00e1ndo \u25ba<\/strong><\/em><\/span> <iframe loading=\"lazy\" src=\"https:\/\/www.youtube.com\/embed\/42VLDLPwNco\" width=\"560\" height=\"315\" frameborder=\"0\" allowfullscreen=\"allowfullscreen\"><\/iframe><\/p>\n<p>* M\u00e1s informaci\u00f3n sobre el concierto en Sierra de la Ventana: https:\/\/fb.me\/e\/19jlisr18<\/p>\n<p>* M\u00e1s informaci\u00f3n sobre el concierto en Villa Ventana: https:\/\/fb.me\/e\/ZG9i5BMc<\/p>\n<p>Sobre los artistas\u2026<\/p>\n<p>VIOLETA VIDELA, violinista y cantante, es oriunda de la ciudad de Venado Tuerto, Santa Fe. En su adolescencia integra diversas agrupaciones como el \u201cOcteto Vocal y Arena\u201d y en 2009 se radica en Buenos Aires, contin\u00faa profundizando sus estudios y recibe el t\u00edtulo de \u201cProfesora con orientaci\u00f3n en M\u00fasica de C\u00e1mara-viol\u00edn\u201d en el Conservatorio Superior de M\u00fasica de la ciudad. Integr\u00f3 la \u201cOrquesta Acad\u00e9mica de Buenos Aires\u201d, la \u201cOrquesta de la Facultad de Medicina\u201d, la \u201cOrquesta de c\u00e1mara juvenil de Buenos Aires\u201d, la \u201cOrquesta Sinf\u00f3nica Juvenil Nacional Jos\u00e9 de San Mart\u00edn\u201d, la \u201cOrquesta Sinf\u00f3nica Nacional\u201d y el \u201cOcteto del Conservatorio Superior de M\u00fasica de la ciudad de Buenos Aires\u201d. Como sesionista ha acompa\u00f1ado a artistas de gran envergadura como Joan Manuel Serrat, Los Manseros Santiague\u00f1os, Elena Roger y Vox Dei, entre otros. Form\u00f3 parte del elenco del musical \u201cONCE \u2013 Una vez en la vida\u201d haciendo presentaciones en el teatro Metropolitan Sura. Es integrante del sexteto de m\u00fasica folkl\u00f3rica latinoamericana \u201cAreces\u201d, y junto al m\u00fasico Abi Gonz\u00e1lez sostiene un d\u00fao con el que lanzaron un primer EP llamado \u201cAndar\u201d.<\/p>\n<p>@violeta.videla<\/p>\n<p>ABI GONZ\u00c1LEZ, oriundo de la localidad bonaerense de Azul, es cantante, guitarrista, compositor y arreglador. Premio Gardel 2019. Declarado personalidad destacada de la cultura de la ciudad de Azul. Suma 4 trabajos discogr\u00e1ficos en su carrera: grab\u00f3 el disco \u00abTamocomoqueremo\u00bb (2014), del reconocido bajista Willy Gonz\u00e1lez; luego sus dos discos solistas, \u00abRueca\u00bb (2014), que fue presentado dos a\u00f1os consecutivos en el Festival Nacional de Cosqu\u00edn, y \u00abVioleta Azul\u00bb (2018), ganador de los Premios Gardel 2019 al Mejor \u00e1lbum artista masculino de folklore, terna que comparti\u00f3 con artistas como Jorge Rojas, N\u00e9stor Garnica, Enrique Llopis y Facundo Saravia; y el EP \u00abAndar\u00bb (2019) en colaboraci\u00f3n con la cantante y violinista Violeta Videla. En sus actuaciones no puede dejar de lado su relaci\u00f3n con la danza, y es un di\u00e1logo fluido el de su voz y su cuerpo: baila con el canto mientras canta con la danza, llev\u00e1ndolos de la mano por esos mismos puntos de cruce entre la vanguardia y la tradici\u00f3n. Fue convocado por la artista referente de la vanguardia del folklore argentino, Liliana Herrero, para tres conciertos homenaje a sus 30 a\u00f1os de carrera. Hoy se encuentra trabajando en su tercer disco solista junto a sus m\u00fasicos.<\/p>\n<p>@abigonzalezmusica<\/p>\n<p>l30<\/p>\n","protected":false},"excerpt":{"rendered":"<p>El d\u00fao\u00a0brindar\u00e1 dos shows en vivo , el\u00a0S\u00e1bado 13\/2\u00a0en\u00a0Sierra de la Ventana y el\u00a0Domingo 14\/2\u00a0en\u00a0 Villa Ventana<\/p>\n","protected":false},"author":3,"featured_media":0,"comment_status":"closed","ping_status":"open","sticky":false,"template":"","format":"standard","meta":{"footnotes":""},"categories":[35],"tags":[],"class_list":["post-52364","post","type-post","status-publish","format-standard","hentry","category-cultura"],"yoast_head":"<!-- This site is optimized with the Yoast SEO plugin v25.9 - https:\/\/yoast.com\/wordpress\/plugins\/seo\/ -->\n<title>Abi Gonzalez y Violeta Videla por primera vez en la comarca - Noticias Radio Reflejos<\/title>\n<meta name=\"robots\" content=\"index, follow, max-snippet:-1, max-image-preview:large, max-video-preview:-1\" \/>\n<link rel=\"canonical\" href=\"https:\/\/www.noticiasradioreflejos.com.ar\/2021\/abi-gonzalez-y-violeta-videla-por-primera-vez-en-la-comarca\/\" \/>\n<meta property=\"og:locale\" content=\"es_ES\" \/>\n<meta property=\"og:type\" content=\"article\" \/>\n<meta property=\"og:title\" content=\"Abi Gonzalez y Violeta Videla por primera vez en la comarca - Noticias Radio Reflejos\" \/>\n<meta property=\"og:description\" content=\"El d\u00fao\u00a0brindar\u00e1 dos shows en vivo , el\u00a0S\u00e1bado 13\/2\u00a0en\u00a0Sierra de la Ventana y el\u00a0Domingo 14\/2\u00a0en\u00a0 Villa Ventana\" \/>\n<meta property=\"og:url\" content=\"https:\/\/www.noticiasradioreflejos.com.ar\/2021\/abi-gonzalez-y-violeta-videla-por-primera-vez-en-la-comarca\/\" \/>\n<meta property=\"og:site_name\" content=\"Noticias Radio Reflejos\" \/>\n<meta property=\"article:published_time\" content=\"2021-02-10T20:41:30+00:00\" \/>\n<meta property=\"og:image\" content=\"https:\/\/www.noticiasradioreflejos.com.ar\/2021\/wp-content\/uploads\/2021\/07\/logosol300x200.png\" \/>\n\t<meta property=\"og:image:width\" content=\"300\" \/>\n\t<meta property=\"og:image:height\" content=\"200\" \/>\n\t<meta property=\"og:image:type\" content=\"image\/png\" \/>\n<meta name=\"author\" content=\"Arnaldo Botto\" \/>\n<meta name=\"twitter:card\" content=\"summary_large_image\" \/>\n<script type=\"application\/ld+json\" class=\"yoast-schema-graph\">{\"@context\":\"https:\/\/schema.org\",\"@graph\":[{\"@type\":\"WebPage\",\"@id\":\"https:\/\/www.noticiasradioreflejos.com.ar\/2021\/abi-gonzalez-y-violeta-videla-por-primera-vez-en-la-comarca\/\",\"url\":\"https:\/\/www.noticiasradioreflejos.com.ar\/2021\/abi-gonzalez-y-violeta-videla-por-primera-vez-en-la-comarca\/\",\"name\":\"Abi Gonzalez y Violeta Videla por primera vez en la comarca - Noticias Radio Reflejos\",\"isPartOf\":{\"@id\":\"https:\/\/www.noticiasradioreflejos.com.ar\/2021\/#website\"},\"datePublished\":\"2021-02-10T20:41:30+00:00\",\"author\":{\"@id\":\"https:\/\/www.noticiasradioreflejos.com.ar\/2021\/#\/schema\/person\/ad82545263dcc5ec0996818884fd5fb1\"},\"breadcrumb\":{\"@id\":\"https:\/\/www.noticiasradioreflejos.com.ar\/2021\/abi-gonzalez-y-violeta-videla-por-primera-vez-en-la-comarca\/#breadcrumb\"},\"inLanguage\":\"es\",\"potentialAction\":[{\"@type\":\"ReadAction\",\"target\":[\"https:\/\/www.noticiasradioreflejos.com.ar\/2021\/abi-gonzalez-y-violeta-videla-por-primera-vez-en-la-comarca\/\"]}]},{\"@type\":\"BreadcrumbList\",\"@id\":\"https:\/\/www.noticiasradioreflejos.com.ar\/2021\/abi-gonzalez-y-violeta-videla-por-primera-vez-en-la-comarca\/#breadcrumb\",\"itemListElement\":[{\"@type\":\"ListItem\",\"position\":1,\"name\":\"Portada\",\"item\":\"https:\/\/www.noticiasradioreflejos.com.ar\/2021\/\"},{\"@type\":\"ListItem\",\"position\":2,\"name\":\"Abi Gonzalez y Violeta Videla por primera vez en la comarca\"}]},{\"@type\":\"WebSite\",\"@id\":\"https:\/\/www.noticiasradioreflejos.com.ar\/2021\/#website\",\"url\":\"https:\/\/www.noticiasradioreflejos.com.ar\/2021\/\",\"name\":\"Noticias Radio Reflejos\",\"description\":\"Las noticias de mi comarca\",\"potentialAction\":[{\"@type\":\"SearchAction\",\"target\":{\"@type\":\"EntryPoint\",\"urlTemplate\":\"https:\/\/www.noticiasradioreflejos.com.ar\/2021\/?s={search_term_string}\"},\"query-input\":{\"@type\":\"PropertyValueSpecification\",\"valueRequired\":true,\"valueName\":\"search_term_string\"}}],\"inLanguage\":\"es\"},{\"@type\":\"Person\",\"@id\":\"https:\/\/www.noticiasradioreflejos.com.ar\/2021\/#\/schema\/person\/ad82545263dcc5ec0996818884fd5fb1\",\"name\":\"Arnaldo Botto\",\"image\":{\"@type\":\"ImageObject\",\"inLanguage\":\"es\",\"@id\":\"https:\/\/www.noticiasradioreflejos.com.ar\/2021\/#\/schema\/person\/image\/\",\"url\":\"https:\/\/secure.gravatar.com\/avatar\/55cb5e37c1efa326397366e6974cb338056df65cb50e7d64d1cf314e87504837?s=96&d=mm&r=g\",\"contentUrl\":\"https:\/\/secure.gravatar.com\/avatar\/55cb5e37c1efa326397366e6974cb338056df65cb50e7d64d1cf314e87504837?s=96&d=mm&r=g\",\"caption\":\"Arnaldo Botto\"},\"url\":\"https:\/\/www.noticiasradioreflejos.com.ar\/2021\/author\/arnaldo\/\"}]}<\/script>\n<!-- \/ Yoast SEO plugin. -->","yoast_head_json":{"title":"Abi Gonzalez y Violeta Videla por primera vez en la comarca - Noticias Radio Reflejos","robots":{"index":"index","follow":"follow","max-snippet":"max-snippet:-1","max-image-preview":"max-image-preview:large","max-video-preview":"max-video-preview:-1"},"canonical":"https:\/\/www.noticiasradioreflejos.com.ar\/2021\/abi-gonzalez-y-violeta-videla-por-primera-vez-en-la-comarca\/","og_locale":"es_ES","og_type":"article","og_title":"Abi Gonzalez y Violeta Videla por primera vez en la comarca - Noticias Radio Reflejos","og_description":"El d\u00fao\u00a0brindar\u00e1 dos shows en vivo , el\u00a0S\u00e1bado 13\/2\u00a0en\u00a0Sierra de la Ventana y el\u00a0Domingo 14\/2\u00a0en\u00a0 Villa Ventana","og_url":"https:\/\/www.noticiasradioreflejos.com.ar\/2021\/abi-gonzalez-y-violeta-videla-por-primera-vez-en-la-comarca\/","og_site_name":"Noticias Radio Reflejos","article_published_time":"2021-02-10T20:41:30+00:00","og_image":[{"width":300,"height":200,"url":"https:\/\/www.noticiasradioreflejos.com.ar\/2021\/wp-content\/uploads\/2021\/07\/logosol300x200.png","type":"image\/png"}],"author":"Arnaldo Botto","twitter_card":"summary_large_image","schema":{"@context":"https:\/\/schema.org","@graph":[{"@type":"WebPage","@id":"https:\/\/www.noticiasradioreflejos.com.ar\/2021\/abi-gonzalez-y-violeta-videla-por-primera-vez-en-la-comarca\/","url":"https:\/\/www.noticiasradioreflejos.com.ar\/2021\/abi-gonzalez-y-violeta-videla-por-primera-vez-en-la-comarca\/","name":"Abi Gonzalez y Violeta Videla por primera vez en la comarca - Noticias Radio Reflejos","isPartOf":{"@id":"https:\/\/www.noticiasradioreflejos.com.ar\/2021\/#website"},"datePublished":"2021-02-10T20:41:30+00:00","author":{"@id":"https:\/\/www.noticiasradioreflejos.com.ar\/2021\/#\/schema\/person\/ad82545263dcc5ec0996818884fd5fb1"},"breadcrumb":{"@id":"https:\/\/www.noticiasradioreflejos.com.ar\/2021\/abi-gonzalez-y-violeta-videla-por-primera-vez-en-la-comarca\/#breadcrumb"},"inLanguage":"es","potentialAction":[{"@type":"ReadAction","target":["https:\/\/www.noticiasradioreflejos.com.ar\/2021\/abi-gonzalez-y-violeta-videla-por-primera-vez-en-la-comarca\/"]}]},{"@type":"BreadcrumbList","@id":"https:\/\/www.noticiasradioreflejos.com.ar\/2021\/abi-gonzalez-y-violeta-videla-por-primera-vez-en-la-comarca\/#breadcrumb","itemListElement":[{"@type":"ListItem","position":1,"name":"Portada","item":"https:\/\/www.noticiasradioreflejos.com.ar\/2021\/"},{"@type":"ListItem","position":2,"name":"Abi Gonzalez y Violeta Videla por primera vez en la comarca"}]},{"@type":"WebSite","@id":"https:\/\/www.noticiasradioreflejos.com.ar\/2021\/#website","url":"https:\/\/www.noticiasradioreflejos.com.ar\/2021\/","name":"Noticias Radio Reflejos","description":"Las noticias de mi comarca","potentialAction":[{"@type":"SearchAction","target":{"@type":"EntryPoint","urlTemplate":"https:\/\/www.noticiasradioreflejos.com.ar\/2021\/?s={search_term_string}"},"query-input":{"@type":"PropertyValueSpecification","valueRequired":true,"valueName":"search_term_string"}}],"inLanguage":"es"},{"@type":"Person","@id":"https:\/\/www.noticiasradioreflejos.com.ar\/2021\/#\/schema\/person\/ad82545263dcc5ec0996818884fd5fb1","name":"Arnaldo Botto","image":{"@type":"ImageObject","inLanguage":"es","@id":"https:\/\/www.noticiasradioreflejos.com.ar\/2021\/#\/schema\/person\/image\/","url":"https:\/\/secure.gravatar.com\/avatar\/55cb5e37c1efa326397366e6974cb338056df65cb50e7d64d1cf314e87504837?s=96&d=mm&r=g","contentUrl":"https:\/\/secure.gravatar.com\/avatar\/55cb5e37c1efa326397366e6974cb338056df65cb50e7d64d1cf314e87504837?s=96&d=mm&r=g","caption":"Arnaldo Botto"},"url":"https:\/\/www.noticiasradioreflejos.com.ar\/2021\/author\/arnaldo\/"}]}},"_links":{"self":[{"href":"https:\/\/www.noticiasradioreflejos.com.ar\/2021\/wp-json\/wp\/v2\/posts\/52364","targetHints":{"allow":["GET"]}}],"collection":[{"href":"https:\/\/www.noticiasradioreflejos.com.ar\/2021\/wp-json\/wp\/v2\/posts"}],"about":[{"href":"https:\/\/www.noticiasradioreflejos.com.ar\/2021\/wp-json\/wp\/v2\/types\/post"}],"author":[{"embeddable":true,"href":"https:\/\/www.noticiasradioreflejos.com.ar\/2021\/wp-json\/wp\/v2\/users\/3"}],"replies":[{"embeddable":true,"href":"https:\/\/www.noticiasradioreflejos.com.ar\/2021\/wp-json\/wp\/v2\/comments?post=52364"}],"version-history":[{"count":0,"href":"https:\/\/www.noticiasradioreflejos.com.ar\/2021\/wp-json\/wp\/v2\/posts\/52364\/revisions"}],"wp:attachment":[{"href":"https:\/\/www.noticiasradioreflejos.com.ar\/2021\/wp-json\/wp\/v2\/media?parent=52364"}],"wp:term":[{"taxonomy":"category","embeddable":true,"href":"https:\/\/www.noticiasradioreflejos.com.ar\/2021\/wp-json\/wp\/v2\/categories?post=52364"},{"taxonomy":"post_tag","embeddable":true,"href":"https:\/\/www.noticiasradioreflejos.com.ar\/2021\/wp-json\/wp\/v2\/tags?post=52364"}],"curies":[{"name":"wp","href":"https:\/\/api.w.org\/{rel}","templated":true}]}}