{"id":52355,"date":"2021-02-10T17:24:58","date_gmt":"2021-02-10T20:24:58","guid":{"rendered":"http:\/\/www.noticiasradioreflejos.com.ar\/noticias\/?p=52355"},"modified":"2021-02-10T17:24:58","modified_gmt":"2021-02-10T20:24:58","slug":"un-menu-de-7-pasos-arrancando-por-unas-vieiras-en-humita-o-unos-chorizos-cocinados-con-caramelo-de-sidra-y-vegetales-las-propuestas-de-les-amis-cocina","status":"publish","type":"post","link":"https:\/\/www.noticiasradioreflejos.com.ar\/2021\/un-menu-de-7-pasos-arrancando-por-unas-vieiras-en-humita-o-unos-chorizos-cocinados-con-caramelo-de-sidra-y-vegetales-las-propuestas-de-les-amis-cocina\/","title":{"rendered":"Un men\u00fa de 7 pasos, arrancando por unas vieiras en humita o unos chorizos cocinados con caramelo de sidra y vegetales. Las propuestas de Les Amis Cocina"},"content":{"rendered":"<p>El reconocido chef <strong>Esteban Di Paola<\/strong> hace un balance de su mes de Enero en su restaurante puertas adentro <span style=\"color: #800080;\"><strong>\u00abLes Amis\u00bb<\/strong><\/span> y nos presenta el men\u00fa pensado para el mes de Febrero.<!--more--><\/p>\n<p><a title=\"143269184_10221911129758890_4367549471766951467_n\" href=\"http:\/\/live.staticflickr.com\/65535\/50930519347_0b5bd47d09_s.jpg\" rel=\"\"><img loading=\"lazy\" decoding=\"async\" class=\"aligncenter\" title=\"143269184_10221911129758890_4367549471766951467_n\" src=\"http:\/\/live.staticflickr.com\/65535\/50930519347_0b5bd47d09_c.jpg\" alt=\"143269184_10221911129758890_4367549471766951467_n\" width=\"633\" height=\"800\" \/><\/a><\/p>\n<p>\u00abRealmente estamos muy sorprendidos, no s\u00f3lo en Les Amis sino a nivel pueblo. Realmente un mes muy pr\u00f3spero\u00bb se refiri\u00f3 a su primer mes de trabajo durante la temporada de verano 20-21. \u00abCreo que salimos favorecidos y lo estamos aprovechando\u00bb expres\u00f3.<\/p>\n<p>Esteban mencion\u00f3 que, aparentemente, el mes de Febrero dar\u00eda los mismos buenos indicadores de que la comarca va a continuar con muchas visitas de turistas. Para el mes de Febrero Esteban presenta un nuevo men\u00fa con el que deleitar\u00e1 a sus comensales en Les Amis, especialmente pensado para el D\u00eda de los Enamorados.<\/p>\n<p><a title=\"144362017_10221911131518934_404655227737021829_n\" href=\"http:\/\/live.staticflickr.com\/65535\/50930519467_48ec0bd561_s.jpg\" rel=\"\"><img loading=\"lazy\" decoding=\"async\" class=\"aligncenter\" title=\"144362017_10221911131518934_404655227737021829_n\" src=\"http:\/\/live.staticflickr.com\/65535\/50930519467_48ec0bd561_c.jpg\" alt=\"144362017_10221911131518934_404655227737021829_n\" width=\"600\" height=\"800\" \/><\/a><\/p>\n<p>El nuevo men\u00fa cuenta con mariscos, carnes y sorpresas. El men\u00fa tiene 7 pasos, arrancando por unas vieiras, una receta tradicional salte\u00f1a o unos chorizos cocinados con caramelo de sidra y vegetales. Esas son las dos opciones de entrada que ofrece el restaurante. Esteban coment\u00f3 que entre plato y plato se ofrece un \u00ablimpiapaladar\u00bb, un fresco trago sin alcohol que tiene como funci\u00f3n reacomodar el paladar para recibir nuevos sabores.<\/p>\n<p><a title=\"143855324_10221911129398881_8173741383758758364_n\" href=\"http:\/\/live.staticflickr.com\/65535\/50930519417_6e679d2abc_s.jpg\" rel=\"\"><img loading=\"lazy\" decoding=\"async\" class=\"aligncenter\" title=\"143855324_10221911129398881_8173741383758758364_n\" src=\"http:\/\/live.staticflickr.com\/65535\/50930519417_6e679d2abc_c.jpg\" alt=\"143855324_10221911129398881_8173741383758758364_n\" width=\"695\" height=\"800\" \/><\/a><\/p>\n<p>Esteban menciona que cada comentario que le realizan sus clientes a \u00e9l le sirve para filtrar el men\u00fa y saber cu\u00e1les son los platos que mejor funcionan. \u00abYa est\u00e1 estudiado previamente. Cuando yo propongo un plato para este men\u00fa de pasos, ya est\u00e1 comprobado que es un plato que funciona, que va bien, son platos cuidados\u00bb explic\u00f3.<\/p>\n<p>El chef inform\u00f3 que posiblemente en alg\u00fan futuro cercano repitan alguna noche especial de sushi, ya que entre sus clientes hay muchos aficionados al plato japon\u00e9s.<\/p>\n<p>Nota completa a continuaci\u00f3n:<br \/>\n<iframe loading=\"lazy\" src=\"https:\/\/w.soundcloud.com\/player\/?url=https%3A\/\/api.soundcloud.com\/tracks\/982757965&amp;color=%23ff5500&amp;auto_play=false&amp;hide_related=false&amp;show_comments=true&amp;show_user=true&amp;show_reposts=false&amp;show_teaser=true\" width=\"100%\" height=\"166\" frameborder=\"no\" scrolling=\"no\"><\/iframe><\/p>\n<div style=\"font-size: 10px; color: #cccccc; line-break: anywhere; word-break: normal; overflow: hidden; white-space: nowrap; text-overflow: ellipsis; font-family: Interstate,Lucida Grande,Lucida Sans Unicode,Lucida Sans,Garuda,Verdana,Tahoma,sans-serif; font-weight: 100;\"><a style=\"color: #cccccc; text-decoration: none;\" title=\"fmreflejos 103.7\" href=\"https:\/\/soundcloud.com\/fmreflejos-103-7\" target=\"_blank\" rel=\"noopener\">fmreflejos 103.7<\/a> \u00b7 <a style=\"color: #cccccc; text-decoration: none;\" title=\"Di Paola Men\u00f9 Febrero\" href=\"https:\/\/soundcloud.com\/fmreflejos-103-7\/di-paola-menu-febrero\" target=\"_blank\" rel=\"noopener\">Di Paola Men\u00f9 Febrero<\/a><\/div>\n<div style=\"font-size: 10px; color: #cccccc; line-break: anywhere; word-break: normal; overflow: hidden; white-space: nowrap; text-overflow: ellipsis; font-family: Interstate,Lucida Grande,Lucida Sans Unicode,Lucida Sans,Garuda,Verdana,Tahoma,sans-serif; font-weight: 100;\"><\/div>\n<div style=\"font-size: 10px; color: #cccccc; line-break: anywhere; word-break: normal; overflow: hidden; white-space: nowrap; text-overflow: ellipsis; font-family: Interstate,Lucida Grande,Lucida Sans Unicode,Lucida Sans,Garuda,Verdana,Tahoma,sans-serif; font-weight: 100;\"><a title=\"532789_3986812831050_713804996_n\" href=\"http:\/\/live.staticflickr.com\/65535\/50930519282_6395fdcded_s.jpg\" rel=\"\"><img loading=\"lazy\" decoding=\"async\" class=\"aligncenter\" title=\"532789_3986812831050_713804996_n\" src=\"http:\/\/live.staticflickr.com\/65535\/50930519282_6395fdcded_c.jpg\" alt=\"532789_3986812831050_713804996_n\" width=\"800\" height=\"600\" \/><\/a><\/div>\n","protected":false},"excerpt":{"rendered":"<p>El reconocido chef Esteban Di Paola hace un balance de su mes de Enero en su restaurante puertas adentro \u00abLes Amis\u00bb y nos presenta el men\u00fa pensado para el mes de Febrero.<\/p>\n","protected":false},"author":3,"featured_media":0,"comment_status":"closed","ping_status":"open","sticky":false,"template":"","format":"standard","meta":{"footnotes":""},"categories":[26,33],"tags":[],"class_list":["post-52355","post","type-post","status-publish","format-standard","hentry","category-sociedad","category-turismo"],"yoast_head":"<!-- This site is optimized with the Yoast SEO plugin v25.9 - https:\/\/yoast.com\/wordpress\/plugins\/seo\/ -->\n<title>Un men\u00fa de 7 pasos, arrancando por unas vieiras en humita o unos chorizos cocinados con caramelo de sidra y vegetales. Las propuestas de Les Amis Cocina - Noticias Radio Reflejos<\/title>\n<meta name=\"robots\" content=\"index, follow, max-snippet:-1, max-image-preview:large, max-video-preview:-1\" \/>\n<link rel=\"canonical\" href=\"https:\/\/www.noticiasradioreflejos.com.ar\/2021\/un-menu-de-7-pasos-arrancando-por-unas-vieiras-en-humita-o-unos-chorizos-cocinados-con-caramelo-de-sidra-y-vegetales-las-propuestas-de-les-amis-cocina\/\" \/>\n<meta property=\"og:locale\" content=\"es_ES\" \/>\n<meta property=\"og:type\" content=\"article\" \/>\n<meta property=\"og:title\" content=\"Un men\u00fa de 7 pasos, arrancando por unas vieiras en humita o unos chorizos cocinados con caramelo de sidra y vegetales. Las propuestas de Les Amis Cocina - Noticias Radio Reflejos\" \/>\n<meta property=\"og:description\" content=\"El reconocido chef Esteban Di Paola hace un balance de su mes de Enero en su restaurante puertas adentro \u00abLes Amis\u00bb y nos presenta el men\u00fa pensado para el mes de Febrero.\" \/>\n<meta property=\"og:url\" content=\"https:\/\/www.noticiasradioreflejos.com.ar\/2021\/un-menu-de-7-pasos-arrancando-por-unas-vieiras-en-humita-o-unos-chorizos-cocinados-con-caramelo-de-sidra-y-vegetales-las-propuestas-de-les-amis-cocina\/\" \/>\n<meta property=\"og:site_name\" content=\"Noticias Radio Reflejos\" \/>\n<meta property=\"article:published_time\" content=\"2021-02-10T20:24:58+00:00\" \/>\n<meta property=\"og:image\" content=\"http:\/\/live.staticflickr.com\/65535\/50930519347_0b5bd47d09_c.jpg\" \/>\n<meta name=\"author\" content=\"Arnaldo Botto\" \/>\n<meta name=\"twitter:card\" content=\"summary_large_image\" \/>\n<script type=\"application\/ld+json\" class=\"yoast-schema-graph\">{\"@context\":\"https:\/\/schema.org\",\"@graph\":[{\"@type\":\"WebPage\",\"@id\":\"https:\/\/www.noticiasradioreflejos.com.ar\/2021\/un-menu-de-7-pasos-arrancando-por-unas-vieiras-en-humita-o-unos-chorizos-cocinados-con-caramelo-de-sidra-y-vegetales-las-propuestas-de-les-amis-cocina\/\",\"url\":\"https:\/\/www.noticiasradioreflejos.com.ar\/2021\/un-menu-de-7-pasos-arrancando-por-unas-vieiras-en-humita-o-unos-chorizos-cocinados-con-caramelo-de-sidra-y-vegetales-las-propuestas-de-les-amis-cocina\/\",\"name\":\"Un men\u00fa de 7 pasos, arrancando por unas vieiras en humita o unos chorizos cocinados con caramelo de sidra y vegetales. Las propuestas de Les Amis Cocina - Noticias Radio Reflejos\",\"isPartOf\":{\"@id\":\"https:\/\/www.noticiasradioreflejos.com.ar\/2021\/#website\"},\"primaryImageOfPage\":{\"@id\":\"https:\/\/www.noticiasradioreflejos.com.ar\/2021\/un-menu-de-7-pasos-arrancando-por-unas-vieiras-en-humita-o-unos-chorizos-cocinados-con-caramelo-de-sidra-y-vegetales-las-propuestas-de-les-amis-cocina\/#primaryimage\"},\"image\":{\"@id\":\"https:\/\/www.noticiasradioreflejos.com.ar\/2021\/un-menu-de-7-pasos-arrancando-por-unas-vieiras-en-humita-o-unos-chorizos-cocinados-con-caramelo-de-sidra-y-vegetales-las-propuestas-de-les-amis-cocina\/#primaryimage\"},\"thumbnailUrl\":\"http:\/\/live.staticflickr.com\/65535\/50930519347_0b5bd47d09_c.jpg\",\"datePublished\":\"2021-02-10T20:24:58+00:00\",\"author\":{\"@id\":\"https:\/\/www.noticiasradioreflejos.com.ar\/2021\/#\/schema\/person\/ad82545263dcc5ec0996818884fd5fb1\"},\"breadcrumb\":{\"@id\":\"https:\/\/www.noticiasradioreflejos.com.ar\/2021\/un-menu-de-7-pasos-arrancando-por-unas-vieiras-en-humita-o-unos-chorizos-cocinados-con-caramelo-de-sidra-y-vegetales-las-propuestas-de-les-amis-cocina\/#breadcrumb\"},\"inLanguage\":\"es\",\"potentialAction\":[{\"@type\":\"ReadAction\",\"target\":[\"https:\/\/www.noticiasradioreflejos.com.ar\/2021\/un-menu-de-7-pasos-arrancando-por-unas-vieiras-en-humita-o-unos-chorizos-cocinados-con-caramelo-de-sidra-y-vegetales-las-propuestas-de-les-amis-cocina\/\"]}]},{\"@type\":\"ImageObject\",\"inLanguage\":\"es\",\"@id\":\"https:\/\/www.noticiasradioreflejos.com.ar\/2021\/un-menu-de-7-pasos-arrancando-por-unas-vieiras-en-humita-o-unos-chorizos-cocinados-con-caramelo-de-sidra-y-vegetales-las-propuestas-de-les-amis-cocina\/#primaryimage\",\"url\":\"http:\/\/live.staticflickr.com\/65535\/50930519347_0b5bd47d09_c.jpg\",\"contentUrl\":\"http:\/\/live.staticflickr.com\/65535\/50930519347_0b5bd47d09_c.jpg\"},{\"@type\":\"BreadcrumbList\",\"@id\":\"https:\/\/www.noticiasradioreflejos.com.ar\/2021\/un-menu-de-7-pasos-arrancando-por-unas-vieiras-en-humita-o-unos-chorizos-cocinados-con-caramelo-de-sidra-y-vegetales-las-propuestas-de-les-amis-cocina\/#breadcrumb\",\"itemListElement\":[{\"@type\":\"ListItem\",\"position\":1,\"name\":\"Portada\",\"item\":\"https:\/\/www.noticiasradioreflejos.com.ar\/2021\/\"},{\"@type\":\"ListItem\",\"position\":2,\"name\":\"Un men\u00fa de 7 pasos, arrancando por unas vieiras en humita o unos chorizos cocinados con caramelo de sidra y vegetales. Las propuestas de Les Amis Cocina\"}]},{\"@type\":\"WebSite\",\"@id\":\"https:\/\/www.noticiasradioreflejos.com.ar\/2021\/#website\",\"url\":\"https:\/\/www.noticiasradioreflejos.com.ar\/2021\/\",\"name\":\"Noticias Radio Reflejos\",\"description\":\"Las noticias de mi comarca\",\"potentialAction\":[{\"@type\":\"SearchAction\",\"target\":{\"@type\":\"EntryPoint\",\"urlTemplate\":\"https:\/\/www.noticiasradioreflejos.com.ar\/2021\/?s={search_term_string}\"},\"query-input\":{\"@type\":\"PropertyValueSpecification\",\"valueRequired\":true,\"valueName\":\"search_term_string\"}}],\"inLanguage\":\"es\"},{\"@type\":\"Person\",\"@id\":\"https:\/\/www.noticiasradioreflejos.com.ar\/2021\/#\/schema\/person\/ad82545263dcc5ec0996818884fd5fb1\",\"name\":\"Arnaldo Botto\",\"image\":{\"@type\":\"ImageObject\",\"inLanguage\":\"es\",\"@id\":\"https:\/\/www.noticiasradioreflejos.com.ar\/2021\/#\/schema\/person\/image\/\",\"url\":\"https:\/\/secure.gravatar.com\/avatar\/55cb5e37c1efa326397366e6974cb338056df65cb50e7d64d1cf314e87504837?s=96&d=mm&r=g\",\"contentUrl\":\"https:\/\/secure.gravatar.com\/avatar\/55cb5e37c1efa326397366e6974cb338056df65cb50e7d64d1cf314e87504837?s=96&d=mm&r=g\",\"caption\":\"Arnaldo Botto\"},\"url\":\"https:\/\/www.noticiasradioreflejos.com.ar\/2021\/author\/arnaldo\/\"}]}<\/script>\n<!-- \/ Yoast SEO plugin. -->","yoast_head_json":{"title":"Un men\u00fa de 7 pasos, arrancando por unas vieiras en humita o unos chorizos cocinados con caramelo de sidra y vegetales. Las propuestas de Les Amis Cocina - Noticias Radio Reflejos","robots":{"index":"index","follow":"follow","max-snippet":"max-snippet:-1","max-image-preview":"max-image-preview:large","max-video-preview":"max-video-preview:-1"},"canonical":"https:\/\/www.noticiasradioreflejos.com.ar\/2021\/un-menu-de-7-pasos-arrancando-por-unas-vieiras-en-humita-o-unos-chorizos-cocinados-con-caramelo-de-sidra-y-vegetales-las-propuestas-de-les-amis-cocina\/","og_locale":"es_ES","og_type":"article","og_title":"Un men\u00fa de 7 pasos, arrancando por unas vieiras en humita o unos chorizos cocinados con caramelo de sidra y vegetales. Las propuestas de Les Amis Cocina - Noticias Radio Reflejos","og_description":"El reconocido chef Esteban Di Paola hace un balance de su mes de Enero en su restaurante puertas adentro \u00abLes Amis\u00bb y nos presenta el men\u00fa pensado para el mes de Febrero.","og_url":"https:\/\/www.noticiasradioreflejos.com.ar\/2021\/un-menu-de-7-pasos-arrancando-por-unas-vieiras-en-humita-o-unos-chorizos-cocinados-con-caramelo-de-sidra-y-vegetales-las-propuestas-de-les-amis-cocina\/","og_site_name":"Noticias Radio Reflejos","article_published_time":"2021-02-10T20:24:58+00:00","og_image":[{"url":"http:\/\/live.staticflickr.com\/65535\/50930519347_0b5bd47d09_c.jpg","type":"","width":"","height":""}],"author":"Arnaldo Botto","twitter_card":"summary_large_image","schema":{"@context":"https:\/\/schema.org","@graph":[{"@type":"WebPage","@id":"https:\/\/www.noticiasradioreflejos.com.ar\/2021\/un-menu-de-7-pasos-arrancando-por-unas-vieiras-en-humita-o-unos-chorizos-cocinados-con-caramelo-de-sidra-y-vegetales-las-propuestas-de-les-amis-cocina\/","url":"https:\/\/www.noticiasradioreflejos.com.ar\/2021\/un-menu-de-7-pasos-arrancando-por-unas-vieiras-en-humita-o-unos-chorizos-cocinados-con-caramelo-de-sidra-y-vegetales-las-propuestas-de-les-amis-cocina\/","name":"Un men\u00fa de 7 pasos, arrancando por unas vieiras en humita o unos chorizos cocinados con caramelo de sidra y vegetales. Las propuestas de Les Amis Cocina - Noticias Radio Reflejos","isPartOf":{"@id":"https:\/\/www.noticiasradioreflejos.com.ar\/2021\/#website"},"primaryImageOfPage":{"@id":"https:\/\/www.noticiasradioreflejos.com.ar\/2021\/un-menu-de-7-pasos-arrancando-por-unas-vieiras-en-humita-o-unos-chorizos-cocinados-con-caramelo-de-sidra-y-vegetales-las-propuestas-de-les-amis-cocina\/#primaryimage"},"image":{"@id":"https:\/\/www.noticiasradioreflejos.com.ar\/2021\/un-menu-de-7-pasos-arrancando-por-unas-vieiras-en-humita-o-unos-chorizos-cocinados-con-caramelo-de-sidra-y-vegetales-las-propuestas-de-les-amis-cocina\/#primaryimage"},"thumbnailUrl":"http:\/\/live.staticflickr.com\/65535\/50930519347_0b5bd47d09_c.jpg","datePublished":"2021-02-10T20:24:58+00:00","author":{"@id":"https:\/\/www.noticiasradioreflejos.com.ar\/2021\/#\/schema\/person\/ad82545263dcc5ec0996818884fd5fb1"},"breadcrumb":{"@id":"https:\/\/www.noticiasradioreflejos.com.ar\/2021\/un-menu-de-7-pasos-arrancando-por-unas-vieiras-en-humita-o-unos-chorizos-cocinados-con-caramelo-de-sidra-y-vegetales-las-propuestas-de-les-amis-cocina\/#breadcrumb"},"inLanguage":"es","potentialAction":[{"@type":"ReadAction","target":["https:\/\/www.noticiasradioreflejos.com.ar\/2021\/un-menu-de-7-pasos-arrancando-por-unas-vieiras-en-humita-o-unos-chorizos-cocinados-con-caramelo-de-sidra-y-vegetales-las-propuestas-de-les-amis-cocina\/"]}]},{"@type":"ImageObject","inLanguage":"es","@id":"https:\/\/www.noticiasradioreflejos.com.ar\/2021\/un-menu-de-7-pasos-arrancando-por-unas-vieiras-en-humita-o-unos-chorizos-cocinados-con-caramelo-de-sidra-y-vegetales-las-propuestas-de-les-amis-cocina\/#primaryimage","url":"http:\/\/live.staticflickr.com\/65535\/50930519347_0b5bd47d09_c.jpg","contentUrl":"http:\/\/live.staticflickr.com\/65535\/50930519347_0b5bd47d09_c.jpg"},{"@type":"BreadcrumbList","@id":"https:\/\/www.noticiasradioreflejos.com.ar\/2021\/un-menu-de-7-pasos-arrancando-por-unas-vieiras-en-humita-o-unos-chorizos-cocinados-con-caramelo-de-sidra-y-vegetales-las-propuestas-de-les-amis-cocina\/#breadcrumb","itemListElement":[{"@type":"ListItem","position":1,"name":"Portada","item":"https:\/\/www.noticiasradioreflejos.com.ar\/2021\/"},{"@type":"ListItem","position":2,"name":"Un men\u00fa de 7 pasos, arrancando por unas vieiras en humita o unos chorizos cocinados con caramelo de sidra y vegetales. Las propuestas de Les Amis Cocina"}]},{"@type":"WebSite","@id":"https:\/\/www.noticiasradioreflejos.com.ar\/2021\/#website","url":"https:\/\/www.noticiasradioreflejos.com.ar\/2021\/","name":"Noticias Radio Reflejos","description":"Las noticias de mi comarca","potentialAction":[{"@type":"SearchAction","target":{"@type":"EntryPoint","urlTemplate":"https:\/\/www.noticiasradioreflejos.com.ar\/2021\/?s={search_term_string}"},"query-input":{"@type":"PropertyValueSpecification","valueRequired":true,"valueName":"search_term_string"}}],"inLanguage":"es"},{"@type":"Person","@id":"https:\/\/www.noticiasradioreflejos.com.ar\/2021\/#\/schema\/person\/ad82545263dcc5ec0996818884fd5fb1","name":"Arnaldo Botto","image":{"@type":"ImageObject","inLanguage":"es","@id":"https:\/\/www.noticiasradioreflejos.com.ar\/2021\/#\/schema\/person\/image\/","url":"https:\/\/secure.gravatar.com\/avatar\/55cb5e37c1efa326397366e6974cb338056df65cb50e7d64d1cf314e87504837?s=96&d=mm&r=g","contentUrl":"https:\/\/secure.gravatar.com\/avatar\/55cb5e37c1efa326397366e6974cb338056df65cb50e7d64d1cf314e87504837?s=96&d=mm&r=g","caption":"Arnaldo Botto"},"url":"https:\/\/www.noticiasradioreflejos.com.ar\/2021\/author\/arnaldo\/"}]}},"_links":{"self":[{"href":"https:\/\/www.noticiasradioreflejos.com.ar\/2021\/wp-json\/wp\/v2\/posts\/52355","targetHints":{"allow":["GET"]}}],"collection":[{"href":"https:\/\/www.noticiasradioreflejos.com.ar\/2021\/wp-json\/wp\/v2\/posts"}],"about":[{"href":"https:\/\/www.noticiasradioreflejos.com.ar\/2021\/wp-json\/wp\/v2\/types\/post"}],"author":[{"embeddable":true,"href":"https:\/\/www.noticiasradioreflejos.com.ar\/2021\/wp-json\/wp\/v2\/users\/3"}],"replies":[{"embeddable":true,"href":"https:\/\/www.noticiasradioreflejos.com.ar\/2021\/wp-json\/wp\/v2\/comments?post=52355"}],"version-history":[{"count":0,"href":"https:\/\/www.noticiasradioreflejos.com.ar\/2021\/wp-json\/wp\/v2\/posts\/52355\/revisions"}],"wp:attachment":[{"href":"https:\/\/www.noticiasradioreflejos.com.ar\/2021\/wp-json\/wp\/v2\/media?parent=52355"}],"wp:term":[{"taxonomy":"category","embeddable":true,"href":"https:\/\/www.noticiasradioreflejos.com.ar\/2021\/wp-json\/wp\/v2\/categories?post=52355"},{"taxonomy":"post_tag","embeddable":true,"href":"https:\/\/www.noticiasradioreflejos.com.ar\/2021\/wp-json\/wp\/v2\/tags?post=52355"}],"curies":[{"name":"wp","href":"https:\/\/api.w.org\/{rel}","templated":true}]}}