{"id":52345,"date":"2021-02-10T15:47:39","date_gmt":"2021-02-10T18:47:39","guid":{"rendered":"http:\/\/www.noticiasradioreflejos.com.ar\/noticias\/?p=52345"},"modified":"2021-02-10T15:47:39","modified_gmt":"2021-02-10T18:47:39","slug":"no-lo-quisieron-atender-y-cayo-muerto-en-la-vereda-del-hospital-municipal-de-bahia-blanca","status":"publish","type":"post","link":"https:\/\/www.noticiasradioreflejos.com.ar\/2021\/no-lo-quisieron-atender-y-cayo-muerto-en-la-vereda-del-hospital-municipal-de-bahia-blanca\/","title":{"rendered":"No lo quisieron atender y cay\u00f3 muerto en la vereda del hospital Municipal de Bah\u00eda Blanca"},"content":{"rendered":"<p>Ariel N\u00fa\u00f1ez asegura que su t\u00edo lleg\u00f3 a la guardia del Municipal con dolor en el pecho. \u00abEn la ventanilla me dijeron que no hab\u00eda m\u00e9dico\u00bb, sostuvo.<!--more--><\/p>\n<div id=\"mvp-post-feat-img\" class=\"left relative mvp-post-feat-img-wide2\"><img loading=\"lazy\" decoding=\"async\" class=\"attachment- size- wp-post-image\" src=\"https:\/\/www.labrujula24.com\/wp-content\/uploads\/2020\/12\/htalmunicipal.jpg\" sizes=\"auto, (max-width: 1200px) 100vw, 1200px\" srcset=\"https:\/\/www.labrujula24.com\/wp-content\/uploads\/2020\/12\/htalmunicipal.jpg 1200w, https:\/\/www.labrujula24.com\/wp-content\/uploads\/2020\/12\/htalmunicipal-768x461.jpg 768w, https:\/\/www.labrujula24.com\/wp-content\/uploads\/2020\/12\/htalmunicipal-1000x600.jpg 1000w, https:\/\/www.labrujula24.com\/wp-content\/uploads\/2020\/12\/htalmunicipal-590x354.jpg 590w, https:\/\/www.labrujula24.com\/wp-content\/uploads\/2020\/12\/htalmunicipal-400x240.jpg 400w\" alt=\"\" width=\"1200\" height=\"720\" \/><\/div>\n<div id=\"mvp-content-wrap\" class=\"left relative\">\n<div class=\"mvp-post-soc-out right relative\">\n<div class=\"mvp-post-soc-in\">\n<div id=\"mvp-content-body\" class=\"left relative\">\n<div id=\"mvp-content-body-top\" class=\"left relative\">\n<div id=\"mvp-content-main\" class=\"left relative\">\n<div id=\"textbody\">\n<div class=\"code-block code-block-9\"><\/div>\n<div class=\"code-block code-block-2\"><\/div>\n<p>Ariel N\u00fa\u00f1ez no encuentra consuelo. Esta ma\u00f1ana denunci\u00f3 en\u00a0<strong>LA BR\u00daJULA 24<\/strong>\u00a0que ayer David Garrido &#8211;su t\u00edo&#8211; muri\u00f3 en la puerta del Hospital Municipal, donde no habr\u00eda recibido la urgente atenci\u00f3n que requer\u00eda el cuadro con el que hab\u00eda llegado.<\/p>\n<p><iframe loading=\"lazy\" src=\"https:\/\/w.soundcloud.com\/player\/?url=https%3A\/\/api.soundcloud.com\/tracks\/982742350&amp;color=%233597c6&amp;auto_play=false&amp;hide_related=false&amp;show_comments=true&amp;show_user=true&amp;show_reposts=false&amp;show_teaser=true\" width=\"100%\" height=\"166\" frameborder=\"no\" scrolling=\"no\"><\/iframe><\/p>\n<div><a title=\"La Br\u00fajula 24 FM 93.1\" href=\"https:\/\/soundcloud.com\/labrujula24\" target=\"_blank\" rel=\"noopener\">La Br\u00fajula 24 FM 93.1<\/a>\u00a0\u00b7\u00a0<a title=\"LB24 Escuch\u00e1 A Ariel N\u00fa\u00f1ez\" href=\"https:\/\/soundcloud.com\/labrujula24\/lb24-escucha-a-ariel-nunez\" target=\"_blank\" rel=\"noopener\">LB24 Escuch\u00e1 A Ariel N\u00fa\u00f1ez<\/a><\/div>\n<p>\u00abLleg\u00f3 a las 15:30 con un dolor en el pecho y le dijeron que no hab\u00eda m\u00e9dico. Lo iban a llevar al Espa\u00f1ol, sali\u00f3 caminando y se desvaneci\u00f3 a los 50 metros, m\u00e1s precisamente donde estacionan las ambulancias\u00bb, comenz\u00f3 N\u00fa\u00f1ez con su relato.<\/p>\n<div class=\"code-block code-block-11\"><\/div>\n<p>Y continu\u00f3, durante la entrevista que le realiz\u00f3 el periodista Germ\u00e1n Sasso: \u00abLa gente que estaba all\u00ed sali\u00f3 corriendo, lo levant\u00f3 como pudo, pate\u00f3 la puerta de la guardia y lo ubicaron en una camilla. Lo metieron para adentro sin permitir que ingrese un familiar y termin\u00f3 falleciendo\u00bb.<\/p>\n<p>Luego de aclarar que lleg\u00f3 minutos despu\u00e9s del deceso, el sobrino de Garrido agreg\u00f3 que \u00abLas chicas que te toman los datos dijeron que los profesionales estaban en otra emergencia. Cuando les dijimos que los \u00edbamos a denunciar, sali\u00f3 la m\u00e9dica y dijo que si ella sab\u00eda de la situaci\u00f3n lo habr\u00eda salvado\u00bb.<\/p>\n<div class=\"code-block code-block-1\"><\/div>\n<p>\u00abNo puede ser que la persona que est\u00e1 en la ventanilla sea la que eval\u00fae la urgencia. Es una locura, mi t\u00edo ten\u00eda 55 a\u00f1os, una persona laburadora. Esta gente no tiene un poquito de coraz\u00f3n. Era portero de escuela y ten\u00eda una quinta, incluso juntaba cart\u00f3n. Esto es un abandono de persona\u00bb, sostuvo en otro segmento de la entrevista radial.<\/p>\n<p>Y finaliz\u00f3, record\u00e1ndolo con visible dolor: \u00abSe levant\u00f3 a la ma\u00f1ana a vender cart\u00f3n, volvi\u00f3 a su casa con dolor de pecho y se muri\u00f3 en la puerta del hospital porque no lo atendieron. Esto hay que denunciarlo para que no le ocurra a otra gente. Te tienen tres o cuatro horas esperando, siempre pasa lo mismo\u00bb.<\/p>\n<\/div>\n<\/div>\n<\/div>\n<\/div>\n<\/div>\n<\/div>\n<\/div>\n","protected":false},"excerpt":{"rendered":"<p>Ariel N\u00fa\u00f1ez asegura que su t\u00edo lleg\u00f3 a la guardia del Municipal con dolor en el pecho. \u00abEn la ventanilla me dijeron que no hab\u00eda m\u00e9dico\u00bb, sostuvo.<\/p>\n","protected":false},"author":3,"featured_media":0,"comment_status":"closed","ping_status":"open","sticky":false,"template":"","format":"standard","meta":{"footnotes":""},"categories":[29,30],"tags":[],"class_list":["post-52345","post","type-post","status-publish","format-standard","hentry","category-policiales","category-salud"],"yoast_head":"<!-- This site is optimized with the Yoast SEO plugin v25.9 - https:\/\/yoast.com\/wordpress\/plugins\/seo\/ -->\n<title>No lo quisieron atender y cay\u00f3 muerto en la vereda del hospital Municipal de Bah\u00eda Blanca - Noticias Radio Reflejos<\/title>\n<meta name=\"robots\" content=\"index, follow, max-snippet:-1, max-image-preview:large, max-video-preview:-1\" \/>\n<link rel=\"canonical\" href=\"https:\/\/www.noticiasradioreflejos.com.ar\/2021\/no-lo-quisieron-atender-y-cayo-muerto-en-la-vereda-del-hospital-municipal-de-bahia-blanca\/\" \/>\n<meta property=\"og:locale\" content=\"es_ES\" \/>\n<meta property=\"og:type\" content=\"article\" \/>\n<meta property=\"og:title\" content=\"No lo quisieron atender y cay\u00f3 muerto en la vereda del hospital Municipal de Bah\u00eda Blanca - Noticias Radio Reflejos\" \/>\n<meta property=\"og:description\" content=\"Ariel N\u00fa\u00f1ez asegura que su t\u00edo lleg\u00f3 a la guardia del Municipal con dolor en el pecho. \u00abEn la ventanilla me dijeron que no hab\u00eda m\u00e9dico\u00bb, sostuvo.\" \/>\n<meta property=\"og:url\" content=\"https:\/\/www.noticiasradioreflejos.com.ar\/2021\/no-lo-quisieron-atender-y-cayo-muerto-en-la-vereda-del-hospital-municipal-de-bahia-blanca\/\" \/>\n<meta property=\"og:site_name\" content=\"Noticias Radio Reflejos\" \/>\n<meta property=\"article:published_time\" content=\"2021-02-10T18:47:39+00:00\" \/>\n<meta property=\"og:image\" content=\"https:\/\/www.labrujula24.com\/wp-content\/uploads\/2020\/12\/htalmunicipal.jpg\" \/>\n<meta name=\"author\" content=\"Arnaldo Botto\" \/>\n<meta name=\"twitter:card\" content=\"summary_large_image\" \/>\n<script type=\"application\/ld+json\" class=\"yoast-schema-graph\">{\"@context\":\"https:\/\/schema.org\",\"@graph\":[{\"@type\":\"WebPage\",\"@id\":\"https:\/\/www.noticiasradioreflejos.com.ar\/2021\/no-lo-quisieron-atender-y-cayo-muerto-en-la-vereda-del-hospital-municipal-de-bahia-blanca\/\",\"url\":\"https:\/\/www.noticiasradioreflejos.com.ar\/2021\/no-lo-quisieron-atender-y-cayo-muerto-en-la-vereda-del-hospital-municipal-de-bahia-blanca\/\",\"name\":\"No lo quisieron atender y cay\u00f3 muerto en la vereda del hospital Municipal de Bah\u00eda Blanca - Noticias Radio Reflejos\",\"isPartOf\":{\"@id\":\"https:\/\/www.noticiasradioreflejos.com.ar\/2021\/#website\"},\"primaryImageOfPage\":{\"@id\":\"https:\/\/www.noticiasradioreflejos.com.ar\/2021\/no-lo-quisieron-atender-y-cayo-muerto-en-la-vereda-del-hospital-municipal-de-bahia-blanca\/#primaryimage\"},\"image\":{\"@id\":\"https:\/\/www.noticiasradioreflejos.com.ar\/2021\/no-lo-quisieron-atender-y-cayo-muerto-en-la-vereda-del-hospital-municipal-de-bahia-blanca\/#primaryimage\"},\"thumbnailUrl\":\"https:\/\/www.labrujula24.com\/wp-content\/uploads\/2020\/12\/htalmunicipal.jpg\",\"datePublished\":\"2021-02-10T18:47:39+00:00\",\"author\":{\"@id\":\"https:\/\/www.noticiasradioreflejos.com.ar\/2021\/#\/schema\/person\/ad82545263dcc5ec0996818884fd5fb1\"},\"breadcrumb\":{\"@id\":\"https:\/\/www.noticiasradioreflejos.com.ar\/2021\/no-lo-quisieron-atender-y-cayo-muerto-en-la-vereda-del-hospital-municipal-de-bahia-blanca\/#breadcrumb\"},\"inLanguage\":\"es\",\"potentialAction\":[{\"@type\":\"ReadAction\",\"target\":[\"https:\/\/www.noticiasradioreflejos.com.ar\/2021\/no-lo-quisieron-atender-y-cayo-muerto-en-la-vereda-del-hospital-municipal-de-bahia-blanca\/\"]}]},{\"@type\":\"ImageObject\",\"inLanguage\":\"es\",\"@id\":\"https:\/\/www.noticiasradioreflejos.com.ar\/2021\/no-lo-quisieron-atender-y-cayo-muerto-en-la-vereda-del-hospital-municipal-de-bahia-blanca\/#primaryimage\",\"url\":\"https:\/\/www.labrujula24.com\/wp-content\/uploads\/2020\/12\/htalmunicipal.jpg\",\"contentUrl\":\"https:\/\/www.labrujula24.com\/wp-content\/uploads\/2020\/12\/htalmunicipal.jpg\"},{\"@type\":\"BreadcrumbList\",\"@id\":\"https:\/\/www.noticiasradioreflejos.com.ar\/2021\/no-lo-quisieron-atender-y-cayo-muerto-en-la-vereda-del-hospital-municipal-de-bahia-blanca\/#breadcrumb\",\"itemListElement\":[{\"@type\":\"ListItem\",\"position\":1,\"name\":\"Portada\",\"item\":\"https:\/\/www.noticiasradioreflejos.com.ar\/2021\/\"},{\"@type\":\"ListItem\",\"position\":2,\"name\":\"No lo quisieron atender y cay\u00f3 muerto en la vereda del hospital Municipal de Bah\u00eda Blanca\"}]},{\"@type\":\"WebSite\",\"@id\":\"https:\/\/www.noticiasradioreflejos.com.ar\/2021\/#website\",\"url\":\"https:\/\/www.noticiasradioreflejos.com.ar\/2021\/\",\"name\":\"Noticias Radio Reflejos\",\"description\":\"Las noticias de mi comarca\",\"potentialAction\":[{\"@type\":\"SearchAction\",\"target\":{\"@type\":\"EntryPoint\",\"urlTemplate\":\"https:\/\/www.noticiasradioreflejos.com.ar\/2021\/?s={search_term_string}\"},\"query-input\":{\"@type\":\"PropertyValueSpecification\",\"valueRequired\":true,\"valueName\":\"search_term_string\"}}],\"inLanguage\":\"es\"},{\"@type\":\"Person\",\"@id\":\"https:\/\/www.noticiasradioreflejos.com.ar\/2021\/#\/schema\/person\/ad82545263dcc5ec0996818884fd5fb1\",\"name\":\"Arnaldo Botto\",\"image\":{\"@type\":\"ImageObject\",\"inLanguage\":\"es\",\"@id\":\"https:\/\/www.noticiasradioreflejos.com.ar\/2021\/#\/schema\/person\/image\/\",\"url\":\"https:\/\/secure.gravatar.com\/avatar\/55cb5e37c1efa326397366e6974cb338056df65cb50e7d64d1cf314e87504837?s=96&d=mm&r=g\",\"contentUrl\":\"https:\/\/secure.gravatar.com\/avatar\/55cb5e37c1efa326397366e6974cb338056df65cb50e7d64d1cf314e87504837?s=96&d=mm&r=g\",\"caption\":\"Arnaldo Botto\"},\"url\":\"https:\/\/www.noticiasradioreflejos.com.ar\/2021\/author\/arnaldo\/\"}]}<\/script>\n<!-- \/ Yoast SEO plugin. -->","yoast_head_json":{"title":"No lo quisieron atender y cay\u00f3 muerto en la vereda del hospital Municipal de Bah\u00eda Blanca - Noticias Radio Reflejos","robots":{"index":"index","follow":"follow","max-snippet":"max-snippet:-1","max-image-preview":"max-image-preview:large","max-video-preview":"max-video-preview:-1"},"canonical":"https:\/\/www.noticiasradioreflejos.com.ar\/2021\/no-lo-quisieron-atender-y-cayo-muerto-en-la-vereda-del-hospital-municipal-de-bahia-blanca\/","og_locale":"es_ES","og_type":"article","og_title":"No lo quisieron atender y cay\u00f3 muerto en la vereda del hospital Municipal de Bah\u00eda Blanca - Noticias Radio Reflejos","og_description":"Ariel N\u00fa\u00f1ez asegura que su t\u00edo lleg\u00f3 a la guardia del Municipal con dolor en el pecho. \u00abEn la ventanilla me dijeron que no hab\u00eda m\u00e9dico\u00bb, sostuvo.","og_url":"https:\/\/www.noticiasradioreflejos.com.ar\/2021\/no-lo-quisieron-atender-y-cayo-muerto-en-la-vereda-del-hospital-municipal-de-bahia-blanca\/","og_site_name":"Noticias Radio Reflejos","article_published_time":"2021-02-10T18:47:39+00:00","og_image":[{"url":"https:\/\/www.labrujula24.com\/wp-content\/uploads\/2020\/12\/htalmunicipal.jpg","type":"","width":"","height":""}],"author":"Arnaldo Botto","twitter_card":"summary_large_image","schema":{"@context":"https:\/\/schema.org","@graph":[{"@type":"WebPage","@id":"https:\/\/www.noticiasradioreflejos.com.ar\/2021\/no-lo-quisieron-atender-y-cayo-muerto-en-la-vereda-del-hospital-municipal-de-bahia-blanca\/","url":"https:\/\/www.noticiasradioreflejos.com.ar\/2021\/no-lo-quisieron-atender-y-cayo-muerto-en-la-vereda-del-hospital-municipal-de-bahia-blanca\/","name":"No lo quisieron atender y cay\u00f3 muerto en la vereda del hospital Municipal de Bah\u00eda Blanca - Noticias Radio Reflejos","isPartOf":{"@id":"https:\/\/www.noticiasradioreflejos.com.ar\/2021\/#website"},"primaryImageOfPage":{"@id":"https:\/\/www.noticiasradioreflejos.com.ar\/2021\/no-lo-quisieron-atender-y-cayo-muerto-en-la-vereda-del-hospital-municipal-de-bahia-blanca\/#primaryimage"},"image":{"@id":"https:\/\/www.noticiasradioreflejos.com.ar\/2021\/no-lo-quisieron-atender-y-cayo-muerto-en-la-vereda-del-hospital-municipal-de-bahia-blanca\/#primaryimage"},"thumbnailUrl":"https:\/\/www.labrujula24.com\/wp-content\/uploads\/2020\/12\/htalmunicipal.jpg","datePublished":"2021-02-10T18:47:39+00:00","author":{"@id":"https:\/\/www.noticiasradioreflejos.com.ar\/2021\/#\/schema\/person\/ad82545263dcc5ec0996818884fd5fb1"},"breadcrumb":{"@id":"https:\/\/www.noticiasradioreflejos.com.ar\/2021\/no-lo-quisieron-atender-y-cayo-muerto-en-la-vereda-del-hospital-municipal-de-bahia-blanca\/#breadcrumb"},"inLanguage":"es","potentialAction":[{"@type":"ReadAction","target":["https:\/\/www.noticiasradioreflejos.com.ar\/2021\/no-lo-quisieron-atender-y-cayo-muerto-en-la-vereda-del-hospital-municipal-de-bahia-blanca\/"]}]},{"@type":"ImageObject","inLanguage":"es","@id":"https:\/\/www.noticiasradioreflejos.com.ar\/2021\/no-lo-quisieron-atender-y-cayo-muerto-en-la-vereda-del-hospital-municipal-de-bahia-blanca\/#primaryimage","url":"https:\/\/www.labrujula24.com\/wp-content\/uploads\/2020\/12\/htalmunicipal.jpg","contentUrl":"https:\/\/www.labrujula24.com\/wp-content\/uploads\/2020\/12\/htalmunicipal.jpg"},{"@type":"BreadcrumbList","@id":"https:\/\/www.noticiasradioreflejos.com.ar\/2021\/no-lo-quisieron-atender-y-cayo-muerto-en-la-vereda-del-hospital-municipal-de-bahia-blanca\/#breadcrumb","itemListElement":[{"@type":"ListItem","position":1,"name":"Portada","item":"https:\/\/www.noticiasradioreflejos.com.ar\/2021\/"},{"@type":"ListItem","position":2,"name":"No lo quisieron atender y cay\u00f3 muerto en la vereda del hospital Municipal de Bah\u00eda Blanca"}]},{"@type":"WebSite","@id":"https:\/\/www.noticiasradioreflejos.com.ar\/2021\/#website","url":"https:\/\/www.noticiasradioreflejos.com.ar\/2021\/","name":"Noticias Radio Reflejos","description":"Las noticias de mi comarca","potentialAction":[{"@type":"SearchAction","target":{"@type":"EntryPoint","urlTemplate":"https:\/\/www.noticiasradioreflejos.com.ar\/2021\/?s={search_term_string}"},"query-input":{"@type":"PropertyValueSpecification","valueRequired":true,"valueName":"search_term_string"}}],"inLanguage":"es"},{"@type":"Person","@id":"https:\/\/www.noticiasradioreflejos.com.ar\/2021\/#\/schema\/person\/ad82545263dcc5ec0996818884fd5fb1","name":"Arnaldo Botto","image":{"@type":"ImageObject","inLanguage":"es","@id":"https:\/\/www.noticiasradioreflejos.com.ar\/2021\/#\/schema\/person\/image\/","url":"https:\/\/secure.gravatar.com\/avatar\/55cb5e37c1efa326397366e6974cb338056df65cb50e7d64d1cf314e87504837?s=96&d=mm&r=g","contentUrl":"https:\/\/secure.gravatar.com\/avatar\/55cb5e37c1efa326397366e6974cb338056df65cb50e7d64d1cf314e87504837?s=96&d=mm&r=g","caption":"Arnaldo Botto"},"url":"https:\/\/www.noticiasradioreflejos.com.ar\/2021\/author\/arnaldo\/"}]}},"_links":{"self":[{"href":"https:\/\/www.noticiasradioreflejos.com.ar\/2021\/wp-json\/wp\/v2\/posts\/52345","targetHints":{"allow":["GET"]}}],"collection":[{"href":"https:\/\/www.noticiasradioreflejos.com.ar\/2021\/wp-json\/wp\/v2\/posts"}],"about":[{"href":"https:\/\/www.noticiasradioreflejos.com.ar\/2021\/wp-json\/wp\/v2\/types\/post"}],"author":[{"embeddable":true,"href":"https:\/\/www.noticiasradioreflejos.com.ar\/2021\/wp-json\/wp\/v2\/users\/3"}],"replies":[{"embeddable":true,"href":"https:\/\/www.noticiasradioreflejos.com.ar\/2021\/wp-json\/wp\/v2\/comments?post=52345"}],"version-history":[{"count":0,"href":"https:\/\/www.noticiasradioreflejos.com.ar\/2021\/wp-json\/wp\/v2\/posts\/52345\/revisions"}],"wp:attachment":[{"href":"https:\/\/www.noticiasradioreflejos.com.ar\/2021\/wp-json\/wp\/v2\/media?parent=52345"}],"wp:term":[{"taxonomy":"category","embeddable":true,"href":"https:\/\/www.noticiasradioreflejos.com.ar\/2021\/wp-json\/wp\/v2\/categories?post=52345"},{"taxonomy":"post_tag","embeddable":true,"href":"https:\/\/www.noticiasradioreflejos.com.ar\/2021\/wp-json\/wp\/v2\/tags?post=52345"}],"curies":[{"name":"wp","href":"https:\/\/api.w.org\/{rel}","templated":true}]}}