{"id":52343,"date":"2021-02-10T15:43:34","date_gmt":"2021-02-10T18:43:34","guid":{"rendered":"http:\/\/www.noticiasradioreflejos.com.ar\/noticias\/?p=52343"},"modified":"2021-02-10T15:43:34","modified_gmt":"2021-02-10T18:43:34","slug":"sale-el-cuarto-vuelo-de-aerolineas-argentinas-para-traer-vacunas-desde-moscu","status":"publish","type":"post","link":"https:\/\/www.noticiasradioreflejos.com.ar\/2021\/sale-el-cuarto-vuelo-de-aerolineas-argentinas-para-traer-vacunas-desde-moscu\/","title":{"rendered":"Sale el cuarto vuelo de Aerol\u00edneas Argentinas para traer vacunas desde Mosc\u00fa"},"content":{"rendered":"<p>El titular de la empresa lo comunic\u00f3 a trav\u00e9s de su cuenta de Twitter. Las nuevas dosis de la Sputnik V permitir\u00e1n\u00a0continuar con el plan de inmunizaci\u00f3n que desarrolla el Gobierno nacional.<!--more--><\/p>\n<div id=\"image\" class=\"image\">\n<p><img decoding=\"async\" title=\"Los vuelos de Aerol\u00edneas Argentinas resultan fundamentales para hacerle frente al Covid-19\" src=\"https:\/\/www.telam.com.ar\/advf\/imagenes\/2020\/12\/5fe39f69e6500_1004x565.jpg\" alt=\"Los vuelos de Aerol\u00edneas Argentinas resultan fundamentales para hacerle frente al Covid-19\" \/><\/p>\n<div class=\"epigrafe\">Los vuelos de Aerol\u00edneas Argentinas resultan fundamentales para hacerle frente al Covid-19<\/div>\n<\/div>\n<p>Con la partida esta noche del cuarto vuelo de Aerol\u00edneas Argentinas con rumbo a Rusia para traer una nueva partida de Sputnik V,\u00a0<strong>se reactiva el proceso de provisi\u00f3n de vacunas al pa\u00eds<\/strong>\u00a0en un contexto en el que el Gobierno\u00a0<strong>apuesta a una progresiva normalizaci\u00f3n en la entrega de dosis producidas en Mosc\u00fa durante los pr\u00f3ximos d\u00edas.<\/strong><\/p>\n<p>El presidente de la compa\u00f1\u00eda de bandera, Pablo Ceriani, anunci\u00f3 esta ma\u00f1ana en su cuenta Twitter que la partida del \u00abvuelo AR1064 de Aerol\u00edneas Argentinas con destino a Rusia est\u00e1 confirmada para hoy a las 23\u00bb y agreg\u00f3 que \u00abla cuarta de esas operaciones es muy importante para hacer frente al Covid-19\u00bb.<\/p>\n<div class=\"js-code\">\n<div class=\"twitter-tweet twitter-tweet-rendered\"><iframe loading=\"lazy\" id=\"twitter-widget-0\" class=\"\" title=\"Twitter Tweet\" src=\"https:\/\/platform.twitter.com\/embed\/Tweet.html?creatorScreenName=agenciatelam&amp;dnt=false&amp;embedId=twitter-widget-0&amp;frame=false&amp;hideCard=false&amp;hideThread=false&amp;id=1359498361053851648&amp;lang=en&amp;origin=https%3A%2F%2Fwww.telam.com.ar%2Fnotas%2F202102%2F544166-esta-noche-parte-el-cuarto-vuelo-de-aerolineas-argentinas-para-traer-vacunas-desde-moscu.html&amp;siteScreenName=agenciatelam&amp;theme=light&amp;widgetsVersion=889aa01%3A1612811843556&amp;width=550px\" width=\"300\" height=\"150\" frameborder=\"0\" scrolling=\"no\" allowfullscreen=\"allowfullscreen\" data-tweet-id=\"1359498361053851648\"><\/iframe><\/div>\n<\/div>\n<p>\u00abLa ruta Buenos Aires-Mosc\u00fa es la m\u00e1s larga sin escalas realizada hasta ahora. Esta operaci\u00f3n requiere un importante trabajo log\u00edstico en coordinaci\u00f3n con actores de ambos pa\u00edses. Toda nuestra energ\u00eda est\u00e1 puesta en cumplir con esta tarea\u00bb, indic\u00f3 el titular de Aerol\u00edneas.<\/p>\n<p>Como en los casos anteriores, el avi\u00f3n ser\u00e1 un Airbus 330-200 y el regreso desde la capital rusa est\u00e1 previsto para el pr\u00f3ximo viernes luego del mediod\u00eda. En esta ocasi\u00f3n, llevar\u00e1 la nominaci\u00f3n AR1064 en su viaje de ida, y el AR1065 para el regreso desde la capital rusa, que se concretar\u00e1el jueves.<\/p>\n<div class=\"auth\">Los vuelos anteriores<\/div>\n<p><strong>El primero de los vuelos que transport\u00f3 una partida de vacunas lleg\u00f3 a la Argentina el 24 de diciembre pasado, con 300.000 dosis, en tanto el segundo lo hizo el 16 de enero con la misma cantidad,\u00a0<\/strong>mientras que el tercero arrib\u00f3 a Ezeiza el jueves 28 de enero, con 240 mil dosis, de las cuales 20 mil fueron destinadas a Bolivia.<\/p>\n<p>Tal como ocurri\u00f3 con los otros tres viajes, este nuevo vuelo a Mosc\u00fa se concreta de forma directa -sin escalas t\u00e9cnicas-, bajo la denominaci\u00f3n de \u00abferry\u00bb, es decir, cuando la aeronave va vac\u00eda, solo con su tripulaci\u00f3n de cabina e incluso t\u00e9cnicos de mantenimiento y de carga, seg\u00fan el caso.<\/p>\n<p><strong>La traves\u00eda tambi\u00e9n est\u00e1 a cargo de 10 tripulantes, entre pilotos y copilotos, que se ir\u00e1n alternando al comando de la nave, a los que se suman despachantes, t\u00e9cnicos y personal de carga, para llegar a 18 personas.<\/strong>\u00a0El tiempo de carga en Mosc\u00fa, partiendo de la base de las experiencias anteriores, no deber\u00eda demandar m\u00e1s de cinco horas, por lo que el avi\u00f3n estar\u00eda en condiciones de despegar desde la capital rusa despu\u00e9s de la medianoche del jueves, y su llegada a Buenos Aires est\u00e1 prevista para el viernes, entre las 14 y las 15.<\/p>\n<div class=\"auth\">Negociaciones por otras vacunas<\/div>\n<p>La llegada de nuevas dosis de la Sptunik V a la Argentina se suma a los\u00a0<strong>avances en la negociaci\u00f3n para la compra de la vacuna producida por la empresa Sinopharm.<\/strong><\/p>\n<p>Ayer, el ministro de Salud, Gin\u00e9s Gonz\u00e1lez Garc\u00eda, se reuni\u00f3 con el embajador de China en Argentina, Zou Xiaoli, en el marco de esas negociaciones.<br \/>\nFuentes del Ministerio de Salud dijeron a T\u00e9lam que<strong>\u00a0\u00abhay una negociaci\u00f3n muy avanzada para la compra de las vacunas pero faltan firmas del Gobierno chino y la autorizaci\u00f3n de la Anmat, que analiza la informaci\u00f3n remitida en las \u00faltimas semanas por la empresa Sinopharm\u00bb.<\/strong><\/p>\n<p>Tambi\u00e9n ayer, el Gobierno autoriz\u00f3 \u00abcon car\u00e1cter de emergencia\u00bb la vacuna producida por el Serum Institute de la India luego de las recomendaciones de la Anmat.<\/p>\n<p>\u00abNo se presentaron eventos adversos graves ni se identificaron diferencias significativas en la eficacia de los diferentes grupos etarios que participaron de los ensayos cl\u00ednicos\u00bb, indic\u00f3 la resoluci\u00f3n que autoriz\u00f3 la vacuna, publicada en el Bolet\u00edn Oficial.<\/p>\n<p><strong>La vacuna ya fue aprobada por doce autoridades sanitarias de varios pa\u00edses, adem\u00e1s de India.<\/strong><\/p>\n<p>Adem\u00e1s, el Gobierno espera durante este mes la llegada de las vacunas dispuestas por el fondo global Covax, luego de que la semana pasada se diera a conocer nuevos compromisos para adquirir m\u00e1s dosis que aseguren la cobertura de la poblaci\u00f3n mayor a 18 a\u00f1os.<br \/>\nEl objetivo oficial es concretar el arribo de los 30 millones de dosis de Sputnik V; m\u00e1s de 22 millones de dosis de AstraZeneca y los 2,2 millones del fondo Covax (iniciativa global para el acceso a las vacunas contra el coronavirus, que impulsa la Organizaci\u00f3n Mundial de la Salud), seg\u00fan confirm\u00f3 Gonz\u00e1lez Garc\u00eda en su exposici\u00f3n del mi\u00e9rcoles pasado en Diputados.<\/p>\n<p>Asimismo, la semana pasada el secretario de Calidad en Salud, Arnaldo Medina, hab\u00eda asegurado que a esos 22 millones de dosis de la vacuna desarrollada por Oxford y AstraZeneca se sumar\u00e1n en los siguientes 60 d\u00edas dos tandas adicionales de 580 mil, que llegar\u00e1n entre febrero y marzo.<\/p>\n<p>En tanto, la negociaci\u00f3n con Pfizer qued\u00f3 suspendida, aunque funcionarios consultados por T\u00e9lam destacaron que nunca se rompi\u00f3 la relaci\u00f3n, sobre todo con los representantes de la empresa en territorio nacional.<\/p>\n","protected":false},"excerpt":{"rendered":"<p>El titular de la empresa lo comunic\u00f3 a trav\u00e9s de su cuenta de Twitter. Las nuevas dosis de la Sputnik V permitir\u00e1n\u00a0continuar con el plan de inmunizaci\u00f3n que desarrolla el Gobierno nacional.<\/p>\n","protected":false},"author":3,"featured_media":0,"comment_status":"closed","ping_status":"open","sticky":false,"template":"","format":"standard","meta":{"footnotes":""},"categories":[24,30],"tags":[],"class_list":["post-52343","post","type-post","status-publish","format-standard","hentry","category-politica","category-salud"],"yoast_head":"<!-- This site is optimized with the Yoast SEO plugin v25.9 - https:\/\/yoast.com\/wordpress\/plugins\/seo\/ -->\n<title>Sale el cuarto vuelo de Aerol\u00edneas Argentinas para traer vacunas desde Mosc\u00fa - Noticias Radio Reflejos<\/title>\n<meta name=\"robots\" content=\"index, follow, max-snippet:-1, max-image-preview:large, max-video-preview:-1\" \/>\n<link rel=\"canonical\" href=\"https:\/\/www.noticiasradioreflejos.com.ar\/2021\/sale-el-cuarto-vuelo-de-aerolineas-argentinas-para-traer-vacunas-desde-moscu\/\" \/>\n<meta property=\"og:locale\" content=\"es_ES\" \/>\n<meta property=\"og:type\" content=\"article\" \/>\n<meta property=\"og:title\" content=\"Sale el cuarto vuelo de Aerol\u00edneas Argentinas para traer vacunas desde Mosc\u00fa - Noticias Radio Reflejos\" \/>\n<meta property=\"og:description\" content=\"El titular de la empresa lo comunic\u00f3 a trav\u00e9s de su cuenta de Twitter. Las nuevas dosis de la Sputnik V permitir\u00e1n\u00a0continuar con el plan de inmunizaci\u00f3n que desarrolla el Gobierno nacional.\" \/>\n<meta property=\"og:url\" content=\"https:\/\/www.noticiasradioreflejos.com.ar\/2021\/sale-el-cuarto-vuelo-de-aerolineas-argentinas-para-traer-vacunas-desde-moscu\/\" \/>\n<meta property=\"og:site_name\" content=\"Noticias Radio Reflejos\" \/>\n<meta property=\"article:published_time\" content=\"2021-02-10T18:43:34+00:00\" \/>\n<meta property=\"og:image\" content=\"https:\/\/www.telam.com.ar\/advf\/imagenes\/2020\/12\/5fe39f69e6500_1004x565.jpg\" \/>\n<meta name=\"author\" content=\"Arnaldo Botto\" \/>\n<meta name=\"twitter:card\" content=\"summary_large_image\" \/>\n<script type=\"application\/ld+json\" class=\"yoast-schema-graph\">{\"@context\":\"https:\/\/schema.org\",\"@graph\":[{\"@type\":\"WebPage\",\"@id\":\"https:\/\/www.noticiasradioreflejos.com.ar\/2021\/sale-el-cuarto-vuelo-de-aerolineas-argentinas-para-traer-vacunas-desde-moscu\/\",\"url\":\"https:\/\/www.noticiasradioreflejos.com.ar\/2021\/sale-el-cuarto-vuelo-de-aerolineas-argentinas-para-traer-vacunas-desde-moscu\/\",\"name\":\"Sale el cuarto vuelo de Aerol\u00edneas Argentinas para traer vacunas desde Mosc\u00fa - Noticias Radio Reflejos\",\"isPartOf\":{\"@id\":\"https:\/\/www.noticiasradioreflejos.com.ar\/2021\/#website\"},\"primaryImageOfPage\":{\"@id\":\"https:\/\/www.noticiasradioreflejos.com.ar\/2021\/sale-el-cuarto-vuelo-de-aerolineas-argentinas-para-traer-vacunas-desde-moscu\/#primaryimage\"},\"image\":{\"@id\":\"https:\/\/www.noticiasradioreflejos.com.ar\/2021\/sale-el-cuarto-vuelo-de-aerolineas-argentinas-para-traer-vacunas-desde-moscu\/#primaryimage\"},\"thumbnailUrl\":\"https:\/\/www.telam.com.ar\/advf\/imagenes\/2020\/12\/5fe39f69e6500_1004x565.jpg\",\"datePublished\":\"2021-02-10T18:43:34+00:00\",\"author\":{\"@id\":\"https:\/\/www.noticiasradioreflejos.com.ar\/2021\/#\/schema\/person\/ad82545263dcc5ec0996818884fd5fb1\"},\"breadcrumb\":{\"@id\":\"https:\/\/www.noticiasradioreflejos.com.ar\/2021\/sale-el-cuarto-vuelo-de-aerolineas-argentinas-para-traer-vacunas-desde-moscu\/#breadcrumb\"},\"inLanguage\":\"es\",\"potentialAction\":[{\"@type\":\"ReadAction\",\"target\":[\"https:\/\/www.noticiasradioreflejos.com.ar\/2021\/sale-el-cuarto-vuelo-de-aerolineas-argentinas-para-traer-vacunas-desde-moscu\/\"]}]},{\"@type\":\"ImageObject\",\"inLanguage\":\"es\",\"@id\":\"https:\/\/www.noticiasradioreflejos.com.ar\/2021\/sale-el-cuarto-vuelo-de-aerolineas-argentinas-para-traer-vacunas-desde-moscu\/#primaryimage\",\"url\":\"https:\/\/www.telam.com.ar\/advf\/imagenes\/2020\/12\/5fe39f69e6500_1004x565.jpg\",\"contentUrl\":\"https:\/\/www.telam.com.ar\/advf\/imagenes\/2020\/12\/5fe39f69e6500_1004x565.jpg\"},{\"@type\":\"BreadcrumbList\",\"@id\":\"https:\/\/www.noticiasradioreflejos.com.ar\/2021\/sale-el-cuarto-vuelo-de-aerolineas-argentinas-para-traer-vacunas-desde-moscu\/#breadcrumb\",\"itemListElement\":[{\"@type\":\"ListItem\",\"position\":1,\"name\":\"Portada\",\"item\":\"https:\/\/www.noticiasradioreflejos.com.ar\/2021\/\"},{\"@type\":\"ListItem\",\"position\":2,\"name\":\"Sale el cuarto vuelo de Aerol\u00edneas Argentinas para traer vacunas desde Mosc\u00fa\"}]},{\"@type\":\"WebSite\",\"@id\":\"https:\/\/www.noticiasradioreflejos.com.ar\/2021\/#website\",\"url\":\"https:\/\/www.noticiasradioreflejos.com.ar\/2021\/\",\"name\":\"Noticias Radio Reflejos\",\"description\":\"Las noticias de mi comarca\",\"potentialAction\":[{\"@type\":\"SearchAction\",\"target\":{\"@type\":\"EntryPoint\",\"urlTemplate\":\"https:\/\/www.noticiasradioreflejos.com.ar\/2021\/?s={search_term_string}\"},\"query-input\":{\"@type\":\"PropertyValueSpecification\",\"valueRequired\":true,\"valueName\":\"search_term_string\"}}],\"inLanguage\":\"es\"},{\"@type\":\"Person\",\"@id\":\"https:\/\/www.noticiasradioreflejos.com.ar\/2021\/#\/schema\/person\/ad82545263dcc5ec0996818884fd5fb1\",\"name\":\"Arnaldo Botto\",\"image\":{\"@type\":\"ImageObject\",\"inLanguage\":\"es\",\"@id\":\"https:\/\/www.noticiasradioreflejos.com.ar\/2021\/#\/schema\/person\/image\/\",\"url\":\"https:\/\/secure.gravatar.com\/avatar\/55cb5e37c1efa326397366e6974cb338056df65cb50e7d64d1cf314e87504837?s=96&d=mm&r=g\",\"contentUrl\":\"https:\/\/secure.gravatar.com\/avatar\/55cb5e37c1efa326397366e6974cb338056df65cb50e7d64d1cf314e87504837?s=96&d=mm&r=g\",\"caption\":\"Arnaldo Botto\"},\"url\":\"https:\/\/www.noticiasradioreflejos.com.ar\/2021\/author\/arnaldo\/\"}]}<\/script>\n<!-- \/ Yoast SEO plugin. -->","yoast_head_json":{"title":"Sale el cuarto vuelo de Aerol\u00edneas Argentinas para traer vacunas desde Mosc\u00fa - Noticias Radio Reflejos","robots":{"index":"index","follow":"follow","max-snippet":"max-snippet:-1","max-image-preview":"max-image-preview:large","max-video-preview":"max-video-preview:-1"},"canonical":"https:\/\/www.noticiasradioreflejos.com.ar\/2021\/sale-el-cuarto-vuelo-de-aerolineas-argentinas-para-traer-vacunas-desde-moscu\/","og_locale":"es_ES","og_type":"article","og_title":"Sale el cuarto vuelo de Aerol\u00edneas Argentinas para traer vacunas desde Mosc\u00fa - Noticias Radio Reflejos","og_description":"El titular de la empresa lo comunic\u00f3 a trav\u00e9s de su cuenta de Twitter. Las nuevas dosis de la Sputnik V permitir\u00e1n\u00a0continuar con el plan de inmunizaci\u00f3n que desarrolla el Gobierno nacional.","og_url":"https:\/\/www.noticiasradioreflejos.com.ar\/2021\/sale-el-cuarto-vuelo-de-aerolineas-argentinas-para-traer-vacunas-desde-moscu\/","og_site_name":"Noticias Radio Reflejos","article_published_time":"2021-02-10T18:43:34+00:00","og_image":[{"url":"https:\/\/www.telam.com.ar\/advf\/imagenes\/2020\/12\/5fe39f69e6500_1004x565.jpg","type":"","width":"","height":""}],"author":"Arnaldo Botto","twitter_card":"summary_large_image","schema":{"@context":"https:\/\/schema.org","@graph":[{"@type":"WebPage","@id":"https:\/\/www.noticiasradioreflejos.com.ar\/2021\/sale-el-cuarto-vuelo-de-aerolineas-argentinas-para-traer-vacunas-desde-moscu\/","url":"https:\/\/www.noticiasradioreflejos.com.ar\/2021\/sale-el-cuarto-vuelo-de-aerolineas-argentinas-para-traer-vacunas-desde-moscu\/","name":"Sale el cuarto vuelo de Aerol\u00edneas Argentinas para traer vacunas desde Mosc\u00fa - Noticias Radio Reflejos","isPartOf":{"@id":"https:\/\/www.noticiasradioreflejos.com.ar\/2021\/#website"},"primaryImageOfPage":{"@id":"https:\/\/www.noticiasradioreflejos.com.ar\/2021\/sale-el-cuarto-vuelo-de-aerolineas-argentinas-para-traer-vacunas-desde-moscu\/#primaryimage"},"image":{"@id":"https:\/\/www.noticiasradioreflejos.com.ar\/2021\/sale-el-cuarto-vuelo-de-aerolineas-argentinas-para-traer-vacunas-desde-moscu\/#primaryimage"},"thumbnailUrl":"https:\/\/www.telam.com.ar\/advf\/imagenes\/2020\/12\/5fe39f69e6500_1004x565.jpg","datePublished":"2021-02-10T18:43:34+00:00","author":{"@id":"https:\/\/www.noticiasradioreflejos.com.ar\/2021\/#\/schema\/person\/ad82545263dcc5ec0996818884fd5fb1"},"breadcrumb":{"@id":"https:\/\/www.noticiasradioreflejos.com.ar\/2021\/sale-el-cuarto-vuelo-de-aerolineas-argentinas-para-traer-vacunas-desde-moscu\/#breadcrumb"},"inLanguage":"es","potentialAction":[{"@type":"ReadAction","target":["https:\/\/www.noticiasradioreflejos.com.ar\/2021\/sale-el-cuarto-vuelo-de-aerolineas-argentinas-para-traer-vacunas-desde-moscu\/"]}]},{"@type":"ImageObject","inLanguage":"es","@id":"https:\/\/www.noticiasradioreflejos.com.ar\/2021\/sale-el-cuarto-vuelo-de-aerolineas-argentinas-para-traer-vacunas-desde-moscu\/#primaryimage","url":"https:\/\/www.telam.com.ar\/advf\/imagenes\/2020\/12\/5fe39f69e6500_1004x565.jpg","contentUrl":"https:\/\/www.telam.com.ar\/advf\/imagenes\/2020\/12\/5fe39f69e6500_1004x565.jpg"},{"@type":"BreadcrumbList","@id":"https:\/\/www.noticiasradioreflejos.com.ar\/2021\/sale-el-cuarto-vuelo-de-aerolineas-argentinas-para-traer-vacunas-desde-moscu\/#breadcrumb","itemListElement":[{"@type":"ListItem","position":1,"name":"Portada","item":"https:\/\/www.noticiasradioreflejos.com.ar\/2021\/"},{"@type":"ListItem","position":2,"name":"Sale el cuarto vuelo de Aerol\u00edneas Argentinas para traer vacunas desde Mosc\u00fa"}]},{"@type":"WebSite","@id":"https:\/\/www.noticiasradioreflejos.com.ar\/2021\/#website","url":"https:\/\/www.noticiasradioreflejos.com.ar\/2021\/","name":"Noticias Radio Reflejos","description":"Las noticias de mi comarca","potentialAction":[{"@type":"SearchAction","target":{"@type":"EntryPoint","urlTemplate":"https:\/\/www.noticiasradioreflejos.com.ar\/2021\/?s={search_term_string}"},"query-input":{"@type":"PropertyValueSpecification","valueRequired":true,"valueName":"search_term_string"}}],"inLanguage":"es"},{"@type":"Person","@id":"https:\/\/www.noticiasradioreflejos.com.ar\/2021\/#\/schema\/person\/ad82545263dcc5ec0996818884fd5fb1","name":"Arnaldo Botto","image":{"@type":"ImageObject","inLanguage":"es","@id":"https:\/\/www.noticiasradioreflejos.com.ar\/2021\/#\/schema\/person\/image\/","url":"https:\/\/secure.gravatar.com\/avatar\/55cb5e37c1efa326397366e6974cb338056df65cb50e7d64d1cf314e87504837?s=96&d=mm&r=g","contentUrl":"https:\/\/secure.gravatar.com\/avatar\/55cb5e37c1efa326397366e6974cb338056df65cb50e7d64d1cf314e87504837?s=96&d=mm&r=g","caption":"Arnaldo Botto"},"url":"https:\/\/www.noticiasradioreflejos.com.ar\/2021\/author\/arnaldo\/"}]}},"_links":{"self":[{"href":"https:\/\/www.noticiasradioreflejos.com.ar\/2021\/wp-json\/wp\/v2\/posts\/52343","targetHints":{"allow":["GET"]}}],"collection":[{"href":"https:\/\/www.noticiasradioreflejos.com.ar\/2021\/wp-json\/wp\/v2\/posts"}],"about":[{"href":"https:\/\/www.noticiasradioreflejos.com.ar\/2021\/wp-json\/wp\/v2\/types\/post"}],"author":[{"embeddable":true,"href":"https:\/\/www.noticiasradioreflejos.com.ar\/2021\/wp-json\/wp\/v2\/users\/3"}],"replies":[{"embeddable":true,"href":"https:\/\/www.noticiasradioreflejos.com.ar\/2021\/wp-json\/wp\/v2\/comments?post=52343"}],"version-history":[{"count":0,"href":"https:\/\/www.noticiasradioreflejos.com.ar\/2021\/wp-json\/wp\/v2\/posts\/52343\/revisions"}],"wp:attachment":[{"href":"https:\/\/www.noticiasradioreflejos.com.ar\/2021\/wp-json\/wp\/v2\/media?parent=52343"}],"wp:term":[{"taxonomy":"category","embeddable":true,"href":"https:\/\/www.noticiasradioreflejos.com.ar\/2021\/wp-json\/wp\/v2\/categories?post=52343"},{"taxonomy":"post_tag","embeddable":true,"href":"https:\/\/www.noticiasradioreflejos.com.ar\/2021\/wp-json\/wp\/v2\/tags?post=52343"}],"curies":[{"name":"wp","href":"https:\/\/api.w.org\/{rel}","templated":true}]}}