{"id":52329,"date":"2021-02-10T17:33:14","date_gmt":"2021-02-10T20:33:14","guid":{"rendered":"http:\/\/www.noticiasradioreflejos.com.ar\/noticias\/?p=52329"},"modified":"2021-02-10T17:33:14","modified_gmt":"2021-02-10T20:33:14","slug":"a-partir-de-manana-vamos-a-abrir-todos-los-jueves-de-9-a-12-enrique-chiche-cabral","status":"publish","type":"post","link":"https:\/\/www.noticiasradioreflejos.com.ar\/2021\/a-partir-de-manana-vamos-a-abrir-todos-los-jueves-de-9-a-12-enrique-chiche-cabral\/","title":{"rendered":"\u00abA partir de ma\u00f1ana, vamos a abrir todos los Jueves de 9 a 12\u00bb &#8211; Enrique \u00abChiche\u00bb Cabral"},"content":{"rendered":"<p><strong>El Centro de Jubilados de Sierra de la Ventana<\/strong>, anuncia que abren la atenci\u00f3n a los socios y al p\u00fablico a partir de ma\u00f1ana Jueves 11\/02.<!--more--><\/p>\n<p>\u00abLa situaci\u00f3n oblig\u00f3 que congelemos nuestras actividades, que eran la base del programa. El programa era informar todas las semanas las actividades y talleres. No ten\u00eda demasiado sentido continuar con el programa y por el riesgo que significaba\u00bb coment\u00f3 Chiche c\u00f3mo afect\u00f3 la pandemia al funcionamiento de Centro de Jubilados de Sierra de la Ventana.<\/p>\n<p>Aclar\u00f3 que el Centro siempre estuvo funcionando administrativamente, a trav\u00e9s de la Secretaria. Adem\u00e1s, contaban con atenci\u00f3n de PAMI una vez por mes para quienes lo necesitaban. Tambi\u00e9n coment\u00f3 que se reunieron para concretar algunas cuestiones: \u00abA partir de ma\u00f1ana, vamos a abrir todos los Jueves de 9 a 12 para ir recaudando la cuota, porque la gente lo quiere pagar\u00bb.<\/p>\n<p>\u00abVamos a abrir con todo el protocolo, la sala amplia y ventilaci\u00f3n con barbijo para el funcionamiento semanal que vamos a hacer\u00bb coment\u00f3. Con respecto a los talleres, Chiche informa que todav\u00eda no se retomar\u00e1n, ya que la manera m\u00e1s segura de hacerlo es mediante Zoom pero el hecho de que muchos jubilados no manejan la tecnolog\u00eda imposibilitar\u00eda las actividades y hasta ser\u00eda discriminatorio.<\/p>\n<p>\u00abHay que tener f\u00e9\u00bb mencion\u00f3 finalmente Chiche cuando se refiri\u00f3 hacia la Sputnik-V. Coment\u00f3 que, desde el Centro, no han recibido ninguna informaci\u00f3n sobre cu\u00e1ntas dosis podr\u00edan utilizarse pero que se les sugiri\u00f3 anotarse en el listado Municipal para esperar las dosis de la vacuna para el Coronavirus.<\/p>\n<p>Nota completa a continuaci\u00f3n:<br \/>\n<iframe loading=\"lazy\" src=\"https:\/\/w.soundcloud.com\/player\/?url=https%3A\/\/api.soundcloud.com\/tracks\/982771531&amp;color=%23ff5500&amp;auto_play=false&amp;hide_related=false&amp;show_comments=true&amp;show_user=true&amp;show_reposts=false&amp;show_teaser=true\" width=\"100%\" height=\"166\" frameborder=\"no\" scrolling=\"no\"><\/iframe><\/p>\n<div style=\"font-size: 10px; color: #cccccc; line-break: anywhere; word-break: normal; overflow: hidden; white-space: nowrap; text-overflow: ellipsis; font-family: Interstate,Lucida Grande,Lucida Sans Unicode,Lucida Sans,Garuda,Verdana,Tahoma,sans-serif; font-weight: 100;\"><a style=\"color: #cccccc; text-decoration: none;\" title=\"fmreflejos 103.7\" href=\"https:\/\/soundcloud.com\/fmreflejos-103-7\" target=\"_blank\" rel=\"noopener\">fmreflejos 103.7<\/a> \u00b7 <a style=\"color: #cccccc; text-decoration: none;\" title=\"Centro De Jubilados\" href=\"https:\/\/soundcloud.com\/fmreflejos-103-7\/centro-de-jubilados\" target=\"_blank\" rel=\"noopener\">Centro De Jubilados<\/a><\/div>\n","protected":false},"excerpt":{"rendered":"<p>El Centro de Jubilados de Sierra de la Ventana, anuncia que abren la atenci\u00f3n a los socios y al p\u00fablico a partir de ma\u00f1ana Jueves 11\/02.<\/p>\n","protected":false},"author":3,"featured_media":38759,"comment_status":"closed","ping_status":"open","sticky":false,"template":"","format":"standard","meta":{"footnotes":""},"categories":[26],"tags":[],"class_list":["post-52329","post","type-post","status-publish","format-standard","has-post-thumbnail","hentry","category-sociedad"],"yoast_head":"<!-- This site is optimized with the Yoast SEO plugin v25.9 - https:\/\/yoast.com\/wordpress\/plugins\/seo\/ -->\n<title>&quot;A partir de ma\u00f1ana, vamos a abrir todos los Jueves de 9 a 12&quot; - Enrique &quot;Chiche&quot; Cabral - Noticias Radio Reflejos<\/title>\n<meta name=\"robots\" content=\"index, follow, max-snippet:-1, max-image-preview:large, max-video-preview:-1\" \/>\n<link rel=\"canonical\" href=\"https:\/\/www.noticiasradioreflejos.com.ar\/2021\/a-partir-de-manana-vamos-a-abrir-todos-los-jueves-de-9-a-12-enrique-chiche-cabral\/\" \/>\n<meta property=\"og:locale\" content=\"es_ES\" \/>\n<meta property=\"og:type\" content=\"article\" \/>\n<meta property=\"og:title\" content=\"&quot;A partir de ma\u00f1ana, vamos a abrir todos los Jueves de 9 a 12&quot; - Enrique &quot;Chiche&quot; Cabral - Noticias Radio Reflejos\" \/>\n<meta property=\"og:description\" content=\"El Centro de Jubilados de Sierra de la Ventana, anuncia que abren la atenci\u00f3n a los socios y al p\u00fablico a partir de ma\u00f1ana Jueves 11\/02.\" \/>\n<meta property=\"og:url\" content=\"https:\/\/www.noticiasradioreflejos.com.ar\/2021\/a-partir-de-manana-vamos-a-abrir-todos-los-jueves-de-9-a-12-enrique-chiche-cabral\/\" \/>\n<meta property=\"og:site_name\" content=\"Noticias Radio Reflejos\" \/>\n<meta property=\"article:published_time\" content=\"2021-02-10T20:33:14+00:00\" \/>\n<meta property=\"og:image\" content=\"https:\/\/www.noticiasradioreflejos.com.ar\/2021\/wp-content\/uploads\/2020\/02\/Centro-de-Jubilados-Sierra.jpg\" \/>\n\t<meta property=\"og:image:width\" content=\"777\" \/>\n\t<meta property=\"og:image:height\" content=\"437\" \/>\n\t<meta property=\"og:image:type\" content=\"image\/jpeg\" \/>\n<meta name=\"author\" content=\"Arnaldo Botto\" \/>\n<meta name=\"twitter:card\" content=\"summary_large_image\" \/>\n<script type=\"application\/ld+json\" class=\"yoast-schema-graph\">{\"@context\":\"https:\/\/schema.org\",\"@graph\":[{\"@type\":\"WebPage\",\"@id\":\"https:\/\/www.noticiasradioreflejos.com.ar\/2021\/a-partir-de-manana-vamos-a-abrir-todos-los-jueves-de-9-a-12-enrique-chiche-cabral\/\",\"url\":\"https:\/\/www.noticiasradioreflejos.com.ar\/2021\/a-partir-de-manana-vamos-a-abrir-todos-los-jueves-de-9-a-12-enrique-chiche-cabral\/\",\"name\":\"\\\"A partir de ma\u00f1ana, vamos a abrir todos los Jueves de 9 a 12\\\" - Enrique \\\"Chiche\\\" Cabral - Noticias Radio Reflejos\",\"isPartOf\":{\"@id\":\"https:\/\/www.noticiasradioreflejos.com.ar\/2021\/#website\"},\"primaryImageOfPage\":{\"@id\":\"https:\/\/www.noticiasradioreflejos.com.ar\/2021\/a-partir-de-manana-vamos-a-abrir-todos-los-jueves-de-9-a-12-enrique-chiche-cabral\/#primaryimage\"},\"image\":{\"@id\":\"https:\/\/www.noticiasradioreflejos.com.ar\/2021\/a-partir-de-manana-vamos-a-abrir-todos-los-jueves-de-9-a-12-enrique-chiche-cabral\/#primaryimage\"},\"thumbnailUrl\":\"https:\/\/www.noticiasradioreflejos.com.ar\/2021\/wp-content\/uploads\/2020\/02\/Centro-de-Jubilados-Sierra.jpg\",\"datePublished\":\"2021-02-10T20:33:14+00:00\",\"author\":{\"@id\":\"https:\/\/www.noticiasradioreflejos.com.ar\/2021\/#\/schema\/person\/ad82545263dcc5ec0996818884fd5fb1\"},\"breadcrumb\":{\"@id\":\"https:\/\/www.noticiasradioreflejos.com.ar\/2021\/a-partir-de-manana-vamos-a-abrir-todos-los-jueves-de-9-a-12-enrique-chiche-cabral\/#breadcrumb\"},\"inLanguage\":\"es\",\"potentialAction\":[{\"@type\":\"ReadAction\",\"target\":[\"https:\/\/www.noticiasradioreflejos.com.ar\/2021\/a-partir-de-manana-vamos-a-abrir-todos-los-jueves-de-9-a-12-enrique-chiche-cabral\/\"]}]},{\"@type\":\"ImageObject\",\"inLanguage\":\"es\",\"@id\":\"https:\/\/www.noticiasradioreflejos.com.ar\/2021\/a-partir-de-manana-vamos-a-abrir-todos-los-jueves-de-9-a-12-enrique-chiche-cabral\/#primaryimage\",\"url\":\"https:\/\/www.noticiasradioreflejos.com.ar\/2021\/wp-content\/uploads\/2020\/02\/Centro-de-Jubilados-Sierra.jpg\",\"contentUrl\":\"https:\/\/www.noticiasradioreflejos.com.ar\/2021\/wp-content\/uploads\/2020\/02\/Centro-de-Jubilados-Sierra.jpg\",\"width\":777,\"height\":437},{\"@type\":\"BreadcrumbList\",\"@id\":\"https:\/\/www.noticiasradioreflejos.com.ar\/2021\/a-partir-de-manana-vamos-a-abrir-todos-los-jueves-de-9-a-12-enrique-chiche-cabral\/#breadcrumb\",\"itemListElement\":[{\"@type\":\"ListItem\",\"position\":1,\"name\":\"Portada\",\"item\":\"https:\/\/www.noticiasradioreflejos.com.ar\/2021\/\"},{\"@type\":\"ListItem\",\"position\":2,\"name\":\"\u00abA partir de ma\u00f1ana, vamos a abrir todos los Jueves de 9 a 12\u00bb &#8211; Enrique \u00abChiche\u00bb Cabral\"}]},{\"@type\":\"WebSite\",\"@id\":\"https:\/\/www.noticiasradioreflejos.com.ar\/2021\/#website\",\"url\":\"https:\/\/www.noticiasradioreflejos.com.ar\/2021\/\",\"name\":\"Noticias Radio Reflejos\",\"description\":\"Las noticias de mi comarca\",\"potentialAction\":[{\"@type\":\"SearchAction\",\"target\":{\"@type\":\"EntryPoint\",\"urlTemplate\":\"https:\/\/www.noticiasradioreflejos.com.ar\/2021\/?s={search_term_string}\"},\"query-input\":{\"@type\":\"PropertyValueSpecification\",\"valueRequired\":true,\"valueName\":\"search_term_string\"}}],\"inLanguage\":\"es\"},{\"@type\":\"Person\",\"@id\":\"https:\/\/www.noticiasradioreflejos.com.ar\/2021\/#\/schema\/person\/ad82545263dcc5ec0996818884fd5fb1\",\"name\":\"Arnaldo Botto\",\"image\":{\"@type\":\"ImageObject\",\"inLanguage\":\"es\",\"@id\":\"https:\/\/www.noticiasradioreflejos.com.ar\/2021\/#\/schema\/person\/image\/\",\"url\":\"https:\/\/secure.gravatar.com\/avatar\/55cb5e37c1efa326397366e6974cb338056df65cb50e7d64d1cf314e87504837?s=96&d=mm&r=g\",\"contentUrl\":\"https:\/\/secure.gravatar.com\/avatar\/55cb5e37c1efa326397366e6974cb338056df65cb50e7d64d1cf314e87504837?s=96&d=mm&r=g\",\"caption\":\"Arnaldo Botto\"},\"url\":\"https:\/\/www.noticiasradioreflejos.com.ar\/2021\/author\/arnaldo\/\"}]}<\/script>\n<!-- \/ Yoast SEO plugin. -->","yoast_head_json":{"title":"\"A partir de ma\u00f1ana, vamos a abrir todos los Jueves de 9 a 12\" - Enrique \"Chiche\" Cabral - Noticias Radio Reflejos","robots":{"index":"index","follow":"follow","max-snippet":"max-snippet:-1","max-image-preview":"max-image-preview:large","max-video-preview":"max-video-preview:-1"},"canonical":"https:\/\/www.noticiasradioreflejos.com.ar\/2021\/a-partir-de-manana-vamos-a-abrir-todos-los-jueves-de-9-a-12-enrique-chiche-cabral\/","og_locale":"es_ES","og_type":"article","og_title":"\"A partir de ma\u00f1ana, vamos a abrir todos los Jueves de 9 a 12\" - Enrique \"Chiche\" Cabral - Noticias Radio Reflejos","og_description":"El Centro de Jubilados de Sierra de la Ventana, anuncia que abren la atenci\u00f3n a los socios y al p\u00fablico a partir de ma\u00f1ana Jueves 11\/02.","og_url":"https:\/\/www.noticiasradioreflejos.com.ar\/2021\/a-partir-de-manana-vamos-a-abrir-todos-los-jueves-de-9-a-12-enrique-chiche-cabral\/","og_site_name":"Noticias Radio Reflejos","article_published_time":"2021-02-10T20:33:14+00:00","og_image":[{"width":777,"height":437,"url":"https:\/\/www.noticiasradioreflejos.com.ar\/2021\/wp-content\/uploads\/2020\/02\/Centro-de-Jubilados-Sierra.jpg","type":"image\/jpeg"}],"author":"Arnaldo Botto","twitter_card":"summary_large_image","schema":{"@context":"https:\/\/schema.org","@graph":[{"@type":"WebPage","@id":"https:\/\/www.noticiasradioreflejos.com.ar\/2021\/a-partir-de-manana-vamos-a-abrir-todos-los-jueves-de-9-a-12-enrique-chiche-cabral\/","url":"https:\/\/www.noticiasradioreflejos.com.ar\/2021\/a-partir-de-manana-vamos-a-abrir-todos-los-jueves-de-9-a-12-enrique-chiche-cabral\/","name":"\"A partir de ma\u00f1ana, vamos a abrir todos los Jueves de 9 a 12\" - Enrique \"Chiche\" Cabral - Noticias Radio Reflejos","isPartOf":{"@id":"https:\/\/www.noticiasradioreflejos.com.ar\/2021\/#website"},"primaryImageOfPage":{"@id":"https:\/\/www.noticiasradioreflejos.com.ar\/2021\/a-partir-de-manana-vamos-a-abrir-todos-los-jueves-de-9-a-12-enrique-chiche-cabral\/#primaryimage"},"image":{"@id":"https:\/\/www.noticiasradioreflejos.com.ar\/2021\/a-partir-de-manana-vamos-a-abrir-todos-los-jueves-de-9-a-12-enrique-chiche-cabral\/#primaryimage"},"thumbnailUrl":"https:\/\/www.noticiasradioreflejos.com.ar\/2021\/wp-content\/uploads\/2020\/02\/Centro-de-Jubilados-Sierra.jpg","datePublished":"2021-02-10T20:33:14+00:00","author":{"@id":"https:\/\/www.noticiasradioreflejos.com.ar\/2021\/#\/schema\/person\/ad82545263dcc5ec0996818884fd5fb1"},"breadcrumb":{"@id":"https:\/\/www.noticiasradioreflejos.com.ar\/2021\/a-partir-de-manana-vamos-a-abrir-todos-los-jueves-de-9-a-12-enrique-chiche-cabral\/#breadcrumb"},"inLanguage":"es","potentialAction":[{"@type":"ReadAction","target":["https:\/\/www.noticiasradioreflejos.com.ar\/2021\/a-partir-de-manana-vamos-a-abrir-todos-los-jueves-de-9-a-12-enrique-chiche-cabral\/"]}]},{"@type":"ImageObject","inLanguage":"es","@id":"https:\/\/www.noticiasradioreflejos.com.ar\/2021\/a-partir-de-manana-vamos-a-abrir-todos-los-jueves-de-9-a-12-enrique-chiche-cabral\/#primaryimage","url":"https:\/\/www.noticiasradioreflejos.com.ar\/2021\/wp-content\/uploads\/2020\/02\/Centro-de-Jubilados-Sierra.jpg","contentUrl":"https:\/\/www.noticiasradioreflejos.com.ar\/2021\/wp-content\/uploads\/2020\/02\/Centro-de-Jubilados-Sierra.jpg","width":777,"height":437},{"@type":"BreadcrumbList","@id":"https:\/\/www.noticiasradioreflejos.com.ar\/2021\/a-partir-de-manana-vamos-a-abrir-todos-los-jueves-de-9-a-12-enrique-chiche-cabral\/#breadcrumb","itemListElement":[{"@type":"ListItem","position":1,"name":"Portada","item":"https:\/\/www.noticiasradioreflejos.com.ar\/2021\/"},{"@type":"ListItem","position":2,"name":"\u00abA partir de ma\u00f1ana, vamos a abrir todos los Jueves de 9 a 12\u00bb &#8211; Enrique \u00abChiche\u00bb Cabral"}]},{"@type":"WebSite","@id":"https:\/\/www.noticiasradioreflejos.com.ar\/2021\/#website","url":"https:\/\/www.noticiasradioreflejos.com.ar\/2021\/","name":"Noticias Radio Reflejos","description":"Las noticias de mi comarca","potentialAction":[{"@type":"SearchAction","target":{"@type":"EntryPoint","urlTemplate":"https:\/\/www.noticiasradioreflejos.com.ar\/2021\/?s={search_term_string}"},"query-input":{"@type":"PropertyValueSpecification","valueRequired":true,"valueName":"search_term_string"}}],"inLanguage":"es"},{"@type":"Person","@id":"https:\/\/www.noticiasradioreflejos.com.ar\/2021\/#\/schema\/person\/ad82545263dcc5ec0996818884fd5fb1","name":"Arnaldo Botto","image":{"@type":"ImageObject","inLanguage":"es","@id":"https:\/\/www.noticiasradioreflejos.com.ar\/2021\/#\/schema\/person\/image\/","url":"https:\/\/secure.gravatar.com\/avatar\/55cb5e37c1efa326397366e6974cb338056df65cb50e7d64d1cf314e87504837?s=96&d=mm&r=g","contentUrl":"https:\/\/secure.gravatar.com\/avatar\/55cb5e37c1efa326397366e6974cb338056df65cb50e7d64d1cf314e87504837?s=96&d=mm&r=g","caption":"Arnaldo Botto"},"url":"https:\/\/www.noticiasradioreflejos.com.ar\/2021\/author\/arnaldo\/"}]}},"_links":{"self":[{"href":"https:\/\/www.noticiasradioreflejos.com.ar\/2021\/wp-json\/wp\/v2\/posts\/52329","targetHints":{"allow":["GET"]}}],"collection":[{"href":"https:\/\/www.noticiasradioreflejos.com.ar\/2021\/wp-json\/wp\/v2\/posts"}],"about":[{"href":"https:\/\/www.noticiasradioreflejos.com.ar\/2021\/wp-json\/wp\/v2\/types\/post"}],"author":[{"embeddable":true,"href":"https:\/\/www.noticiasradioreflejos.com.ar\/2021\/wp-json\/wp\/v2\/users\/3"}],"replies":[{"embeddable":true,"href":"https:\/\/www.noticiasradioreflejos.com.ar\/2021\/wp-json\/wp\/v2\/comments?post=52329"}],"version-history":[{"count":0,"href":"https:\/\/www.noticiasradioreflejos.com.ar\/2021\/wp-json\/wp\/v2\/posts\/52329\/revisions"}],"wp:featuredmedia":[{"embeddable":true,"href":"https:\/\/www.noticiasradioreflejos.com.ar\/2021\/wp-json\/wp\/v2\/media\/38759"}],"wp:attachment":[{"href":"https:\/\/www.noticiasradioreflejos.com.ar\/2021\/wp-json\/wp\/v2\/media?parent=52329"}],"wp:term":[{"taxonomy":"category","embeddable":true,"href":"https:\/\/www.noticiasradioreflejos.com.ar\/2021\/wp-json\/wp\/v2\/categories?post=52329"},{"taxonomy":"post_tag","embeddable":true,"href":"https:\/\/www.noticiasradioreflejos.com.ar\/2021\/wp-json\/wp\/v2\/tags?post=52329"}],"curies":[{"name":"wp","href":"https:\/\/api.w.org\/{rel}","templated":true}]}}