{"id":52327,"date":"2021-02-10T12:52:33","date_gmt":"2021-02-10T15:52:33","guid":{"rendered":"http:\/\/www.noticiasradioreflejos.com.ar\/noticias\/?p=52327"},"modified":"2021-02-10T12:52:33","modified_gmt":"2021-02-10T15:52:33","slug":"nodos-de-la-economia-del-conocimiento","status":"publish","type":"post","link":"https:\/\/www.noticiasradioreflejos.com.ar\/2021\/nodos-de-la-economia-del-conocimiento\/","title":{"rendered":"Nodos de la Econom\u00eda del Conocimiento."},"content":{"rendered":"<p>Nueva temporada del ciclo de charlas Nodos de la Econom\u00eda del Conocimiento que inicia el martes 23 de febrero con el responsable para Am\u00e9rica Latina de la agencia Israel Innovation Authority, Alan Hofman.<!--more--><\/p>\n<p>El ciclo continuar\u00e1 el 4 de marzo con la presentaci\u00f3n de experiencias nacionales destacadas, empezando por el testimonio del cluster de maquinaria agr\u00edcola de Santa Fe liderado por la Fundaci\u00f3n CIDETER. El 18\/03 La experiencia del Parque Tecnol\u00f3gico Litoral Centro.<br \/>\n\u25cf Norberto Nigro, Presidente del PTLC.<\/p>\n<p>Para inscribirse, solicitamos completar el siguiente formulario <a href=\"https:\/\/forms.gle\/EFtxWJiQRs4Z5C546\"><strong>https:\/\/forms.gle\/EFtxWJiQRs4Z5C546<\/strong><\/a><\/p>\n<p><a title=\"WhatsApp Image 2021-02-08 at 2.40.03 PM (1)\" href=\"http:\/\/live.staticflickr.com\/65535\/50929597536_527ba033c4_s.jpg\" rel=\"\"><img loading=\"lazy\" decoding=\"async\" class=\"aligncenter\" title=\"WhatsApp Image 2021-02-08 at 2.40.03 PM (1)\" src=\"http:\/\/live.staticflickr.com\/65535\/50929597536_527ba033c4.jpg\" alt=\"WhatsApp Image 2021-02-08 at 2.40.03 PM (1)\" width=\"500\" height=\"261\" \/><\/a><\/p>\n<p><a title=\"WhatsApp Image 2021-02-08 at 2.40.03 PM\" href=\"http:\/\/live.staticflickr.com\/65535\/50929723202_e544e80f23_s.jpg\" rel=\"\"><img loading=\"lazy\" decoding=\"async\" class=\"aligncenter\" title=\"WhatsApp Image 2021-02-08 at 2.40.03 PM\" src=\"http:\/\/live.staticflickr.com\/65535\/50929723202_e544e80f23_z.jpg\" alt=\"WhatsApp Image 2021-02-08 at 2.40.03 PM\" width=\"360\" height=\"640\" \/><\/a><\/p>\n<p><a title=\"WhatsApp Image 2021-02-08 at 2.40.01 PM\" href=\"http:\/\/live.staticflickr.com\/65535\/50929597486_b371f4d4f3_s.jpg\" rel=\"\"><img loading=\"lazy\" decoding=\"async\" class=\"aligncenter\" title=\"WhatsApp Image 2021-02-08 at 2.40.01 PM\" src=\"http:\/\/live.staticflickr.com\/65535\/50929597486_b371f4d4f3_z.jpg\" alt=\"WhatsApp Image 2021-02-08 at 2.40.01 PM\" width=\"640\" height=\"640\" \/><\/a><\/p>\n","protected":false},"excerpt":{"rendered":"<p>Nueva temporada del ciclo de charlas Nodos de la Econom\u00eda del Conocimiento que inicia el martes 23 de febrero con el responsable para Am\u00e9rica Latina de la agencia Israel Innovation Authority, Alan Hofman.<\/p>\n","protected":false},"author":3,"featured_media":0,"comment_status":"closed","ping_status":"open","sticky":false,"template":"","format":"standard","meta":{"footnotes":""},"categories":[35,28],"tags":[],"class_list":["post-52327","post","type-post","status-publish","format-standard","hentry","category-cultura","category-municipales"],"yoast_head":"<!-- This site is optimized with the Yoast SEO plugin v25.9 - https:\/\/yoast.com\/wordpress\/plugins\/seo\/ -->\n<title>Nodos de la Econom\u00eda del Conocimiento. - Noticias Radio Reflejos<\/title>\n<meta name=\"robots\" content=\"index, follow, max-snippet:-1, max-image-preview:large, max-video-preview:-1\" \/>\n<link rel=\"canonical\" href=\"https:\/\/www.noticiasradioreflejos.com.ar\/2021\/nodos-de-la-economia-del-conocimiento\/\" \/>\n<meta property=\"og:locale\" content=\"es_ES\" \/>\n<meta property=\"og:type\" content=\"article\" \/>\n<meta property=\"og:title\" content=\"Nodos de la Econom\u00eda del Conocimiento. - Noticias Radio Reflejos\" \/>\n<meta property=\"og:description\" content=\"Nueva temporada del ciclo de charlas Nodos de la Econom\u00eda del Conocimiento que inicia el martes 23 de febrero con el responsable para Am\u00e9rica Latina de la agencia Israel Innovation Authority, Alan Hofman.\" \/>\n<meta property=\"og:url\" content=\"https:\/\/www.noticiasradioreflejos.com.ar\/2021\/nodos-de-la-economia-del-conocimiento\/\" \/>\n<meta property=\"og:site_name\" content=\"Noticias Radio Reflejos\" \/>\n<meta property=\"article:published_time\" content=\"2021-02-10T15:52:33+00:00\" \/>\n<meta property=\"og:image\" content=\"http:\/\/live.staticflickr.com\/65535\/50929597536_527ba033c4.jpg\" \/>\n<meta name=\"author\" content=\"Arnaldo Botto\" \/>\n<meta name=\"twitter:card\" content=\"summary_large_image\" \/>\n<script type=\"application\/ld+json\" class=\"yoast-schema-graph\">{\"@context\":\"https:\/\/schema.org\",\"@graph\":[{\"@type\":\"WebPage\",\"@id\":\"https:\/\/www.noticiasradioreflejos.com.ar\/2021\/nodos-de-la-economia-del-conocimiento\/\",\"url\":\"https:\/\/www.noticiasradioreflejos.com.ar\/2021\/nodos-de-la-economia-del-conocimiento\/\",\"name\":\"Nodos de la Econom\u00eda del Conocimiento. - Noticias Radio Reflejos\",\"isPartOf\":{\"@id\":\"https:\/\/www.noticiasradioreflejos.com.ar\/2021\/#website\"},\"primaryImageOfPage\":{\"@id\":\"https:\/\/www.noticiasradioreflejos.com.ar\/2021\/nodos-de-la-economia-del-conocimiento\/#primaryimage\"},\"image\":{\"@id\":\"https:\/\/www.noticiasradioreflejos.com.ar\/2021\/nodos-de-la-economia-del-conocimiento\/#primaryimage\"},\"thumbnailUrl\":\"http:\/\/live.staticflickr.com\/65535\/50929597536_527ba033c4.jpg\",\"datePublished\":\"2021-02-10T15:52:33+00:00\",\"author\":{\"@id\":\"https:\/\/www.noticiasradioreflejos.com.ar\/2021\/#\/schema\/person\/ad82545263dcc5ec0996818884fd5fb1\"},\"breadcrumb\":{\"@id\":\"https:\/\/www.noticiasradioreflejos.com.ar\/2021\/nodos-de-la-economia-del-conocimiento\/#breadcrumb\"},\"inLanguage\":\"es\",\"potentialAction\":[{\"@type\":\"ReadAction\",\"target\":[\"https:\/\/www.noticiasradioreflejos.com.ar\/2021\/nodos-de-la-economia-del-conocimiento\/\"]}]},{\"@type\":\"ImageObject\",\"inLanguage\":\"es\",\"@id\":\"https:\/\/www.noticiasradioreflejos.com.ar\/2021\/nodos-de-la-economia-del-conocimiento\/#primaryimage\",\"url\":\"http:\/\/live.staticflickr.com\/65535\/50929597536_527ba033c4.jpg\",\"contentUrl\":\"http:\/\/live.staticflickr.com\/65535\/50929597536_527ba033c4.jpg\"},{\"@type\":\"BreadcrumbList\",\"@id\":\"https:\/\/www.noticiasradioreflejos.com.ar\/2021\/nodos-de-la-economia-del-conocimiento\/#breadcrumb\",\"itemListElement\":[{\"@type\":\"ListItem\",\"position\":1,\"name\":\"Portada\",\"item\":\"https:\/\/www.noticiasradioreflejos.com.ar\/2021\/\"},{\"@type\":\"ListItem\",\"position\":2,\"name\":\"Nodos de la Econom\u00eda del Conocimiento.\"}]},{\"@type\":\"WebSite\",\"@id\":\"https:\/\/www.noticiasradioreflejos.com.ar\/2021\/#website\",\"url\":\"https:\/\/www.noticiasradioreflejos.com.ar\/2021\/\",\"name\":\"Noticias Radio Reflejos\",\"description\":\"Las noticias de mi comarca\",\"potentialAction\":[{\"@type\":\"SearchAction\",\"target\":{\"@type\":\"EntryPoint\",\"urlTemplate\":\"https:\/\/www.noticiasradioreflejos.com.ar\/2021\/?s={search_term_string}\"},\"query-input\":{\"@type\":\"PropertyValueSpecification\",\"valueRequired\":true,\"valueName\":\"search_term_string\"}}],\"inLanguage\":\"es\"},{\"@type\":\"Person\",\"@id\":\"https:\/\/www.noticiasradioreflejos.com.ar\/2021\/#\/schema\/person\/ad82545263dcc5ec0996818884fd5fb1\",\"name\":\"Arnaldo Botto\",\"image\":{\"@type\":\"ImageObject\",\"inLanguage\":\"es\",\"@id\":\"https:\/\/www.noticiasradioreflejos.com.ar\/2021\/#\/schema\/person\/image\/\",\"url\":\"https:\/\/secure.gravatar.com\/avatar\/55cb5e37c1efa326397366e6974cb338056df65cb50e7d64d1cf314e87504837?s=96&d=mm&r=g\",\"contentUrl\":\"https:\/\/secure.gravatar.com\/avatar\/55cb5e37c1efa326397366e6974cb338056df65cb50e7d64d1cf314e87504837?s=96&d=mm&r=g\",\"caption\":\"Arnaldo Botto\"},\"url\":\"https:\/\/www.noticiasradioreflejos.com.ar\/2021\/author\/arnaldo\/\"}]}<\/script>\n<!-- \/ Yoast SEO plugin. -->","yoast_head_json":{"title":"Nodos de la Econom\u00eda del Conocimiento. - Noticias Radio Reflejos","robots":{"index":"index","follow":"follow","max-snippet":"max-snippet:-1","max-image-preview":"max-image-preview:large","max-video-preview":"max-video-preview:-1"},"canonical":"https:\/\/www.noticiasradioreflejos.com.ar\/2021\/nodos-de-la-economia-del-conocimiento\/","og_locale":"es_ES","og_type":"article","og_title":"Nodos de la Econom\u00eda del Conocimiento. - Noticias Radio Reflejos","og_description":"Nueva temporada del ciclo de charlas Nodos de la Econom\u00eda del Conocimiento que inicia el martes 23 de febrero con el responsable para Am\u00e9rica Latina de la agencia Israel Innovation Authority, Alan Hofman.","og_url":"https:\/\/www.noticiasradioreflejos.com.ar\/2021\/nodos-de-la-economia-del-conocimiento\/","og_site_name":"Noticias Radio Reflejos","article_published_time":"2021-02-10T15:52:33+00:00","og_image":[{"url":"http:\/\/live.staticflickr.com\/65535\/50929597536_527ba033c4.jpg","type":"","width":"","height":""}],"author":"Arnaldo Botto","twitter_card":"summary_large_image","schema":{"@context":"https:\/\/schema.org","@graph":[{"@type":"WebPage","@id":"https:\/\/www.noticiasradioreflejos.com.ar\/2021\/nodos-de-la-economia-del-conocimiento\/","url":"https:\/\/www.noticiasradioreflejos.com.ar\/2021\/nodos-de-la-economia-del-conocimiento\/","name":"Nodos de la Econom\u00eda del Conocimiento. - Noticias Radio Reflejos","isPartOf":{"@id":"https:\/\/www.noticiasradioreflejos.com.ar\/2021\/#website"},"primaryImageOfPage":{"@id":"https:\/\/www.noticiasradioreflejos.com.ar\/2021\/nodos-de-la-economia-del-conocimiento\/#primaryimage"},"image":{"@id":"https:\/\/www.noticiasradioreflejos.com.ar\/2021\/nodos-de-la-economia-del-conocimiento\/#primaryimage"},"thumbnailUrl":"http:\/\/live.staticflickr.com\/65535\/50929597536_527ba033c4.jpg","datePublished":"2021-02-10T15:52:33+00:00","author":{"@id":"https:\/\/www.noticiasradioreflejos.com.ar\/2021\/#\/schema\/person\/ad82545263dcc5ec0996818884fd5fb1"},"breadcrumb":{"@id":"https:\/\/www.noticiasradioreflejos.com.ar\/2021\/nodos-de-la-economia-del-conocimiento\/#breadcrumb"},"inLanguage":"es","potentialAction":[{"@type":"ReadAction","target":["https:\/\/www.noticiasradioreflejos.com.ar\/2021\/nodos-de-la-economia-del-conocimiento\/"]}]},{"@type":"ImageObject","inLanguage":"es","@id":"https:\/\/www.noticiasradioreflejos.com.ar\/2021\/nodos-de-la-economia-del-conocimiento\/#primaryimage","url":"http:\/\/live.staticflickr.com\/65535\/50929597536_527ba033c4.jpg","contentUrl":"http:\/\/live.staticflickr.com\/65535\/50929597536_527ba033c4.jpg"},{"@type":"BreadcrumbList","@id":"https:\/\/www.noticiasradioreflejos.com.ar\/2021\/nodos-de-la-economia-del-conocimiento\/#breadcrumb","itemListElement":[{"@type":"ListItem","position":1,"name":"Portada","item":"https:\/\/www.noticiasradioreflejos.com.ar\/2021\/"},{"@type":"ListItem","position":2,"name":"Nodos de la Econom\u00eda del Conocimiento."}]},{"@type":"WebSite","@id":"https:\/\/www.noticiasradioreflejos.com.ar\/2021\/#website","url":"https:\/\/www.noticiasradioreflejos.com.ar\/2021\/","name":"Noticias Radio Reflejos","description":"Las noticias de mi comarca","potentialAction":[{"@type":"SearchAction","target":{"@type":"EntryPoint","urlTemplate":"https:\/\/www.noticiasradioreflejos.com.ar\/2021\/?s={search_term_string}"},"query-input":{"@type":"PropertyValueSpecification","valueRequired":true,"valueName":"search_term_string"}}],"inLanguage":"es"},{"@type":"Person","@id":"https:\/\/www.noticiasradioreflejos.com.ar\/2021\/#\/schema\/person\/ad82545263dcc5ec0996818884fd5fb1","name":"Arnaldo Botto","image":{"@type":"ImageObject","inLanguage":"es","@id":"https:\/\/www.noticiasradioreflejos.com.ar\/2021\/#\/schema\/person\/image\/","url":"https:\/\/secure.gravatar.com\/avatar\/55cb5e37c1efa326397366e6974cb338056df65cb50e7d64d1cf314e87504837?s=96&d=mm&r=g","contentUrl":"https:\/\/secure.gravatar.com\/avatar\/55cb5e37c1efa326397366e6974cb338056df65cb50e7d64d1cf314e87504837?s=96&d=mm&r=g","caption":"Arnaldo Botto"},"url":"https:\/\/www.noticiasradioreflejos.com.ar\/2021\/author\/arnaldo\/"}]}},"_links":{"self":[{"href":"https:\/\/www.noticiasradioreflejos.com.ar\/2021\/wp-json\/wp\/v2\/posts\/52327","targetHints":{"allow":["GET"]}}],"collection":[{"href":"https:\/\/www.noticiasradioreflejos.com.ar\/2021\/wp-json\/wp\/v2\/posts"}],"about":[{"href":"https:\/\/www.noticiasradioreflejos.com.ar\/2021\/wp-json\/wp\/v2\/types\/post"}],"author":[{"embeddable":true,"href":"https:\/\/www.noticiasradioreflejos.com.ar\/2021\/wp-json\/wp\/v2\/users\/3"}],"replies":[{"embeddable":true,"href":"https:\/\/www.noticiasradioreflejos.com.ar\/2021\/wp-json\/wp\/v2\/comments?post=52327"}],"version-history":[{"count":0,"href":"https:\/\/www.noticiasradioreflejos.com.ar\/2021\/wp-json\/wp\/v2\/posts\/52327\/revisions"}],"wp:attachment":[{"href":"https:\/\/www.noticiasradioreflejos.com.ar\/2021\/wp-json\/wp\/v2\/media?parent=52327"}],"wp:term":[{"taxonomy":"category","embeddable":true,"href":"https:\/\/www.noticiasradioreflejos.com.ar\/2021\/wp-json\/wp\/v2\/categories?post=52327"},{"taxonomy":"post_tag","embeddable":true,"href":"https:\/\/www.noticiasradioreflejos.com.ar\/2021\/wp-json\/wp\/v2\/tags?post=52327"}],"curies":[{"name":"wp","href":"https:\/\/api.w.org\/{rel}","templated":true}]}}