{"id":52324,"date":"2021-02-10T12:47:48","date_gmt":"2021-02-10T15:47:48","guid":{"rendered":"http:\/\/www.noticiasradioreflejos.com.ar\/noticias\/?p=52324"},"modified":"2021-02-10T12:47:48","modified_gmt":"2021-02-10T15:47:48","slug":"se-nego-a-declarar-el-chofer-de-correo-argentino-que-alcoholizado-choco-y-mato-a-una-mujer","status":"publish","type":"post","link":"https:\/\/www.noticiasradioreflejos.com.ar\/2021\/se-nego-a-declarar-el-chofer-de-correo-argentino-que-alcoholizado-choco-y-mato-a-una-mujer\/","title":{"rendered":"Se neg\u00f3 a declarar el chofer de Correo Argentino que, alcoholizado, choc\u00f3 y mat\u00f3 a una mujer"},"content":{"rendered":"<p>El chofer de un cami\u00f3n con acoplado de la empresa Correo Argentino que alcoholizado choc\u00f3 con una camioneta en Bah\u00eda Blanca, lo que provoc\u00f3 la muerte de una mujer, se neg\u00f3 a declarar y continuar\u00e1 demorado, informaron hoy fuentes judiciales.<!--more--><br \/>\nSe trata de Mario Galdeano, de 34 a\u00f1os, quien fue detenido el domingo luego de que el cami\u00f3n Mercedes Benz que manejaba choc\u00f3 contra una camioneta Fiat Strada que era conducida por Nancy Vogt, de 66, quien falleci\u00f3 en el acto, sobre la ruta 33, ex Camino Sesquicentenario, en las afueras de Bah\u00eda Blanca.<\/p>\n<p>Fuentes judiciales informaron a T\u00e9lam que Galdeano se neg\u00f3 a declarar ante el fiscal Cristian Aguilar de la Unidad Funcional 1, por lo que continuar\u00e1 demorado.<\/p>\n<p>\u00abEn el marco de la audiencia al camionero se lo imput\u00f3 por el delito de homicidio culposo agravado, por la conducci\u00f3n de un veh\u00edculo automotor, por consumo de alcohol y culpa temeraria\u00bb, agregaron.<\/p>\n<p>Por su parte, Aguilar se\u00f1al\u00f3 que \u00abse trata de un hecho muy grave, por lo que se solicit\u00f3 la aprehensi\u00f3n oportunamente y ahora se pidi\u00f3 a la Justicia de Garant\u00edas que contin\u00fae detenido\u00bb.<\/p>\n<p>\u00abSe est\u00e1n esperando las pericias que se ordenaron a la Polic\u00eda Cient\u00edfica para que no queden dudas de c\u00f3mo fue la mec\u00e1nica del hecho, como informes de la empresa que presta servicios para determinar de d\u00f3nde ven\u00eda, hacia d\u00f3nde iba y si estaba o no prestando funciones\u00bb, agreg\u00f3 el fiscal a la prensa.<\/p>\n<p>Seg\u00fan las primeras investigaciones, el conductor del cami\u00f3n se desvi\u00f3 de carril, por lo que tras invadir el contrario e intentar regresar, impact\u00f3 en el sector trasero a la altura del acoplado contra la camioneta que conduc\u00eda Vogt.<\/p>\n<p>Tras el choque, el camionero fue sometido a un test de alcoholemia que determin\u00f3 en la primera medici\u00f3n 2,50 gramos de alcohol por litro de sangre, mientras que la segunda fue de 2,66.<\/p>\n<p>Adem\u00e1s, los polic\u00edas e inspectores que acudieron al lugar hallaron varias latas de cerveza en la cabina del cami\u00f3n.<\/p>\n<p>El consumo de alcohol est\u00e1 totalmente prohibido para la conducci\u00f3n de transportes de carga.<\/p>\n","protected":false},"excerpt":{"rendered":"<p>El chofer de un cami\u00f3n con acoplado de la empresa Correo Argentino que alcoholizado choc\u00f3 con una camioneta en Bah\u00eda Blanca, lo que provoc\u00f3 la muerte de una mujer, se neg\u00f3 a declarar y continuar\u00e1 demorado, informaron hoy fuentes judiciales.<\/p>\n","protected":false},"author":3,"featured_media":0,"comment_status":"closed","ping_status":"open","sticky":false,"template":"","format":"standard","meta":{"footnotes":""},"categories":[24,26],"tags":[],"class_list":["post-52324","post","type-post","status-publish","format-standard","hentry","category-politica","category-sociedad"],"yoast_head":"<!-- This site is optimized with the Yoast SEO plugin v25.9 - https:\/\/yoast.com\/wordpress\/plugins\/seo\/ -->\n<title>Se neg\u00f3 a declarar el chofer de Correo Argentino que, alcoholizado, choc\u00f3 y mat\u00f3 a una mujer - Noticias Radio Reflejos<\/title>\n<meta name=\"robots\" content=\"index, follow, max-snippet:-1, max-image-preview:large, max-video-preview:-1\" \/>\n<link rel=\"canonical\" href=\"https:\/\/www.noticiasradioreflejos.com.ar\/2021\/se-nego-a-declarar-el-chofer-de-correo-argentino-que-alcoholizado-choco-y-mato-a-una-mujer\/\" \/>\n<meta property=\"og:locale\" content=\"es_ES\" \/>\n<meta property=\"og:type\" content=\"article\" \/>\n<meta property=\"og:title\" content=\"Se neg\u00f3 a declarar el chofer de Correo Argentino que, alcoholizado, choc\u00f3 y mat\u00f3 a una mujer - Noticias Radio Reflejos\" \/>\n<meta property=\"og:description\" content=\"El chofer de un cami\u00f3n con acoplado de la empresa Correo Argentino que alcoholizado choc\u00f3 con una camioneta en Bah\u00eda Blanca, lo que provoc\u00f3 la muerte de una mujer, se neg\u00f3 a declarar y continuar\u00e1 demorado, informaron hoy fuentes judiciales.\" \/>\n<meta property=\"og:url\" content=\"https:\/\/www.noticiasradioreflejos.com.ar\/2021\/se-nego-a-declarar-el-chofer-de-correo-argentino-que-alcoholizado-choco-y-mato-a-una-mujer\/\" \/>\n<meta property=\"og:site_name\" content=\"Noticias Radio Reflejos\" \/>\n<meta property=\"article:published_time\" content=\"2021-02-10T15:47:48+00:00\" \/>\n<meta property=\"og:image\" content=\"https:\/\/www.noticiasradioreflejos.com.ar\/2021\/wp-content\/uploads\/2021\/07\/logosol300x200.png\" \/>\n\t<meta property=\"og:image:width\" content=\"300\" \/>\n\t<meta property=\"og:image:height\" content=\"200\" \/>\n\t<meta property=\"og:image:type\" content=\"image\/png\" \/>\n<meta name=\"author\" content=\"Arnaldo Botto\" \/>\n<meta name=\"twitter:card\" content=\"summary_large_image\" \/>\n<script type=\"application\/ld+json\" class=\"yoast-schema-graph\">{\"@context\":\"https:\/\/schema.org\",\"@graph\":[{\"@type\":\"WebPage\",\"@id\":\"https:\/\/www.noticiasradioreflejos.com.ar\/2021\/se-nego-a-declarar-el-chofer-de-correo-argentino-que-alcoholizado-choco-y-mato-a-una-mujer\/\",\"url\":\"https:\/\/www.noticiasradioreflejos.com.ar\/2021\/se-nego-a-declarar-el-chofer-de-correo-argentino-que-alcoholizado-choco-y-mato-a-una-mujer\/\",\"name\":\"Se neg\u00f3 a declarar el chofer de Correo Argentino que, alcoholizado, choc\u00f3 y mat\u00f3 a una mujer - Noticias Radio Reflejos\",\"isPartOf\":{\"@id\":\"https:\/\/www.noticiasradioreflejos.com.ar\/2021\/#website\"},\"datePublished\":\"2021-02-10T15:47:48+00:00\",\"author\":{\"@id\":\"https:\/\/www.noticiasradioreflejos.com.ar\/2021\/#\/schema\/person\/ad82545263dcc5ec0996818884fd5fb1\"},\"breadcrumb\":{\"@id\":\"https:\/\/www.noticiasradioreflejos.com.ar\/2021\/se-nego-a-declarar-el-chofer-de-correo-argentino-que-alcoholizado-choco-y-mato-a-una-mujer\/#breadcrumb\"},\"inLanguage\":\"es\",\"potentialAction\":[{\"@type\":\"ReadAction\",\"target\":[\"https:\/\/www.noticiasradioreflejos.com.ar\/2021\/se-nego-a-declarar-el-chofer-de-correo-argentino-que-alcoholizado-choco-y-mato-a-una-mujer\/\"]}]},{\"@type\":\"BreadcrumbList\",\"@id\":\"https:\/\/www.noticiasradioreflejos.com.ar\/2021\/se-nego-a-declarar-el-chofer-de-correo-argentino-que-alcoholizado-choco-y-mato-a-una-mujer\/#breadcrumb\",\"itemListElement\":[{\"@type\":\"ListItem\",\"position\":1,\"name\":\"Portada\",\"item\":\"https:\/\/www.noticiasradioreflejos.com.ar\/2021\/\"},{\"@type\":\"ListItem\",\"position\":2,\"name\":\"Se neg\u00f3 a declarar el chofer de Correo Argentino que, alcoholizado, choc\u00f3 y mat\u00f3 a una mujer\"}]},{\"@type\":\"WebSite\",\"@id\":\"https:\/\/www.noticiasradioreflejos.com.ar\/2021\/#website\",\"url\":\"https:\/\/www.noticiasradioreflejos.com.ar\/2021\/\",\"name\":\"Noticias Radio Reflejos\",\"description\":\"Las noticias de mi comarca\",\"potentialAction\":[{\"@type\":\"SearchAction\",\"target\":{\"@type\":\"EntryPoint\",\"urlTemplate\":\"https:\/\/www.noticiasradioreflejos.com.ar\/2021\/?s={search_term_string}\"},\"query-input\":{\"@type\":\"PropertyValueSpecification\",\"valueRequired\":true,\"valueName\":\"search_term_string\"}}],\"inLanguage\":\"es\"},{\"@type\":\"Person\",\"@id\":\"https:\/\/www.noticiasradioreflejos.com.ar\/2021\/#\/schema\/person\/ad82545263dcc5ec0996818884fd5fb1\",\"name\":\"Arnaldo Botto\",\"image\":{\"@type\":\"ImageObject\",\"inLanguage\":\"es\",\"@id\":\"https:\/\/www.noticiasradioreflejos.com.ar\/2021\/#\/schema\/person\/image\/\",\"url\":\"https:\/\/secure.gravatar.com\/avatar\/55cb5e37c1efa326397366e6974cb338056df65cb50e7d64d1cf314e87504837?s=96&d=mm&r=g\",\"contentUrl\":\"https:\/\/secure.gravatar.com\/avatar\/55cb5e37c1efa326397366e6974cb338056df65cb50e7d64d1cf314e87504837?s=96&d=mm&r=g\",\"caption\":\"Arnaldo Botto\"},\"url\":\"https:\/\/www.noticiasradioreflejos.com.ar\/2021\/author\/arnaldo\/\"}]}<\/script>\n<!-- \/ Yoast SEO plugin. -->","yoast_head_json":{"title":"Se neg\u00f3 a declarar el chofer de Correo Argentino que, alcoholizado, choc\u00f3 y mat\u00f3 a una mujer - Noticias Radio Reflejos","robots":{"index":"index","follow":"follow","max-snippet":"max-snippet:-1","max-image-preview":"max-image-preview:large","max-video-preview":"max-video-preview:-1"},"canonical":"https:\/\/www.noticiasradioreflejos.com.ar\/2021\/se-nego-a-declarar-el-chofer-de-correo-argentino-que-alcoholizado-choco-y-mato-a-una-mujer\/","og_locale":"es_ES","og_type":"article","og_title":"Se neg\u00f3 a declarar el chofer de Correo Argentino que, alcoholizado, choc\u00f3 y mat\u00f3 a una mujer - Noticias Radio Reflejos","og_description":"El chofer de un cami\u00f3n con acoplado de la empresa Correo Argentino que alcoholizado choc\u00f3 con una camioneta en Bah\u00eda Blanca, lo que provoc\u00f3 la muerte de una mujer, se neg\u00f3 a declarar y continuar\u00e1 demorado, informaron hoy fuentes judiciales.","og_url":"https:\/\/www.noticiasradioreflejos.com.ar\/2021\/se-nego-a-declarar-el-chofer-de-correo-argentino-que-alcoholizado-choco-y-mato-a-una-mujer\/","og_site_name":"Noticias Radio Reflejos","article_published_time":"2021-02-10T15:47:48+00:00","og_image":[{"width":300,"height":200,"url":"https:\/\/www.noticiasradioreflejos.com.ar\/2021\/wp-content\/uploads\/2021\/07\/logosol300x200.png","type":"image\/png"}],"author":"Arnaldo Botto","twitter_card":"summary_large_image","schema":{"@context":"https:\/\/schema.org","@graph":[{"@type":"WebPage","@id":"https:\/\/www.noticiasradioreflejos.com.ar\/2021\/se-nego-a-declarar-el-chofer-de-correo-argentino-que-alcoholizado-choco-y-mato-a-una-mujer\/","url":"https:\/\/www.noticiasradioreflejos.com.ar\/2021\/se-nego-a-declarar-el-chofer-de-correo-argentino-que-alcoholizado-choco-y-mato-a-una-mujer\/","name":"Se neg\u00f3 a declarar el chofer de Correo Argentino que, alcoholizado, choc\u00f3 y mat\u00f3 a una mujer - Noticias Radio Reflejos","isPartOf":{"@id":"https:\/\/www.noticiasradioreflejos.com.ar\/2021\/#website"},"datePublished":"2021-02-10T15:47:48+00:00","author":{"@id":"https:\/\/www.noticiasradioreflejos.com.ar\/2021\/#\/schema\/person\/ad82545263dcc5ec0996818884fd5fb1"},"breadcrumb":{"@id":"https:\/\/www.noticiasradioreflejos.com.ar\/2021\/se-nego-a-declarar-el-chofer-de-correo-argentino-que-alcoholizado-choco-y-mato-a-una-mujer\/#breadcrumb"},"inLanguage":"es","potentialAction":[{"@type":"ReadAction","target":["https:\/\/www.noticiasradioreflejos.com.ar\/2021\/se-nego-a-declarar-el-chofer-de-correo-argentino-que-alcoholizado-choco-y-mato-a-una-mujer\/"]}]},{"@type":"BreadcrumbList","@id":"https:\/\/www.noticiasradioreflejos.com.ar\/2021\/se-nego-a-declarar-el-chofer-de-correo-argentino-que-alcoholizado-choco-y-mato-a-una-mujer\/#breadcrumb","itemListElement":[{"@type":"ListItem","position":1,"name":"Portada","item":"https:\/\/www.noticiasradioreflejos.com.ar\/2021\/"},{"@type":"ListItem","position":2,"name":"Se neg\u00f3 a declarar el chofer de Correo Argentino que, alcoholizado, choc\u00f3 y mat\u00f3 a una mujer"}]},{"@type":"WebSite","@id":"https:\/\/www.noticiasradioreflejos.com.ar\/2021\/#website","url":"https:\/\/www.noticiasradioreflejos.com.ar\/2021\/","name":"Noticias Radio Reflejos","description":"Las noticias de mi comarca","potentialAction":[{"@type":"SearchAction","target":{"@type":"EntryPoint","urlTemplate":"https:\/\/www.noticiasradioreflejos.com.ar\/2021\/?s={search_term_string}"},"query-input":{"@type":"PropertyValueSpecification","valueRequired":true,"valueName":"search_term_string"}}],"inLanguage":"es"},{"@type":"Person","@id":"https:\/\/www.noticiasradioreflejos.com.ar\/2021\/#\/schema\/person\/ad82545263dcc5ec0996818884fd5fb1","name":"Arnaldo Botto","image":{"@type":"ImageObject","inLanguage":"es","@id":"https:\/\/www.noticiasradioreflejos.com.ar\/2021\/#\/schema\/person\/image\/","url":"https:\/\/secure.gravatar.com\/avatar\/55cb5e37c1efa326397366e6974cb338056df65cb50e7d64d1cf314e87504837?s=96&d=mm&r=g","contentUrl":"https:\/\/secure.gravatar.com\/avatar\/55cb5e37c1efa326397366e6974cb338056df65cb50e7d64d1cf314e87504837?s=96&d=mm&r=g","caption":"Arnaldo Botto"},"url":"https:\/\/www.noticiasradioreflejos.com.ar\/2021\/author\/arnaldo\/"}]}},"_links":{"self":[{"href":"https:\/\/www.noticiasradioreflejos.com.ar\/2021\/wp-json\/wp\/v2\/posts\/52324","targetHints":{"allow":["GET"]}}],"collection":[{"href":"https:\/\/www.noticiasradioreflejos.com.ar\/2021\/wp-json\/wp\/v2\/posts"}],"about":[{"href":"https:\/\/www.noticiasradioreflejos.com.ar\/2021\/wp-json\/wp\/v2\/types\/post"}],"author":[{"embeddable":true,"href":"https:\/\/www.noticiasradioreflejos.com.ar\/2021\/wp-json\/wp\/v2\/users\/3"}],"replies":[{"embeddable":true,"href":"https:\/\/www.noticiasradioreflejos.com.ar\/2021\/wp-json\/wp\/v2\/comments?post=52324"}],"version-history":[{"count":0,"href":"https:\/\/www.noticiasradioreflejos.com.ar\/2021\/wp-json\/wp\/v2\/posts\/52324\/revisions"}],"wp:attachment":[{"href":"https:\/\/www.noticiasradioreflejos.com.ar\/2021\/wp-json\/wp\/v2\/media?parent=52324"}],"wp:term":[{"taxonomy":"category","embeddable":true,"href":"https:\/\/www.noticiasradioreflejos.com.ar\/2021\/wp-json\/wp\/v2\/categories?post=52324"},{"taxonomy":"post_tag","embeddable":true,"href":"https:\/\/www.noticiasradioreflejos.com.ar\/2021\/wp-json\/wp\/v2\/tags?post=52324"}],"curies":[{"name":"wp","href":"https:\/\/api.w.org\/{rel}","templated":true}]}}