{"id":52318,"date":"2021-02-10T12:11:48","date_gmt":"2021-02-10T15:11:48","guid":{"rendered":"http:\/\/www.noticiasradioreflejos.com.ar\/noticias\/?p=52318"},"modified":"2021-02-10T12:11:48","modified_gmt":"2021-02-10T15:11:48","slug":"como-se-prepara-cada-provincia-para-la-vuelta-a-clases-en-las-escuelas","status":"publish","type":"post","link":"https:\/\/www.noticiasradioreflejos.com.ar\/2021\/como-se-prepara-cada-provincia-para-la-vuelta-a-clases-en-las-escuelas\/","title":{"rendered":"C\u00f3mo se prepara cada provincia para la vuelta a clases en las escuelas"},"content":{"rendered":"<p>Escuelas de distintos puntos del pa\u00eds reabrieron con protocolos de higiene y seguridad\u00a0para comenzar a organizar el ciclo lectivo y el reencuentro de los equipos directivos, administrativos y personal de maestranza para la vuelta a la presencialidad.<!--more--><\/p>\n<p><span style=\"color: #0000ff;\"><strong>Por Corresponsales de TELAM<\/strong><\/span><\/p>\n<p>Las escuelas de distintas provincias reabrieron sus puertas en estos d\u00edas para organizar el reencuentro de los equipos directivos, administrativos y personal de maestranza para el acondicionamiento y preparaci\u00f3n de los edificios y sus curr\u00edculos pedag\u00f3gicos para el inicio de clases presenciales, con protocolos de higiene y seguridad en el segundo a\u00f1o en que les tocar\u00e1 educar con la pandemia de coronavirus.<\/p>\n<div class=\"main-content-block\">\n<div class=\"main-box clearfix\">\n<div class=\"wrapper-main-section clearfix\">\n<div class=\"wrapper-editable-content\">\n<div class=\"editable-content clearfix\">\n<div class=\"auth\">C\u00f3rdoba<\/div>\n<p>En ese marco, C\u00f3rdoba, Santiago del Estero, Mendoza, La Pampa y Neuqu\u00e9n iniciaron esta semana las actividades del Ciclo Lectivo 2021 con cuestiones administrativas y el dictado de materias para alumnos de trayectorias d\u00e9biles que deb\u00edan incorporar contenidos correspondientes al 2020 para que puedan transitar este nuevo a\u00f1o con el sistema bimodal que combinar\u00e1 clases presenciales y virtuales.<\/p>\n<div id=\"image\" class=\"image\">\n<p><img decoding=\"async\" title=\"Seg\u00fan el minsiterio de Educaci\u00f3n de C\u00f3rdoba no se realizar\u00e1n formaciones al ingreso ni al egreso.\" src=\"https:\/\/www.telam.com.ar\/advf\/imagenes\/2021\/02\/602198398133f_1004x565.jpg\" alt=\"Seg\u00fan el minsiterio de Educaci\u00f3n de C\u00f3rdoba no se realizar\u00e1n formaciones al ingreso ni al egreso.\" \/><\/p>\n<div class=\"epigrafe\">Seg\u00fan el minsiterio de Educaci\u00f3n de C\u00f3rdoba no se realizar\u00e1n formaciones al ingreso ni al egreso.<\/div>\n<\/div>\n<p>C\u00f3rdoba fue la primera provincia en abrir sus actividades el mi\u00e9rcoles 3, con la presencia del ministro de Educaci\u00f3n nacional, Nicol\u00e1s Trotta, y la implementaci\u00f3n del programa \u00abAcompa\u00f1ar: Puentes de Igualdad\u00bb en 131 escuelas, con 8.000 alumnos que hab\u00edan interrumpido su v\u00ednculo con la escuela, mientras el 17 de febrero retomar\u00e1n tareas los docentes y directivos y el 1 de marzo lo har\u00e1n los alumnos de todos los niveles de manera progresiva, con modalidad mixta.<\/p>\n<p>Seg\u00fan el Ministerio de Educaci\u00f3n cordob\u00e9s, ser\u00e1 obligatorio el uso de barbijo en las salas de jard\u00edn de 5 a\u00f1os y no se realizar\u00e1n formaciones al ingreso ni al egreso. Las clases virtuales ser\u00e1n rotativas y por grupos de burbujas identificados por n\u00fameros, quienes no podr\u00e1n tener contacto con otras burbujas, los kioscos y cantinas estar\u00e1n cerrados, por lo tanto el alumnado deber\u00e1 llevar sus meriendas.<\/p>\n<div class=\"auth\">Santiago del Estero<\/div>\n<div class=\"js-code\">\n<div class=\"twitter-tweet twitter-tweet-rendered\"><iframe loading=\"lazy\" id=\"twitter-widget-0\" class=\"\" title=\"Twitter Tweet\" src=\"https:\/\/platform.twitter.com\/embed\/Tweet.html?creatorScreenName=agenciatelam&amp;dnt=false&amp;embedId=twitter-widget-0&amp;frame=false&amp;hideCard=false&amp;hideThread=false&amp;id=1359201936004808704&amp;lang=en&amp;origin=https%3A%2F%2Fwww.telam.com.ar%2Fnotas%2F202102%2F544096-reabren-escuelas-en-provincias-con-capacitaciones-y-reacondicionamiento-previos-al-inicio-de-clases.html&amp;siteScreenName=agenciatelam&amp;theme=light&amp;widgetsVersion=889aa01%3A1612811843556&amp;width=550px\" width=\"300\" height=\"150\" frameborder=\"0\" scrolling=\"no\" allowfullscreen=\"allowfullscreen\" data-tweet-id=\"1359201936004808704\"><\/iframe><\/div>\n<\/div>\n<p>Santiago del Estero inici\u00f3 ayer sus actividades con el reintegro de las autoridades a sus escuelas y la organizaci\u00f3n edilicia y de labores docentes para el inicio de clases presenciales previsto para el 15 de marzo. A partir del 17 de febrero comenzar\u00e1n a concurrir a las aulas los alumnos de 7\u00b0 grado y 5\u00b0 y 6 a\u00f1o del secundario que no lograron cumplir sus objetivos.<\/p>\n<blockquote><p>En Santiago del Estero se acondicionan las aulas, con un solo alumno por banco, con distanciamiento de 1,50 metros y toma de temperatura al ingreso.<\/p><\/blockquote>\n<p>El Ministerio de Educaci\u00f3n local comenz\u00f3 a distribuir ayer insumos de limpieza e higiene, lo que se suma al aporte del Sindicato de Trabajadores de la Educaci\u00f3n (SITRAED) para la compra de elementos que garantizan la higiene de escuelas y personas.<\/p>\n<p>Directivos consultados por T\u00e9lam destacaron que se acondicionan las aulas, con un solo alumno por banco, con distanciamiento de 1,50 metros, toma de temperatura al ingreso.<\/p>\n<div class=\"auth\">Mendoza<\/div>\n<p>En Mendoza, los docentes de escuelas primarias y secundarias comenzaron el lunes 8 sus actividades de manera presencial y 20.000 alumnos con trayectorias d\u00e9biles, de un total de 380.000, que se van a ir acercando de a poco a cada escuela.<\/p>\n<p>Graciela Orelogio, subsecretaria de Educaci\u00f3n, dijo a T\u00e9lam que primero \u00abse har\u00e1 un relevamiento de aulas y se ver\u00e1 qu\u00e9 cantidad de bancos y alumnos entran por espacio\u00bb.<\/p>\n<div id=\"image\" class=\"image\">\n<p><img decoding=\"async\" title=\"Cinco provincias iniciaron esta semana las actividades del Ciclo Lectivo 2021.\" src=\"https:\/\/www.telam.com.ar\/advf\/imagenes\/2021\/01\/5ffef0eed4a69_1004x565.jpg\" alt=\"Cinco provincias iniciaron esta semana las actividades del Ciclo Lectivo 2021.\" \/><\/p>\n<div class=\"epigrafe\">Cinco provincias iniciaron esta semana las actividades del Ciclo Lectivo 2021.<\/div>\n<\/div>\n<p>El director General de Escuelas, Jos\u00e9 Thomas, dijo que el viernes 12 de febrero con la Naci\u00f3n y las dem\u00e1s provincias \u00abvamos a definir los protocolos que emanen del Consejo Federal de Educaci\u00f3n, para terminar de delinear nuestro camino\u00bb y que \u00ab1.592 establecimientos educativos recibir\u00e1n el Fondo de Inicio Escolar $ 47.557.000, que duplica las cifras de 2020, cuyo 50% en cada escuela ser\u00e1 destinado a alcohol, jab\u00f3n, toallas y\/o papeles descartables y lavandina\u00bb, entre otros elementos.<\/p>\n<div class=\"auth\">La Pampa<\/div>\n<p>En La Pampa, donde las clases comenzar\u00e1n el 8 de marzo con sistema bimodal, ayer empez\u00f3 a ponerse en marcha el cronograma escolar donde unos 13.500 estudiantes reiniciaron las actividades para retomar el v\u00ednculo pedag\u00f3gico.<\/p>\n<p>El gobierno pampeano acord\u00f3 un protocolo con los gremios pero hay sectores dentro de los docentes que sostienen que para volver a las escuelas, debe cumplirse el compromiso del gobernador de vacunar a todo el personal antes del inicio de clases.<\/p>\n<div class=\"js-code\">\n<div class=\"twitter-tweet twitter-tweet-rendered\"><iframe loading=\"lazy\" id=\"twitter-widget-1\" class=\"\" title=\"Twitter Tweet\" src=\"https:\/\/platform.twitter.com\/embed\/Tweet.html?creatorScreenName=agenciatelam&amp;dnt=false&amp;embedId=twitter-widget-1&amp;frame=false&amp;hideCard=false&amp;hideThread=false&amp;id=1031882902060052480&amp;lang=en&amp;origin=https%3A%2F%2Fwww.telam.com.ar%2Fnotas%2F202102%2F544096-reabren-escuelas-en-provincias-con-capacitaciones-y-reacondicionamiento-previos-al-inicio-de-clases.html&amp;siteScreenName=agenciatelam&amp;theme=light&amp;widgetsVersion=889aa01%3A1612811843556&amp;width=550px\" width=\"300\" height=\"150\" frameborder=\"0\" scrolling=\"no\" allowfullscreen=\"allowfullscreen\" data-tweet-id=\"1031882902060052480\"><\/iframe><\/div>\n<\/div>\n<div class=\"auth\">Neuqu\u00e9n<\/div>\n<p>En Neuqu\u00e9n, voceros del Ministerio de Educaci\u00f3n dijeron a T\u00e9lam que ayer \u00abse presentaron los docentes en forma virtual por el Calendario Escolar Situado\u00bb y dijeron que mediante una resoluci\u00f3n del Consejo Provincial de Educaci\u00f3n se aprob\u00f3 \u00abel retorno a las clases presenciales, no presenciales y alternadas, cumpliendo con medidas sanitarias y de seguridad acordadas por las distintas \u00e1reas intervinientes\u00bb.<\/p>\n<blockquote class=\"small-left\"><p>En la provincia de Buenos Aires,en las escuelas con mayor matr\u00edcula, las clases se organizar\u00e1n a trav\u00e9s de esquemas duales que combinen actividades presenciales y no presenciales, con grupos de alumnos divididos en grupos de hasta 15 que concurran a la escuela dos veces por semana, mientras en escuelas con matricula reducida como las rurales con &#8216;pluria\u00f1o&#8217; las clases presenciales podr\u00e1n desarrollarse de lunes a viernes.<\/p><\/blockquote>\n<p>La provincia tambi\u00e9n aprob\u00f3 un \u00abProtocolo camino a la escuela presencial\u00bb que indica consideraciones que cada escuela deber\u00e1 contemplar para una puesta a punto del edificio previo al ingreso de docentes y estudiantes, como elementos de sanitizaci\u00f3n y carteler\u00eda, as\u00ed como garantizar el distanciamiento entre personas y una sala de aislamiento.<\/p>\n<div class=\"auth\">Santa Fe<\/div>\n<p>En Santa Fe, los docentes y alumnos que deben recuperar contenidos volver\u00e1n a las aulas el 17 de febrero, mientras el inicio de clases se fij\u00f3 para el 15 de marzo, tambi\u00e9n con un sistema que alternar\u00e1 entre la presencialidad y el trabajo en los hogares.<\/p>\n<p>En cuanto a la cuesti\u00f3n edilicia, la Provincia instrument\u00f3 el programa Escuelas Seguras para mejorar la infraestructura sanitaria, alternativas de cursado con protocolos y la provisi\u00f3n de insumos, adem\u00e1s de habilitar lugares de aislamiento ante la eventualidad que un alumno no se sienta bien.<\/p>\n<div class=\"auth\">Provincia de Buenos Aires<\/div>\n<p>En Buenos Aires, donde las clases presenciales comenzar\u00e1n el 1\u00b0 de marzo, la Direcci\u00f3n General de Cultura y Educaci\u00f3n arm\u00f3 un Plan Jurisdiccional para el Regreso Seguro a Clases Presenciales que establece pautas para la organizaci\u00f3n institucional de las escuelas para posibilitar el distanciamiento social, la adecuada circulaci\u00f3n de aire, la limpieza y desinfecci\u00f3n de los establecimientos y la higiene personal.<\/p>\n<div class=\"js-code\">\n<div class=\"twitter-tweet twitter-tweet-rendered\"><iframe loading=\"lazy\" id=\"twitter-widget-2\" class=\"\" title=\"Twitter Tweet\" src=\"https:\/\/platform.twitter.com\/embed\/Tweet.html?creatorScreenName=agenciatelam&amp;dnt=false&amp;embedId=twitter-widget-2&amp;frame=false&amp;hideCard=false&amp;hideThread=false&amp;id=1359173279227985923&amp;lang=en&amp;origin=https%3A%2F%2Fwww.telam.com.ar%2Fnotas%2F202102%2F544096-reabren-escuelas-en-provincias-con-capacitaciones-y-reacondicionamiento-previos-al-inicio-de-clases.html&amp;siteScreenName=agenciatelam&amp;theme=light&amp;widgetsVersion=889aa01%3A1612811843556&amp;width=550px\" width=\"300\" height=\"150\" frameborder=\"0\" scrolling=\"no\" allowfullscreen=\"allowfullscreen\" data-tweet-id=\"1359173279227985923\"><\/iframe><\/div>\n<\/div>\n<p>As\u00ed, en las escuelas con mayor matr\u00edcula, las clases se organizar\u00e1n a trav\u00e9s de esquemas duales que combinen actividades presenciales y no presenciales, con grupos de alumnos divididos en grupos de hasta 15 que concurran a la escuela dos veces por semana, mientras en escuelas con matricula reducida como las rurales con &#8216;pluria\u00f1o&#8217; las clases presenciales podr\u00e1n desarrollarse de lunes a viernes.<\/p>\n<p>Claudio Martini, inspector Jefe de la Regi\u00f3n 22 de Educaci\u00f3n (que abarca Bah\u00eda Blanca, Patagones, Villarino, Coronel Rosales y Monte Hermoso), dijo a T\u00e9lam \u00abel 11 y 12 de febrero la provincia ha fijado trabajos de jornada institucional donde se va a terminar de linear los proyectos para los chicos que el 17 comienzan el per\u00edodo de ense\u00f1anza donde va a estar marcado con la presencialidad\u00bb.<\/p>\n<p>\u00abPara esto los docentes vienen trabajando desde diciembre con este grupo de alumnos y continuar\u00e1n en febrero y marzo\u00bb, agreg\u00f3.<\/p>\n<div class=\"auth\">Santa Cruz<\/div>\n<div id=\"image\" class=\"image\">\n<p><img decoding=\"async\" title=\"Escuelas del pa\u00eds reabrieron para organizar el reencuentro de los equipos directivos, administrativos y personal de maestranza.\" src=\"https:\/\/www.telam.com.ar\/advf\/imagenes\/2020\/08\/5f3d8ec50cd3a_1004x565.jpg\" alt=\"Escuelas del pa\u00eds reabrieron para organizar el reencuentro de los equipos directivos, administrativos y personal de maestranza.\" \/><\/p>\n<div class=\"epigrafe\">Escuelas del pa\u00eds reabrieron para organizar el reencuentro de los equipos directivos, administrativos y personal de maestranza.<\/div>\n<\/div>\n<p>En Santa Cruz, el vicepresidente del Consejo Provincial de Educaci\u00f3n (CPE), Ismael Enrique, explic\u00f3 a T\u00e9lam que tal lo previsto por el Calendario Escolar 2021, el lunes se presentaron los equipos directivos y este martes lo hicieron los docentes de todos los niveles, que \u00abfirman su presencia y dejan constancia de su domicilio, un dato importante para la log\u00edstica de vacunaci\u00f3n y constatar que est\u00e9n en la provincia\u00bb.<\/p>\n<p>Las autoridades educativas aseguraron que los protocolos para el inicio del ciclo lectivo con presencialidad \u00abescalonada y gradual\u00bb est\u00e1n aprobados por Salud y que \u00abbajo ninguna circunstancia se va a poner en riesgo la salud de la comunidad educativa\u00bb, como plante\u00f3 el gremio docente mayoritario, Adosac, que se declar\u00f3 en estado de alerta tras la primera reuni\u00f3n con el Gobierno el jueves pasado.<\/p>\n<p>\u00abLos protocolos est\u00e1n vigentes, los pueden consultar en la p\u00e1gina de Educaci\u00f3n y bajo ning\u00fan punto de vista vamos a obligar a nadie a asistir a las escuelas, ni poner en riesgo su salud, estamos trabajando para garantizar que cuando lleguemos a la posibilidad de alguna presencialidad sea lo m\u00e1s cuidada posible\u00bb, dijo a T\u00e9lam Enrique.<\/p>\n<p>Adem\u00e1s, indic\u00f3 que la provincia definir\u00e1 c\u00f3mo, cu\u00e1ndo y d\u00f3nde ser\u00e1 el inicio de clases con presencialidad \u00aben los d\u00edas previos al 1 de marzo, en un trabajo con las autoridades sanitarias\u00bb de la jurisdicci\u00f3n y en funci\u00f3n de \u00ablas variables epidemiol\u00f3gicas\u00bb.<\/p>\n<blockquote><p>En Santa Cruz las autoridades educativas aseguraron que los protocolos para el inicio del ciclo lectivo con presencialidad \u00abescalonada y gradual\u00bb est\u00e1n aprobados por Salud y que \u00abbajo ninguna circunstancia se va a poner en riesgo la salud de la comunidad educativa\u00bb.<\/p><\/blockquote>\n<p>Mientras tanto, a\u00f1adi\u00f3, contin\u00faa el trabajo en la virtualidad, con los alrededor de 115.000 alumnos de todos los niveles y modalidades, en la recuperaci\u00f3n de espacios y en la revinculaci\u00f3n del alumnado.<\/p>\n<div class=\"auth\">Salta<\/div>\n<p>En Salta, el Comit\u00e9 Operativo de Emergencia (COE) aprob\u00f3 el 2 de febrero el Plan Jurisdiccional de Retorno a Clases Presenciales para que el 1 de marzo comiencen las clases y fuentes de Educaci\u00f3n informaron que no van volver todos los estudiantes los mismos d\u00edas, sino que se va a trabajar por grupos, con un sistema bimodal, que implica presencialidad y tareas a distancia que no necesariamente tendr\u00e1n que ser virtuales.<\/p>\n<p>Funcionarios de Educaci\u00f3n comenzaron hace una semana a recorrer las escuelas para reunirse con los directivos y asegurar que el retorno a clases presenciales se concrete cumpliendo las normas de bioseguridad, seg\u00fan los espacios de cada instituci\u00f3n.<\/p>\n<div class=\"js-code\">\n<div class=\"twitter-tweet twitter-tweet-rendered\"><iframe loading=\"lazy\" id=\"twitter-widget-3\" class=\"\" title=\"Twitter Tweet\" src=\"https:\/\/platform.twitter.com\/embed\/Tweet.html?creatorScreenName=agenciatelam&amp;dnt=false&amp;embedId=twitter-widget-3&amp;frame=false&amp;hideCard=false&amp;hideThread=false&amp;id=1357318710403489794&amp;lang=en&amp;origin=https%3A%2F%2Fwww.telam.com.ar%2Fnotas%2F202102%2F544096-reabren-escuelas-en-provincias-con-capacitaciones-y-reacondicionamiento-previos-al-inicio-de-clases.html&amp;siteScreenName=agenciatelam&amp;theme=light&amp;widgetsVersion=889aa01%3A1612811843556&amp;width=550px\" width=\"300\" height=\"150\" frameborder=\"0\" scrolling=\"no\" allowfullscreen=\"allowfullscreen\" data-tweet-id=\"1357318710403489794\"><\/iframe><\/div>\n<\/div>\n<div class=\"auth\">Entre R\u00edos<\/div>\n<p>En Entre R\u00edos, el presidente del Consejo General de Educaci\u00f3n (CGE), Mart\u00edn M\u00fcller, dijo que se elaboraron pautas para la organizaci\u00f3n y funcionamiento institucional en el retorno a la presencialidad, \u00abobligatoria para estudiantes y docentes salvo que est\u00e9n dentro de los grupos de riesgo\u00bb.<\/p>\n<p>El personal se presentar\u00e1 en dos jornadas institucionales, una entre el 17 y 19 de febrero y otra entre el 22 y el 26, para la organizaci\u00f3n administrativa, curricular pedag\u00f3gica y did\u00e1ctica, mientras en forma escalonada lo har\u00e1n estudiantes de educaci\u00f3n inicial y primaria desde el 1 de marzo, dos semanas de lunes a jueves y dos semanas de lunes a viernes; mientras del 1 al 4 marzo iniciar\u00e1n un grado por d\u00eda; mientras que el viernes 5 se presentar\u00e1n los alumnos y alumnas de 5to y 6to grado.<\/p>\n<div class=\"auth\">Corrientes<\/div>\n<p>En Corrientes, el ciclo lectivo se iniciar\u00e1 el 1 de marzo con clases de modalidad dual, por turnos de grupos de alumnos que asistir\u00e1n a las aulas, de acuerdo al protocolo establecido por la pandemia y seg\u00fan la ministra de Educaci\u00f3n, Susana Ben\u00edtez, \u00abalgunos d\u00edas los alumnos ir\u00e1n a la escuela y otros trabajar\u00e1n en sus casas\u00bb.<\/p>\n<div class=\"auth\">San Luis<\/div>\n<div id=\"image\" class=\"image\">\n<p><img decoding=\"async\" title=\"Reabrieron escuelas con capacitaciones y reacondicionamiento previos al inicio de clases.\" src=\"https:\/\/www.telam.com.ar\/advf\/imagenes\/2021\/02\/6022bf6e60d0a_1004x565.jpg\" alt=\"Reabrieron escuelas con capacitaciones y reacondicionamiento previos al inicio de clases.\" \/><\/p>\n<div class=\"epigrafe\">Reabrieron escuelas con capacitaciones y reacondicionamiento previos al inicio de clases.<\/div>\n<\/div>\n<p>En San Luis, el ministro de Educaci\u00f3n, Andr\u00e9s Dermechkoff acord\u00f3 con gremios un protocolo para el regreso a la presencialidad que se dar\u00e1 a conocer en los pr\u00f3ximos d\u00edas, luego de la reuni\u00f3n del viernes 12 con el Consejo Federal de Educaci\u00f3n, mientras directivos y docentes retomar\u00e1n sus actividades el 22 de febrero y deber\u00e1n adaptar las actividades de acuerdo a las realidades de cada establecimiento educativo.<\/p>\n<div class=\"auth\">Tierra del Fuego<\/div>\n<p>En Tierra del Fuego, docentes y directivos deben presentarse en las instituciones el lunes 22 de febrero para ultimar los detalles del inicio del ciclo lectivo 2021 que se producir\u00e1 el 1 de marzo con una metodolog\u00eda semipresencial, seg\u00fan fuentes gubernamentales.<\/p>\n<p>Para que los cerca de 47 mil estudiantes fueguinos regresen a las aulas en 140 unidades educativas habilitadas, el Gobierno provincial inici\u00f3 este martes una serie de reuniones con las autoridades a cargo de cada nivel y modalidad, y con sus equipos de supervisi\u00f3n para \u00abdar a conocer c\u00f3mo se desarrollar\u00e1 el inicio de clases y socializar la organizaci\u00f3n del Plan de Regreso Cuidado a la Escuela 2021\u00bb, explicaron voceros de Educaci\u00f3n.<\/p>\n<div class=\"auth\">R\u00edo Negro<\/div>\n<p>En R\u00edo Negro a partir de esta semana se produjo el regreso de directivos y docentes a las escuelas y, fuentes de Educaci\u00f3n informaron a T\u00e9lam que se espera que unos 23.000 docentes vuelvan al trabajo presencial, aunque no los que certifiquen que integran grupos de riesgo . El regreso de alumnos est\u00e1 programado para el 3 de marzo, aunque unas 39 escuelas rurales, del sistema denominado \u00abReceso Invernal Extendido\u00bb iniciar\u00e1n las clases unos d\u00edas antes, \u00abque de alguna forma servir\u00e1 como prueba para ver la evoluci\u00f3n del regreso paulatino a clases presenciales\u00bb, indicaron.<\/p>\n<div class=\"auth\">Chubut<\/div>\n<p>En Chubut, el regreso a clases est\u00e1 condicionado por la demora salarial que mantiene el gobierno con los docentes a quienes se les adeuda los salarios de diciembre, enero, parte del medio aguinaldo de mediados del a\u00f1o pasado y completo el de fines de 2020.<\/p>\n<blockquote><p>\u00abLas aulas tendr\u00e1n como m\u00e1ximo 15 alumnos que concurrir\u00e1n en grupos cerrados y se piensa en hacer dictado lunes, mi\u00e9rcoles y viernes para una mitad; martes y jueves para la otra y a la semana siguiente cambiar, pero eso no est\u00e1 completamente definido\u00bb<\/p>\n<div class=\"sign\">FLORENCIA PERATA<\/div>\n<\/blockquote>\n<p>\u00abSi no hay regularizaci\u00f3n salarial, no se mejoran los edificios escolares y no se garantizan las medidas sanitarias es muy dif\u00edcil pensar en un regreso a clases\u00bb, indic\u00f3 a T\u00e9lam el secretario general de la Asociaci\u00f3n de Trabajadores (Atech), Santiago Goodman.<\/p>\n<p>Las dificultades quedaron expuestas esta semana, en el inicio del llamado \u00abper\u00edodo especial\u00bb de clases para 6 escuelas primarias y 4 secundarias que por la rigurosidad de los inviernos en sus localidades tienen clases en verano. La ministra de Educaci\u00f3n, Florencia Perata, admiti\u00f3 a T\u00e9lam que \u00aben la mayor\u00eda no se inici\u00f3 porque hab\u00eda algunos problemas edilicios que se ir\u00e1n solucionando pero hab\u00eda establecimientos con pocos docentes en unos casos y sin auxiliares de educaci\u00f3n (porteros) en otros porque ATE, que los representa, est\u00e1 de paro\u00bb.<\/p>\n<p>Perata conf\u00eda que de aqu\u00ed al 1\u00b0 de marzo, d\u00eda previsto para el inicio del \u00abper\u00edodo com\u00fan\u00bb, puedan comenzar el ciclo lectivo con distintas modalidades de presencialidad.<\/p>\n<p>\u00abLas aulas tendr\u00e1n como m\u00e1ximo 15 alumnos que concurrir\u00e1n en grupos cerrados y se piensa en hacer dictado lunes, mi\u00e9rcoles y viernes para una mitad; martes y jueves para la otra y a la semana siguiente cambiar, pero eso no est\u00e1 completamente definido\u00bb, explic\u00f3.<\/p>\n<div class=\"auth\">Jujuy<\/div>\n<p>En Jujuy, directores, docentes y administrativos regresaron a las escuelas en medio de cuestionamientos de sectores docentes a las autoridades del Ministerio de Educaci\u00f3n por la falta de organizaci\u00f3n en las actividades previas y por la \u00abrestricci\u00f3n de derechos laborales\u00bb a partir de un decreto del Ejecutivo del que exigen su derogaci\u00f3n.<\/p>\n<p>En la provincia el ciclo lectivo comenzar\u00e1 el 17 de febrero para el nivel inicial y primario, y el 22 para el nivel secundario, por lo que se viene realizando la matriculaci\u00f3n de alumnos.<\/p>\n<p>En los \u00faltimos d\u00edas hubo movilizaciones de docentes en rechazo a las medidas implementadas para la vuelta a clases presenciales, consideran que \u00abno est\u00e1n dadas las condiciones necesarias\u00bb, mientras el Gobierno implement\u00f3 un plan para reparar 700 edificios escolares y anunci\u00f3 la construcci\u00f3n de 258 escuelas nuevas.<\/p>\n<\/div>\n<\/div>\n<\/div>\n<\/div>\n<\/div>\n","protected":false},"excerpt":{"rendered":"<p>Escuelas de distintos puntos del pa\u00eds reabrieron con protocolos de higiene y seguridad\u00a0para comenzar a organizar el ciclo lectivo y el reencuentro de los equipos directivos, administrativos y personal de maestranza para la vuelta a la presencialidad.<\/p>\n","protected":false},"author":3,"featured_media":0,"comment_status":"closed","ping_status":"open","sticky":false,"template":"","format":"standard","meta":{"footnotes":""},"categories":[34],"tags":[],"class_list":["post-52318","post","type-post","status-publish","format-standard","hentry","category-educacion"],"yoast_head":"<!-- This site is optimized with the Yoast SEO plugin v25.9 - https:\/\/yoast.com\/wordpress\/plugins\/seo\/ -->\n<title>C\u00f3mo se prepara cada provincia para la vuelta a clases en las escuelas - Noticias Radio Reflejos<\/title>\n<meta name=\"robots\" content=\"index, follow, max-snippet:-1, max-image-preview:large, max-video-preview:-1\" \/>\n<link rel=\"canonical\" href=\"https:\/\/www.noticiasradioreflejos.com.ar\/2021\/como-se-prepara-cada-provincia-para-la-vuelta-a-clases-en-las-escuelas\/\" \/>\n<meta property=\"og:locale\" content=\"es_ES\" \/>\n<meta property=\"og:type\" content=\"article\" \/>\n<meta property=\"og:title\" content=\"C\u00f3mo se prepara cada provincia para la vuelta a clases en las escuelas - Noticias Radio Reflejos\" \/>\n<meta property=\"og:description\" content=\"Escuelas de distintos puntos del pa\u00eds reabrieron con protocolos de higiene y seguridad\u00a0para comenzar a organizar el ciclo lectivo y el reencuentro de los equipos directivos, administrativos y personal de maestranza para la vuelta a la presencialidad.\" \/>\n<meta property=\"og:url\" content=\"https:\/\/www.noticiasradioreflejos.com.ar\/2021\/como-se-prepara-cada-provincia-para-la-vuelta-a-clases-en-las-escuelas\/\" \/>\n<meta property=\"og:site_name\" content=\"Noticias Radio Reflejos\" \/>\n<meta property=\"article:published_time\" content=\"2021-02-10T15:11:48+00:00\" \/>\n<meta property=\"og:image\" content=\"https:\/\/www.telam.com.ar\/advf\/imagenes\/2021\/02\/602198398133f_1004x565.jpg\" \/>\n<meta name=\"author\" content=\"Arnaldo Botto\" \/>\n<meta name=\"twitter:card\" content=\"summary_large_image\" \/>\n<script type=\"application\/ld+json\" class=\"yoast-schema-graph\">{\"@context\":\"https:\/\/schema.org\",\"@graph\":[{\"@type\":\"WebPage\",\"@id\":\"https:\/\/www.noticiasradioreflejos.com.ar\/2021\/como-se-prepara-cada-provincia-para-la-vuelta-a-clases-en-las-escuelas\/\",\"url\":\"https:\/\/www.noticiasradioreflejos.com.ar\/2021\/como-se-prepara-cada-provincia-para-la-vuelta-a-clases-en-las-escuelas\/\",\"name\":\"C\u00f3mo se prepara cada provincia para la vuelta a clases en las escuelas - Noticias Radio Reflejos\",\"isPartOf\":{\"@id\":\"https:\/\/www.noticiasradioreflejos.com.ar\/2021\/#website\"},\"primaryImageOfPage\":{\"@id\":\"https:\/\/www.noticiasradioreflejos.com.ar\/2021\/como-se-prepara-cada-provincia-para-la-vuelta-a-clases-en-las-escuelas\/#primaryimage\"},\"image\":{\"@id\":\"https:\/\/www.noticiasradioreflejos.com.ar\/2021\/como-se-prepara-cada-provincia-para-la-vuelta-a-clases-en-las-escuelas\/#primaryimage\"},\"thumbnailUrl\":\"https:\/\/www.telam.com.ar\/advf\/imagenes\/2021\/02\/602198398133f_1004x565.jpg\",\"datePublished\":\"2021-02-10T15:11:48+00:00\",\"author\":{\"@id\":\"https:\/\/www.noticiasradioreflejos.com.ar\/2021\/#\/schema\/person\/ad82545263dcc5ec0996818884fd5fb1\"},\"breadcrumb\":{\"@id\":\"https:\/\/www.noticiasradioreflejos.com.ar\/2021\/como-se-prepara-cada-provincia-para-la-vuelta-a-clases-en-las-escuelas\/#breadcrumb\"},\"inLanguage\":\"es\",\"potentialAction\":[{\"@type\":\"ReadAction\",\"target\":[\"https:\/\/www.noticiasradioreflejos.com.ar\/2021\/como-se-prepara-cada-provincia-para-la-vuelta-a-clases-en-las-escuelas\/\"]}]},{\"@type\":\"ImageObject\",\"inLanguage\":\"es\",\"@id\":\"https:\/\/www.noticiasradioreflejos.com.ar\/2021\/como-se-prepara-cada-provincia-para-la-vuelta-a-clases-en-las-escuelas\/#primaryimage\",\"url\":\"https:\/\/www.telam.com.ar\/advf\/imagenes\/2021\/02\/602198398133f_1004x565.jpg\",\"contentUrl\":\"https:\/\/www.telam.com.ar\/advf\/imagenes\/2021\/02\/602198398133f_1004x565.jpg\"},{\"@type\":\"BreadcrumbList\",\"@id\":\"https:\/\/www.noticiasradioreflejos.com.ar\/2021\/como-se-prepara-cada-provincia-para-la-vuelta-a-clases-en-las-escuelas\/#breadcrumb\",\"itemListElement\":[{\"@type\":\"ListItem\",\"position\":1,\"name\":\"Portada\",\"item\":\"https:\/\/www.noticiasradioreflejos.com.ar\/2021\/\"},{\"@type\":\"ListItem\",\"position\":2,\"name\":\"C\u00f3mo se prepara cada provincia para la vuelta a clases en las escuelas\"}]},{\"@type\":\"WebSite\",\"@id\":\"https:\/\/www.noticiasradioreflejos.com.ar\/2021\/#website\",\"url\":\"https:\/\/www.noticiasradioreflejos.com.ar\/2021\/\",\"name\":\"Noticias Radio Reflejos\",\"description\":\"Las noticias de mi comarca\",\"potentialAction\":[{\"@type\":\"SearchAction\",\"target\":{\"@type\":\"EntryPoint\",\"urlTemplate\":\"https:\/\/www.noticiasradioreflejos.com.ar\/2021\/?s={search_term_string}\"},\"query-input\":{\"@type\":\"PropertyValueSpecification\",\"valueRequired\":true,\"valueName\":\"search_term_string\"}}],\"inLanguage\":\"es\"},{\"@type\":\"Person\",\"@id\":\"https:\/\/www.noticiasradioreflejos.com.ar\/2021\/#\/schema\/person\/ad82545263dcc5ec0996818884fd5fb1\",\"name\":\"Arnaldo Botto\",\"image\":{\"@type\":\"ImageObject\",\"inLanguage\":\"es\",\"@id\":\"https:\/\/www.noticiasradioreflejos.com.ar\/2021\/#\/schema\/person\/image\/\",\"url\":\"https:\/\/secure.gravatar.com\/avatar\/55cb5e37c1efa326397366e6974cb338056df65cb50e7d64d1cf314e87504837?s=96&d=mm&r=g\",\"contentUrl\":\"https:\/\/secure.gravatar.com\/avatar\/55cb5e37c1efa326397366e6974cb338056df65cb50e7d64d1cf314e87504837?s=96&d=mm&r=g\",\"caption\":\"Arnaldo Botto\"},\"url\":\"https:\/\/www.noticiasradioreflejos.com.ar\/2021\/author\/arnaldo\/\"}]}<\/script>\n<!-- \/ Yoast SEO plugin. -->","yoast_head_json":{"title":"C\u00f3mo se prepara cada provincia para la vuelta a clases en las escuelas - Noticias Radio Reflejos","robots":{"index":"index","follow":"follow","max-snippet":"max-snippet:-1","max-image-preview":"max-image-preview:large","max-video-preview":"max-video-preview:-1"},"canonical":"https:\/\/www.noticiasradioreflejos.com.ar\/2021\/como-se-prepara-cada-provincia-para-la-vuelta-a-clases-en-las-escuelas\/","og_locale":"es_ES","og_type":"article","og_title":"C\u00f3mo se prepara cada provincia para la vuelta a clases en las escuelas - Noticias Radio Reflejos","og_description":"Escuelas de distintos puntos del pa\u00eds reabrieron con protocolos de higiene y seguridad\u00a0para comenzar a organizar el ciclo lectivo y el reencuentro de los equipos directivos, administrativos y personal de maestranza para la vuelta a la presencialidad.","og_url":"https:\/\/www.noticiasradioreflejos.com.ar\/2021\/como-se-prepara-cada-provincia-para-la-vuelta-a-clases-en-las-escuelas\/","og_site_name":"Noticias Radio Reflejos","article_published_time":"2021-02-10T15:11:48+00:00","og_image":[{"url":"https:\/\/www.telam.com.ar\/advf\/imagenes\/2021\/02\/602198398133f_1004x565.jpg","type":"","width":"","height":""}],"author":"Arnaldo Botto","twitter_card":"summary_large_image","schema":{"@context":"https:\/\/schema.org","@graph":[{"@type":"WebPage","@id":"https:\/\/www.noticiasradioreflejos.com.ar\/2021\/como-se-prepara-cada-provincia-para-la-vuelta-a-clases-en-las-escuelas\/","url":"https:\/\/www.noticiasradioreflejos.com.ar\/2021\/como-se-prepara-cada-provincia-para-la-vuelta-a-clases-en-las-escuelas\/","name":"C\u00f3mo se prepara cada provincia para la vuelta a clases en las escuelas - Noticias Radio Reflejos","isPartOf":{"@id":"https:\/\/www.noticiasradioreflejos.com.ar\/2021\/#website"},"primaryImageOfPage":{"@id":"https:\/\/www.noticiasradioreflejos.com.ar\/2021\/como-se-prepara-cada-provincia-para-la-vuelta-a-clases-en-las-escuelas\/#primaryimage"},"image":{"@id":"https:\/\/www.noticiasradioreflejos.com.ar\/2021\/como-se-prepara-cada-provincia-para-la-vuelta-a-clases-en-las-escuelas\/#primaryimage"},"thumbnailUrl":"https:\/\/www.telam.com.ar\/advf\/imagenes\/2021\/02\/602198398133f_1004x565.jpg","datePublished":"2021-02-10T15:11:48+00:00","author":{"@id":"https:\/\/www.noticiasradioreflejos.com.ar\/2021\/#\/schema\/person\/ad82545263dcc5ec0996818884fd5fb1"},"breadcrumb":{"@id":"https:\/\/www.noticiasradioreflejos.com.ar\/2021\/como-se-prepara-cada-provincia-para-la-vuelta-a-clases-en-las-escuelas\/#breadcrumb"},"inLanguage":"es","potentialAction":[{"@type":"ReadAction","target":["https:\/\/www.noticiasradioreflejos.com.ar\/2021\/como-se-prepara-cada-provincia-para-la-vuelta-a-clases-en-las-escuelas\/"]}]},{"@type":"ImageObject","inLanguage":"es","@id":"https:\/\/www.noticiasradioreflejos.com.ar\/2021\/como-se-prepara-cada-provincia-para-la-vuelta-a-clases-en-las-escuelas\/#primaryimage","url":"https:\/\/www.telam.com.ar\/advf\/imagenes\/2021\/02\/602198398133f_1004x565.jpg","contentUrl":"https:\/\/www.telam.com.ar\/advf\/imagenes\/2021\/02\/602198398133f_1004x565.jpg"},{"@type":"BreadcrumbList","@id":"https:\/\/www.noticiasradioreflejos.com.ar\/2021\/como-se-prepara-cada-provincia-para-la-vuelta-a-clases-en-las-escuelas\/#breadcrumb","itemListElement":[{"@type":"ListItem","position":1,"name":"Portada","item":"https:\/\/www.noticiasradioreflejos.com.ar\/2021\/"},{"@type":"ListItem","position":2,"name":"C\u00f3mo se prepara cada provincia para la vuelta a clases en las escuelas"}]},{"@type":"WebSite","@id":"https:\/\/www.noticiasradioreflejos.com.ar\/2021\/#website","url":"https:\/\/www.noticiasradioreflejos.com.ar\/2021\/","name":"Noticias Radio Reflejos","description":"Las noticias de mi comarca","potentialAction":[{"@type":"SearchAction","target":{"@type":"EntryPoint","urlTemplate":"https:\/\/www.noticiasradioreflejos.com.ar\/2021\/?s={search_term_string}"},"query-input":{"@type":"PropertyValueSpecification","valueRequired":true,"valueName":"search_term_string"}}],"inLanguage":"es"},{"@type":"Person","@id":"https:\/\/www.noticiasradioreflejos.com.ar\/2021\/#\/schema\/person\/ad82545263dcc5ec0996818884fd5fb1","name":"Arnaldo Botto","image":{"@type":"ImageObject","inLanguage":"es","@id":"https:\/\/www.noticiasradioreflejos.com.ar\/2021\/#\/schema\/person\/image\/","url":"https:\/\/secure.gravatar.com\/avatar\/55cb5e37c1efa326397366e6974cb338056df65cb50e7d64d1cf314e87504837?s=96&d=mm&r=g","contentUrl":"https:\/\/secure.gravatar.com\/avatar\/55cb5e37c1efa326397366e6974cb338056df65cb50e7d64d1cf314e87504837?s=96&d=mm&r=g","caption":"Arnaldo Botto"},"url":"https:\/\/www.noticiasradioreflejos.com.ar\/2021\/author\/arnaldo\/"}]}},"_links":{"self":[{"href":"https:\/\/www.noticiasradioreflejos.com.ar\/2021\/wp-json\/wp\/v2\/posts\/52318","targetHints":{"allow":["GET"]}}],"collection":[{"href":"https:\/\/www.noticiasradioreflejos.com.ar\/2021\/wp-json\/wp\/v2\/posts"}],"about":[{"href":"https:\/\/www.noticiasradioreflejos.com.ar\/2021\/wp-json\/wp\/v2\/types\/post"}],"author":[{"embeddable":true,"href":"https:\/\/www.noticiasradioreflejos.com.ar\/2021\/wp-json\/wp\/v2\/users\/3"}],"replies":[{"embeddable":true,"href":"https:\/\/www.noticiasradioreflejos.com.ar\/2021\/wp-json\/wp\/v2\/comments?post=52318"}],"version-history":[{"count":0,"href":"https:\/\/www.noticiasradioreflejos.com.ar\/2021\/wp-json\/wp\/v2\/posts\/52318\/revisions"}],"wp:attachment":[{"href":"https:\/\/www.noticiasradioreflejos.com.ar\/2021\/wp-json\/wp\/v2\/media?parent=52318"}],"wp:term":[{"taxonomy":"category","embeddable":true,"href":"https:\/\/www.noticiasradioreflejos.com.ar\/2021\/wp-json\/wp\/v2\/categories?post=52318"},{"taxonomy":"post_tag","embeddable":true,"href":"https:\/\/www.noticiasradioreflejos.com.ar\/2021\/wp-json\/wp\/v2\/tags?post=52318"}],"curies":[{"name":"wp","href":"https:\/\/api.w.org\/{rel}","templated":true}]}}