{"id":52142,"date":"2021-02-04T18:28:37","date_gmt":"2021-02-04T21:28:37","guid":{"rendered":"http:\/\/www.noticiasradioreflejos.com.ar\/noticias\/?p=52142"},"modified":"2021-02-04T18:28:37","modified_gmt":"2021-02-04T21:28:37","slug":"la-cifra-de-vacunados-ya-supera-la-de-los-casos-confirmados-a-nivel-mundial","status":"publish","type":"post","link":"https:\/\/www.noticiasradioreflejos.com.ar\/2021\/la-cifra-de-vacunados-ya-supera-la-de-los-casos-confirmados-a-nivel-mundial\/","title":{"rendered":"La cifra de vacunados ya supera la de los casos confirmados a nivel mundial"},"content":{"rendered":"<p>La Universidad Johns Hopkins estima que 104,5 millones de personas dieron positivo en los 192 pa\u00edses durante la pandemia, mientras que la Universidad de Oxford inform\u00f3 que m\u00e1s de 107 millones de personas ya recibieron alguna dosis de las m\u00faltiples vacunas desarrolladas.<!--more--><\/p>\n<p>La campa\u00f1a de vacunaci\u00f3n contra el coronavirus a nivel mundial alcanz\u00f3 un hito al superar el recuento de casos confirmados desde el inicio de la pandemia, seg\u00fan una serie de an\u00e1lisis basados en las proyecciones de los distintos pa\u00edses afectados.<\/p>\n<p>La Universidad Johns Hopkins estima que 104,5 millones de personas dieron positivo en los 192 pa\u00edses y territorios que han confirmado contagios hasta este jueves.<\/p>\n<p><strong>Estados Unidos, con 26,5 millones de casos, es el pa\u00eds m\u00e1s afectado en t\u00e9rminos brutos, por delante de India, Brasil, Reino Unido y Rusia.<\/strong><\/p>\n<p>Por otra parte, el portal Our World in Data, elaborado desde la Universidad de Oxford, deslizaba este jueves que m\u00e1s de 107 millones de personas ya recibieron alguna dosis de las m\u00faltiples vacunas desarrolladas.<\/p>\n<p>Tambi\u00e9n en este caso Estados Unidos figura en primer lugar, con 33,8 millones, por encima de China (24 millones) y Reino Unido (10,5 millones)<\/p>\n<div id=\"image\" class=\"image\">\n<p><img decoding=\"async\" title=\"La campa\u00f1a de vacunaci\u00f3n contra el coronavirus a nivel mundial alcanz\u00f3 un hito al superar el recuento de casos confirmados desde el inicio de la pandemia.\" src=\"https:\/\/www.telam.com.ar\/advf\/imagenes\/2021\/02\/601bebff2c7b1_1004x565.jpg\" alt=\"La campa\u00f1a de vacunaci\u00f3n contra el coronavirus a nivel mundial alcanz\u00f3 un hito al superar el recuento de casos confirmados desde el inicio de la pandemia.\" \/><\/p>\n<div class=\"epigrafe\">La campa\u00f1a de vacunaci\u00f3n contra el coronavirus a nivel mundial alcanz\u00f3 un hito al superar el recuento de casos confirmados desde el inicio de la pandemia.<\/div>\n<\/div>\n<p>Empero, en t\u00e9rminos proporcionales\u00a0<strong>Israel es el pa\u00eds m\u00e1s aventajado en su campa\u00f1a de inmunizaci\u00f3n de la poblaci\u00f3n al haber vacunado al 60% de sus ciudadanos,<\/strong>\u00a0report\u00f3 la agencia de noticias Europa Press.<\/p>\n<p>Le siguen Emiratos \u00c1rabes Unidos, que ronda el 36% y Reino Unido, que supera el 15%, mientras que Espa\u00f1a se acerca al 4%. En Latinoam\u00e9rica, el mayor porcentaje corresponde a Brasil, con 1,19%.<\/p>\n<p>S\u00f3lo 64 de los 192 pa\u00edses del mundo ya iniciaron su proceso de vacunaci\u00f3n<\/p>\n<p>M\u00e1s de 2,2 millones de personas murieron en todo el mundo por la pandemia, seg\u00fan la Universidad Johns Hopkins.<\/p>\n","protected":false},"excerpt":{"rendered":"<p>La Universidad Johns Hopkins estima que 104,5 millones de personas dieron positivo en los 192 pa\u00edses durante la pandemia, mientras que la Universidad de Oxford inform\u00f3 que m\u00e1s de 107 millones de personas ya recibieron alguna dosis de las m\u00faltiples vacunas desarrolladas.<\/p>\n","protected":false},"author":3,"featured_media":0,"comment_status":"closed","ping_status":"open","sticky":false,"template":"","format":"standard","meta":{"footnotes":""},"categories":[30],"tags":[],"class_list":["post-52142","post","type-post","status-publish","format-standard","hentry","category-salud"],"yoast_head":"<!-- This site is optimized with the Yoast SEO plugin v25.9 - https:\/\/yoast.com\/wordpress\/plugins\/seo\/ -->\n<title>La cifra de vacunados ya supera la de los casos confirmados a nivel mundial - Noticias Radio Reflejos<\/title>\n<meta name=\"robots\" content=\"index, follow, max-snippet:-1, max-image-preview:large, max-video-preview:-1\" \/>\n<link rel=\"canonical\" href=\"https:\/\/www.noticiasradioreflejos.com.ar\/2021\/la-cifra-de-vacunados-ya-supera-la-de-los-casos-confirmados-a-nivel-mundial\/\" \/>\n<meta property=\"og:locale\" content=\"es_ES\" \/>\n<meta property=\"og:type\" content=\"article\" \/>\n<meta property=\"og:title\" content=\"La cifra de vacunados ya supera la de los casos confirmados a nivel mundial - Noticias Radio Reflejos\" \/>\n<meta property=\"og:description\" content=\"La Universidad Johns Hopkins estima que 104,5 millones de personas dieron positivo en los 192 pa\u00edses durante la pandemia, mientras que la Universidad de Oxford inform\u00f3 que m\u00e1s de 107 millones de personas ya recibieron alguna dosis de las m\u00faltiples vacunas desarrolladas.\" \/>\n<meta property=\"og:url\" content=\"https:\/\/www.noticiasradioreflejos.com.ar\/2021\/la-cifra-de-vacunados-ya-supera-la-de-los-casos-confirmados-a-nivel-mundial\/\" \/>\n<meta property=\"og:site_name\" content=\"Noticias Radio Reflejos\" \/>\n<meta property=\"article:published_time\" content=\"2021-02-04T21:28:37+00:00\" \/>\n<meta property=\"og:image\" content=\"https:\/\/www.telam.com.ar\/advf\/imagenes\/2021\/02\/601bebff2c7b1_1004x565.jpg\" \/>\n<meta name=\"author\" content=\"Arnaldo Botto\" \/>\n<meta name=\"twitter:card\" content=\"summary_large_image\" \/>\n<script type=\"application\/ld+json\" class=\"yoast-schema-graph\">{\"@context\":\"https:\/\/schema.org\",\"@graph\":[{\"@type\":\"WebPage\",\"@id\":\"https:\/\/www.noticiasradioreflejos.com.ar\/2021\/la-cifra-de-vacunados-ya-supera-la-de-los-casos-confirmados-a-nivel-mundial\/\",\"url\":\"https:\/\/www.noticiasradioreflejos.com.ar\/2021\/la-cifra-de-vacunados-ya-supera-la-de-los-casos-confirmados-a-nivel-mundial\/\",\"name\":\"La cifra de vacunados ya supera la de los casos confirmados a nivel mundial - Noticias Radio Reflejos\",\"isPartOf\":{\"@id\":\"https:\/\/www.noticiasradioreflejos.com.ar\/2021\/#website\"},\"primaryImageOfPage\":{\"@id\":\"https:\/\/www.noticiasradioreflejos.com.ar\/2021\/la-cifra-de-vacunados-ya-supera-la-de-los-casos-confirmados-a-nivel-mundial\/#primaryimage\"},\"image\":{\"@id\":\"https:\/\/www.noticiasradioreflejos.com.ar\/2021\/la-cifra-de-vacunados-ya-supera-la-de-los-casos-confirmados-a-nivel-mundial\/#primaryimage\"},\"thumbnailUrl\":\"https:\/\/www.telam.com.ar\/advf\/imagenes\/2021\/02\/601bebff2c7b1_1004x565.jpg\",\"datePublished\":\"2021-02-04T21:28:37+00:00\",\"author\":{\"@id\":\"https:\/\/www.noticiasradioreflejos.com.ar\/2021\/#\/schema\/person\/ad82545263dcc5ec0996818884fd5fb1\"},\"breadcrumb\":{\"@id\":\"https:\/\/www.noticiasradioreflejos.com.ar\/2021\/la-cifra-de-vacunados-ya-supera-la-de-los-casos-confirmados-a-nivel-mundial\/#breadcrumb\"},\"inLanguage\":\"es\",\"potentialAction\":[{\"@type\":\"ReadAction\",\"target\":[\"https:\/\/www.noticiasradioreflejos.com.ar\/2021\/la-cifra-de-vacunados-ya-supera-la-de-los-casos-confirmados-a-nivel-mundial\/\"]}]},{\"@type\":\"ImageObject\",\"inLanguage\":\"es\",\"@id\":\"https:\/\/www.noticiasradioreflejos.com.ar\/2021\/la-cifra-de-vacunados-ya-supera-la-de-los-casos-confirmados-a-nivel-mundial\/#primaryimage\",\"url\":\"https:\/\/www.telam.com.ar\/advf\/imagenes\/2021\/02\/601bebff2c7b1_1004x565.jpg\",\"contentUrl\":\"https:\/\/www.telam.com.ar\/advf\/imagenes\/2021\/02\/601bebff2c7b1_1004x565.jpg\"},{\"@type\":\"BreadcrumbList\",\"@id\":\"https:\/\/www.noticiasradioreflejos.com.ar\/2021\/la-cifra-de-vacunados-ya-supera-la-de-los-casos-confirmados-a-nivel-mundial\/#breadcrumb\",\"itemListElement\":[{\"@type\":\"ListItem\",\"position\":1,\"name\":\"Portada\",\"item\":\"https:\/\/www.noticiasradioreflejos.com.ar\/2021\/\"},{\"@type\":\"ListItem\",\"position\":2,\"name\":\"La cifra de vacunados ya supera la de los casos confirmados a nivel mundial\"}]},{\"@type\":\"WebSite\",\"@id\":\"https:\/\/www.noticiasradioreflejos.com.ar\/2021\/#website\",\"url\":\"https:\/\/www.noticiasradioreflejos.com.ar\/2021\/\",\"name\":\"Noticias Radio Reflejos\",\"description\":\"Las noticias de mi comarca\",\"potentialAction\":[{\"@type\":\"SearchAction\",\"target\":{\"@type\":\"EntryPoint\",\"urlTemplate\":\"https:\/\/www.noticiasradioreflejos.com.ar\/2021\/?s={search_term_string}\"},\"query-input\":{\"@type\":\"PropertyValueSpecification\",\"valueRequired\":true,\"valueName\":\"search_term_string\"}}],\"inLanguage\":\"es\"},{\"@type\":\"Person\",\"@id\":\"https:\/\/www.noticiasradioreflejos.com.ar\/2021\/#\/schema\/person\/ad82545263dcc5ec0996818884fd5fb1\",\"name\":\"Arnaldo Botto\",\"image\":{\"@type\":\"ImageObject\",\"inLanguage\":\"es\",\"@id\":\"https:\/\/www.noticiasradioreflejos.com.ar\/2021\/#\/schema\/person\/image\/\",\"url\":\"https:\/\/secure.gravatar.com\/avatar\/55cb5e37c1efa326397366e6974cb338056df65cb50e7d64d1cf314e87504837?s=96&d=mm&r=g\",\"contentUrl\":\"https:\/\/secure.gravatar.com\/avatar\/55cb5e37c1efa326397366e6974cb338056df65cb50e7d64d1cf314e87504837?s=96&d=mm&r=g\",\"caption\":\"Arnaldo Botto\"},\"url\":\"https:\/\/www.noticiasradioreflejos.com.ar\/2021\/author\/arnaldo\/\"}]}<\/script>\n<!-- \/ Yoast SEO plugin. -->","yoast_head_json":{"title":"La cifra de vacunados ya supera la de los casos confirmados a nivel mundial - Noticias Radio Reflejos","robots":{"index":"index","follow":"follow","max-snippet":"max-snippet:-1","max-image-preview":"max-image-preview:large","max-video-preview":"max-video-preview:-1"},"canonical":"https:\/\/www.noticiasradioreflejos.com.ar\/2021\/la-cifra-de-vacunados-ya-supera-la-de-los-casos-confirmados-a-nivel-mundial\/","og_locale":"es_ES","og_type":"article","og_title":"La cifra de vacunados ya supera la de los casos confirmados a nivel mundial - Noticias Radio Reflejos","og_description":"La Universidad Johns Hopkins estima que 104,5 millones de personas dieron positivo en los 192 pa\u00edses durante la pandemia, mientras que la Universidad de Oxford inform\u00f3 que m\u00e1s de 107 millones de personas ya recibieron alguna dosis de las m\u00faltiples vacunas desarrolladas.","og_url":"https:\/\/www.noticiasradioreflejos.com.ar\/2021\/la-cifra-de-vacunados-ya-supera-la-de-los-casos-confirmados-a-nivel-mundial\/","og_site_name":"Noticias Radio Reflejos","article_published_time":"2021-02-04T21:28:37+00:00","og_image":[{"url":"https:\/\/www.telam.com.ar\/advf\/imagenes\/2021\/02\/601bebff2c7b1_1004x565.jpg","type":"","width":"","height":""}],"author":"Arnaldo Botto","twitter_card":"summary_large_image","schema":{"@context":"https:\/\/schema.org","@graph":[{"@type":"WebPage","@id":"https:\/\/www.noticiasradioreflejos.com.ar\/2021\/la-cifra-de-vacunados-ya-supera-la-de-los-casos-confirmados-a-nivel-mundial\/","url":"https:\/\/www.noticiasradioreflejos.com.ar\/2021\/la-cifra-de-vacunados-ya-supera-la-de-los-casos-confirmados-a-nivel-mundial\/","name":"La cifra de vacunados ya supera la de los casos confirmados a nivel mundial - Noticias Radio Reflejos","isPartOf":{"@id":"https:\/\/www.noticiasradioreflejos.com.ar\/2021\/#website"},"primaryImageOfPage":{"@id":"https:\/\/www.noticiasradioreflejos.com.ar\/2021\/la-cifra-de-vacunados-ya-supera-la-de-los-casos-confirmados-a-nivel-mundial\/#primaryimage"},"image":{"@id":"https:\/\/www.noticiasradioreflejos.com.ar\/2021\/la-cifra-de-vacunados-ya-supera-la-de-los-casos-confirmados-a-nivel-mundial\/#primaryimage"},"thumbnailUrl":"https:\/\/www.telam.com.ar\/advf\/imagenes\/2021\/02\/601bebff2c7b1_1004x565.jpg","datePublished":"2021-02-04T21:28:37+00:00","author":{"@id":"https:\/\/www.noticiasradioreflejos.com.ar\/2021\/#\/schema\/person\/ad82545263dcc5ec0996818884fd5fb1"},"breadcrumb":{"@id":"https:\/\/www.noticiasradioreflejos.com.ar\/2021\/la-cifra-de-vacunados-ya-supera-la-de-los-casos-confirmados-a-nivel-mundial\/#breadcrumb"},"inLanguage":"es","potentialAction":[{"@type":"ReadAction","target":["https:\/\/www.noticiasradioreflejos.com.ar\/2021\/la-cifra-de-vacunados-ya-supera-la-de-los-casos-confirmados-a-nivel-mundial\/"]}]},{"@type":"ImageObject","inLanguage":"es","@id":"https:\/\/www.noticiasradioreflejos.com.ar\/2021\/la-cifra-de-vacunados-ya-supera-la-de-los-casos-confirmados-a-nivel-mundial\/#primaryimage","url":"https:\/\/www.telam.com.ar\/advf\/imagenes\/2021\/02\/601bebff2c7b1_1004x565.jpg","contentUrl":"https:\/\/www.telam.com.ar\/advf\/imagenes\/2021\/02\/601bebff2c7b1_1004x565.jpg"},{"@type":"BreadcrumbList","@id":"https:\/\/www.noticiasradioreflejos.com.ar\/2021\/la-cifra-de-vacunados-ya-supera-la-de-los-casos-confirmados-a-nivel-mundial\/#breadcrumb","itemListElement":[{"@type":"ListItem","position":1,"name":"Portada","item":"https:\/\/www.noticiasradioreflejos.com.ar\/2021\/"},{"@type":"ListItem","position":2,"name":"La cifra de vacunados ya supera la de los casos confirmados a nivel mundial"}]},{"@type":"WebSite","@id":"https:\/\/www.noticiasradioreflejos.com.ar\/2021\/#website","url":"https:\/\/www.noticiasradioreflejos.com.ar\/2021\/","name":"Noticias Radio Reflejos","description":"Las noticias de mi comarca","potentialAction":[{"@type":"SearchAction","target":{"@type":"EntryPoint","urlTemplate":"https:\/\/www.noticiasradioreflejos.com.ar\/2021\/?s={search_term_string}"},"query-input":{"@type":"PropertyValueSpecification","valueRequired":true,"valueName":"search_term_string"}}],"inLanguage":"es"},{"@type":"Person","@id":"https:\/\/www.noticiasradioreflejos.com.ar\/2021\/#\/schema\/person\/ad82545263dcc5ec0996818884fd5fb1","name":"Arnaldo Botto","image":{"@type":"ImageObject","inLanguage":"es","@id":"https:\/\/www.noticiasradioreflejos.com.ar\/2021\/#\/schema\/person\/image\/","url":"https:\/\/secure.gravatar.com\/avatar\/55cb5e37c1efa326397366e6974cb338056df65cb50e7d64d1cf314e87504837?s=96&d=mm&r=g","contentUrl":"https:\/\/secure.gravatar.com\/avatar\/55cb5e37c1efa326397366e6974cb338056df65cb50e7d64d1cf314e87504837?s=96&d=mm&r=g","caption":"Arnaldo Botto"},"url":"https:\/\/www.noticiasradioreflejos.com.ar\/2021\/author\/arnaldo\/"}]}},"_links":{"self":[{"href":"https:\/\/www.noticiasradioreflejos.com.ar\/2021\/wp-json\/wp\/v2\/posts\/52142","targetHints":{"allow":["GET"]}}],"collection":[{"href":"https:\/\/www.noticiasradioreflejos.com.ar\/2021\/wp-json\/wp\/v2\/posts"}],"about":[{"href":"https:\/\/www.noticiasradioreflejos.com.ar\/2021\/wp-json\/wp\/v2\/types\/post"}],"author":[{"embeddable":true,"href":"https:\/\/www.noticiasradioreflejos.com.ar\/2021\/wp-json\/wp\/v2\/users\/3"}],"replies":[{"embeddable":true,"href":"https:\/\/www.noticiasradioreflejos.com.ar\/2021\/wp-json\/wp\/v2\/comments?post=52142"}],"version-history":[{"count":0,"href":"https:\/\/www.noticiasradioreflejos.com.ar\/2021\/wp-json\/wp\/v2\/posts\/52142\/revisions"}],"wp:attachment":[{"href":"https:\/\/www.noticiasradioreflejos.com.ar\/2021\/wp-json\/wp\/v2\/media?parent=52142"}],"wp:term":[{"taxonomy":"category","embeddable":true,"href":"https:\/\/www.noticiasradioreflejos.com.ar\/2021\/wp-json\/wp\/v2\/categories?post=52142"},{"taxonomy":"post_tag","embeddable":true,"href":"https:\/\/www.noticiasradioreflejos.com.ar\/2021\/wp-json\/wp\/v2\/tags?post=52142"}],"curies":[{"name":"wp","href":"https:\/\/api.w.org\/{rel}","templated":true}]}}