{"id":52131,"date":"2021-02-04T15:33:17","date_gmt":"2021-02-04T18:33:17","guid":{"rendered":"http:\/\/www.noticiasradioreflejos.com.ar\/noticias\/?p=52131"},"modified":"2021-02-04T15:33:17","modified_gmt":"2021-02-04T18:33:17","slug":"segun-la-oms-la-teoria-de-una-fuga-del-coronavirus-desde-un-laboratorio-chino-es-poco-creible","status":"publish","type":"post","link":"https:\/\/www.noticiasradioreflejos.com.ar\/2021\/segun-la-oms-la-teoria-de-una-fuga-del-coronavirus-desde-un-laboratorio-chino-es-poco-creible\/","title":{"rendered":"Seg\u00fan la OMS, la teor\u00eda de una fuga del coronavirus desde un laboratorio chino es \u00abpoco cre\u00edble\u00bb"},"content":{"rendered":"<p>Peter Ben Embarek, quien forma parte de la decena de investigadores de la OMS que llegaron a China en enero para investigar la aparici\u00f3n de la Covid-19, indic\u00f3 que es poco probable que el coronavirus haya salido de un laboratorio.<!--more--><\/p>\n<div id=\"image\" class=\"image\"><img decoding=\"async\" title=\"Hasta ahora no se encontraron pruebas que apoyen la hip\u00f3tesis de que el virus sali\u00f3 de un laboratorio.\" src=\"https:\/\/www.telam.com.ar\/advf\/imagenes\/2021\/02\/601a94a807bf0_1004x565.jpg\" alt=\"Hasta ahora no se encontraron pruebas que apoyen la hip\u00f3tesis de que el virus sali\u00f3 de un laboratorio.\" \/><\/p>\n<div class=\"epigrafe\">Hasta ahora no se encontraron pruebas que apoyen la hip\u00f3tesis de que el virus sali\u00f3 de un laboratorio.<\/div>\n<\/div>\n<p>El jefe del equipo t\u00e9cnico de la Organizaci\u00f3n Mundial de la salud (OMS) que investiga el origen de la pandemia en la ciudad china de Wuhan calific\u00f3 hoy como \u00abpoco cre\u00edble\u00bb que el coronavirus haya salido de un laboratorio y afirm\u00f3 que esa hip\u00f3tesis se ajusta m\u00e1s a un \u00abexcelente gui\u00f3n\u00bb para una pel\u00edcula.<\/p>\n<p>Peter Ben Embarek forma parte de la decena de investigadores de la OMS que llegaron a China en enero para investigar la aparici\u00f3n de la Covid-19.<\/p>\n<blockquote class=\"small-left\"><p>El Instituto de Virolog\u00eda de Wuhan cuenta desde 2012 con un laboratorio de alta seguridad P4 para pat\u00f3genos muy peligrosos, que puede albergar cepas de virus como el del \u00c9bola y que la OMS pudo visitar.<\/p><\/blockquote>\n<p>El equipo estuvo el Instituto de Virolog\u00eda de Wuhan desde donde, seg\u00fan algunas controvertidas hip\u00f3tesis lanzadas incluso por el propio expresidente estadounidense Donald Trump y sus principales colaboradores, habr\u00eda salido el virus.<\/p>\n<p>\u00abSi empezamos a seguir y perseguir fantasmas aqu\u00ed y all\u00e1, nunca llegaremos a ninguna parte\u00bb, dijo Ben Embarek en una entrevista telef\u00f3nica desde Beijing, inform\u00f3 la agencia de noticias AFP.<\/p>\n<p><strong>Para el experto, que estuvo trabajando para la OMS en la capital china a principios de la d\u00e9cada de 2010, la visita al Instituto fue \u00abun paso importante para entender de d\u00f3nde vienen estas historias\u00bb.<\/strong><\/p>\n<p>Hay que ser capaces de \u00abexplicar por qu\u00e9 algunas de ellas son totalmente irracionales, por qu\u00e9 algunas de ellas podr\u00edan tener sentido, y por qu\u00e9 algunas de ellas pueden ser explicadas o no\u00bb, agreg\u00f3.<\/p>\n<p>El Instituto de Virolog\u00eda de Wuhan cuenta desde 2012 con un laboratorio de alta seguridad P4 para pat\u00f3genos muy peligrosos, que puede albergar cepas de virus como el del \u00c9bola y que la OMS pudo visitar.<\/p>\n<p>Ben Embarek dijo que hab\u00eda mantenido \u00abconversaciones muy francas\u00bb con sus interlocutores chinos.<\/p>\n<p>Antes de dejar el cargo de jefe de la diplomacia estadounidense, Mike Pompeo volvi\u00f3 a se\u00f1alar con el dedo al Instituto a mediados de enero.<\/p>\n<p>Sin embargo, hasta ahora no se encontraron pruebas que apoyen esta hip\u00f3tesis.<\/p>\n<p><strong>Todas estas conjeturas ser\u00edan \u00abexcelentes guiones para pel\u00edculas y series\u00bb, insisti\u00f3 el jefe de los expertos de la OMS, quien subray\u00f3 los beneficios de \u00abatenerse a la ciencia y a los hechos\u00bb para sacar una conclusi\u00f3n definitiva sobre el origen de la pandemia.<\/strong><\/p>\n<p>Seg\u00fan Ben Embarek, la delegaci\u00f3n debe concluir su misi\u00f3n en Wuhan la pr\u00f3xima semana.<\/p>\n<p><strong>\u00abNo obtendremos respuestas completas sobre el origen del virus, pero ser\u00e1 un buen primer paso\u00bb, asegur\u00f3. \u00abSer\u00e1 una forma muy s\u00f3lida y clara de c\u00f3mo avanzar\u00bb, concluy\u00f3.<\/strong><\/div>\n<\/div>\n<\/div>\n<\/div>\n<\/div>\n","protected":false},"excerpt":{"rendered":"<p>Peter Ben Embarek, quien forma parte de la decena de investigadores de la OMS que llegaron a China en enero para investigar la aparici\u00f3n de la Covid-19, indic\u00f3 que es poco probable que el coronavirus haya salido de un laboratorio.<\/p>\n","protected":false},"author":3,"featured_media":0,"comment_status":"closed","ping_status":"open","sticky":false,"template":"","format":"standard","meta":{"footnotes":""},"categories":[30],"tags":[],"class_list":["post-52131","post","type-post","status-publish","format-standard","hentry","category-salud"],"yoast_head":"<!-- This site is optimized with the Yoast SEO plugin v25.9 - https:\/\/yoast.com\/wordpress\/plugins\/seo\/ -->\n<title>Seg\u00fan la OMS, la teor\u00eda de una fuga del coronavirus desde un laboratorio chino es &quot;poco cre\u00edble&quot; - Noticias Radio Reflejos<\/title>\n<meta name=\"robots\" content=\"index, follow, max-snippet:-1, max-image-preview:large, max-video-preview:-1\" \/>\n<link rel=\"canonical\" href=\"https:\/\/www.noticiasradioreflejos.com.ar\/2021\/segun-la-oms-la-teoria-de-una-fuga-del-coronavirus-desde-un-laboratorio-chino-es-poco-creible\/\" \/>\n<meta property=\"og:locale\" content=\"es_ES\" \/>\n<meta property=\"og:type\" content=\"article\" \/>\n<meta property=\"og:title\" content=\"Seg\u00fan la OMS, la teor\u00eda de una fuga del coronavirus desde un laboratorio chino es &quot;poco cre\u00edble&quot; - Noticias Radio Reflejos\" \/>\n<meta property=\"og:description\" content=\"Peter Ben Embarek, quien forma parte de la decena de investigadores de la OMS que llegaron a China en enero para investigar la aparici\u00f3n de la Covid-19, indic\u00f3 que es poco probable que el coronavirus haya salido de un laboratorio.\" \/>\n<meta property=\"og:url\" content=\"https:\/\/www.noticiasradioreflejos.com.ar\/2021\/segun-la-oms-la-teoria-de-una-fuga-del-coronavirus-desde-un-laboratorio-chino-es-poco-creible\/\" \/>\n<meta property=\"og:site_name\" content=\"Noticias Radio Reflejos\" \/>\n<meta property=\"article:published_time\" content=\"2021-02-04T18:33:17+00:00\" \/>\n<meta property=\"og:image\" content=\"https:\/\/www.telam.com.ar\/advf\/imagenes\/2021\/02\/601a94a807bf0_1004x565.jpg\" \/>\n<meta name=\"author\" content=\"Arnaldo Botto\" \/>\n<meta name=\"twitter:card\" content=\"summary_large_image\" \/>\n<script type=\"application\/ld+json\" class=\"yoast-schema-graph\">{\"@context\":\"https:\/\/schema.org\",\"@graph\":[{\"@type\":\"WebPage\",\"@id\":\"https:\/\/www.noticiasradioreflejos.com.ar\/2021\/segun-la-oms-la-teoria-de-una-fuga-del-coronavirus-desde-un-laboratorio-chino-es-poco-creible\/\",\"url\":\"https:\/\/www.noticiasradioreflejos.com.ar\/2021\/segun-la-oms-la-teoria-de-una-fuga-del-coronavirus-desde-un-laboratorio-chino-es-poco-creible\/\",\"name\":\"Seg\u00fan la OMS, la teor\u00eda de una fuga del coronavirus desde un laboratorio chino es \\\"poco cre\u00edble\\\" - Noticias Radio Reflejos\",\"isPartOf\":{\"@id\":\"https:\/\/www.noticiasradioreflejos.com.ar\/2021\/#website\"},\"primaryImageOfPage\":{\"@id\":\"https:\/\/www.noticiasradioreflejos.com.ar\/2021\/segun-la-oms-la-teoria-de-una-fuga-del-coronavirus-desde-un-laboratorio-chino-es-poco-creible\/#primaryimage\"},\"image\":{\"@id\":\"https:\/\/www.noticiasradioreflejos.com.ar\/2021\/segun-la-oms-la-teoria-de-una-fuga-del-coronavirus-desde-un-laboratorio-chino-es-poco-creible\/#primaryimage\"},\"thumbnailUrl\":\"https:\/\/www.telam.com.ar\/advf\/imagenes\/2021\/02\/601a94a807bf0_1004x565.jpg\",\"datePublished\":\"2021-02-04T18:33:17+00:00\",\"author\":{\"@id\":\"https:\/\/www.noticiasradioreflejos.com.ar\/2021\/#\/schema\/person\/ad82545263dcc5ec0996818884fd5fb1\"},\"breadcrumb\":{\"@id\":\"https:\/\/www.noticiasradioreflejos.com.ar\/2021\/segun-la-oms-la-teoria-de-una-fuga-del-coronavirus-desde-un-laboratorio-chino-es-poco-creible\/#breadcrumb\"},\"inLanguage\":\"es\",\"potentialAction\":[{\"@type\":\"ReadAction\",\"target\":[\"https:\/\/www.noticiasradioreflejos.com.ar\/2021\/segun-la-oms-la-teoria-de-una-fuga-del-coronavirus-desde-un-laboratorio-chino-es-poco-creible\/\"]}]},{\"@type\":\"ImageObject\",\"inLanguage\":\"es\",\"@id\":\"https:\/\/www.noticiasradioreflejos.com.ar\/2021\/segun-la-oms-la-teoria-de-una-fuga-del-coronavirus-desde-un-laboratorio-chino-es-poco-creible\/#primaryimage\",\"url\":\"https:\/\/www.telam.com.ar\/advf\/imagenes\/2021\/02\/601a94a807bf0_1004x565.jpg\",\"contentUrl\":\"https:\/\/www.telam.com.ar\/advf\/imagenes\/2021\/02\/601a94a807bf0_1004x565.jpg\"},{\"@type\":\"BreadcrumbList\",\"@id\":\"https:\/\/www.noticiasradioreflejos.com.ar\/2021\/segun-la-oms-la-teoria-de-una-fuga-del-coronavirus-desde-un-laboratorio-chino-es-poco-creible\/#breadcrumb\",\"itemListElement\":[{\"@type\":\"ListItem\",\"position\":1,\"name\":\"Portada\",\"item\":\"https:\/\/www.noticiasradioreflejos.com.ar\/2021\/\"},{\"@type\":\"ListItem\",\"position\":2,\"name\":\"Seg\u00fan la OMS, la teor\u00eda de una fuga del coronavirus desde un laboratorio chino es \u00abpoco cre\u00edble\u00bb\"}]},{\"@type\":\"WebSite\",\"@id\":\"https:\/\/www.noticiasradioreflejos.com.ar\/2021\/#website\",\"url\":\"https:\/\/www.noticiasradioreflejos.com.ar\/2021\/\",\"name\":\"Noticias Radio Reflejos\",\"description\":\"Las noticias de mi comarca\",\"potentialAction\":[{\"@type\":\"SearchAction\",\"target\":{\"@type\":\"EntryPoint\",\"urlTemplate\":\"https:\/\/www.noticiasradioreflejos.com.ar\/2021\/?s={search_term_string}\"},\"query-input\":{\"@type\":\"PropertyValueSpecification\",\"valueRequired\":true,\"valueName\":\"search_term_string\"}}],\"inLanguage\":\"es\"},{\"@type\":\"Person\",\"@id\":\"https:\/\/www.noticiasradioreflejos.com.ar\/2021\/#\/schema\/person\/ad82545263dcc5ec0996818884fd5fb1\",\"name\":\"Arnaldo Botto\",\"image\":{\"@type\":\"ImageObject\",\"inLanguage\":\"es\",\"@id\":\"https:\/\/www.noticiasradioreflejos.com.ar\/2021\/#\/schema\/person\/image\/\",\"url\":\"https:\/\/secure.gravatar.com\/avatar\/55cb5e37c1efa326397366e6974cb338056df65cb50e7d64d1cf314e87504837?s=96&d=mm&r=g\",\"contentUrl\":\"https:\/\/secure.gravatar.com\/avatar\/55cb5e37c1efa326397366e6974cb338056df65cb50e7d64d1cf314e87504837?s=96&d=mm&r=g\",\"caption\":\"Arnaldo Botto\"},\"url\":\"https:\/\/www.noticiasradioreflejos.com.ar\/2021\/author\/arnaldo\/\"}]}<\/script>\n<!-- \/ Yoast SEO plugin. -->","yoast_head_json":{"title":"Seg\u00fan la OMS, la teor\u00eda de una fuga del coronavirus desde un laboratorio chino es \"poco cre\u00edble\" - Noticias Radio Reflejos","robots":{"index":"index","follow":"follow","max-snippet":"max-snippet:-1","max-image-preview":"max-image-preview:large","max-video-preview":"max-video-preview:-1"},"canonical":"https:\/\/www.noticiasradioreflejos.com.ar\/2021\/segun-la-oms-la-teoria-de-una-fuga-del-coronavirus-desde-un-laboratorio-chino-es-poco-creible\/","og_locale":"es_ES","og_type":"article","og_title":"Seg\u00fan la OMS, la teor\u00eda de una fuga del coronavirus desde un laboratorio chino es \"poco cre\u00edble\" - Noticias Radio Reflejos","og_description":"Peter Ben Embarek, quien forma parte de la decena de investigadores de la OMS que llegaron a China en enero para investigar la aparici\u00f3n de la Covid-19, indic\u00f3 que es poco probable que el coronavirus haya salido de un laboratorio.","og_url":"https:\/\/www.noticiasradioreflejos.com.ar\/2021\/segun-la-oms-la-teoria-de-una-fuga-del-coronavirus-desde-un-laboratorio-chino-es-poco-creible\/","og_site_name":"Noticias Radio Reflejos","article_published_time":"2021-02-04T18:33:17+00:00","og_image":[{"url":"https:\/\/www.telam.com.ar\/advf\/imagenes\/2021\/02\/601a94a807bf0_1004x565.jpg","type":"","width":"","height":""}],"author":"Arnaldo Botto","twitter_card":"summary_large_image","schema":{"@context":"https:\/\/schema.org","@graph":[{"@type":"WebPage","@id":"https:\/\/www.noticiasradioreflejos.com.ar\/2021\/segun-la-oms-la-teoria-de-una-fuga-del-coronavirus-desde-un-laboratorio-chino-es-poco-creible\/","url":"https:\/\/www.noticiasradioreflejos.com.ar\/2021\/segun-la-oms-la-teoria-de-una-fuga-del-coronavirus-desde-un-laboratorio-chino-es-poco-creible\/","name":"Seg\u00fan la OMS, la teor\u00eda de una fuga del coronavirus desde un laboratorio chino es \"poco cre\u00edble\" - Noticias Radio Reflejos","isPartOf":{"@id":"https:\/\/www.noticiasradioreflejos.com.ar\/2021\/#website"},"primaryImageOfPage":{"@id":"https:\/\/www.noticiasradioreflejos.com.ar\/2021\/segun-la-oms-la-teoria-de-una-fuga-del-coronavirus-desde-un-laboratorio-chino-es-poco-creible\/#primaryimage"},"image":{"@id":"https:\/\/www.noticiasradioreflejos.com.ar\/2021\/segun-la-oms-la-teoria-de-una-fuga-del-coronavirus-desde-un-laboratorio-chino-es-poco-creible\/#primaryimage"},"thumbnailUrl":"https:\/\/www.telam.com.ar\/advf\/imagenes\/2021\/02\/601a94a807bf0_1004x565.jpg","datePublished":"2021-02-04T18:33:17+00:00","author":{"@id":"https:\/\/www.noticiasradioreflejos.com.ar\/2021\/#\/schema\/person\/ad82545263dcc5ec0996818884fd5fb1"},"breadcrumb":{"@id":"https:\/\/www.noticiasradioreflejos.com.ar\/2021\/segun-la-oms-la-teoria-de-una-fuga-del-coronavirus-desde-un-laboratorio-chino-es-poco-creible\/#breadcrumb"},"inLanguage":"es","potentialAction":[{"@type":"ReadAction","target":["https:\/\/www.noticiasradioreflejos.com.ar\/2021\/segun-la-oms-la-teoria-de-una-fuga-del-coronavirus-desde-un-laboratorio-chino-es-poco-creible\/"]}]},{"@type":"ImageObject","inLanguage":"es","@id":"https:\/\/www.noticiasradioreflejos.com.ar\/2021\/segun-la-oms-la-teoria-de-una-fuga-del-coronavirus-desde-un-laboratorio-chino-es-poco-creible\/#primaryimage","url":"https:\/\/www.telam.com.ar\/advf\/imagenes\/2021\/02\/601a94a807bf0_1004x565.jpg","contentUrl":"https:\/\/www.telam.com.ar\/advf\/imagenes\/2021\/02\/601a94a807bf0_1004x565.jpg"},{"@type":"BreadcrumbList","@id":"https:\/\/www.noticiasradioreflejos.com.ar\/2021\/segun-la-oms-la-teoria-de-una-fuga-del-coronavirus-desde-un-laboratorio-chino-es-poco-creible\/#breadcrumb","itemListElement":[{"@type":"ListItem","position":1,"name":"Portada","item":"https:\/\/www.noticiasradioreflejos.com.ar\/2021\/"},{"@type":"ListItem","position":2,"name":"Seg\u00fan la OMS, la teor\u00eda de una fuga del coronavirus desde un laboratorio chino es \u00abpoco cre\u00edble\u00bb"}]},{"@type":"WebSite","@id":"https:\/\/www.noticiasradioreflejos.com.ar\/2021\/#website","url":"https:\/\/www.noticiasradioreflejos.com.ar\/2021\/","name":"Noticias Radio Reflejos","description":"Las noticias de mi comarca","potentialAction":[{"@type":"SearchAction","target":{"@type":"EntryPoint","urlTemplate":"https:\/\/www.noticiasradioreflejos.com.ar\/2021\/?s={search_term_string}"},"query-input":{"@type":"PropertyValueSpecification","valueRequired":true,"valueName":"search_term_string"}}],"inLanguage":"es"},{"@type":"Person","@id":"https:\/\/www.noticiasradioreflejos.com.ar\/2021\/#\/schema\/person\/ad82545263dcc5ec0996818884fd5fb1","name":"Arnaldo Botto","image":{"@type":"ImageObject","inLanguage":"es","@id":"https:\/\/www.noticiasradioreflejos.com.ar\/2021\/#\/schema\/person\/image\/","url":"https:\/\/secure.gravatar.com\/avatar\/55cb5e37c1efa326397366e6974cb338056df65cb50e7d64d1cf314e87504837?s=96&d=mm&r=g","contentUrl":"https:\/\/secure.gravatar.com\/avatar\/55cb5e37c1efa326397366e6974cb338056df65cb50e7d64d1cf314e87504837?s=96&d=mm&r=g","caption":"Arnaldo Botto"},"url":"https:\/\/www.noticiasradioreflejos.com.ar\/2021\/author\/arnaldo\/"}]}},"_links":{"self":[{"href":"https:\/\/www.noticiasradioreflejos.com.ar\/2021\/wp-json\/wp\/v2\/posts\/52131","targetHints":{"allow":["GET"]}}],"collection":[{"href":"https:\/\/www.noticiasradioreflejos.com.ar\/2021\/wp-json\/wp\/v2\/posts"}],"about":[{"href":"https:\/\/www.noticiasradioreflejos.com.ar\/2021\/wp-json\/wp\/v2\/types\/post"}],"author":[{"embeddable":true,"href":"https:\/\/www.noticiasradioreflejos.com.ar\/2021\/wp-json\/wp\/v2\/users\/3"}],"replies":[{"embeddable":true,"href":"https:\/\/www.noticiasradioreflejos.com.ar\/2021\/wp-json\/wp\/v2\/comments?post=52131"}],"version-history":[{"count":0,"href":"https:\/\/www.noticiasradioreflejos.com.ar\/2021\/wp-json\/wp\/v2\/posts\/52131\/revisions"}],"wp:attachment":[{"href":"https:\/\/www.noticiasradioreflejos.com.ar\/2021\/wp-json\/wp\/v2\/media?parent=52131"}],"wp:term":[{"taxonomy":"category","embeddable":true,"href":"https:\/\/www.noticiasradioreflejos.com.ar\/2021\/wp-json\/wp\/v2\/categories?post=52131"},{"taxonomy":"post_tag","embeddable":true,"href":"https:\/\/www.noticiasradioreflejos.com.ar\/2021\/wp-json\/wp\/v2\/tags?post=52131"}],"curies":[{"name":"wp","href":"https:\/\/api.w.org\/{rel}","templated":true}]}}