{"id":52126,"date":"2021-02-04T17:46:06","date_gmt":"2021-02-04T20:46:06","guid":{"rendered":"http:\/\/www.noticiasradioreflejos.com.ar\/noticias\/?p=52126"},"modified":"2021-02-04T17:46:06","modified_gmt":"2021-02-04T20:46:06","slug":"turismo-una-excursion-de-trekking-o-cabalgata-que-finaliza-con-cordero-al-asador-en-la-reserva-natural-de-sierras-grandes","status":"publish","type":"post","link":"https:\/\/www.noticiasradioreflejos.com.ar\/2021\/turismo-una-excursion-de-trekking-o-cabalgata-que-finaliza-con-cordero-al-asador-en-la-reserva-natural-de-sierras-grandes\/","title":{"rendered":"Turismo: Una excursi\u00f3n de Trekking o cabalgata, que finaliza con cordero al asador en la Reserva Natural de Sierras Grandes"},"content":{"rendered":"<p>Una traves\u00eda con paredones rocosos de color\u00a0rosa, piletones, el arroyo en un paisaje id\u00edlico dentro de Sierra de la Ventana<strong>.\u00a0 Gisela Dorasio<\/strong>, a cargo de la administraci\u00f3n de la <span style=\"color: #003300;\"><strong>Reserva Natural de Sierras Grandes<\/strong><\/span>, nos presenta una nueva actividad que tomar\u00e1 lugar en la reserva este Domingo 7 de Febrero.<!--more--><\/p>\n<p><a title=\"WhatsApp Image 2021-02-03 at 11.56.48 (2)\" href=\"http:\/\/live.staticflickr.com\/65535\/50909503842_1de50424f3_s.jpg\" rel=\"\"><img loading=\"lazy\" decoding=\"async\" class=\"aligncenter\" title=\"WhatsApp Image 2021-02-03 at 11.56.48 (2)\" src=\"http:\/\/live.staticflickr.com\/65535\/50909503842_1de50424f3_c.jpg\" alt=\"WhatsApp Image 2021-02-03 at 11.56.48 (2)\" width=\"800\" height=\"800\" \/><\/a><\/p>\n<p>Alrededor del 5 de Diciembre fue que Sierras Grandes abri\u00f3 sus puertas para comenzar con la temporada estival. Gisela coment\u00f3 que la gente est\u00e1 muy educada en tema de protocolos, \u00abes cuesti\u00f3n de acostumbrarnos\u00bb mencion\u00f3.<\/p>\n<p>Dentro de la Reserva existen 7 actividades para realizar y ahora agregaron una cabalgata. \u00abAhora estamos sum\u00e1ndole actividades complementarias, trekking nocturnos y asado\u00bb coment\u00f3 Gisela. Agreg\u00f3 que los piletones se mantienen durante todo el a\u00f1o, por lo tanto es buena idea visitar la Reserva en d\u00edas de mucho calor.<\/p>\n<p><a title=\"WhatsApp Image 2021-02-03 at 11.56.48 (1)\" href=\"http:\/\/live.staticflickr.com\/65535\/50908675458_e4559fd502_s.jpg\" rel=\"\"><img loading=\"lazy\" decoding=\"async\" class=\"aligncenter\" title=\"WhatsApp Image 2021-02-03 at 11.56.48 (1)\" src=\"http:\/\/live.staticflickr.com\/65535\/50908675458_e4559fd502_c.jpg\" alt=\"WhatsApp Image 2021-02-03 at 11.56.48 (1)\" width=\"800\" height=\"600\" \/><\/a><\/p>\n<p>El cronograma de Sierras Grandes para este Domingo es el siguiente:<br \/>\n8:30hs Trekking con reserva anticipada<br \/>\n9:30hs Cabalgata con Almuerzo de Cordero al asador alrededor de las 14hs.<\/p>\n<p><a title=\"WhatsApp Image 2021-02-03 at 11.56.48\" href=\"http:\/\/live.staticflickr.com\/65535\/50908675368_ee7bf608dc_s.jpg\" rel=\"\"><img loading=\"lazy\" decoding=\"async\" class=\"aligncenter\" title=\"WhatsApp Image 2021-02-03 at 11.56.48\" src=\"http:\/\/live.staticflickr.com\/65535\/50908675368_ee7bf608dc_c.jpg\" alt=\"WhatsApp Image 2021-02-03 at 11.56.48\" width=\"800\" height=\"500\" \/><\/a><\/p>\n<p>Gisela aclar\u00f3 que la excursi\u00f3n y la cabalgata se hacen casi todos los d\u00edas, con horarios extendidos. \u00abEl fin de semana largo de Carnavales lo volvemos a repetir\u00bb se refiri\u00f3 al asado del Domingo.<\/p>\n<p>Las v\u00edas de comunicaci\u00f3n son:<br \/>\n2929410416 (WhatsApp o llamadas)<br \/>\nFacebook o Instagram <span style=\"color: #008000;\"><strong>\u00abReserva Natural Sierras Grandes\u00bb<\/strong><\/span><\/p>\n<p>Nota completa a continuaci\u00f3n:<br \/>\n<iframe loading=\"lazy\" src=\"https:\/\/w.soundcloud.com\/player\/?url=https%3A\/\/api.soundcloud.com\/tracks\/978941629&amp;color=%23ff5500&amp;auto_play=false&amp;hide_related=false&amp;show_comments=true&amp;show_user=true&amp;show_reposts=false&amp;show_teaser=true\" width=\"100%\" height=\"166\" frameborder=\"no\" scrolling=\"no\"><\/iframe><\/p>\n<div style=\"font-size: 10px; color: #cccccc; line-break: anywhere; word-break: normal; overflow: hidden; white-space: nowrap; text-overflow: ellipsis; font-family: Interstate,Lucida Grande,Lucida Sans Unicode,Lucida Sans,Garuda,Verdana,Tahoma,sans-serif; font-weight: 100;\"><a style=\"color: #cccccc; text-decoration: none;\" title=\"fmreflejos 103.7\" href=\"https:\/\/soundcloud.com\/fmreflejos-103-7\" target=\"_blank\" rel=\"noopener\">fmreflejos 103.7<\/a> \u00b7 <a style=\"color: #cccccc; text-decoration: none;\" title=\"Nota Gisela Dorasio\" href=\"https:\/\/soundcloud.com\/fmreflejos-103-7\/nota-gisela-dorasio\" target=\"_blank\" rel=\"noopener\">Nota Gisela Dorasio<\/a><\/div>\n<p><a title=\"WhatsApp Image 2021-02-03 at 11.56.51 (1)\" href=\"http:\/\/live.staticflickr.com\/65535\/50908675893_cb92c1306b_s.jpg\" rel=\"\"><img loading=\"lazy\" decoding=\"async\" class=\"aligncenter\" title=\"WhatsApp Image 2021-02-03 at 11.56.51 (1)\" src=\"http:\/\/live.staticflickr.com\/65535\/50908675893_cb92c1306b_c.jpg\" alt=\"WhatsApp Image 2021-02-03 at 11.56.51 (1)\" width=\"599\" height=\"800\" \/><\/a><\/p>\n<p><a title=\"WhatsApp Image 2021-02-03 at 11.56.49\" href=\"http:\/\/live.staticflickr.com\/65535\/50908675788_ea7884447d_s.jpg\" rel=\"\"><img loading=\"lazy\" decoding=\"async\" class=\"aligncenter\" title=\"WhatsApp Image 2021-02-03 at 11.56.49\" src=\"http:\/\/live.staticflickr.com\/65535\/50908675788_ea7884447d_c.jpg\" alt=\"WhatsApp Image 2021-02-03 at 11.56.49\" width=\"800\" height=\"800\" \/><\/a><\/p>\n<p><a title=\"WhatsApp Image 2021-02-04 at 12.51.30\" href=\"http:\/\/live.staticflickr.com\/65535\/50909369561_2607b16ed1_s.jpg\" rel=\"\"><img loading=\"lazy\" decoding=\"async\" class=\"aligncenter\" title=\"WhatsApp Image 2021-02-04 at 12.51.30\" src=\"http:\/\/live.staticflickr.com\/65535\/50909369561_2607b16ed1_c.jpg\" alt=\"WhatsApp Image 2021-02-04 at 12.51.30\" width=\"800\" height=\"600\" \/><\/a><\/p>\n","protected":false},"excerpt":{"rendered":"<p>Una traves\u00eda con paredones rocosos de color\u00a0rosa, piletones, el arroyo en un paisaje id\u00edlico dentro de Sierra de la Ventana.\u00a0 Gisela Dorasio, a cargo de la administraci\u00f3n de la Reserva Natural de Sierras Grandes, nos presenta una nueva actividad que tomar\u00e1 lugar en la reserva este Domingo 7 de Febrero.<\/p>\n","protected":false},"author":3,"featured_media":0,"comment_status":"closed","ping_status":"open","sticky":false,"template":"","format":"standard","meta":{"footnotes":""},"categories":[33],"tags":[],"class_list":["post-52126","post","type-post","status-publish","format-standard","hentry","category-turismo"],"yoast_head":"<!-- This site is optimized with the Yoast SEO plugin v25.9 - https:\/\/yoast.com\/wordpress\/plugins\/seo\/ -->\n<title>Turismo: Una excursi\u00f3n de Trekking o cabalgata, que finaliza con cordero al asador en la Reserva Natural de Sierras Grandes - Noticias Radio Reflejos<\/title>\n<meta name=\"robots\" content=\"index, follow, max-snippet:-1, max-image-preview:large, max-video-preview:-1\" \/>\n<link rel=\"canonical\" href=\"https:\/\/www.noticiasradioreflejos.com.ar\/2021\/turismo-una-excursion-de-trekking-o-cabalgata-que-finaliza-con-cordero-al-asador-en-la-reserva-natural-de-sierras-grandes\/\" \/>\n<meta property=\"og:locale\" content=\"es_ES\" \/>\n<meta property=\"og:type\" content=\"article\" \/>\n<meta property=\"og:title\" content=\"Turismo: Una excursi\u00f3n de Trekking o cabalgata, que finaliza con cordero al asador en la Reserva Natural de Sierras Grandes - Noticias Radio Reflejos\" \/>\n<meta property=\"og:description\" content=\"Una traves\u00eda con paredones rocosos de color\u00a0rosa, piletones, el arroyo en un paisaje id\u00edlico dentro de Sierra de la Ventana.\u00a0 Gisela Dorasio, a cargo de la administraci\u00f3n de la Reserva Natural de Sierras Grandes, nos presenta una nueva actividad que tomar\u00e1 lugar en la reserva este Domingo 7 de Febrero.\" \/>\n<meta property=\"og:url\" content=\"https:\/\/www.noticiasradioreflejos.com.ar\/2021\/turismo-una-excursion-de-trekking-o-cabalgata-que-finaliza-con-cordero-al-asador-en-la-reserva-natural-de-sierras-grandes\/\" \/>\n<meta property=\"og:site_name\" content=\"Noticias Radio Reflejos\" \/>\n<meta property=\"article:published_time\" content=\"2021-02-04T20:46:06+00:00\" \/>\n<meta property=\"og:image\" content=\"http:\/\/live.staticflickr.com\/65535\/50909503842_1de50424f3_c.jpg\" \/>\n<meta name=\"author\" content=\"Arnaldo Botto\" \/>\n<meta name=\"twitter:card\" content=\"summary_large_image\" \/>\n<script type=\"application\/ld+json\" class=\"yoast-schema-graph\">{\"@context\":\"https:\/\/schema.org\",\"@graph\":[{\"@type\":\"WebPage\",\"@id\":\"https:\/\/www.noticiasradioreflejos.com.ar\/2021\/turismo-una-excursion-de-trekking-o-cabalgata-que-finaliza-con-cordero-al-asador-en-la-reserva-natural-de-sierras-grandes\/\",\"url\":\"https:\/\/www.noticiasradioreflejos.com.ar\/2021\/turismo-una-excursion-de-trekking-o-cabalgata-que-finaliza-con-cordero-al-asador-en-la-reserva-natural-de-sierras-grandes\/\",\"name\":\"Turismo: Una excursi\u00f3n de Trekking o cabalgata, que finaliza con cordero al asador en la Reserva Natural de Sierras Grandes - Noticias Radio Reflejos\",\"isPartOf\":{\"@id\":\"https:\/\/www.noticiasradioreflejos.com.ar\/2021\/#website\"},\"primaryImageOfPage\":{\"@id\":\"https:\/\/www.noticiasradioreflejos.com.ar\/2021\/turismo-una-excursion-de-trekking-o-cabalgata-que-finaliza-con-cordero-al-asador-en-la-reserva-natural-de-sierras-grandes\/#primaryimage\"},\"image\":{\"@id\":\"https:\/\/www.noticiasradioreflejos.com.ar\/2021\/turismo-una-excursion-de-trekking-o-cabalgata-que-finaliza-con-cordero-al-asador-en-la-reserva-natural-de-sierras-grandes\/#primaryimage\"},\"thumbnailUrl\":\"http:\/\/live.staticflickr.com\/65535\/50909503842_1de50424f3_c.jpg\",\"datePublished\":\"2021-02-04T20:46:06+00:00\",\"author\":{\"@id\":\"https:\/\/www.noticiasradioreflejos.com.ar\/2021\/#\/schema\/person\/ad82545263dcc5ec0996818884fd5fb1\"},\"breadcrumb\":{\"@id\":\"https:\/\/www.noticiasradioreflejos.com.ar\/2021\/turismo-una-excursion-de-trekking-o-cabalgata-que-finaliza-con-cordero-al-asador-en-la-reserva-natural-de-sierras-grandes\/#breadcrumb\"},\"inLanguage\":\"es\",\"potentialAction\":[{\"@type\":\"ReadAction\",\"target\":[\"https:\/\/www.noticiasradioreflejos.com.ar\/2021\/turismo-una-excursion-de-trekking-o-cabalgata-que-finaliza-con-cordero-al-asador-en-la-reserva-natural-de-sierras-grandes\/\"]}]},{\"@type\":\"ImageObject\",\"inLanguage\":\"es\",\"@id\":\"https:\/\/www.noticiasradioreflejos.com.ar\/2021\/turismo-una-excursion-de-trekking-o-cabalgata-que-finaliza-con-cordero-al-asador-en-la-reserva-natural-de-sierras-grandes\/#primaryimage\",\"url\":\"http:\/\/live.staticflickr.com\/65535\/50909503842_1de50424f3_c.jpg\",\"contentUrl\":\"http:\/\/live.staticflickr.com\/65535\/50909503842_1de50424f3_c.jpg\"},{\"@type\":\"BreadcrumbList\",\"@id\":\"https:\/\/www.noticiasradioreflejos.com.ar\/2021\/turismo-una-excursion-de-trekking-o-cabalgata-que-finaliza-con-cordero-al-asador-en-la-reserva-natural-de-sierras-grandes\/#breadcrumb\",\"itemListElement\":[{\"@type\":\"ListItem\",\"position\":1,\"name\":\"Portada\",\"item\":\"https:\/\/www.noticiasradioreflejos.com.ar\/2021\/\"},{\"@type\":\"ListItem\",\"position\":2,\"name\":\"Turismo: Una excursi\u00f3n de Trekking o cabalgata, que finaliza con cordero al asador en la Reserva Natural de Sierras Grandes\"}]},{\"@type\":\"WebSite\",\"@id\":\"https:\/\/www.noticiasradioreflejos.com.ar\/2021\/#website\",\"url\":\"https:\/\/www.noticiasradioreflejos.com.ar\/2021\/\",\"name\":\"Noticias Radio Reflejos\",\"description\":\"Las noticias de mi comarca\",\"potentialAction\":[{\"@type\":\"SearchAction\",\"target\":{\"@type\":\"EntryPoint\",\"urlTemplate\":\"https:\/\/www.noticiasradioreflejos.com.ar\/2021\/?s={search_term_string}\"},\"query-input\":{\"@type\":\"PropertyValueSpecification\",\"valueRequired\":true,\"valueName\":\"search_term_string\"}}],\"inLanguage\":\"es\"},{\"@type\":\"Person\",\"@id\":\"https:\/\/www.noticiasradioreflejos.com.ar\/2021\/#\/schema\/person\/ad82545263dcc5ec0996818884fd5fb1\",\"name\":\"Arnaldo Botto\",\"image\":{\"@type\":\"ImageObject\",\"inLanguage\":\"es\",\"@id\":\"https:\/\/www.noticiasradioreflejos.com.ar\/2021\/#\/schema\/person\/image\/\",\"url\":\"https:\/\/secure.gravatar.com\/avatar\/55cb5e37c1efa326397366e6974cb338056df65cb50e7d64d1cf314e87504837?s=96&d=mm&r=g\",\"contentUrl\":\"https:\/\/secure.gravatar.com\/avatar\/55cb5e37c1efa326397366e6974cb338056df65cb50e7d64d1cf314e87504837?s=96&d=mm&r=g\",\"caption\":\"Arnaldo Botto\"},\"url\":\"https:\/\/www.noticiasradioreflejos.com.ar\/2021\/author\/arnaldo\/\"}]}<\/script>\n<!-- \/ Yoast SEO plugin. -->","yoast_head_json":{"title":"Turismo: Una excursi\u00f3n de Trekking o cabalgata, que finaliza con cordero al asador en la Reserva Natural de Sierras Grandes - Noticias Radio Reflejos","robots":{"index":"index","follow":"follow","max-snippet":"max-snippet:-1","max-image-preview":"max-image-preview:large","max-video-preview":"max-video-preview:-1"},"canonical":"https:\/\/www.noticiasradioreflejos.com.ar\/2021\/turismo-una-excursion-de-trekking-o-cabalgata-que-finaliza-con-cordero-al-asador-en-la-reserva-natural-de-sierras-grandes\/","og_locale":"es_ES","og_type":"article","og_title":"Turismo: Una excursi\u00f3n de Trekking o cabalgata, que finaliza con cordero al asador en la Reserva Natural de Sierras Grandes - Noticias Radio Reflejos","og_description":"Una traves\u00eda con paredones rocosos de color\u00a0rosa, piletones, el arroyo en un paisaje id\u00edlico dentro de Sierra de la Ventana.\u00a0 Gisela Dorasio, a cargo de la administraci\u00f3n de la Reserva Natural de Sierras Grandes, nos presenta una nueva actividad que tomar\u00e1 lugar en la reserva este Domingo 7 de Febrero.","og_url":"https:\/\/www.noticiasradioreflejos.com.ar\/2021\/turismo-una-excursion-de-trekking-o-cabalgata-que-finaliza-con-cordero-al-asador-en-la-reserva-natural-de-sierras-grandes\/","og_site_name":"Noticias Radio Reflejos","article_published_time":"2021-02-04T20:46:06+00:00","og_image":[{"url":"http:\/\/live.staticflickr.com\/65535\/50909503842_1de50424f3_c.jpg","type":"","width":"","height":""}],"author":"Arnaldo Botto","twitter_card":"summary_large_image","schema":{"@context":"https:\/\/schema.org","@graph":[{"@type":"WebPage","@id":"https:\/\/www.noticiasradioreflejos.com.ar\/2021\/turismo-una-excursion-de-trekking-o-cabalgata-que-finaliza-con-cordero-al-asador-en-la-reserva-natural-de-sierras-grandes\/","url":"https:\/\/www.noticiasradioreflejos.com.ar\/2021\/turismo-una-excursion-de-trekking-o-cabalgata-que-finaliza-con-cordero-al-asador-en-la-reserva-natural-de-sierras-grandes\/","name":"Turismo: Una excursi\u00f3n de Trekking o cabalgata, que finaliza con cordero al asador en la Reserva Natural de Sierras Grandes - Noticias Radio Reflejos","isPartOf":{"@id":"https:\/\/www.noticiasradioreflejos.com.ar\/2021\/#website"},"primaryImageOfPage":{"@id":"https:\/\/www.noticiasradioreflejos.com.ar\/2021\/turismo-una-excursion-de-trekking-o-cabalgata-que-finaliza-con-cordero-al-asador-en-la-reserva-natural-de-sierras-grandes\/#primaryimage"},"image":{"@id":"https:\/\/www.noticiasradioreflejos.com.ar\/2021\/turismo-una-excursion-de-trekking-o-cabalgata-que-finaliza-con-cordero-al-asador-en-la-reserva-natural-de-sierras-grandes\/#primaryimage"},"thumbnailUrl":"http:\/\/live.staticflickr.com\/65535\/50909503842_1de50424f3_c.jpg","datePublished":"2021-02-04T20:46:06+00:00","author":{"@id":"https:\/\/www.noticiasradioreflejos.com.ar\/2021\/#\/schema\/person\/ad82545263dcc5ec0996818884fd5fb1"},"breadcrumb":{"@id":"https:\/\/www.noticiasradioreflejos.com.ar\/2021\/turismo-una-excursion-de-trekking-o-cabalgata-que-finaliza-con-cordero-al-asador-en-la-reserva-natural-de-sierras-grandes\/#breadcrumb"},"inLanguage":"es","potentialAction":[{"@type":"ReadAction","target":["https:\/\/www.noticiasradioreflejos.com.ar\/2021\/turismo-una-excursion-de-trekking-o-cabalgata-que-finaliza-con-cordero-al-asador-en-la-reserva-natural-de-sierras-grandes\/"]}]},{"@type":"ImageObject","inLanguage":"es","@id":"https:\/\/www.noticiasradioreflejos.com.ar\/2021\/turismo-una-excursion-de-trekking-o-cabalgata-que-finaliza-con-cordero-al-asador-en-la-reserva-natural-de-sierras-grandes\/#primaryimage","url":"http:\/\/live.staticflickr.com\/65535\/50909503842_1de50424f3_c.jpg","contentUrl":"http:\/\/live.staticflickr.com\/65535\/50909503842_1de50424f3_c.jpg"},{"@type":"BreadcrumbList","@id":"https:\/\/www.noticiasradioreflejos.com.ar\/2021\/turismo-una-excursion-de-trekking-o-cabalgata-que-finaliza-con-cordero-al-asador-en-la-reserva-natural-de-sierras-grandes\/#breadcrumb","itemListElement":[{"@type":"ListItem","position":1,"name":"Portada","item":"https:\/\/www.noticiasradioreflejos.com.ar\/2021\/"},{"@type":"ListItem","position":2,"name":"Turismo: Una excursi\u00f3n de Trekking o cabalgata, que finaliza con cordero al asador en la Reserva Natural de Sierras Grandes"}]},{"@type":"WebSite","@id":"https:\/\/www.noticiasradioreflejos.com.ar\/2021\/#website","url":"https:\/\/www.noticiasradioreflejos.com.ar\/2021\/","name":"Noticias Radio Reflejos","description":"Las noticias de mi comarca","potentialAction":[{"@type":"SearchAction","target":{"@type":"EntryPoint","urlTemplate":"https:\/\/www.noticiasradioreflejos.com.ar\/2021\/?s={search_term_string}"},"query-input":{"@type":"PropertyValueSpecification","valueRequired":true,"valueName":"search_term_string"}}],"inLanguage":"es"},{"@type":"Person","@id":"https:\/\/www.noticiasradioreflejos.com.ar\/2021\/#\/schema\/person\/ad82545263dcc5ec0996818884fd5fb1","name":"Arnaldo Botto","image":{"@type":"ImageObject","inLanguage":"es","@id":"https:\/\/www.noticiasradioreflejos.com.ar\/2021\/#\/schema\/person\/image\/","url":"https:\/\/secure.gravatar.com\/avatar\/55cb5e37c1efa326397366e6974cb338056df65cb50e7d64d1cf314e87504837?s=96&d=mm&r=g","contentUrl":"https:\/\/secure.gravatar.com\/avatar\/55cb5e37c1efa326397366e6974cb338056df65cb50e7d64d1cf314e87504837?s=96&d=mm&r=g","caption":"Arnaldo Botto"},"url":"https:\/\/www.noticiasradioreflejos.com.ar\/2021\/author\/arnaldo\/"}]}},"_links":{"self":[{"href":"https:\/\/www.noticiasradioreflejos.com.ar\/2021\/wp-json\/wp\/v2\/posts\/52126","targetHints":{"allow":["GET"]}}],"collection":[{"href":"https:\/\/www.noticiasradioreflejos.com.ar\/2021\/wp-json\/wp\/v2\/posts"}],"about":[{"href":"https:\/\/www.noticiasradioreflejos.com.ar\/2021\/wp-json\/wp\/v2\/types\/post"}],"author":[{"embeddable":true,"href":"https:\/\/www.noticiasradioreflejos.com.ar\/2021\/wp-json\/wp\/v2\/users\/3"}],"replies":[{"embeddable":true,"href":"https:\/\/www.noticiasradioreflejos.com.ar\/2021\/wp-json\/wp\/v2\/comments?post=52126"}],"version-history":[{"count":0,"href":"https:\/\/www.noticiasradioreflejos.com.ar\/2021\/wp-json\/wp\/v2\/posts\/52126\/revisions"}],"wp:attachment":[{"href":"https:\/\/www.noticiasradioreflejos.com.ar\/2021\/wp-json\/wp\/v2\/media?parent=52126"}],"wp:term":[{"taxonomy":"category","embeddable":true,"href":"https:\/\/www.noticiasradioreflejos.com.ar\/2021\/wp-json\/wp\/v2\/categories?post=52126"},{"taxonomy":"post_tag","embeddable":true,"href":"https:\/\/www.noticiasradioreflejos.com.ar\/2021\/wp-json\/wp\/v2\/tags?post=52126"}],"curies":[{"name":"wp","href":"https:\/\/api.w.org\/{rel}","templated":true}]}}