{"id":52123,"date":"2021-02-04T11:48:05","date_gmt":"2021-02-04T14:48:05","guid":{"rendered":"http:\/\/www.noticiasradioreflejos.com.ar\/noticias\/?p=52123"},"modified":"2021-02-04T11:48:05","modified_gmt":"2021-02-04T14:48:05","slug":"atletismo-se-viene-el-primer-torneo-de-pretemporada","status":"publish","type":"post","link":"https:\/\/www.noticiasradioreflejos.com.ar\/2021\/atletismo-se-viene-el-primer-torneo-de-pretemporada\/","title":{"rendered":"Atletismo: Se viene el primer torneo de pretemporada"},"content":{"rendered":"<p>La Escuela Municipal de Atletismo, dependiente de la Direcci\u00f3n de Deportes, realizar\u00e1 el s\u00e1bado 20 de febrero un torneo de pretemporada. Tendr\u00e1 lugar desde las 17 hs en la pista de Tornquist, ubicada en Av. Lavalle y Av. Independencia.<!--more--><br \/>\nSer\u00e1 para participantes U10 (2012-2013) en adelante, incluidos mayores y veteranos, y habr\u00e1 premios para los primeros tres de cada categor\u00eda. Las inscripciones tienen un valor de $50 y se realizan enviando nombre, apellido y fecha de nacimiento a <a href=\"mailto:atletismoventana@gmail.com\">atletismoventana@gmail.com<\/a>.<br \/>\nPruebas y categor\u00edas:<br \/>\n-U10 (2012-2013): 40 mts con obst\u00e1culos y salto en largo;<br \/>\n-U12 (2010-2011): 40 mts llanos, salto en largo y lanzamiento de bala;<br \/>\n-U14 (2008-2009): 60 mts llanos, salto en largo, lanzamiento de bala y 1000 mts;<br \/>\n-U16 (2006-2007): 60 mts llanos, salto en largo, lanzamiento de bala y 1200 mts;<br \/>\n-U18 (2004-2005): 80 mts llanos, salto en largo, lanzamiento de bala y 5000 mts;<br \/>\n-Mayores (2003 en adelante): 80 mts llanos, salto en largo, lanzamiento de bala y 5000 mts;<br \/>\n-Veteranos: 5000 mts. Categor\u00edas: 35-39, 40-44, 45-49, 50-54 y 55 en adelante.<\/p>\n<p><a title=\"Torneo de atletismo 20-2\" href=\"http:\/\/live.staticflickr.com\/65535\/50907716853_7ce698f247_s.jpg\" rel=\"\"><img loading=\"lazy\" decoding=\"async\" class=\"aligncenter\" title=\"Torneo de atletismo 20-2\" src=\"http:\/\/live.staticflickr.com\/65535\/50907716853_7ce698f247_c.jpg\" alt=\"Torneo de atletismo 20-2\" width=\"800\" height=\"776\" \/><\/a><\/p>\n<p>&nbsp;<\/p>\n","protected":false},"excerpt":{"rendered":"<p>La Escuela Municipal de Atletismo, dependiente de la Direcci\u00f3n de Deportes, realizar\u00e1 el s\u00e1bado 20 de febrero un torneo de pretemporada. Tendr\u00e1 lugar desde las 17 hs en la pista de Tornquist, ubicada en Av. Lavalle y Av. Independencia.<\/p>\n","protected":false},"author":3,"featured_media":0,"comment_status":"closed","ping_status":"open","sticky":false,"template":"","format":"standard","meta":{"footnotes":""},"categories":[27],"tags":[],"class_list":["post-52123","post","type-post","status-publish","format-standard","hentry","category-deportes"],"yoast_head":"<!-- This site is optimized with the Yoast SEO plugin v25.9 - https:\/\/yoast.com\/wordpress\/plugins\/seo\/ -->\n<title>Atletismo: Se viene el primer torneo de pretemporada - Noticias Radio Reflejos<\/title>\n<meta name=\"robots\" content=\"index, follow, max-snippet:-1, max-image-preview:large, max-video-preview:-1\" \/>\n<link rel=\"canonical\" href=\"https:\/\/www.noticiasradioreflejos.com.ar\/2021\/atletismo-se-viene-el-primer-torneo-de-pretemporada\/\" \/>\n<meta property=\"og:locale\" content=\"es_ES\" \/>\n<meta property=\"og:type\" content=\"article\" \/>\n<meta property=\"og:title\" content=\"Atletismo: Se viene el primer torneo de pretemporada - Noticias Radio Reflejos\" \/>\n<meta property=\"og:description\" content=\"La Escuela Municipal de Atletismo, dependiente de la Direcci\u00f3n de Deportes, realizar\u00e1 el s\u00e1bado 20 de febrero un torneo de pretemporada. Tendr\u00e1 lugar desde las 17 hs en la pista de Tornquist, ubicada en Av. Lavalle y Av. Independencia.\" \/>\n<meta property=\"og:url\" content=\"https:\/\/www.noticiasradioreflejos.com.ar\/2021\/atletismo-se-viene-el-primer-torneo-de-pretemporada\/\" \/>\n<meta property=\"og:site_name\" content=\"Noticias Radio Reflejos\" \/>\n<meta property=\"article:published_time\" content=\"2021-02-04T14:48:05+00:00\" \/>\n<meta property=\"og:image\" content=\"http:\/\/live.staticflickr.com\/65535\/50907716853_7ce698f247_c.jpg\" \/>\n<meta name=\"author\" content=\"Arnaldo Botto\" \/>\n<meta name=\"twitter:card\" content=\"summary_large_image\" \/>\n<script type=\"application\/ld+json\" class=\"yoast-schema-graph\">{\"@context\":\"https:\/\/schema.org\",\"@graph\":[{\"@type\":\"WebPage\",\"@id\":\"https:\/\/www.noticiasradioreflejos.com.ar\/2021\/atletismo-se-viene-el-primer-torneo-de-pretemporada\/\",\"url\":\"https:\/\/www.noticiasradioreflejos.com.ar\/2021\/atletismo-se-viene-el-primer-torneo-de-pretemporada\/\",\"name\":\"Atletismo: Se viene el primer torneo de pretemporada - Noticias Radio Reflejos\",\"isPartOf\":{\"@id\":\"https:\/\/www.noticiasradioreflejos.com.ar\/2021\/#website\"},\"primaryImageOfPage\":{\"@id\":\"https:\/\/www.noticiasradioreflejos.com.ar\/2021\/atletismo-se-viene-el-primer-torneo-de-pretemporada\/#primaryimage\"},\"image\":{\"@id\":\"https:\/\/www.noticiasradioreflejos.com.ar\/2021\/atletismo-se-viene-el-primer-torneo-de-pretemporada\/#primaryimage\"},\"thumbnailUrl\":\"http:\/\/live.staticflickr.com\/65535\/50907716853_7ce698f247_c.jpg\",\"datePublished\":\"2021-02-04T14:48:05+00:00\",\"author\":{\"@id\":\"https:\/\/www.noticiasradioreflejos.com.ar\/2021\/#\/schema\/person\/ad82545263dcc5ec0996818884fd5fb1\"},\"breadcrumb\":{\"@id\":\"https:\/\/www.noticiasradioreflejos.com.ar\/2021\/atletismo-se-viene-el-primer-torneo-de-pretemporada\/#breadcrumb\"},\"inLanguage\":\"es\",\"potentialAction\":[{\"@type\":\"ReadAction\",\"target\":[\"https:\/\/www.noticiasradioreflejos.com.ar\/2021\/atletismo-se-viene-el-primer-torneo-de-pretemporada\/\"]}]},{\"@type\":\"ImageObject\",\"inLanguage\":\"es\",\"@id\":\"https:\/\/www.noticiasradioreflejos.com.ar\/2021\/atletismo-se-viene-el-primer-torneo-de-pretemporada\/#primaryimage\",\"url\":\"http:\/\/live.staticflickr.com\/65535\/50907716853_7ce698f247_c.jpg\",\"contentUrl\":\"http:\/\/live.staticflickr.com\/65535\/50907716853_7ce698f247_c.jpg\"},{\"@type\":\"BreadcrumbList\",\"@id\":\"https:\/\/www.noticiasradioreflejos.com.ar\/2021\/atletismo-se-viene-el-primer-torneo-de-pretemporada\/#breadcrumb\",\"itemListElement\":[{\"@type\":\"ListItem\",\"position\":1,\"name\":\"Portada\",\"item\":\"https:\/\/www.noticiasradioreflejos.com.ar\/2021\/\"},{\"@type\":\"ListItem\",\"position\":2,\"name\":\"Atletismo: Se viene el primer torneo de pretemporada\"}]},{\"@type\":\"WebSite\",\"@id\":\"https:\/\/www.noticiasradioreflejos.com.ar\/2021\/#website\",\"url\":\"https:\/\/www.noticiasradioreflejos.com.ar\/2021\/\",\"name\":\"Noticias Radio Reflejos\",\"description\":\"Las noticias de mi comarca\",\"potentialAction\":[{\"@type\":\"SearchAction\",\"target\":{\"@type\":\"EntryPoint\",\"urlTemplate\":\"https:\/\/www.noticiasradioreflejos.com.ar\/2021\/?s={search_term_string}\"},\"query-input\":{\"@type\":\"PropertyValueSpecification\",\"valueRequired\":true,\"valueName\":\"search_term_string\"}}],\"inLanguage\":\"es\"},{\"@type\":\"Person\",\"@id\":\"https:\/\/www.noticiasradioreflejos.com.ar\/2021\/#\/schema\/person\/ad82545263dcc5ec0996818884fd5fb1\",\"name\":\"Arnaldo Botto\",\"image\":{\"@type\":\"ImageObject\",\"inLanguage\":\"es\",\"@id\":\"https:\/\/www.noticiasradioreflejos.com.ar\/2021\/#\/schema\/person\/image\/\",\"url\":\"https:\/\/secure.gravatar.com\/avatar\/55cb5e37c1efa326397366e6974cb338056df65cb50e7d64d1cf314e87504837?s=96&d=mm&r=g\",\"contentUrl\":\"https:\/\/secure.gravatar.com\/avatar\/55cb5e37c1efa326397366e6974cb338056df65cb50e7d64d1cf314e87504837?s=96&d=mm&r=g\",\"caption\":\"Arnaldo Botto\"},\"url\":\"https:\/\/www.noticiasradioreflejos.com.ar\/2021\/author\/arnaldo\/\"}]}<\/script>\n<!-- \/ Yoast SEO plugin. -->","yoast_head_json":{"title":"Atletismo: Se viene el primer torneo de pretemporada - Noticias Radio Reflejos","robots":{"index":"index","follow":"follow","max-snippet":"max-snippet:-1","max-image-preview":"max-image-preview:large","max-video-preview":"max-video-preview:-1"},"canonical":"https:\/\/www.noticiasradioreflejos.com.ar\/2021\/atletismo-se-viene-el-primer-torneo-de-pretemporada\/","og_locale":"es_ES","og_type":"article","og_title":"Atletismo: Se viene el primer torneo de pretemporada - Noticias Radio Reflejos","og_description":"La Escuela Municipal de Atletismo, dependiente de la Direcci\u00f3n de Deportes, realizar\u00e1 el s\u00e1bado 20 de febrero un torneo de pretemporada. Tendr\u00e1 lugar desde las 17 hs en la pista de Tornquist, ubicada en Av. Lavalle y Av. Independencia.","og_url":"https:\/\/www.noticiasradioreflejos.com.ar\/2021\/atletismo-se-viene-el-primer-torneo-de-pretemporada\/","og_site_name":"Noticias Radio Reflejos","article_published_time":"2021-02-04T14:48:05+00:00","og_image":[{"url":"http:\/\/live.staticflickr.com\/65535\/50907716853_7ce698f247_c.jpg","type":"","width":"","height":""}],"author":"Arnaldo Botto","twitter_card":"summary_large_image","schema":{"@context":"https:\/\/schema.org","@graph":[{"@type":"WebPage","@id":"https:\/\/www.noticiasradioreflejos.com.ar\/2021\/atletismo-se-viene-el-primer-torneo-de-pretemporada\/","url":"https:\/\/www.noticiasradioreflejos.com.ar\/2021\/atletismo-se-viene-el-primer-torneo-de-pretemporada\/","name":"Atletismo: Se viene el primer torneo de pretemporada - Noticias Radio Reflejos","isPartOf":{"@id":"https:\/\/www.noticiasradioreflejos.com.ar\/2021\/#website"},"primaryImageOfPage":{"@id":"https:\/\/www.noticiasradioreflejos.com.ar\/2021\/atletismo-se-viene-el-primer-torneo-de-pretemporada\/#primaryimage"},"image":{"@id":"https:\/\/www.noticiasradioreflejos.com.ar\/2021\/atletismo-se-viene-el-primer-torneo-de-pretemporada\/#primaryimage"},"thumbnailUrl":"http:\/\/live.staticflickr.com\/65535\/50907716853_7ce698f247_c.jpg","datePublished":"2021-02-04T14:48:05+00:00","author":{"@id":"https:\/\/www.noticiasradioreflejos.com.ar\/2021\/#\/schema\/person\/ad82545263dcc5ec0996818884fd5fb1"},"breadcrumb":{"@id":"https:\/\/www.noticiasradioreflejos.com.ar\/2021\/atletismo-se-viene-el-primer-torneo-de-pretemporada\/#breadcrumb"},"inLanguage":"es","potentialAction":[{"@type":"ReadAction","target":["https:\/\/www.noticiasradioreflejos.com.ar\/2021\/atletismo-se-viene-el-primer-torneo-de-pretemporada\/"]}]},{"@type":"ImageObject","inLanguage":"es","@id":"https:\/\/www.noticiasradioreflejos.com.ar\/2021\/atletismo-se-viene-el-primer-torneo-de-pretemporada\/#primaryimage","url":"http:\/\/live.staticflickr.com\/65535\/50907716853_7ce698f247_c.jpg","contentUrl":"http:\/\/live.staticflickr.com\/65535\/50907716853_7ce698f247_c.jpg"},{"@type":"BreadcrumbList","@id":"https:\/\/www.noticiasradioreflejos.com.ar\/2021\/atletismo-se-viene-el-primer-torneo-de-pretemporada\/#breadcrumb","itemListElement":[{"@type":"ListItem","position":1,"name":"Portada","item":"https:\/\/www.noticiasradioreflejos.com.ar\/2021\/"},{"@type":"ListItem","position":2,"name":"Atletismo: Se viene el primer torneo de pretemporada"}]},{"@type":"WebSite","@id":"https:\/\/www.noticiasradioreflejos.com.ar\/2021\/#website","url":"https:\/\/www.noticiasradioreflejos.com.ar\/2021\/","name":"Noticias Radio Reflejos","description":"Las noticias de mi comarca","potentialAction":[{"@type":"SearchAction","target":{"@type":"EntryPoint","urlTemplate":"https:\/\/www.noticiasradioreflejos.com.ar\/2021\/?s={search_term_string}"},"query-input":{"@type":"PropertyValueSpecification","valueRequired":true,"valueName":"search_term_string"}}],"inLanguage":"es"},{"@type":"Person","@id":"https:\/\/www.noticiasradioreflejos.com.ar\/2021\/#\/schema\/person\/ad82545263dcc5ec0996818884fd5fb1","name":"Arnaldo Botto","image":{"@type":"ImageObject","inLanguage":"es","@id":"https:\/\/www.noticiasradioreflejos.com.ar\/2021\/#\/schema\/person\/image\/","url":"https:\/\/secure.gravatar.com\/avatar\/55cb5e37c1efa326397366e6974cb338056df65cb50e7d64d1cf314e87504837?s=96&d=mm&r=g","contentUrl":"https:\/\/secure.gravatar.com\/avatar\/55cb5e37c1efa326397366e6974cb338056df65cb50e7d64d1cf314e87504837?s=96&d=mm&r=g","caption":"Arnaldo Botto"},"url":"https:\/\/www.noticiasradioreflejos.com.ar\/2021\/author\/arnaldo\/"}]}},"_links":{"self":[{"href":"https:\/\/www.noticiasradioreflejos.com.ar\/2021\/wp-json\/wp\/v2\/posts\/52123","targetHints":{"allow":["GET"]}}],"collection":[{"href":"https:\/\/www.noticiasradioreflejos.com.ar\/2021\/wp-json\/wp\/v2\/posts"}],"about":[{"href":"https:\/\/www.noticiasradioreflejos.com.ar\/2021\/wp-json\/wp\/v2\/types\/post"}],"author":[{"embeddable":true,"href":"https:\/\/www.noticiasradioreflejos.com.ar\/2021\/wp-json\/wp\/v2\/users\/3"}],"replies":[{"embeddable":true,"href":"https:\/\/www.noticiasradioreflejos.com.ar\/2021\/wp-json\/wp\/v2\/comments?post=52123"}],"version-history":[{"count":0,"href":"https:\/\/www.noticiasradioreflejos.com.ar\/2021\/wp-json\/wp\/v2\/posts\/52123\/revisions"}],"wp:attachment":[{"href":"https:\/\/www.noticiasradioreflejos.com.ar\/2021\/wp-json\/wp\/v2\/media?parent=52123"}],"wp:term":[{"taxonomy":"category","embeddable":true,"href":"https:\/\/www.noticiasradioreflejos.com.ar\/2021\/wp-json\/wp\/v2\/categories?post=52123"},{"taxonomy":"post_tag","embeddable":true,"href":"https:\/\/www.noticiasradioreflejos.com.ar\/2021\/wp-json\/wp\/v2\/tags?post=52123"}],"curies":[{"name":"wp","href":"https:\/\/api.w.org\/{rel}","templated":true}]}}