{"id":52115,"date":"2021-02-04T11:12:28","date_gmt":"2021-02-04T14:12:28","guid":{"rendered":"http:\/\/www.noticiasradioreflejos.com.ar\/noticias\/?p=52115"},"modified":"2021-02-04T11:12:28","modified_gmt":"2021-02-04T14:12:28","slug":"hoy-se-celebra-el-dia-del-guardavida","status":"publish","type":"post","link":"https:\/\/www.noticiasradioreflejos.com.ar\/2021\/hoy-se-celebra-el-dia-del-guardavida\/","title":{"rendered":"Hoy se celebra el D\u00eda del Guardavidas"},"content":{"rendered":"<div class=\"info\"><\/div>\n<div class=\"body mt-2 p-3\">\n<p id=\"noticia-content\">El 4 de Febrero de 1978, en Playa Grande, Mar del Plata, interviene en un salvataje el Guardavidas, <strong>Guillermo Volpe<\/strong>, juntamente con otros compa\u00f1eros. Terminado el salvamento, todos vuelven a la costa, excepto Volpe.<!--more--><\/p>\n<div><\/div>\n<div>Luego de algunos minutos, la b\u00fasqueda de este guardavidas, comenz\u00f3 a tornarse desesperada. Todo culmin\u00f3 unos d\u00edas despu\u00e9s con el hallazgo de su cuerpo. La conmoci\u00f3n que produjo este tr\u00e1gico acontecimiento, fue grande en Mar del Plata, donde los medios gr\u00e1ficos dedicaron extensos espacios a este tema, que incluso trascendi\u00f3 en los medios a nivel nacional.<\/div>\n<div><\/div>\n<div>El 4 de Febrero del a\u00f1o siguiente, sus colegas organizaron un homenaje en su memoria. Desde esa primera conmemoraci\u00f3n, ininterrumpidamente, se mantiene esa tradici\u00f3n.<\/div>\n<div><\/div>\n<div>Cada 4 de Febrero, se hace un acto homenaje en el que se depositan ofrendas florales en el monolito que perpetua la memoria de Guillermo Volpe, en la entrada del balneario donde falleci\u00f3. Tambi\u00e9n se lleva a cabo una competencia de nataci\u00f3n denominada \u201cCopa Guillermo Volpe\u201d.<\/div>\n<div><\/div>\n<div>Cada 4 de Febrero se conmemora el \u201cD\u00eda Nacional del Guardavidas\u201d, fecha que deja en claro que no est\u00e1n exento en su accionar profesional de ser proclive a imprevistos que pueden causar un da\u00f1o irreparable.<\/div>\n<div><\/div>\n<div><img decoding=\"async\" class=\"img-fluid\" src=\"https:\/\/www.lavozdelpueblo.com.ar\/recursos\/fotos\/2019\/02\/04\/lvp.51200772_1435665186567997_3210176767415287808_n.jpg\" width=\"577px\" height=\"auto\" \/><\/div>\n<\/div>\n<p><!--more--><\/p>\n","protected":false},"excerpt":{"rendered":"<p>El 4 de Febrero de 1978, en Playa Grande, Mar del Plata, interviene en un salvataje el Guardavidas, Guillermo Volpe, juntamente con otros compa\u00f1eros. Terminado el salvamento, todos vuelven a la costa, excepto Volpe.<\/p>\n","protected":false},"author":3,"featured_media":0,"comment_status":"closed","ping_status":"open","sticky":false,"template":"","format":"standard","meta":{"footnotes":""},"categories":[26],"tags":[],"class_list":["post-52115","post","type-post","status-publish","format-standard","hentry","category-sociedad"],"yoast_head":"<!-- This site is optimized with the Yoast SEO plugin v25.9 - https:\/\/yoast.com\/wordpress\/plugins\/seo\/ -->\n<title>Hoy se celebra el D\u00eda del Guardavidas - Noticias Radio Reflejos<\/title>\n<meta name=\"robots\" content=\"index, follow, max-snippet:-1, max-image-preview:large, max-video-preview:-1\" \/>\n<link rel=\"canonical\" href=\"https:\/\/www.noticiasradioreflejos.com.ar\/2021\/hoy-se-celebra-el-dia-del-guardavida\/\" \/>\n<meta property=\"og:locale\" content=\"es_ES\" \/>\n<meta property=\"og:type\" content=\"article\" \/>\n<meta property=\"og:title\" content=\"Hoy se celebra el D\u00eda del Guardavidas - Noticias Radio Reflejos\" \/>\n<meta property=\"og:description\" content=\"El 4 de Febrero de 1978, en Playa Grande, Mar del Plata, interviene en un salvataje el Guardavidas, Guillermo Volpe, juntamente con otros compa\u00f1eros. Terminado el salvamento, todos vuelven a la costa, excepto Volpe.\" \/>\n<meta property=\"og:url\" content=\"https:\/\/www.noticiasradioreflejos.com.ar\/2021\/hoy-se-celebra-el-dia-del-guardavida\/\" \/>\n<meta property=\"og:site_name\" content=\"Noticias Radio Reflejos\" \/>\n<meta property=\"article:published_time\" content=\"2021-02-04T14:12:28+00:00\" \/>\n<meta property=\"og:image\" content=\"https:\/\/www.lavozdelpueblo.com.ar\/recursos\/fotos\/2019\/02\/04\/lvp.51200772_1435665186567997_3210176767415287808_n.jpg\" \/>\n<meta name=\"author\" content=\"Arnaldo Botto\" \/>\n<meta name=\"twitter:card\" content=\"summary_large_image\" \/>\n<script type=\"application\/ld+json\" class=\"yoast-schema-graph\">{\"@context\":\"https:\/\/schema.org\",\"@graph\":[{\"@type\":\"WebPage\",\"@id\":\"https:\/\/www.noticiasradioreflejos.com.ar\/2021\/hoy-se-celebra-el-dia-del-guardavida\/\",\"url\":\"https:\/\/www.noticiasradioreflejos.com.ar\/2021\/hoy-se-celebra-el-dia-del-guardavida\/\",\"name\":\"Hoy se celebra el D\u00eda del Guardavidas - Noticias Radio Reflejos\",\"isPartOf\":{\"@id\":\"https:\/\/www.noticiasradioreflejos.com.ar\/2021\/#website\"},\"primaryImageOfPage\":{\"@id\":\"https:\/\/www.noticiasradioreflejos.com.ar\/2021\/hoy-se-celebra-el-dia-del-guardavida\/#primaryimage\"},\"image\":{\"@id\":\"https:\/\/www.noticiasradioreflejos.com.ar\/2021\/hoy-se-celebra-el-dia-del-guardavida\/#primaryimage\"},\"thumbnailUrl\":\"https:\/\/www.lavozdelpueblo.com.ar\/recursos\/fotos\/2019\/02\/04\/lvp.51200772_1435665186567997_3210176767415287808_n.jpg\",\"datePublished\":\"2021-02-04T14:12:28+00:00\",\"author\":{\"@id\":\"https:\/\/www.noticiasradioreflejos.com.ar\/2021\/#\/schema\/person\/ad82545263dcc5ec0996818884fd5fb1\"},\"breadcrumb\":{\"@id\":\"https:\/\/www.noticiasradioreflejos.com.ar\/2021\/hoy-se-celebra-el-dia-del-guardavida\/#breadcrumb\"},\"inLanguage\":\"es\",\"potentialAction\":[{\"@type\":\"ReadAction\",\"target\":[\"https:\/\/www.noticiasradioreflejos.com.ar\/2021\/hoy-se-celebra-el-dia-del-guardavida\/\"]}]},{\"@type\":\"ImageObject\",\"inLanguage\":\"es\",\"@id\":\"https:\/\/www.noticiasradioreflejos.com.ar\/2021\/hoy-se-celebra-el-dia-del-guardavida\/#primaryimage\",\"url\":\"https:\/\/www.lavozdelpueblo.com.ar\/recursos\/fotos\/2019\/02\/04\/lvp.51200772_1435665186567997_3210176767415287808_n.jpg\",\"contentUrl\":\"https:\/\/www.lavozdelpueblo.com.ar\/recursos\/fotos\/2019\/02\/04\/lvp.51200772_1435665186567997_3210176767415287808_n.jpg\"},{\"@type\":\"BreadcrumbList\",\"@id\":\"https:\/\/www.noticiasradioreflejos.com.ar\/2021\/hoy-se-celebra-el-dia-del-guardavida\/#breadcrumb\",\"itemListElement\":[{\"@type\":\"ListItem\",\"position\":1,\"name\":\"Portada\",\"item\":\"https:\/\/www.noticiasradioreflejos.com.ar\/2021\/\"},{\"@type\":\"ListItem\",\"position\":2,\"name\":\"Hoy se celebra el D\u00eda del Guardavidas\"}]},{\"@type\":\"WebSite\",\"@id\":\"https:\/\/www.noticiasradioreflejos.com.ar\/2021\/#website\",\"url\":\"https:\/\/www.noticiasradioreflejos.com.ar\/2021\/\",\"name\":\"Noticias Radio Reflejos\",\"description\":\"Las noticias de mi comarca\",\"potentialAction\":[{\"@type\":\"SearchAction\",\"target\":{\"@type\":\"EntryPoint\",\"urlTemplate\":\"https:\/\/www.noticiasradioreflejos.com.ar\/2021\/?s={search_term_string}\"},\"query-input\":{\"@type\":\"PropertyValueSpecification\",\"valueRequired\":true,\"valueName\":\"search_term_string\"}}],\"inLanguage\":\"es\"},{\"@type\":\"Person\",\"@id\":\"https:\/\/www.noticiasradioreflejos.com.ar\/2021\/#\/schema\/person\/ad82545263dcc5ec0996818884fd5fb1\",\"name\":\"Arnaldo Botto\",\"image\":{\"@type\":\"ImageObject\",\"inLanguage\":\"es\",\"@id\":\"https:\/\/www.noticiasradioreflejos.com.ar\/2021\/#\/schema\/person\/image\/\",\"url\":\"https:\/\/secure.gravatar.com\/avatar\/55cb5e37c1efa326397366e6974cb338056df65cb50e7d64d1cf314e87504837?s=96&d=mm&r=g\",\"contentUrl\":\"https:\/\/secure.gravatar.com\/avatar\/55cb5e37c1efa326397366e6974cb338056df65cb50e7d64d1cf314e87504837?s=96&d=mm&r=g\",\"caption\":\"Arnaldo Botto\"},\"url\":\"https:\/\/www.noticiasradioreflejos.com.ar\/2021\/author\/arnaldo\/\"}]}<\/script>\n<!-- \/ Yoast SEO plugin. -->","yoast_head_json":{"title":"Hoy se celebra el D\u00eda del Guardavidas - Noticias Radio Reflejos","robots":{"index":"index","follow":"follow","max-snippet":"max-snippet:-1","max-image-preview":"max-image-preview:large","max-video-preview":"max-video-preview:-1"},"canonical":"https:\/\/www.noticiasradioreflejos.com.ar\/2021\/hoy-se-celebra-el-dia-del-guardavida\/","og_locale":"es_ES","og_type":"article","og_title":"Hoy se celebra el D\u00eda del Guardavidas - Noticias Radio Reflejos","og_description":"El 4 de Febrero de 1978, en Playa Grande, Mar del Plata, interviene en un salvataje el Guardavidas, Guillermo Volpe, juntamente con otros compa\u00f1eros. Terminado el salvamento, todos vuelven a la costa, excepto Volpe.","og_url":"https:\/\/www.noticiasradioreflejos.com.ar\/2021\/hoy-se-celebra-el-dia-del-guardavida\/","og_site_name":"Noticias Radio Reflejos","article_published_time":"2021-02-04T14:12:28+00:00","og_image":[{"url":"https:\/\/www.lavozdelpueblo.com.ar\/recursos\/fotos\/2019\/02\/04\/lvp.51200772_1435665186567997_3210176767415287808_n.jpg","type":"","width":"","height":""}],"author":"Arnaldo Botto","twitter_card":"summary_large_image","schema":{"@context":"https:\/\/schema.org","@graph":[{"@type":"WebPage","@id":"https:\/\/www.noticiasradioreflejos.com.ar\/2021\/hoy-se-celebra-el-dia-del-guardavida\/","url":"https:\/\/www.noticiasradioreflejos.com.ar\/2021\/hoy-se-celebra-el-dia-del-guardavida\/","name":"Hoy se celebra el D\u00eda del Guardavidas - Noticias Radio Reflejos","isPartOf":{"@id":"https:\/\/www.noticiasradioreflejos.com.ar\/2021\/#website"},"primaryImageOfPage":{"@id":"https:\/\/www.noticiasradioreflejos.com.ar\/2021\/hoy-se-celebra-el-dia-del-guardavida\/#primaryimage"},"image":{"@id":"https:\/\/www.noticiasradioreflejos.com.ar\/2021\/hoy-se-celebra-el-dia-del-guardavida\/#primaryimage"},"thumbnailUrl":"https:\/\/www.lavozdelpueblo.com.ar\/recursos\/fotos\/2019\/02\/04\/lvp.51200772_1435665186567997_3210176767415287808_n.jpg","datePublished":"2021-02-04T14:12:28+00:00","author":{"@id":"https:\/\/www.noticiasradioreflejos.com.ar\/2021\/#\/schema\/person\/ad82545263dcc5ec0996818884fd5fb1"},"breadcrumb":{"@id":"https:\/\/www.noticiasradioreflejos.com.ar\/2021\/hoy-se-celebra-el-dia-del-guardavida\/#breadcrumb"},"inLanguage":"es","potentialAction":[{"@type":"ReadAction","target":["https:\/\/www.noticiasradioreflejos.com.ar\/2021\/hoy-se-celebra-el-dia-del-guardavida\/"]}]},{"@type":"ImageObject","inLanguage":"es","@id":"https:\/\/www.noticiasradioreflejos.com.ar\/2021\/hoy-se-celebra-el-dia-del-guardavida\/#primaryimage","url":"https:\/\/www.lavozdelpueblo.com.ar\/recursos\/fotos\/2019\/02\/04\/lvp.51200772_1435665186567997_3210176767415287808_n.jpg","contentUrl":"https:\/\/www.lavozdelpueblo.com.ar\/recursos\/fotos\/2019\/02\/04\/lvp.51200772_1435665186567997_3210176767415287808_n.jpg"},{"@type":"BreadcrumbList","@id":"https:\/\/www.noticiasradioreflejos.com.ar\/2021\/hoy-se-celebra-el-dia-del-guardavida\/#breadcrumb","itemListElement":[{"@type":"ListItem","position":1,"name":"Portada","item":"https:\/\/www.noticiasradioreflejos.com.ar\/2021\/"},{"@type":"ListItem","position":2,"name":"Hoy se celebra el D\u00eda del Guardavidas"}]},{"@type":"WebSite","@id":"https:\/\/www.noticiasradioreflejos.com.ar\/2021\/#website","url":"https:\/\/www.noticiasradioreflejos.com.ar\/2021\/","name":"Noticias Radio Reflejos","description":"Las noticias de mi comarca","potentialAction":[{"@type":"SearchAction","target":{"@type":"EntryPoint","urlTemplate":"https:\/\/www.noticiasradioreflejos.com.ar\/2021\/?s={search_term_string}"},"query-input":{"@type":"PropertyValueSpecification","valueRequired":true,"valueName":"search_term_string"}}],"inLanguage":"es"},{"@type":"Person","@id":"https:\/\/www.noticiasradioreflejos.com.ar\/2021\/#\/schema\/person\/ad82545263dcc5ec0996818884fd5fb1","name":"Arnaldo Botto","image":{"@type":"ImageObject","inLanguage":"es","@id":"https:\/\/www.noticiasradioreflejos.com.ar\/2021\/#\/schema\/person\/image\/","url":"https:\/\/secure.gravatar.com\/avatar\/55cb5e37c1efa326397366e6974cb338056df65cb50e7d64d1cf314e87504837?s=96&d=mm&r=g","contentUrl":"https:\/\/secure.gravatar.com\/avatar\/55cb5e37c1efa326397366e6974cb338056df65cb50e7d64d1cf314e87504837?s=96&d=mm&r=g","caption":"Arnaldo Botto"},"url":"https:\/\/www.noticiasradioreflejos.com.ar\/2021\/author\/arnaldo\/"}]}},"_links":{"self":[{"href":"https:\/\/www.noticiasradioreflejos.com.ar\/2021\/wp-json\/wp\/v2\/posts\/52115","targetHints":{"allow":["GET"]}}],"collection":[{"href":"https:\/\/www.noticiasradioreflejos.com.ar\/2021\/wp-json\/wp\/v2\/posts"}],"about":[{"href":"https:\/\/www.noticiasradioreflejos.com.ar\/2021\/wp-json\/wp\/v2\/types\/post"}],"author":[{"embeddable":true,"href":"https:\/\/www.noticiasradioreflejos.com.ar\/2021\/wp-json\/wp\/v2\/users\/3"}],"replies":[{"embeddable":true,"href":"https:\/\/www.noticiasradioreflejos.com.ar\/2021\/wp-json\/wp\/v2\/comments?post=52115"}],"version-history":[{"count":0,"href":"https:\/\/www.noticiasradioreflejos.com.ar\/2021\/wp-json\/wp\/v2\/posts\/52115\/revisions"}],"wp:attachment":[{"href":"https:\/\/www.noticiasradioreflejos.com.ar\/2021\/wp-json\/wp\/v2\/media?parent=52115"}],"wp:term":[{"taxonomy":"category","embeddable":true,"href":"https:\/\/www.noticiasradioreflejos.com.ar\/2021\/wp-json\/wp\/v2\/categories?post=52115"},{"taxonomy":"post_tag","embeddable":true,"href":"https:\/\/www.noticiasradioreflejos.com.ar\/2021\/wp-json\/wp\/v2\/tags?post=52115"}],"curies":[{"name":"wp","href":"https:\/\/api.w.org\/{rel}","templated":true}]}}