{"id":52110,"date":"2021-02-04T09:52:40","date_gmt":"2021-02-04T12:52:40","guid":{"rendered":"http:\/\/www.noticiasradioreflejos.com.ar\/noticias\/?p=52110"},"modified":"2021-02-04T09:52:40","modified_gmt":"2021-02-04T12:52:40","slug":"4-de-febrero-dia-mundial-contra-el-cancer","status":"publish","type":"post","link":"https:\/\/www.noticiasradioreflejos.com.ar\/2021\/4-de-febrero-dia-mundial-contra-el-cancer\/","title":{"rendered":"4 de febrero: D\u00eda Mundial Contra el C\u00e1ncer"},"content":{"rendered":"<p>Cada 4 de febrero, la Uni\u00f3n Internacional contra el C\u00e1ncer (UICC), con el apoyo de la Organizaci\u00f3n Mundial de la Salud (OMS), conmemora el D\u00eda Mundial Contra el C\u00e1ncer, con el objetivo de aumentar la concienciaci\u00f3n y movilizar a la sociedad para avanzar en la prevenci\u00f3n y control de esta enfermedad.<!--more--><br \/>\nEl c\u00e1ncer representa la primera causa de muerte en nuestro pa\u00eds en personas de entre 35 y 64 a\u00f1os. La patolog\u00eda puede prevenirse, tratarse y curarse; y a\u00fan en los casos en que la cura no es posible, se puede retardar su progresi\u00f3n y aliviar el dolor y el sufrimiento de aquellos que la padecen. Seg\u00fan la OMS, alrededor del 40% de todos los c\u00e1nceres se pueden prevenir adoptando pr\u00e1cticas saludables.<br \/>\nAsimismo, los controles m\u00e9dicos peri\u00f3dicos son fundamentales para detectar a tiempo el c\u00e1ncer, dado que en sus etapas iniciales la mayor\u00eda de los tumores no presenta s\u00edntomas.<br \/>\nDesde este jueves y a lo largo de los pr\u00f3ximos d\u00edas, Tornquist Municipio, en sus redes sociales Facebook, Instagram y Twitter, realizar\u00e1 publicaciones con testimonios en primera persona de habitantes del distrito que se encuentran transitando o pasaron por la enfermedad, con el fin de dejar un mensaje esperanzador de que luchando y sin bajar los brazos, todo se puede superar.<\/p>\n","protected":false},"excerpt":{"rendered":"<p>Cada 4 de febrero, la Uni\u00f3n Internacional contra el C\u00e1ncer (UICC), con el apoyo de la Organizaci\u00f3n Mundial de la Salud (OMS), conmemora el D\u00eda Mundial Contra el C\u00e1ncer, con el objetivo de aumentar la concienciaci\u00f3n y movilizar a la sociedad para avanzar en la prevenci\u00f3n y control de esta enfermedad.<\/p>\n","protected":false},"author":3,"featured_media":0,"comment_status":"closed","ping_status":"open","sticky":false,"template":"","format":"standard","meta":{"footnotes":""},"categories":[25],"tags":[],"class_list":["post-52110","post","type-post","status-publish","format-standard","hentry","category-uncategorized"],"yoast_head":"<!-- This site is optimized with the Yoast SEO plugin v25.9 - https:\/\/yoast.com\/wordpress\/plugins\/seo\/ -->\n<title>4 de febrero: D\u00eda Mundial Contra el C\u00e1ncer - Noticias Radio Reflejos<\/title>\n<meta name=\"robots\" content=\"index, follow, max-snippet:-1, max-image-preview:large, max-video-preview:-1\" \/>\n<link rel=\"canonical\" href=\"https:\/\/www.noticiasradioreflejos.com.ar\/2021\/4-de-febrero-dia-mundial-contra-el-cancer\/\" \/>\n<meta property=\"og:locale\" content=\"es_ES\" \/>\n<meta property=\"og:type\" content=\"article\" \/>\n<meta property=\"og:title\" content=\"4 de febrero: D\u00eda Mundial Contra el C\u00e1ncer - Noticias Radio Reflejos\" \/>\n<meta property=\"og:description\" content=\"Cada 4 de febrero, la Uni\u00f3n Internacional contra el C\u00e1ncer (UICC), con el apoyo de la Organizaci\u00f3n Mundial de la Salud (OMS), conmemora el D\u00eda Mundial Contra el C\u00e1ncer, con el objetivo de aumentar la concienciaci\u00f3n y movilizar a la sociedad para avanzar en la prevenci\u00f3n y control de esta enfermedad.\" \/>\n<meta property=\"og:url\" content=\"https:\/\/www.noticiasradioreflejos.com.ar\/2021\/4-de-febrero-dia-mundial-contra-el-cancer\/\" \/>\n<meta property=\"og:site_name\" content=\"Noticias Radio Reflejos\" \/>\n<meta property=\"article:published_time\" content=\"2021-02-04T12:52:40+00:00\" \/>\n<meta property=\"og:image\" content=\"https:\/\/www.noticiasradioreflejos.com.ar\/2021\/wp-content\/uploads\/2021\/07\/logosol300x200.png\" \/>\n\t<meta property=\"og:image:width\" content=\"300\" \/>\n\t<meta property=\"og:image:height\" content=\"200\" \/>\n\t<meta property=\"og:image:type\" content=\"image\/png\" \/>\n<meta name=\"author\" content=\"Arnaldo Botto\" \/>\n<meta name=\"twitter:card\" content=\"summary_large_image\" \/>\n<script type=\"application\/ld+json\" class=\"yoast-schema-graph\">{\"@context\":\"https:\/\/schema.org\",\"@graph\":[{\"@type\":\"WebPage\",\"@id\":\"https:\/\/www.noticiasradioreflejos.com.ar\/2021\/4-de-febrero-dia-mundial-contra-el-cancer\/\",\"url\":\"https:\/\/www.noticiasradioreflejos.com.ar\/2021\/4-de-febrero-dia-mundial-contra-el-cancer\/\",\"name\":\"4 de febrero: D\u00eda Mundial Contra el C\u00e1ncer - Noticias Radio Reflejos\",\"isPartOf\":{\"@id\":\"https:\/\/www.noticiasradioreflejos.com.ar\/2021\/#website\"},\"datePublished\":\"2021-02-04T12:52:40+00:00\",\"author\":{\"@id\":\"https:\/\/www.noticiasradioreflejos.com.ar\/2021\/#\/schema\/person\/ad82545263dcc5ec0996818884fd5fb1\"},\"breadcrumb\":{\"@id\":\"https:\/\/www.noticiasradioreflejos.com.ar\/2021\/4-de-febrero-dia-mundial-contra-el-cancer\/#breadcrumb\"},\"inLanguage\":\"es\",\"potentialAction\":[{\"@type\":\"ReadAction\",\"target\":[\"https:\/\/www.noticiasradioreflejos.com.ar\/2021\/4-de-febrero-dia-mundial-contra-el-cancer\/\"]}]},{\"@type\":\"BreadcrumbList\",\"@id\":\"https:\/\/www.noticiasradioreflejos.com.ar\/2021\/4-de-febrero-dia-mundial-contra-el-cancer\/#breadcrumb\",\"itemListElement\":[{\"@type\":\"ListItem\",\"position\":1,\"name\":\"Portada\",\"item\":\"https:\/\/www.noticiasradioreflejos.com.ar\/2021\/\"},{\"@type\":\"ListItem\",\"position\":2,\"name\":\"4 de febrero: D\u00eda Mundial Contra el C\u00e1ncer\"}]},{\"@type\":\"WebSite\",\"@id\":\"https:\/\/www.noticiasradioreflejos.com.ar\/2021\/#website\",\"url\":\"https:\/\/www.noticiasradioreflejos.com.ar\/2021\/\",\"name\":\"Noticias Radio Reflejos\",\"description\":\"Las noticias de mi comarca\",\"potentialAction\":[{\"@type\":\"SearchAction\",\"target\":{\"@type\":\"EntryPoint\",\"urlTemplate\":\"https:\/\/www.noticiasradioreflejos.com.ar\/2021\/?s={search_term_string}\"},\"query-input\":{\"@type\":\"PropertyValueSpecification\",\"valueRequired\":true,\"valueName\":\"search_term_string\"}}],\"inLanguage\":\"es\"},{\"@type\":\"Person\",\"@id\":\"https:\/\/www.noticiasradioreflejos.com.ar\/2021\/#\/schema\/person\/ad82545263dcc5ec0996818884fd5fb1\",\"name\":\"Arnaldo Botto\",\"image\":{\"@type\":\"ImageObject\",\"inLanguage\":\"es\",\"@id\":\"https:\/\/www.noticiasradioreflejos.com.ar\/2021\/#\/schema\/person\/image\/\",\"url\":\"https:\/\/secure.gravatar.com\/avatar\/55cb5e37c1efa326397366e6974cb338056df65cb50e7d64d1cf314e87504837?s=96&d=mm&r=g\",\"contentUrl\":\"https:\/\/secure.gravatar.com\/avatar\/55cb5e37c1efa326397366e6974cb338056df65cb50e7d64d1cf314e87504837?s=96&d=mm&r=g\",\"caption\":\"Arnaldo Botto\"},\"url\":\"https:\/\/www.noticiasradioreflejos.com.ar\/2021\/author\/arnaldo\/\"}]}<\/script>\n<!-- \/ Yoast SEO plugin. -->","yoast_head_json":{"title":"4 de febrero: D\u00eda Mundial Contra el C\u00e1ncer - Noticias Radio Reflejos","robots":{"index":"index","follow":"follow","max-snippet":"max-snippet:-1","max-image-preview":"max-image-preview:large","max-video-preview":"max-video-preview:-1"},"canonical":"https:\/\/www.noticiasradioreflejos.com.ar\/2021\/4-de-febrero-dia-mundial-contra-el-cancer\/","og_locale":"es_ES","og_type":"article","og_title":"4 de febrero: D\u00eda Mundial Contra el C\u00e1ncer - Noticias Radio Reflejos","og_description":"Cada 4 de febrero, la Uni\u00f3n Internacional contra el C\u00e1ncer (UICC), con el apoyo de la Organizaci\u00f3n Mundial de la Salud (OMS), conmemora el D\u00eda Mundial Contra el C\u00e1ncer, con el objetivo de aumentar la concienciaci\u00f3n y movilizar a la sociedad para avanzar en la prevenci\u00f3n y control de esta enfermedad.","og_url":"https:\/\/www.noticiasradioreflejos.com.ar\/2021\/4-de-febrero-dia-mundial-contra-el-cancer\/","og_site_name":"Noticias Radio Reflejos","article_published_time":"2021-02-04T12:52:40+00:00","og_image":[{"width":300,"height":200,"url":"https:\/\/www.noticiasradioreflejos.com.ar\/2021\/wp-content\/uploads\/2021\/07\/logosol300x200.png","type":"image\/png"}],"author":"Arnaldo Botto","twitter_card":"summary_large_image","schema":{"@context":"https:\/\/schema.org","@graph":[{"@type":"WebPage","@id":"https:\/\/www.noticiasradioreflejos.com.ar\/2021\/4-de-febrero-dia-mundial-contra-el-cancer\/","url":"https:\/\/www.noticiasradioreflejos.com.ar\/2021\/4-de-febrero-dia-mundial-contra-el-cancer\/","name":"4 de febrero: D\u00eda Mundial Contra el C\u00e1ncer - Noticias Radio Reflejos","isPartOf":{"@id":"https:\/\/www.noticiasradioreflejos.com.ar\/2021\/#website"},"datePublished":"2021-02-04T12:52:40+00:00","author":{"@id":"https:\/\/www.noticiasradioreflejos.com.ar\/2021\/#\/schema\/person\/ad82545263dcc5ec0996818884fd5fb1"},"breadcrumb":{"@id":"https:\/\/www.noticiasradioreflejos.com.ar\/2021\/4-de-febrero-dia-mundial-contra-el-cancer\/#breadcrumb"},"inLanguage":"es","potentialAction":[{"@type":"ReadAction","target":["https:\/\/www.noticiasradioreflejos.com.ar\/2021\/4-de-febrero-dia-mundial-contra-el-cancer\/"]}]},{"@type":"BreadcrumbList","@id":"https:\/\/www.noticiasradioreflejos.com.ar\/2021\/4-de-febrero-dia-mundial-contra-el-cancer\/#breadcrumb","itemListElement":[{"@type":"ListItem","position":1,"name":"Portada","item":"https:\/\/www.noticiasradioreflejos.com.ar\/2021\/"},{"@type":"ListItem","position":2,"name":"4 de febrero: D\u00eda Mundial Contra el C\u00e1ncer"}]},{"@type":"WebSite","@id":"https:\/\/www.noticiasradioreflejos.com.ar\/2021\/#website","url":"https:\/\/www.noticiasradioreflejos.com.ar\/2021\/","name":"Noticias Radio Reflejos","description":"Las noticias de mi comarca","potentialAction":[{"@type":"SearchAction","target":{"@type":"EntryPoint","urlTemplate":"https:\/\/www.noticiasradioreflejos.com.ar\/2021\/?s={search_term_string}"},"query-input":{"@type":"PropertyValueSpecification","valueRequired":true,"valueName":"search_term_string"}}],"inLanguage":"es"},{"@type":"Person","@id":"https:\/\/www.noticiasradioreflejos.com.ar\/2021\/#\/schema\/person\/ad82545263dcc5ec0996818884fd5fb1","name":"Arnaldo Botto","image":{"@type":"ImageObject","inLanguage":"es","@id":"https:\/\/www.noticiasradioreflejos.com.ar\/2021\/#\/schema\/person\/image\/","url":"https:\/\/secure.gravatar.com\/avatar\/55cb5e37c1efa326397366e6974cb338056df65cb50e7d64d1cf314e87504837?s=96&d=mm&r=g","contentUrl":"https:\/\/secure.gravatar.com\/avatar\/55cb5e37c1efa326397366e6974cb338056df65cb50e7d64d1cf314e87504837?s=96&d=mm&r=g","caption":"Arnaldo Botto"},"url":"https:\/\/www.noticiasradioreflejos.com.ar\/2021\/author\/arnaldo\/"}]}},"_links":{"self":[{"href":"https:\/\/www.noticiasradioreflejos.com.ar\/2021\/wp-json\/wp\/v2\/posts\/52110","targetHints":{"allow":["GET"]}}],"collection":[{"href":"https:\/\/www.noticiasradioreflejos.com.ar\/2021\/wp-json\/wp\/v2\/posts"}],"about":[{"href":"https:\/\/www.noticiasradioreflejos.com.ar\/2021\/wp-json\/wp\/v2\/types\/post"}],"author":[{"embeddable":true,"href":"https:\/\/www.noticiasradioreflejos.com.ar\/2021\/wp-json\/wp\/v2\/users\/3"}],"replies":[{"embeddable":true,"href":"https:\/\/www.noticiasradioreflejos.com.ar\/2021\/wp-json\/wp\/v2\/comments?post=52110"}],"version-history":[{"count":0,"href":"https:\/\/www.noticiasradioreflejos.com.ar\/2021\/wp-json\/wp\/v2\/posts\/52110\/revisions"}],"wp:attachment":[{"href":"https:\/\/www.noticiasradioreflejos.com.ar\/2021\/wp-json\/wp\/v2\/media?parent=52110"}],"wp:term":[{"taxonomy":"category","embeddable":true,"href":"https:\/\/www.noticiasradioreflejos.com.ar\/2021\/wp-json\/wp\/v2\/categories?post=52110"},{"taxonomy":"post_tag","embeddable":true,"href":"https:\/\/www.noticiasradioreflejos.com.ar\/2021\/wp-json\/wp\/v2\/tags?post=52110"}],"curies":[{"name":"wp","href":"https:\/\/api.w.org\/{rel}","templated":true}]}}