{"id":52105,"date":"2021-02-04T08:56:55","date_gmt":"2021-02-04T11:56:55","guid":{"rendered":"http:\/\/www.noticiasradioreflejos.com.ar\/noticias\/?p=52105"},"modified":"2021-02-04T08:56:55","modified_gmt":"2021-02-04T11:56:55","slug":"quevuelvaeltren-un-clamor-que-sera-atendido-en-el-ramal-pringles-del-ferrocarril-roca","status":"publish","type":"post","link":"https:\/\/www.noticiasradioreflejos.com.ar\/2021\/quevuelvaeltren-un-clamor-que-sera-atendido-en-el-ramal-pringles-del-ferrocarril-roca\/","title":{"rendered":"#QueVuelvaElTren!! .. Un clamor que ser\u00e1 atendido en el ramal Pringles del Ferrocarril Roca."},"content":{"rendered":"<p>Integrantes de Camcotisas se reunieron con el\u00a0\u00a0Presidente de Trenes Argentinos\u00a0Lic. Mart\u00edn Marinucci, para entregar informaci\u00f3n y avanzar en la reapertura del\u00a0servicio de transporte de pasajeros y encomiendas en el ramal Pringles del Ferrocarril Roca.<!--more--><\/p>\n<div class=\"jeg_featured featured_image\">\n<div class=\"thumbnail-container animate-lazy\"><img loading=\"lazy\" decoding=\"async\" class=\"attachment-jnews-750x375 size-jnews-750x375 wp-post-image lazyautosizes lazyloaded\" src=\"https:\/\/www.360masnoticias.com\/wp-content\/uploads\/2021\/02\/01-750x375.jpg\" sizes=\"auto, 757px\" srcset=\"https:\/\/www.360masnoticias.com\/wp-content\/uploads\/2021\/02\/01-750x375.jpg 750w, https:\/\/www.360masnoticias.com\/wp-content\/uploads\/2021\/02\/01-300x150.jpg 300w, https:\/\/www.360masnoticias.com\/wp-content\/uploads\/2021\/02\/01-1024x512.jpg 1024w, https:\/\/www.360masnoticias.com\/wp-content\/uploads\/2021\/02\/01-768x384.jpg 768w, https:\/\/www.360masnoticias.com\/wp-content\/uploads\/2021\/02\/01-360x180.jpg 360w, https:\/\/www.360masnoticias.com\/wp-content\/uploads\/2021\/02\/01-1140x570.jpg 1140w, https:\/\/www.360masnoticias.com\/wp-content\/uploads\/2021\/02\/01.jpg 1280w\" alt=\"#QueVuelvaElTren!! Un clamor que ser\u00e1 atendido en el ramal Pringles del Ferrocarril Roca\" width=\"750\" height=\"375\" data-src=\"https:\/\/www.360masnoticias.com\/wp-content\/uploads\/2021\/02\/01-750x375.jpg\" data-srcset=\"https:\/\/www.360masnoticias.com\/wp-content\/uploads\/2021\/02\/01-750x375.jpg 750w, https:\/\/www.360masnoticias.com\/wp-content\/uploads\/2021\/02\/01-300x150.jpg 300w, https:\/\/www.360masnoticias.com\/wp-content\/uploads\/2021\/02\/01-1024x512.jpg 1024w, https:\/\/www.360masnoticias.com\/wp-content\/uploads\/2021\/02\/01-768x384.jpg 768w, https:\/\/www.360masnoticias.com\/wp-content\/uploads\/2021\/02\/01-360x180.jpg 360w, https:\/\/www.360masnoticias.com\/wp-content\/uploads\/2021\/02\/01-1140x570.jpg 1140w, https:\/\/www.360masnoticias.com\/wp-content\/uploads\/2021\/02\/01.jpg 1280w\" data-sizes=\"auto\" data-expand=\"700\" \/><\/div>\n<\/div>\n<div class=\"entry-content no-share\">\n<div class=\"content-inner \">\n<p>En visita acordada previamente, mediante gestiones realizadas por integrantes de la c\u00e1mara comercio local, en las oficinas de Trenes Argentinos de CABA se concret\u00f3 en la ma\u00f1ana de este mi\u00e9rcoles 03 de febrero una audiencia con su Presidente el Lic. Mart\u00edn Marinucci. A este encuentro asisti\u00f3 el Sr Jorge Canolik, acompa\u00f1ado por el Ing. Edgardo Bearzot, entregando en mano un resumen de los principales antecedentes que dan cuenta de las m\u00faltiples acciones llevadas a cabo por las comunidades de las localidades del distrito afectadas por la anulaci\u00f3n del servicio de transporte de pasajeros y encomiendas en el ramal Pringles del Ferrocarril Roca, Sierra de la Ventana, Villa Arcadia, Villa Ventana y Saldungaray, detallando en la reuni\u00f3n eventos y presentaciones compartidas tambi\u00e9n con las vecinos de las localidades de Laprida, Coronel Pringles y Cabildo que forman parte de este ramal.<\/p>\n<p><a title=\"06\" href=\"http:\/\/live.staticflickr.com\/65535\/50908042376_6a4cd72fb3_s.jpg\" rel=\"\"><img loading=\"lazy\" decoding=\"async\" class=\"aligncenter\" title=\"06\" src=\"http:\/\/live.staticflickr.com\/65535\/50908042376_6a4cd72fb3_c.jpg\" alt=\"06\" width=\"800\" height=\"534\" \/><\/a><br \/>\nNo escapa al Lic. Mart\u00edn Marinucci la importancia de restituir este servicio y afirma que est\u00e1 previsto hacerlo entre las acciones a desarrollar a partir del mes de marzo, realizando un relevamiento completo del ramal lo que permitir\u00e1, a fines de ese mes, contar con un cronograma de actividades que defina una fecha cierta del re inicio de la operaci\u00f3n del servicio, como ya se ha dado en otros ramales recuperados en la Provincia de Buenos Aires y en el pa\u00eds. Esta revisi\u00f3n completa involucra no solo el estado de las v\u00edas, para cumplir con las normas de seguridad y requisitos de la CNRT, sino tambi\u00e9n la operaci\u00f3n en las Estaciones, adecuaci\u00f3n de los edificios y la disposici\u00f3n del personal necesario para dar vida nuevamente a este ramal, lo que justamente fue una consigna de los vecinos que en numerosas ocasiones nos reunimos en los andenes en asamblea p\u00fablica, abrazando las estaciones, realizando caminatas entre Sierra de la Ventana y Saldungaray, o compartiendo eventos culturales a los que se sumaron artistas de toda la regi\u00f3n golpeados por la p\u00e9rdida de un servicio que no solo ha tenido impacto en lo comercial, tur\u00edstico y econ\u00f3mico, sino que tambi\u00e9n afect\u00f3 la vincularidad de los pueblos y sus ra\u00edces culturales que ligan las estaciones a m\u00faltiples historias de vida y al mismo nacimiento de los pueblos.<\/p>\n<p><a title=\"05\" href=\"http:\/\/live.staticflickr.com\/65535\/50908042336_9607c5c1f2_s.jpg\" rel=\"\"><img loading=\"lazy\" decoding=\"async\" class=\"aligncenter\" title=\"05\" src=\"http:\/\/live.staticflickr.com\/65535\/50908042336_9607c5c1f2_c.jpg\" alt=\"05\" width=\"800\" height=\"534\" \/><\/a><br \/>\nTrenes Argentinos, asegura el Lic. Marinucci, tiene un Plan de recuperaci\u00f3n y compra de material rodante nuevo, en licitaciones que ya est\u00e1n en curso, una vez restituido el uso de las v\u00edas ya contar\u00eda con coches como para gradualmente recuperar el servicio de pasajeros y encomiendas por nuestro ramal.<br \/>\nEn la reuni\u00f3n se analizaron otros aspectos ligados a la concesi\u00f3n del servicio de cargas que finaliza en el 2022 y para el cual deber\u00eda evaluarse el desempe\u00f1o de Ferrosur Roca que usufruct\u00faa en modo intensivo el uso de las v\u00edas afectando el servicio de pasajeros incluso antes de su cancelaci\u00f3n o, como tambi\u00e9n sucedi\u00f3, por la ausencia de cortafuegos en los per\u00edmetros de las v\u00edas causando incendios e innumerables p\u00e9rdidas econ\u00f3micas a productores y prestadores de servicios tur\u00edsticos de la regi\u00f3n damnificados o con descarrilamientos que, por ejemplo, impactaron el and\u00e9n de la Estaci\u00f3n de Sierra de la Ventana bloqueando el \u00fanico paso nivel que conecta la localidad con la cada vez m\u00e1s poblada \u00e1rea de Villa Arcadia, Barrio Ceferino y el Barrio Golf. Verificaci\u00f3n de pesos m\u00e1ximos permitidos por vag\u00f3n de carga, v\u00edas afectadas, pasajeros sin tren.<br \/>\nPueda ser que en esta oportunidad se equilibren los derechos y que la econom\u00eda regional y las necesidades de vinculaci\u00f3n entre las localidades por las que este ramal circula sean atendidas. Desde la comunidad, instituciones y fuerzas pol\u00edticas representadas ofrecimos nuestro total apoyo y colaboraci\u00f3n a la actual gesti\u00f3n de Trenes Argentinos para que as\u00ed sea!!<br \/>\nQued\u00f3 el compromiso conjunto de un seguimiento de estos pasos, y del avance de las distintas etapas, para mantener actualizada la informaci\u00f3n a nuestra comunidad en este tema tan sensible que est\u00e1 generando la expectativa positiva de recuperar un derecho irrenunciable de acceso al transporte p\u00fablico del tren de pasajeros y encomiendas por nuestros pueblos.<br \/>\nRedacci\u00f3n de nota: Jorge Canolik<\/p>\n<p>Se detallan los adjuntos entregados al Presidente de Trenes Argentinos Lic. Marinucci en dos ejemplares.<br \/>\n\u2022 Notas de la C\u00e1mara de Comercio Camcotisas pedido de audiencia y Nota Conjunta de CamCoTiSas, Sierra de la Ventana, Villa Arcadia y Saldungaray, ATUCOS de Saldungaray, las C\u00e1maras de Comercio de Laprida y Pringles con el apoyo de los vecinos de Cabildo \u201cAmigos de la Estaci\u00f3n\u201d dirigida a las autoridades entrantes en febrero del 2020 marcando la importancia de recuperar el servicio de pasajeros y encomiendas.<br \/>\n\u2022 Nota del Frente de Todos Tornquist reforzando la importancia de restituir el rol social de este transporte que vincula nuestras comunidades con costos accesibles.<br \/>\n\u2022 RESOLUCI\u00d3N N\u00ba 14\/20 del HCD de Tornquist que, por unanimidad de todos los bloques, acompa\u00f1o la presentaci\u00f3n conjunta de las C\u00e1maras de Comercio de las localidades que forman parte de este ramal.<br \/>\n\u2022 Notas period\u00edsticas de Medios Regionales relevando las distintas acciones de los vecinos.<br \/>\n\u2022 Nota petitorio entregado en mano al anterior Presidente de Trenes Argentinos Sr Marcelo Orfila, a su paso por Tornquist , junto con las concejalas Marita Skolak y M\u00f3nica Sagredo.<br \/>\n\u2022 Presentaci\u00f3n en Banca 13 realizada en el 2018 ante el HCD dando cuenta de las m\u00faltiples acciones realizadas hasta esa fecha por los vecinos entre las que se destacan las m\u00e1s de 5000 firmas reunidas y las m\u00faltiples razones por las cuales este servicio deb\u00eda ser restituido en forma inmediata regulando y controlando la concesi\u00f3n de Ferrosur para el transporte de cargas y mantenimiento de v\u00edas.<br \/>\n\u2022 Antecedentes de los Festivales Culturales realizados en las Localidades de Sierra de la Ventana, Saldungaray y Pringles resaltando la necesidad de volver a dar vida a las Estaciones de nuestro ferrocarril y los abrazos, junto con los vecinos, a esas estaciones.<\/p>\n<p><a title=\"02\" href=\"http:\/\/live.staticflickr.com\/65535\/50908173897_1394c287c2_s.jpg\" rel=\"\"><img loading=\"lazy\" decoding=\"async\" class=\"aligncenter\" title=\"02\" src=\"http:\/\/live.staticflickr.com\/65535\/50908173897_1394c287c2_c.jpg\" alt=\"02\" width=\"800\" height=\"534\" \/><\/a><\/p>\n<\/div>\n<\/div>\n","protected":false},"excerpt":{"rendered":"<p>Integrantes de Camcotisas se reunieron con el\u00a0\u00a0Presidente de Trenes Argentinos\u00a0Lic. Mart\u00edn Marinucci, para entregar informaci\u00f3n y avanzar en la reapertura del\u00a0servicio de transporte de pasajeros y encomiendas en el ramal Pringles del Ferrocarril Roca.<\/p>\n","protected":false},"author":3,"featured_media":0,"comment_status":"closed","ping_status":"open","sticky":false,"template":"","format":"standard","meta":{"footnotes":""},"categories":[26],"tags":[],"class_list":["post-52105","post","type-post","status-publish","format-standard","hentry","category-sociedad"],"yoast_head":"<!-- This site is optimized with the Yoast SEO plugin v25.9 - https:\/\/yoast.com\/wordpress\/plugins\/seo\/ -->\n<title>#QueVuelvaElTren!! .. Un clamor que ser\u00e1 atendido en el ramal Pringles del Ferrocarril Roca. - Noticias Radio Reflejos<\/title>\n<meta name=\"robots\" content=\"index, follow, max-snippet:-1, max-image-preview:large, max-video-preview:-1\" \/>\n<link rel=\"canonical\" href=\"https:\/\/www.noticiasradioreflejos.com.ar\/2021\/quevuelvaeltren-un-clamor-que-sera-atendido-en-el-ramal-pringles-del-ferrocarril-roca\/\" \/>\n<meta property=\"og:locale\" content=\"es_ES\" \/>\n<meta property=\"og:type\" content=\"article\" \/>\n<meta property=\"og:title\" content=\"#QueVuelvaElTren!! .. Un clamor que ser\u00e1 atendido en el ramal Pringles del Ferrocarril Roca. - Noticias Radio Reflejos\" \/>\n<meta property=\"og:description\" content=\"Integrantes de Camcotisas se reunieron con el\u00a0\u00a0Presidente de Trenes Argentinos\u00a0Lic. Mart\u00edn Marinucci, para entregar informaci\u00f3n y avanzar en la reapertura del\u00a0servicio de transporte de pasajeros y encomiendas en el ramal Pringles del Ferrocarril Roca.\" \/>\n<meta property=\"og:url\" content=\"https:\/\/www.noticiasradioreflejos.com.ar\/2021\/quevuelvaeltren-un-clamor-que-sera-atendido-en-el-ramal-pringles-del-ferrocarril-roca\/\" \/>\n<meta property=\"og:site_name\" content=\"Noticias Radio Reflejos\" \/>\n<meta property=\"article:published_time\" content=\"2021-02-04T11:56:55+00:00\" \/>\n<meta property=\"og:image\" content=\"https:\/\/www.360masnoticias.com\/wp-content\/uploads\/2021\/02\/01-750x375.jpg\" \/>\n<meta name=\"author\" content=\"Arnaldo Botto\" \/>\n<meta name=\"twitter:card\" content=\"summary_large_image\" \/>\n<script type=\"application\/ld+json\" class=\"yoast-schema-graph\">{\"@context\":\"https:\/\/schema.org\",\"@graph\":[{\"@type\":\"WebPage\",\"@id\":\"https:\/\/www.noticiasradioreflejos.com.ar\/2021\/quevuelvaeltren-un-clamor-que-sera-atendido-en-el-ramal-pringles-del-ferrocarril-roca\/\",\"url\":\"https:\/\/www.noticiasradioreflejos.com.ar\/2021\/quevuelvaeltren-un-clamor-que-sera-atendido-en-el-ramal-pringles-del-ferrocarril-roca\/\",\"name\":\"#QueVuelvaElTren!! .. Un clamor que ser\u00e1 atendido en el ramal Pringles del Ferrocarril Roca. - Noticias Radio Reflejos\",\"isPartOf\":{\"@id\":\"https:\/\/www.noticiasradioreflejos.com.ar\/2021\/#website\"},\"primaryImageOfPage\":{\"@id\":\"https:\/\/www.noticiasradioreflejos.com.ar\/2021\/quevuelvaeltren-un-clamor-que-sera-atendido-en-el-ramal-pringles-del-ferrocarril-roca\/#primaryimage\"},\"image\":{\"@id\":\"https:\/\/www.noticiasradioreflejos.com.ar\/2021\/quevuelvaeltren-un-clamor-que-sera-atendido-en-el-ramal-pringles-del-ferrocarril-roca\/#primaryimage\"},\"thumbnailUrl\":\"https:\/\/www.360masnoticias.com\/wp-content\/uploads\/2021\/02\/01-750x375.jpg\",\"datePublished\":\"2021-02-04T11:56:55+00:00\",\"author\":{\"@id\":\"https:\/\/www.noticiasradioreflejos.com.ar\/2021\/#\/schema\/person\/ad82545263dcc5ec0996818884fd5fb1\"},\"breadcrumb\":{\"@id\":\"https:\/\/www.noticiasradioreflejos.com.ar\/2021\/quevuelvaeltren-un-clamor-que-sera-atendido-en-el-ramal-pringles-del-ferrocarril-roca\/#breadcrumb\"},\"inLanguage\":\"es\",\"potentialAction\":[{\"@type\":\"ReadAction\",\"target\":[\"https:\/\/www.noticiasradioreflejos.com.ar\/2021\/quevuelvaeltren-un-clamor-que-sera-atendido-en-el-ramal-pringles-del-ferrocarril-roca\/\"]}]},{\"@type\":\"ImageObject\",\"inLanguage\":\"es\",\"@id\":\"https:\/\/www.noticiasradioreflejos.com.ar\/2021\/quevuelvaeltren-un-clamor-que-sera-atendido-en-el-ramal-pringles-del-ferrocarril-roca\/#primaryimage\",\"url\":\"https:\/\/www.360masnoticias.com\/wp-content\/uploads\/2021\/02\/01-750x375.jpg\",\"contentUrl\":\"https:\/\/www.360masnoticias.com\/wp-content\/uploads\/2021\/02\/01-750x375.jpg\"},{\"@type\":\"BreadcrumbList\",\"@id\":\"https:\/\/www.noticiasradioreflejos.com.ar\/2021\/quevuelvaeltren-un-clamor-que-sera-atendido-en-el-ramal-pringles-del-ferrocarril-roca\/#breadcrumb\",\"itemListElement\":[{\"@type\":\"ListItem\",\"position\":1,\"name\":\"Portada\",\"item\":\"https:\/\/www.noticiasradioreflejos.com.ar\/2021\/\"},{\"@type\":\"ListItem\",\"position\":2,\"name\":\"#QueVuelvaElTren!! .. Un clamor que ser\u00e1 atendido en el ramal Pringles del Ferrocarril Roca.\"}]},{\"@type\":\"WebSite\",\"@id\":\"https:\/\/www.noticiasradioreflejos.com.ar\/2021\/#website\",\"url\":\"https:\/\/www.noticiasradioreflejos.com.ar\/2021\/\",\"name\":\"Noticias Radio Reflejos\",\"description\":\"Las noticias de mi comarca\",\"potentialAction\":[{\"@type\":\"SearchAction\",\"target\":{\"@type\":\"EntryPoint\",\"urlTemplate\":\"https:\/\/www.noticiasradioreflejos.com.ar\/2021\/?s={search_term_string}\"},\"query-input\":{\"@type\":\"PropertyValueSpecification\",\"valueRequired\":true,\"valueName\":\"search_term_string\"}}],\"inLanguage\":\"es\"},{\"@type\":\"Person\",\"@id\":\"https:\/\/www.noticiasradioreflejos.com.ar\/2021\/#\/schema\/person\/ad82545263dcc5ec0996818884fd5fb1\",\"name\":\"Arnaldo Botto\",\"image\":{\"@type\":\"ImageObject\",\"inLanguage\":\"es\",\"@id\":\"https:\/\/www.noticiasradioreflejos.com.ar\/2021\/#\/schema\/person\/image\/\",\"url\":\"https:\/\/secure.gravatar.com\/avatar\/55cb5e37c1efa326397366e6974cb338056df65cb50e7d64d1cf314e87504837?s=96&d=mm&r=g\",\"contentUrl\":\"https:\/\/secure.gravatar.com\/avatar\/55cb5e37c1efa326397366e6974cb338056df65cb50e7d64d1cf314e87504837?s=96&d=mm&r=g\",\"caption\":\"Arnaldo Botto\"},\"url\":\"https:\/\/www.noticiasradioreflejos.com.ar\/2021\/author\/arnaldo\/\"}]}<\/script>\n<!-- \/ Yoast SEO plugin. -->","yoast_head_json":{"title":"#QueVuelvaElTren!! .. Un clamor que ser\u00e1 atendido en el ramal Pringles del Ferrocarril Roca. - Noticias Radio Reflejos","robots":{"index":"index","follow":"follow","max-snippet":"max-snippet:-1","max-image-preview":"max-image-preview:large","max-video-preview":"max-video-preview:-1"},"canonical":"https:\/\/www.noticiasradioreflejos.com.ar\/2021\/quevuelvaeltren-un-clamor-que-sera-atendido-en-el-ramal-pringles-del-ferrocarril-roca\/","og_locale":"es_ES","og_type":"article","og_title":"#QueVuelvaElTren!! .. Un clamor que ser\u00e1 atendido en el ramal Pringles del Ferrocarril Roca. - Noticias Radio Reflejos","og_description":"Integrantes de Camcotisas se reunieron con el\u00a0\u00a0Presidente de Trenes Argentinos\u00a0Lic. Mart\u00edn Marinucci, para entregar informaci\u00f3n y avanzar en la reapertura del\u00a0servicio de transporte de pasajeros y encomiendas en el ramal Pringles del Ferrocarril Roca.","og_url":"https:\/\/www.noticiasradioreflejos.com.ar\/2021\/quevuelvaeltren-un-clamor-que-sera-atendido-en-el-ramal-pringles-del-ferrocarril-roca\/","og_site_name":"Noticias Radio Reflejos","article_published_time":"2021-02-04T11:56:55+00:00","og_image":[{"url":"https:\/\/www.360masnoticias.com\/wp-content\/uploads\/2021\/02\/01-750x375.jpg","type":"","width":"","height":""}],"author":"Arnaldo Botto","twitter_card":"summary_large_image","schema":{"@context":"https:\/\/schema.org","@graph":[{"@type":"WebPage","@id":"https:\/\/www.noticiasradioreflejos.com.ar\/2021\/quevuelvaeltren-un-clamor-que-sera-atendido-en-el-ramal-pringles-del-ferrocarril-roca\/","url":"https:\/\/www.noticiasradioreflejos.com.ar\/2021\/quevuelvaeltren-un-clamor-que-sera-atendido-en-el-ramal-pringles-del-ferrocarril-roca\/","name":"#QueVuelvaElTren!! .. Un clamor que ser\u00e1 atendido en el ramal Pringles del Ferrocarril Roca. - Noticias Radio Reflejos","isPartOf":{"@id":"https:\/\/www.noticiasradioreflejos.com.ar\/2021\/#website"},"primaryImageOfPage":{"@id":"https:\/\/www.noticiasradioreflejos.com.ar\/2021\/quevuelvaeltren-un-clamor-que-sera-atendido-en-el-ramal-pringles-del-ferrocarril-roca\/#primaryimage"},"image":{"@id":"https:\/\/www.noticiasradioreflejos.com.ar\/2021\/quevuelvaeltren-un-clamor-que-sera-atendido-en-el-ramal-pringles-del-ferrocarril-roca\/#primaryimage"},"thumbnailUrl":"https:\/\/www.360masnoticias.com\/wp-content\/uploads\/2021\/02\/01-750x375.jpg","datePublished":"2021-02-04T11:56:55+00:00","author":{"@id":"https:\/\/www.noticiasradioreflejos.com.ar\/2021\/#\/schema\/person\/ad82545263dcc5ec0996818884fd5fb1"},"breadcrumb":{"@id":"https:\/\/www.noticiasradioreflejos.com.ar\/2021\/quevuelvaeltren-un-clamor-que-sera-atendido-en-el-ramal-pringles-del-ferrocarril-roca\/#breadcrumb"},"inLanguage":"es","potentialAction":[{"@type":"ReadAction","target":["https:\/\/www.noticiasradioreflejos.com.ar\/2021\/quevuelvaeltren-un-clamor-que-sera-atendido-en-el-ramal-pringles-del-ferrocarril-roca\/"]}]},{"@type":"ImageObject","inLanguage":"es","@id":"https:\/\/www.noticiasradioreflejos.com.ar\/2021\/quevuelvaeltren-un-clamor-que-sera-atendido-en-el-ramal-pringles-del-ferrocarril-roca\/#primaryimage","url":"https:\/\/www.360masnoticias.com\/wp-content\/uploads\/2021\/02\/01-750x375.jpg","contentUrl":"https:\/\/www.360masnoticias.com\/wp-content\/uploads\/2021\/02\/01-750x375.jpg"},{"@type":"BreadcrumbList","@id":"https:\/\/www.noticiasradioreflejos.com.ar\/2021\/quevuelvaeltren-un-clamor-que-sera-atendido-en-el-ramal-pringles-del-ferrocarril-roca\/#breadcrumb","itemListElement":[{"@type":"ListItem","position":1,"name":"Portada","item":"https:\/\/www.noticiasradioreflejos.com.ar\/2021\/"},{"@type":"ListItem","position":2,"name":"#QueVuelvaElTren!! .. Un clamor que ser\u00e1 atendido en el ramal Pringles del Ferrocarril Roca."}]},{"@type":"WebSite","@id":"https:\/\/www.noticiasradioreflejos.com.ar\/2021\/#website","url":"https:\/\/www.noticiasradioreflejos.com.ar\/2021\/","name":"Noticias Radio Reflejos","description":"Las noticias de mi comarca","potentialAction":[{"@type":"SearchAction","target":{"@type":"EntryPoint","urlTemplate":"https:\/\/www.noticiasradioreflejos.com.ar\/2021\/?s={search_term_string}"},"query-input":{"@type":"PropertyValueSpecification","valueRequired":true,"valueName":"search_term_string"}}],"inLanguage":"es"},{"@type":"Person","@id":"https:\/\/www.noticiasradioreflejos.com.ar\/2021\/#\/schema\/person\/ad82545263dcc5ec0996818884fd5fb1","name":"Arnaldo Botto","image":{"@type":"ImageObject","inLanguage":"es","@id":"https:\/\/www.noticiasradioreflejos.com.ar\/2021\/#\/schema\/person\/image\/","url":"https:\/\/secure.gravatar.com\/avatar\/55cb5e37c1efa326397366e6974cb338056df65cb50e7d64d1cf314e87504837?s=96&d=mm&r=g","contentUrl":"https:\/\/secure.gravatar.com\/avatar\/55cb5e37c1efa326397366e6974cb338056df65cb50e7d64d1cf314e87504837?s=96&d=mm&r=g","caption":"Arnaldo Botto"},"url":"https:\/\/www.noticiasradioreflejos.com.ar\/2021\/author\/arnaldo\/"}]}},"_links":{"self":[{"href":"https:\/\/www.noticiasradioreflejos.com.ar\/2021\/wp-json\/wp\/v2\/posts\/52105","targetHints":{"allow":["GET"]}}],"collection":[{"href":"https:\/\/www.noticiasradioreflejos.com.ar\/2021\/wp-json\/wp\/v2\/posts"}],"about":[{"href":"https:\/\/www.noticiasradioreflejos.com.ar\/2021\/wp-json\/wp\/v2\/types\/post"}],"author":[{"embeddable":true,"href":"https:\/\/www.noticiasradioreflejos.com.ar\/2021\/wp-json\/wp\/v2\/users\/3"}],"replies":[{"embeddable":true,"href":"https:\/\/www.noticiasradioreflejos.com.ar\/2021\/wp-json\/wp\/v2\/comments?post=52105"}],"version-history":[{"count":0,"href":"https:\/\/www.noticiasradioreflejos.com.ar\/2021\/wp-json\/wp\/v2\/posts\/52105\/revisions"}],"wp:attachment":[{"href":"https:\/\/www.noticiasradioreflejos.com.ar\/2021\/wp-json\/wp\/v2\/media?parent=52105"}],"wp:term":[{"taxonomy":"category","embeddable":true,"href":"https:\/\/www.noticiasradioreflejos.com.ar\/2021\/wp-json\/wp\/v2\/categories?post=52105"},{"taxonomy":"post_tag","embeddable":true,"href":"https:\/\/www.noticiasradioreflejos.com.ar\/2021\/wp-json\/wp\/v2\/tags?post=52105"}],"curies":[{"name":"wp","href":"https:\/\/api.w.org\/{rel}","templated":true}]}}