{"id":52103,"date":"2021-02-04T08:32:00","date_gmt":"2021-02-04T11:32:00","guid":{"rendered":"http:\/\/www.noticiasradioreflejos.com.ar\/noticias\/?p=52103"},"modified":"2021-02-04T08:32:00","modified_gmt":"2021-02-04T11:32:00","slug":"dia-mundial-contra-el-cancer","status":"publish","type":"post","link":"https:\/\/www.noticiasradioreflejos.com.ar\/2021\/dia-mundial-contra-el-cancer\/","title":{"rendered":"D\u00eda  Mundial Contra el C\u00e1ncer"},"content":{"rendered":"<p>Tras la baja de consultas, advierten que la detecci\u00f3n temprana aumenta posibilidad de cura.<!--more--><br \/>\nEl 4 de febrero es el D\u00eda Mundial contra el C\u00e1ncer, enfermedad que mata a decenas de miles de argentinos cada a\u00f1o. La Fundaci\u00f3n para la Investigaci\u00f3n, Docencia y Prevenci\u00f3n del C\u00e1ncer y la Asociaci\u00f3n Argentina de Oncolog\u00eda Cl\u00ednica recuerdan que solo el 12% de pacientes con c\u00e1ncer se entera de su mal antes de que comience a manifestarse cl\u00ednicamente.<\/p>\n<div id=\"image\" class=\"image\">\n<p><img decoding=\"async\" title=\"El c\u00e1ncer de pr\u00f3stata, el tumor m\u00e1s frecuente en hombres en Argentina, con 12 mil casos detectados al a\u00f1o.\" src=\"https:\/\/www.telam.com.ar\/advf\/imagenes\/2019\/11\/5dd1a029f2829_1004x565.jpg\" alt=\"El c\u00e1ncer de pr\u00f3stata, el tumor m\u00e1s frecuente en hombres en Argentina, con 12 mil casos detectados al a\u00f1o.\" \/><\/p>\n<div class=\"epigrafe\">El c\u00e1ncer de pr\u00f3stata, el tumor m\u00e1s frecuente en hombres en Argentina, con 12 mil casos detectados al a\u00f1o.<\/div>\n<\/div>\n<p>M\u00e1s de 50 casos de leucemia se diagnostican por semana en la Argentina, lo que ronda unos 3.000 anuales, y otros 21 mil de c\u00e1ncer de mama y casi 12 mil del tumor de pr\u00f3stata se detectan por a\u00f1o, por lo que especialistas destacaron la necesidad de realizar una consulta temprana, lo que \u00abaumenta las posibilidades de curaci\u00f3n\u00bb, tras un 2020 en el que\u00a0<strong>cayeron 70% las visitas m\u00e9dicas por la pandemia de coronavirus.<\/strong><\/p>\n<p>En el marco del D\u00eda Mundial contra el C\u00e1ncer, que se conmemora este jueves, FUCA (Fundaci\u00f3n para la Investigaci\u00f3n, Docencia y Prevenci\u00f3n del C\u00e1ncer) y la Asociaci\u00f3n Argentina de Oncolog\u00eda Cl\u00ednica (AAOC) con apoyo de la empresa de biotecnolog\u00eda Amgen, lanzaron\u00a0<a href=\"http:\/\/www.elcancernoespera.com\/\" target=\"_blank\" rel=\"noopener\">la campa\u00f1a El c\u00e1ncer no espera (www.elcancernoespera.com.ar)<\/a><a href=\"http:\/\/www.elcancernoespera.com.ar\/\" target=\"_blank\" rel=\"noopener\">,<\/a>\u00a0que apunta que \u00absolo el 12% de pacientes con c\u00e1ncer se entera de su enfermedad antes de que comience a manifestarse cl\u00ednicamente\u00bb.<\/p>\n<p>Al mismo tiempo, profesionales de diferentes organizaciones y centros m\u00e9dicos instan a retomar los controles cl\u00ednicos, luego de detectar el a\u00f1o pasado una reducci\u00f3n del 70% en las consultas por la pandemia.<\/p>\n<div class=\"js-code\">\n<div class=\"twitter-tweet twitter-tweet-rendered\"><iframe loading=\"lazy\" id=\"twitter-widget-0\" class=\"\" title=\"Twitter Tweet\" src=\"https:\/\/platform.twitter.com\/embed\/index.html?creatorScreenName=agenciatelam&amp;dnt=false&amp;embedId=twitter-widget-0&amp;frame=false&amp;hideCard=false&amp;hideThread=false&amp;id=1356276914340687877&amp;lang=en&amp;origin=https%3A%2F%2Fwww.telam.com.ar%2Fnotas%2F202102%2F543484-tras-la-baja-de-consultas-advierten-que-la-deteccion-temprana-aumenta-posibilidad-de-cura.html&amp;siteScreenName=agenciatelam&amp;theme=light&amp;widgetsVersion=ed20a2b%3A1601588405575&amp;width=550px\" width=\"300\" height=\"150\" frameborder=\"0\" scrolling=\"no\" allowfullscreen=\"allowfullscreen\" data-tweet-id=\"1356276914340687877\"><\/iframe><\/div>\n<\/div>\n<p>\u00abLa publicaci\u00f3n norteamericana The Journal of Clinical Oncology dice que<strong>\u00a0la incidencia del c\u00e1ncer durante 2020 se redujo entre 50 y 60% comparado con el a\u00f1o 2019\u00a0<\/strong>y esta baja se debe a la gran magnitud de diagn\u00f3sticos que no se hicieron\u00bb, se\u00f1al\u00f3 en un documento que acompa\u00f1a la campa\u00f1a\u00a0<strong>el m\u00e9dico onc\u00f3logo Mat\u00edas Chac\u00f3n, Jefe del Departamento de Oncolog\u00eda Cl\u00ednica del Instituto Alexander Fleming y miembro de FUCA.<\/strong><\/p>\n<p>Chac\u00f3n detall\u00f3 que\u00a0<strong>\u00aben el caso de las mamograf\u00edas y las colonoscopias, la reducci\u00f3n fue del 90%\u00bb<\/strong>, lo que significa que de cada 100 personas que deb\u00edan realizarse estos estudios, solo 10 los hicieron. \u00abEn Argentina no contamos con registros propios, pero inferimos que pasa algo similar\u00bb, asegur\u00f3.<\/p>\n<div class=\"image-left\">\n<p><img decoding=\"async\" title=\"En Argentina, el c\u00e1ncer de mama registra m\u00e1s de 21 mil casos anuales.\" src=\"https:\/\/www.telam.com.ar\/advf\/imagenes\/2018\/10\/5bc8b30d59bb6_324x182.jpg\" alt=\"En Argentina, el c\u00e1ncer de mama registra m\u00e1s de 21 mil casos anuales.\" \/><\/p>\n<div class=\"epigrafe\">En Argentina, el c\u00e1ncer de mama registra m\u00e1s de 21 mil casos anuales.<\/div>\n<\/div>\n<p>En tanto,\u00a0<strong>la m\u00e9dica onc\u00f3loga Valeria C\u00e1ceres, jefa del Departamento de Oncolog\u00eda Cl\u00ednica del Instituto \u00c1ngel Roffo<\/strong>, de la Universidad de Buenos Aires (UBA), consider\u00f3 que \u00aben los consultorios estamos comenzado a ver diagn\u00f3sticos en estadios avanzados de la enfermedad\u00bb.<\/p>\n<p>\u00abDurante estos meses se redujeron alrededor de un 60-70% los controles dependiendo del medio de detecci\u00f3n temprana y como consecuencia, habr\u00e1\u00a0<strong>algunos casos en los que la paciente llegue a la consulta con un tumor m\u00e1s grande, que podr\u00eda haber sido diagnosticado en un estadio precoz<\/strong>\u00a0si se hubieran realizado los controles eco mamogr\u00e1ficos de rutina\u00bb, remarc\u00f3 la onc\u00f3loga.<\/p>\n<p>Por su parte,\u00a0<strong>Marta Artigas, fundadora de Aciapo (Atenci\u00f3n Comunitaria Integral al Paciente Oncol\u00f3gico) del Hospital Central de San Isidro<\/strong>, insisti\u00f3 en que \u00abno se debe permitir que se repita la situaci\u00f3n del a\u00f1o pasado, donde la enorme mayor\u00eda de la poblaci\u00f3n descuid\u00f3 aspectos centrales de su salud, suspendiendo o postergando chequeos anuales\u00bb.<\/p>\n<p>\u00ab<strong>Estamos viendo m\u00e1s c\u00e1ncer y tumores m\u00e1s avanzados que antes<\/strong>; en el caso de la pr\u00f3stata y de cualquier tipo de c\u00e1ncer realizarnos los controles necesarios es, indudablemente, la mejor manera de cuidarnos y \u00e9se es uno de los mensajes m\u00e1s importantes que queremos destacar en este D\u00eda Mundial\u00bb, sostuvo Artigas.<\/p>\n<div class=\"js-code\">\n<div class=\"twitter-tweet twitter-tweet-rendered\"><iframe loading=\"lazy\" id=\"twitter-widget-1\" class=\"\" title=\"Twitter Tweet\" src=\"https:\/\/platform.twitter.com\/embed\/index.html?creatorScreenName=agenciatelam&amp;dnt=false&amp;embedId=twitter-widget-1&amp;frame=false&amp;hideCard=false&amp;hideThread=false&amp;id=1354886572047560706&amp;lang=en&amp;origin=https%3A%2F%2Fwww.telam.com.ar%2Fnotas%2F202102%2F543484-tras-la-baja-de-consultas-advierten-que-la-deteccion-temprana-aumenta-posibilidad-de-cura.html&amp;siteScreenName=agenciatelam&amp;theme=light&amp;widgetsVersion=ed20a2b%3A1601588405575&amp;width=550px\" width=\"300\" height=\"150\" frameborder=\"0\" scrolling=\"no\" allowfullscreen=\"allowfullscreen\" data-tweet-id=\"1354886572047560706\"><\/iframe><\/div>\n<\/div>\n<p>A su vez,\u00a0<strong>Juan Manuel O\u00b4Connnor, jefe de la Unidad de Tumores Gastrointestinales del Instituto Alexander Fleming<\/strong>, sostuvo que \u00abel c\u00e1ncer de colon y recto son enfermedades prevenibles y los estudios de control permiten llegar al diagn\u00f3stico de manera m\u00e1s temprana, lo cual impacta directamente en las posibilidades de curaci\u00f3n y el pron\u00f3stico del paciente\u00bb.<\/p>\n<p><strong>\u00abSi detectamos al p\u00f3lipo o al c\u00e1ncer en una etapa inicial, aumenta la posibilidad de curaci\u00f3n, que en estos casos puede ser m\u00e1s del 90%\u00bb<\/strong>, apunt\u00f3.<\/p>\n<p>Un informe de la\u00a0<strong>Asociaci\u00f3n Leucemia Mieloide Argentina (ALMA)<\/strong>recuerda que en el pa\u00eds se detectan \u00abm\u00e1s de 50 casos de leucemia por semana, lo que representa unos\u00a0<strong>3.000 pacientes al a\u00f1o<\/strong>\u00ab.<\/p>\n<div class=\"image-right\">\n<p><img decoding=\"async\" title=\"El c\u00e1ncer de pulm\u00f3n es uno de los que m\u00e1s muertes ocasiona.\" src=\"https:\/\/www.telam.com.ar\/advf\/imagenes\/2017\/03\/58d2e917f3b26_324x182.jpg\" alt=\"El c\u00e1ncer de pulm\u00f3n es uno de los que m\u00e1s muertes ocasiona.\" \/><\/p>\n<div class=\"epigrafe\">El c\u00e1ncer de pulm\u00f3n es uno de los que m\u00e1s muertes ocasiona.<\/div>\n<\/div>\n<p>De acuerdo a datos del<strong>\u00a0Instituto Nacional del C\u00e1ncer\u00a0<\/strong>(INC) esta enfermedad representa el 2,3% de la totalidad de c\u00e1nceres del pa\u00eds, mientras que en los hombres el tumor de pr\u00f3stata tiene una ocurrencia de 11.600 casos anuales, lo que significa el 20% de los tumores malignos en varones y el 9% de la totalidad de la enfermedad.<\/p>\n<p>En la \u00faltima d\u00e9cada,\u00a0<strong>el c\u00e1ncer de pr\u00f3stata se mantuvo como el m\u00e1s frecuente en hombres,<\/strong>\u00a0seg\u00fan indic\u00f3 a T\u00e9lam\u00a0<strong>el m\u00e9dico Diego Barreiro, jefe del Servicio de Urolog\u00eda del Instituto de Investigaciones M\u00e9dicas Alfredo Lanari.<\/strong><\/p>\n<p>\u00abLa falta de consulta y controles del a\u00f1o pasado gener\u00f3 adem\u00e1s una demora en el seguimiento de casos de c\u00e1ncer de vejiga, lo que hizo que los pacientes lleguen a la instancia de cirug\u00eda con tumores avanzados y de peor pron\u00f3stico\u00bb, advirti\u00f3 Barreiro.<\/p>\n<div id=\"image\" class=\"image\"><img decoding=\"async\" title=\"\" src=\"https:\/\/www.telam.com.ar\/advf\/imagenes\/2021\/02\/601b0d96228f5_1004x1752.jpg\" alt=\"\" \/><\/div>\n<p>Un informe del INC sostuvo que de acuerdo a estimaciones del Observatorio Global de C\u00e1ncer de la Organizaci\u00f3n Mundial de la Salud (OMS) con datos de 2018, e<strong>n Argentina el c\u00e1ncer de mama es el de mayor magnitud, con una ocurrencia de m\u00e1s de 21.000 casos al a\u00f1o<\/strong>, lo que representa el 17% de todos los tumores malignos y casi un tercio de los c\u00e1nceres femeninos.<\/p>\n<p>Para\u00a0<strong>el c\u00e1ncer colorrectal, se estimaron 15.692 casos nuevos el mismo a\u00f1<\/strong>o, concentrando el 13% del total de tumores.<\/p>\n<p>En un plano m\u00e1s global de la enfermedad, el INC indic\u00f3 que la Argentina presenta una tasa de incidencia de 212 casos por 100 mil habitantes (considerando ambos sexos y todos los tumores a excepci\u00f3n del de piel no melanoma),\u00a0<strong>cifra que la posiciona con una incidencia de c\u00e1ncer media-alta, en comparaci\u00f3n con otros pa\u00edses del mundo.<\/strong><\/p>\n<p>Esta estimaci\u00f3n corresponde a m\u00e1s de 125 mil casos nuevos de c\u00e1ncer en ambos sexos por a\u00f1o, lo que ubica a la Argentina en el s\u00e9ptimo lugar en Latinoam\u00e9rica, seg\u00fan la fuente.<\/p>\n<div class=\"js-code\">\n<div class=\"twitter-tweet twitter-tweet-rendered\"><iframe loading=\"lazy\" id=\"twitter-widget-2\" class=\"\" title=\"Twitter Tweet\" src=\"https:\/\/platform.twitter.com\/embed\/index.html?creatorScreenName=agenciatelam&amp;dnt=false&amp;embedId=twitter-widget-2&amp;frame=false&amp;hideCard=false&amp;hideThread=false&amp;id=1357033382237138945&amp;lang=en&amp;origin=https%3A%2F%2Fwww.telam.com.ar%2Fnotas%2F202102%2F543484-tras-la-baja-de-consultas-advierten-que-la-deteccion-temprana-aumenta-posibilidad-de-cura.html&amp;siteScreenName=agenciatelam&amp;theme=light&amp;widgetsVersion=ed20a2b%3A1601588405575&amp;width=550px\" width=\"300\" height=\"150\" frameborder=\"0\" scrolling=\"no\" allowfullscreen=\"allowfullscreen\" data-tweet-id=\"1357033382237138945\"><\/iframe><\/div>\n<\/div>\n","protected":false},"excerpt":{"rendered":"<p>Tras la baja de consultas, advierten que la detecci\u00f3n temprana aumenta posibilidad de cura.<\/p>\n","protected":false},"author":3,"featured_media":0,"comment_status":"closed","ping_status":"open","sticky":false,"template":"","format":"standard","meta":{"footnotes":""},"categories":[30],"tags":[],"class_list":["post-52103","post","type-post","status-publish","format-standard","hentry","category-salud"],"yoast_head":"<!-- This site is optimized with the Yoast SEO plugin v25.9 - https:\/\/yoast.com\/wordpress\/plugins\/seo\/ -->\n<title>D\u00eda Mundial Contra el C\u00e1ncer - Noticias Radio Reflejos<\/title>\n<meta name=\"robots\" content=\"index, follow, max-snippet:-1, max-image-preview:large, max-video-preview:-1\" \/>\n<link rel=\"canonical\" href=\"https:\/\/www.noticiasradioreflejos.com.ar\/2021\/dia-mundial-contra-el-cancer\/\" \/>\n<meta property=\"og:locale\" content=\"es_ES\" \/>\n<meta property=\"og:type\" content=\"article\" \/>\n<meta property=\"og:title\" content=\"D\u00eda Mundial Contra el C\u00e1ncer - Noticias Radio Reflejos\" \/>\n<meta property=\"og:description\" content=\"Tras la baja de consultas, advierten que la detecci\u00f3n temprana aumenta posibilidad de cura.\" \/>\n<meta property=\"og:url\" content=\"https:\/\/www.noticiasradioreflejos.com.ar\/2021\/dia-mundial-contra-el-cancer\/\" \/>\n<meta property=\"og:site_name\" content=\"Noticias Radio Reflejos\" \/>\n<meta property=\"article:published_time\" content=\"2021-02-04T11:32:00+00:00\" \/>\n<meta property=\"og:image\" content=\"https:\/\/www.telam.com.ar\/advf\/imagenes\/2019\/11\/5dd1a029f2829_1004x565.jpg\" \/>\n<meta name=\"author\" content=\"Arnaldo Botto\" \/>\n<meta name=\"twitter:card\" content=\"summary_large_image\" \/>\n<script type=\"application\/ld+json\" class=\"yoast-schema-graph\">{\"@context\":\"https:\/\/schema.org\",\"@graph\":[{\"@type\":\"WebPage\",\"@id\":\"https:\/\/www.noticiasradioreflejos.com.ar\/2021\/dia-mundial-contra-el-cancer\/\",\"url\":\"https:\/\/www.noticiasradioreflejos.com.ar\/2021\/dia-mundial-contra-el-cancer\/\",\"name\":\"D\u00eda Mundial Contra el C\u00e1ncer - Noticias Radio Reflejos\",\"isPartOf\":{\"@id\":\"https:\/\/www.noticiasradioreflejos.com.ar\/2021\/#website\"},\"primaryImageOfPage\":{\"@id\":\"https:\/\/www.noticiasradioreflejos.com.ar\/2021\/dia-mundial-contra-el-cancer\/#primaryimage\"},\"image\":{\"@id\":\"https:\/\/www.noticiasradioreflejos.com.ar\/2021\/dia-mundial-contra-el-cancer\/#primaryimage\"},\"thumbnailUrl\":\"https:\/\/www.telam.com.ar\/advf\/imagenes\/2019\/11\/5dd1a029f2829_1004x565.jpg\",\"datePublished\":\"2021-02-04T11:32:00+00:00\",\"author\":{\"@id\":\"https:\/\/www.noticiasradioreflejos.com.ar\/2021\/#\/schema\/person\/ad82545263dcc5ec0996818884fd5fb1\"},\"breadcrumb\":{\"@id\":\"https:\/\/www.noticiasradioreflejos.com.ar\/2021\/dia-mundial-contra-el-cancer\/#breadcrumb\"},\"inLanguage\":\"es\",\"potentialAction\":[{\"@type\":\"ReadAction\",\"target\":[\"https:\/\/www.noticiasradioreflejos.com.ar\/2021\/dia-mundial-contra-el-cancer\/\"]}]},{\"@type\":\"ImageObject\",\"inLanguage\":\"es\",\"@id\":\"https:\/\/www.noticiasradioreflejos.com.ar\/2021\/dia-mundial-contra-el-cancer\/#primaryimage\",\"url\":\"https:\/\/www.telam.com.ar\/advf\/imagenes\/2019\/11\/5dd1a029f2829_1004x565.jpg\",\"contentUrl\":\"https:\/\/www.telam.com.ar\/advf\/imagenes\/2019\/11\/5dd1a029f2829_1004x565.jpg\"},{\"@type\":\"BreadcrumbList\",\"@id\":\"https:\/\/www.noticiasradioreflejos.com.ar\/2021\/dia-mundial-contra-el-cancer\/#breadcrumb\",\"itemListElement\":[{\"@type\":\"ListItem\",\"position\":1,\"name\":\"Portada\",\"item\":\"https:\/\/www.noticiasradioreflejos.com.ar\/2021\/\"},{\"@type\":\"ListItem\",\"position\":2,\"name\":\"D\u00eda Mundial Contra el C\u00e1ncer\"}]},{\"@type\":\"WebSite\",\"@id\":\"https:\/\/www.noticiasradioreflejos.com.ar\/2021\/#website\",\"url\":\"https:\/\/www.noticiasradioreflejos.com.ar\/2021\/\",\"name\":\"Noticias Radio Reflejos\",\"description\":\"Las noticias de mi comarca\",\"potentialAction\":[{\"@type\":\"SearchAction\",\"target\":{\"@type\":\"EntryPoint\",\"urlTemplate\":\"https:\/\/www.noticiasradioreflejos.com.ar\/2021\/?s={search_term_string}\"},\"query-input\":{\"@type\":\"PropertyValueSpecification\",\"valueRequired\":true,\"valueName\":\"search_term_string\"}}],\"inLanguage\":\"es\"},{\"@type\":\"Person\",\"@id\":\"https:\/\/www.noticiasradioreflejos.com.ar\/2021\/#\/schema\/person\/ad82545263dcc5ec0996818884fd5fb1\",\"name\":\"Arnaldo Botto\",\"image\":{\"@type\":\"ImageObject\",\"inLanguage\":\"es\",\"@id\":\"https:\/\/www.noticiasradioreflejos.com.ar\/2021\/#\/schema\/person\/image\/\",\"url\":\"https:\/\/secure.gravatar.com\/avatar\/55cb5e37c1efa326397366e6974cb338056df65cb50e7d64d1cf314e87504837?s=96&d=mm&r=g\",\"contentUrl\":\"https:\/\/secure.gravatar.com\/avatar\/55cb5e37c1efa326397366e6974cb338056df65cb50e7d64d1cf314e87504837?s=96&d=mm&r=g\",\"caption\":\"Arnaldo Botto\"},\"url\":\"https:\/\/www.noticiasradioreflejos.com.ar\/2021\/author\/arnaldo\/\"}]}<\/script>\n<!-- \/ Yoast SEO plugin. -->","yoast_head_json":{"title":"D\u00eda Mundial Contra el C\u00e1ncer - Noticias Radio Reflejos","robots":{"index":"index","follow":"follow","max-snippet":"max-snippet:-1","max-image-preview":"max-image-preview:large","max-video-preview":"max-video-preview:-1"},"canonical":"https:\/\/www.noticiasradioreflejos.com.ar\/2021\/dia-mundial-contra-el-cancer\/","og_locale":"es_ES","og_type":"article","og_title":"D\u00eda Mundial Contra el C\u00e1ncer - Noticias Radio Reflejos","og_description":"Tras la baja de consultas, advierten que la detecci\u00f3n temprana aumenta posibilidad de cura.","og_url":"https:\/\/www.noticiasradioreflejos.com.ar\/2021\/dia-mundial-contra-el-cancer\/","og_site_name":"Noticias Radio Reflejos","article_published_time":"2021-02-04T11:32:00+00:00","og_image":[{"url":"https:\/\/www.telam.com.ar\/advf\/imagenes\/2019\/11\/5dd1a029f2829_1004x565.jpg","type":"","width":"","height":""}],"author":"Arnaldo Botto","twitter_card":"summary_large_image","schema":{"@context":"https:\/\/schema.org","@graph":[{"@type":"WebPage","@id":"https:\/\/www.noticiasradioreflejos.com.ar\/2021\/dia-mundial-contra-el-cancer\/","url":"https:\/\/www.noticiasradioreflejos.com.ar\/2021\/dia-mundial-contra-el-cancer\/","name":"D\u00eda Mundial Contra el C\u00e1ncer - Noticias Radio Reflejos","isPartOf":{"@id":"https:\/\/www.noticiasradioreflejos.com.ar\/2021\/#website"},"primaryImageOfPage":{"@id":"https:\/\/www.noticiasradioreflejos.com.ar\/2021\/dia-mundial-contra-el-cancer\/#primaryimage"},"image":{"@id":"https:\/\/www.noticiasradioreflejos.com.ar\/2021\/dia-mundial-contra-el-cancer\/#primaryimage"},"thumbnailUrl":"https:\/\/www.telam.com.ar\/advf\/imagenes\/2019\/11\/5dd1a029f2829_1004x565.jpg","datePublished":"2021-02-04T11:32:00+00:00","author":{"@id":"https:\/\/www.noticiasradioreflejos.com.ar\/2021\/#\/schema\/person\/ad82545263dcc5ec0996818884fd5fb1"},"breadcrumb":{"@id":"https:\/\/www.noticiasradioreflejos.com.ar\/2021\/dia-mundial-contra-el-cancer\/#breadcrumb"},"inLanguage":"es","potentialAction":[{"@type":"ReadAction","target":["https:\/\/www.noticiasradioreflejos.com.ar\/2021\/dia-mundial-contra-el-cancer\/"]}]},{"@type":"ImageObject","inLanguage":"es","@id":"https:\/\/www.noticiasradioreflejos.com.ar\/2021\/dia-mundial-contra-el-cancer\/#primaryimage","url":"https:\/\/www.telam.com.ar\/advf\/imagenes\/2019\/11\/5dd1a029f2829_1004x565.jpg","contentUrl":"https:\/\/www.telam.com.ar\/advf\/imagenes\/2019\/11\/5dd1a029f2829_1004x565.jpg"},{"@type":"BreadcrumbList","@id":"https:\/\/www.noticiasradioreflejos.com.ar\/2021\/dia-mundial-contra-el-cancer\/#breadcrumb","itemListElement":[{"@type":"ListItem","position":1,"name":"Portada","item":"https:\/\/www.noticiasradioreflejos.com.ar\/2021\/"},{"@type":"ListItem","position":2,"name":"D\u00eda Mundial Contra el C\u00e1ncer"}]},{"@type":"WebSite","@id":"https:\/\/www.noticiasradioreflejos.com.ar\/2021\/#website","url":"https:\/\/www.noticiasradioreflejos.com.ar\/2021\/","name":"Noticias Radio Reflejos","description":"Las noticias de mi comarca","potentialAction":[{"@type":"SearchAction","target":{"@type":"EntryPoint","urlTemplate":"https:\/\/www.noticiasradioreflejos.com.ar\/2021\/?s={search_term_string}"},"query-input":{"@type":"PropertyValueSpecification","valueRequired":true,"valueName":"search_term_string"}}],"inLanguage":"es"},{"@type":"Person","@id":"https:\/\/www.noticiasradioreflejos.com.ar\/2021\/#\/schema\/person\/ad82545263dcc5ec0996818884fd5fb1","name":"Arnaldo Botto","image":{"@type":"ImageObject","inLanguage":"es","@id":"https:\/\/www.noticiasradioreflejos.com.ar\/2021\/#\/schema\/person\/image\/","url":"https:\/\/secure.gravatar.com\/avatar\/55cb5e37c1efa326397366e6974cb338056df65cb50e7d64d1cf314e87504837?s=96&d=mm&r=g","contentUrl":"https:\/\/secure.gravatar.com\/avatar\/55cb5e37c1efa326397366e6974cb338056df65cb50e7d64d1cf314e87504837?s=96&d=mm&r=g","caption":"Arnaldo Botto"},"url":"https:\/\/www.noticiasradioreflejos.com.ar\/2021\/author\/arnaldo\/"}]}},"_links":{"self":[{"href":"https:\/\/www.noticiasradioreflejos.com.ar\/2021\/wp-json\/wp\/v2\/posts\/52103","targetHints":{"allow":["GET"]}}],"collection":[{"href":"https:\/\/www.noticiasradioreflejos.com.ar\/2021\/wp-json\/wp\/v2\/posts"}],"about":[{"href":"https:\/\/www.noticiasradioreflejos.com.ar\/2021\/wp-json\/wp\/v2\/types\/post"}],"author":[{"embeddable":true,"href":"https:\/\/www.noticiasradioreflejos.com.ar\/2021\/wp-json\/wp\/v2\/users\/3"}],"replies":[{"embeddable":true,"href":"https:\/\/www.noticiasradioreflejos.com.ar\/2021\/wp-json\/wp\/v2\/comments?post=52103"}],"version-history":[{"count":0,"href":"https:\/\/www.noticiasradioreflejos.com.ar\/2021\/wp-json\/wp\/v2\/posts\/52103\/revisions"}],"wp:attachment":[{"href":"https:\/\/www.noticiasradioreflejos.com.ar\/2021\/wp-json\/wp\/v2\/media?parent=52103"}],"wp:term":[{"taxonomy":"category","embeddable":true,"href":"https:\/\/www.noticiasradioreflejos.com.ar\/2021\/wp-json\/wp\/v2\/categories?post=52103"},{"taxonomy":"post_tag","embeddable":true,"href":"https:\/\/www.noticiasradioreflejos.com.ar\/2021\/wp-json\/wp\/v2\/tags?post=52103"}],"curies":[{"name":"wp","href":"https:\/\/api.w.org\/{rel}","templated":true}]}}