{"id":52095,"date":"2021-02-04T07:56:56","date_gmt":"2021-02-04T10:56:56","guid":{"rendered":"http:\/\/www.noticiasradioreflejos.com.ar\/noticias\/?p=52095"},"modified":"2021-02-04T07:56:56","modified_gmt":"2021-02-04T10:56:56","slug":"argentina-y-una-empresa-china-firman-acuerdo-para-producir-vehiculos-electricos-en-el-pais","status":"publish","type":"post","link":"https:\/\/www.noticiasradioreflejos.com.ar\/2021\/argentina-y-una-empresa-china-firman-acuerdo-para-producir-vehiculos-electricos-en-el-pais\/","title":{"rendered":"Argentina y una empresa china firman acuerdo para producir veh\u00edculos el\u00e9ctricos en el pa\u00eds"},"content":{"rendered":"<p>El ministro de Desarrollo Productivo, Mat\u00edas Kulfas, y el embajador ante la Rep\u00fablica Popular China, Sabino Vaca Narvaja, mantuvieron un encuentro virtual con directivos de la Jiangsu Jiankang Automobile (JJA) \u00abpara firmar un importante acuerdo que impulsar\u00e1 la industria de veh\u00edculos el\u00e9ctricos en el pa\u00eds\u00bb, indic\u00f3 la representaci\u00f3n diplom\u00e1tica argentina.<!--more--><\/p>\n<div id=\"image\" class=\"image\">\n<p><img decoding=\"async\" title=\"Kulfas resalt\u00f3 que &quot;esta firma profundiza a\u00fan m\u00e1s la relaci\u00f3n con la Rep\u00fablica Popular China&quot;.\" src=\"https:\/\/www.telam.com.ar\/advf\/imagenes\/2021\/02\/601b545c189e0_1004x565.jpg\" alt=\"Kulfas resalt\u00f3 que &quot;esta firma profundiza a\u00fan m\u00e1s la relaci\u00f3n con la Rep\u00fablica Popular China&quot;.\" \/><\/p>\n<div class=\"epigrafe\">Kulfas resalt\u00f3 que \u00abesta firma profundiza a\u00fan m\u00e1s la relaci\u00f3n con la Rep\u00fablica Popular China\u00bb.<\/div>\n<\/div>\n<p><strong>El Gobierno nacional firm\u00f3 este mi\u00e9rcoles un acuerdo con la empresa china Jiangsu Jiankang Automobile para producir en la Argentina veh\u00edculos urbanos el\u00e9ctricos y bater\u00edas con la utilizaci\u00f3n de litio, elemento del cual el pa\u00eds posee una de las mayores reservas mundiales.<\/strong><\/p>\n<p><strong>\u00abDe esta forma, Argentina podr\u00e1 industrializar el litio que posee en una de las reservas de mayor extensi\u00f3n a nivel mundial\u00bb, se destac\u00f3 en un comunicado donde se resalt\u00f3 que con este acuerdo \u00abArgentina busca convertirse en l\u00edder regional en producci\u00f3n de veh\u00edculos el\u00e9ctricos\u00bb.<\/strong><\/p>\n<p>La iniciativa \u00abse inscribe en el marco de lo anunciado recientemente por el presidente Alberto Fern\u00e1ndez en el Foro de Davos, donde afirm\u00f3: &#8216;Creemos que hay condiciones para que Argentina asuma un rol de liderazgo en materia de electromovilidad, con un marco legal robusto que estamos dise\u00f1ando'\u00bb.<\/p>\n<div id=\"image\" class=\"image\">\n<p><img decoding=\"async\" title=\"Argentina y una empresa china firman acuerdo para producir veh\u00edculos el\u00e9ctricos en el pa\u00eds.\" src=\"https:\/\/www.telam.com.ar\/advf\/imagenes\/2021\/02\/601b545c10370_1004x565.jpg\" alt=\"Argentina y una empresa china firman acuerdo para producir veh\u00edculos el\u00e9ctricos en el pa\u00eds.\" \/><\/p>\n<div class=\"epigrafe\">Argentina y una empresa china firman acuerdo para producir veh\u00edculos el\u00e9ctricos en el pa\u00eds.<\/div>\n<\/div>\n<p>Kulfas hab\u00eda anunciado el martes en un seminario de la Academia de Ciencias Sociales de Shangh\u00e1i que Argentina tendr\u00e1 \u00abuna nueva legislaci\u00f3n para electromovilidad, que significar\u00e1 una plataforma m\u00e1s para la cooperaci\u00f3n, teniendo en cuenta el liderazgo mundial que tiene China en la materia\u00bb.<\/p>\n<p>Jiangsu Jiankang Automobile pertenece a Guoxuan Group, due\u00f1a a la vez de la firma Gotion High-Tech, l\u00edder en producci\u00f3n de bater\u00edas para veh\u00edculos el\u00e9ctricos.<\/p>\n<blockquote class=\"small-left\"><p>\u00abEsta firma profundiza a\u00fan m\u00e1s la relaci\u00f3n con la Rep\u00fablica Popular China y mejora la matriz de nuestro intercambio, incorporando alto valor agregado en nuestra cooperaci\u00f3n bilateral\u00bb.<\/p>\n<div class=\"sign\">MAT\u00cdAS KULFAS<\/div>\n<\/blockquote>\n<p>La embajada en China record\u00f3 que el a\u00f1o pasado \u00abVolkswagen adquiri\u00f3 el 26% de Gotion High-Tech por 1.000 millones de euros\u00bb.<\/p>\n<p>A trav\u00e9s del Memor\u00e1ndum de Entendimiento (MOU),\u00a0<strong>el Ministerio de Desarrollo Productivo y Jiangsu Jiankang Automobile \u00abse proponen desarrollar de manera conjunta nuevas tecnolog\u00edas en movilidad, la entrada de productos automotores de energ\u00edas renovables al mercado argentino y el establecimiento de f\u00e1bricas de bater\u00edas y veh\u00edculos de transporte urbano de pasajeros de movilidad sustentable en el territorio nacional\u00bb.<\/strong><\/p>\n<p>Adem\u00e1s, JJA \u00abse compromete a realizar las inversiones necesarias para la construcci\u00f3n de una nueva planta de producci\u00f3n de bater\u00edas para movilidad sustentable y una planta de chasis completos de buses de pasajeros urbanos, unidades de aproximadamente 12 metros de longitud, en territorio argentino\u00bb, se indic\u00f3.<\/p>\n<p>El memor\u00e1ndum dispone tambi\u00e9n que \u00abla f\u00e1brica debe tener capacidades de escala econ\u00f3mica que sean viables para abastecer razonablemente a los mercados argentinos y extranjeros, en particular, los mercados vecinos en Am\u00e9rica Latina\u00bb.<\/p>\n<div class=\"js-code\">\n<div class=\"twitter-tweet twitter-tweet-rendered\"><iframe loading=\"lazy\" id=\"twitter-widget-0\" class=\"\" title=\"Twitter Tweet\" src=\"https:\/\/platform.twitter.com\/embed\/index.html?creatorScreenName=agenciatelam&amp;dnt=false&amp;embedId=twitter-widget-0&amp;frame=false&amp;hideCard=false&amp;hideThread=false&amp;id=1356935667121553410&amp;lang=en&amp;origin=https%3A%2F%2Fwww.telam.com.ar%2Fnotas%2F202102%2F543541-argentina-y-empresa-china-firman-acuerdo-para-producir-vehiculos-electricos-en-el-pais.html&amp;siteScreenName=agenciatelam&amp;theme=light&amp;widgetsVersion=ed20a2b%3A1601588405575&amp;width=550px\" width=\"300\" height=\"150\" frameborder=\"0\" scrolling=\"no\" allowfullscreen=\"allowfullscreen\" data-tweet-id=\"1356935667121553410\"><\/iframe><\/div>\n<\/div>\n<p>Kulfas resalt\u00f3 que \u00abesta firma profundiza a\u00fan m\u00e1s la relaci\u00f3n con la Rep\u00fablica Popular China y mejora la matriz de nuestro intercambio, incorporando alto valor agregado en nuestra cooperaci\u00f3n bilateral\u00bb.<\/p>\n<p>El embajador Vaca Narvaja afirm\u00f3 por su parte que \u00abeste es un proyecto estrat\u00e9gico dado el alto valor agregado que significa transformar el litio en bater\u00edas y el desarrollo de la industria de veh\u00edculos el\u00e9ctricos para el pa\u00eds. Distintos pa\u00edses de la regi\u00f3n exportan sus minerales a China, pero esto significa dar un paso m\u00e1s en la cadena de valor\u00bb, ampli\u00f3.<\/p>\n<p>El comunicado oficial record\u00f3 que \u00abla Argentina, junto con Bolivia y Chile, poseen salares con niveles de concentraci\u00f3n de litio que hacen que su explotaci\u00f3n sea sumamente rentable en relaci\u00f3n a otros dep\u00f3sitos\u00bb.<\/p>\n<p>Seg\u00fan datos de 2018 del Servicio Geol\u00f3gico de los Estados Unidos (USGS), \u00abalrededor del 67% de las reservas probadas de litio, y cerca de la mitad de la oferta global, se concentra en esa regi\u00f3n, denominada el &#8216;tri\u00e1ngulo del litio'\u00bb.<\/p>\n<p>Argentina cuenta con 1\/7 de las reservas, lo que la ubica \u00aben la cuarta posici\u00f3n global, y aporta cerca de 1\/6 de la producci\u00f3n total, lo que la coloca en la tercera posici\u00f3n en el ranking mundial\u00bb.<\/p>\n<p>El USGS destac\u00f3 que la Argentina \u00abes el pa\u00eds con mayor cantidad de recursos con potencial valor econ\u00f3mico, aunque no de probada factibilidad y rentabilidad, con algo m\u00e1s del 20% del total mundial. El litio disponible all\u00ed est\u00e1 concentrado mayormente en tres provincias: Catamarca, Jujuy y Salta\u00bb.<\/p>\n<p>Seg\u00fan un informe del Banco Interamericano de Desarrollo (BID), \u00abla Argentina tiene potencial para convertirse en el principal productor mundial de carbonato de litio, por tomar el referente que com\u00fanmente se utiliza para mensurar la productividad del sector\u00bb, a\u00f1adi\u00f3.<\/p>\n","protected":false},"excerpt":{"rendered":"<p>El ministro de Desarrollo Productivo, Mat\u00edas Kulfas, y el embajador ante la Rep\u00fablica Popular China, Sabino Vaca Narvaja, mantuvieron un encuentro virtual con directivos de la Jiangsu Jiankang Automobile (JJA) \u00abpara firmar un importante acuerdo que impulsar\u00e1 la industria de veh\u00edculos el\u00e9ctricos en el pa\u00eds\u00bb, indic\u00f3 la representaci\u00f3n diplom\u00e1tica argentina.<\/p>\n","protected":false},"author":3,"featured_media":0,"comment_status":"closed","ping_status":"open","sticky":false,"template":"","format":"standard","meta":{"footnotes":""},"categories":[36],"tags":[],"class_list":["post-52095","post","type-post","status-publish","format-standard","hentry","category-economia"],"yoast_head":"<!-- This site is optimized with the Yoast SEO plugin v25.9 - https:\/\/yoast.com\/wordpress\/plugins\/seo\/ -->\n<title>Argentina y una empresa china firman acuerdo para producir veh\u00edculos el\u00e9ctricos en el pa\u00eds - Noticias Radio Reflejos<\/title>\n<meta name=\"robots\" content=\"index, follow, max-snippet:-1, max-image-preview:large, max-video-preview:-1\" \/>\n<link rel=\"canonical\" href=\"https:\/\/www.noticiasradioreflejos.com.ar\/2021\/argentina-y-una-empresa-china-firman-acuerdo-para-producir-vehiculos-electricos-en-el-pais\/\" \/>\n<meta property=\"og:locale\" content=\"es_ES\" \/>\n<meta property=\"og:type\" content=\"article\" \/>\n<meta property=\"og:title\" content=\"Argentina y una empresa china firman acuerdo para producir veh\u00edculos el\u00e9ctricos en el pa\u00eds - Noticias Radio Reflejos\" \/>\n<meta property=\"og:description\" content=\"El ministro de Desarrollo Productivo, Mat\u00edas Kulfas, y el embajador ante la Rep\u00fablica Popular China, Sabino Vaca Narvaja, mantuvieron un encuentro virtual con directivos de la Jiangsu Jiankang Automobile (JJA) \u00abpara firmar un importante acuerdo que impulsar\u00e1 la industria de veh\u00edculos el\u00e9ctricos en el pa\u00eds\u00bb, indic\u00f3 la representaci\u00f3n diplom\u00e1tica argentina.\" \/>\n<meta property=\"og:url\" content=\"https:\/\/www.noticiasradioreflejos.com.ar\/2021\/argentina-y-una-empresa-china-firman-acuerdo-para-producir-vehiculos-electricos-en-el-pais\/\" \/>\n<meta property=\"og:site_name\" content=\"Noticias Radio Reflejos\" \/>\n<meta property=\"article:published_time\" content=\"2021-02-04T10:56:56+00:00\" \/>\n<meta property=\"og:image\" content=\"https:\/\/www.telam.com.ar\/advf\/imagenes\/2021\/02\/601b545c189e0_1004x565.jpg\" \/>\n<meta name=\"author\" content=\"Arnaldo Botto\" \/>\n<meta name=\"twitter:card\" content=\"summary_large_image\" \/>\n<script type=\"application\/ld+json\" class=\"yoast-schema-graph\">{\"@context\":\"https:\/\/schema.org\",\"@graph\":[{\"@type\":\"WebPage\",\"@id\":\"https:\/\/www.noticiasradioreflejos.com.ar\/2021\/argentina-y-una-empresa-china-firman-acuerdo-para-producir-vehiculos-electricos-en-el-pais\/\",\"url\":\"https:\/\/www.noticiasradioreflejos.com.ar\/2021\/argentina-y-una-empresa-china-firman-acuerdo-para-producir-vehiculos-electricos-en-el-pais\/\",\"name\":\"Argentina y una empresa china firman acuerdo para producir veh\u00edculos el\u00e9ctricos en el pa\u00eds - Noticias Radio Reflejos\",\"isPartOf\":{\"@id\":\"https:\/\/www.noticiasradioreflejos.com.ar\/2021\/#website\"},\"primaryImageOfPage\":{\"@id\":\"https:\/\/www.noticiasradioreflejos.com.ar\/2021\/argentina-y-una-empresa-china-firman-acuerdo-para-producir-vehiculos-electricos-en-el-pais\/#primaryimage\"},\"image\":{\"@id\":\"https:\/\/www.noticiasradioreflejos.com.ar\/2021\/argentina-y-una-empresa-china-firman-acuerdo-para-producir-vehiculos-electricos-en-el-pais\/#primaryimage\"},\"thumbnailUrl\":\"https:\/\/www.telam.com.ar\/advf\/imagenes\/2021\/02\/601b545c189e0_1004x565.jpg\",\"datePublished\":\"2021-02-04T10:56:56+00:00\",\"author\":{\"@id\":\"https:\/\/www.noticiasradioreflejos.com.ar\/2021\/#\/schema\/person\/ad82545263dcc5ec0996818884fd5fb1\"},\"breadcrumb\":{\"@id\":\"https:\/\/www.noticiasradioreflejos.com.ar\/2021\/argentina-y-una-empresa-china-firman-acuerdo-para-producir-vehiculos-electricos-en-el-pais\/#breadcrumb\"},\"inLanguage\":\"es\",\"potentialAction\":[{\"@type\":\"ReadAction\",\"target\":[\"https:\/\/www.noticiasradioreflejos.com.ar\/2021\/argentina-y-una-empresa-china-firman-acuerdo-para-producir-vehiculos-electricos-en-el-pais\/\"]}]},{\"@type\":\"ImageObject\",\"inLanguage\":\"es\",\"@id\":\"https:\/\/www.noticiasradioreflejos.com.ar\/2021\/argentina-y-una-empresa-china-firman-acuerdo-para-producir-vehiculos-electricos-en-el-pais\/#primaryimage\",\"url\":\"https:\/\/www.telam.com.ar\/advf\/imagenes\/2021\/02\/601b545c189e0_1004x565.jpg\",\"contentUrl\":\"https:\/\/www.telam.com.ar\/advf\/imagenes\/2021\/02\/601b545c189e0_1004x565.jpg\"},{\"@type\":\"BreadcrumbList\",\"@id\":\"https:\/\/www.noticiasradioreflejos.com.ar\/2021\/argentina-y-una-empresa-china-firman-acuerdo-para-producir-vehiculos-electricos-en-el-pais\/#breadcrumb\",\"itemListElement\":[{\"@type\":\"ListItem\",\"position\":1,\"name\":\"Portada\",\"item\":\"https:\/\/www.noticiasradioreflejos.com.ar\/2021\/\"},{\"@type\":\"ListItem\",\"position\":2,\"name\":\"Argentina y una empresa china firman acuerdo para producir veh\u00edculos el\u00e9ctricos en el pa\u00eds\"}]},{\"@type\":\"WebSite\",\"@id\":\"https:\/\/www.noticiasradioreflejos.com.ar\/2021\/#website\",\"url\":\"https:\/\/www.noticiasradioreflejos.com.ar\/2021\/\",\"name\":\"Noticias Radio Reflejos\",\"description\":\"Las noticias de mi comarca\",\"potentialAction\":[{\"@type\":\"SearchAction\",\"target\":{\"@type\":\"EntryPoint\",\"urlTemplate\":\"https:\/\/www.noticiasradioreflejos.com.ar\/2021\/?s={search_term_string}\"},\"query-input\":{\"@type\":\"PropertyValueSpecification\",\"valueRequired\":true,\"valueName\":\"search_term_string\"}}],\"inLanguage\":\"es\"},{\"@type\":\"Person\",\"@id\":\"https:\/\/www.noticiasradioreflejos.com.ar\/2021\/#\/schema\/person\/ad82545263dcc5ec0996818884fd5fb1\",\"name\":\"Arnaldo Botto\",\"image\":{\"@type\":\"ImageObject\",\"inLanguage\":\"es\",\"@id\":\"https:\/\/www.noticiasradioreflejos.com.ar\/2021\/#\/schema\/person\/image\/\",\"url\":\"https:\/\/secure.gravatar.com\/avatar\/55cb5e37c1efa326397366e6974cb338056df65cb50e7d64d1cf314e87504837?s=96&d=mm&r=g\",\"contentUrl\":\"https:\/\/secure.gravatar.com\/avatar\/55cb5e37c1efa326397366e6974cb338056df65cb50e7d64d1cf314e87504837?s=96&d=mm&r=g\",\"caption\":\"Arnaldo Botto\"},\"url\":\"https:\/\/www.noticiasradioreflejos.com.ar\/2021\/author\/arnaldo\/\"}]}<\/script>\n<!-- \/ Yoast SEO plugin. -->","yoast_head_json":{"title":"Argentina y una empresa china firman acuerdo para producir veh\u00edculos el\u00e9ctricos en el pa\u00eds - Noticias Radio Reflejos","robots":{"index":"index","follow":"follow","max-snippet":"max-snippet:-1","max-image-preview":"max-image-preview:large","max-video-preview":"max-video-preview:-1"},"canonical":"https:\/\/www.noticiasradioreflejos.com.ar\/2021\/argentina-y-una-empresa-china-firman-acuerdo-para-producir-vehiculos-electricos-en-el-pais\/","og_locale":"es_ES","og_type":"article","og_title":"Argentina y una empresa china firman acuerdo para producir veh\u00edculos el\u00e9ctricos en el pa\u00eds - Noticias Radio Reflejos","og_description":"El ministro de Desarrollo Productivo, Mat\u00edas Kulfas, y el embajador ante la Rep\u00fablica Popular China, Sabino Vaca Narvaja, mantuvieron un encuentro virtual con directivos de la Jiangsu Jiankang Automobile (JJA) \u00abpara firmar un importante acuerdo que impulsar\u00e1 la industria de veh\u00edculos el\u00e9ctricos en el pa\u00eds\u00bb, indic\u00f3 la representaci\u00f3n diplom\u00e1tica argentina.","og_url":"https:\/\/www.noticiasradioreflejos.com.ar\/2021\/argentina-y-una-empresa-china-firman-acuerdo-para-producir-vehiculos-electricos-en-el-pais\/","og_site_name":"Noticias Radio Reflejos","article_published_time":"2021-02-04T10:56:56+00:00","og_image":[{"url":"https:\/\/www.telam.com.ar\/advf\/imagenes\/2021\/02\/601b545c189e0_1004x565.jpg","type":"","width":"","height":""}],"author":"Arnaldo Botto","twitter_card":"summary_large_image","schema":{"@context":"https:\/\/schema.org","@graph":[{"@type":"WebPage","@id":"https:\/\/www.noticiasradioreflejos.com.ar\/2021\/argentina-y-una-empresa-china-firman-acuerdo-para-producir-vehiculos-electricos-en-el-pais\/","url":"https:\/\/www.noticiasradioreflejos.com.ar\/2021\/argentina-y-una-empresa-china-firman-acuerdo-para-producir-vehiculos-electricos-en-el-pais\/","name":"Argentina y una empresa china firman acuerdo para producir veh\u00edculos el\u00e9ctricos en el pa\u00eds - Noticias Radio Reflejos","isPartOf":{"@id":"https:\/\/www.noticiasradioreflejos.com.ar\/2021\/#website"},"primaryImageOfPage":{"@id":"https:\/\/www.noticiasradioreflejos.com.ar\/2021\/argentina-y-una-empresa-china-firman-acuerdo-para-producir-vehiculos-electricos-en-el-pais\/#primaryimage"},"image":{"@id":"https:\/\/www.noticiasradioreflejos.com.ar\/2021\/argentina-y-una-empresa-china-firman-acuerdo-para-producir-vehiculos-electricos-en-el-pais\/#primaryimage"},"thumbnailUrl":"https:\/\/www.telam.com.ar\/advf\/imagenes\/2021\/02\/601b545c189e0_1004x565.jpg","datePublished":"2021-02-04T10:56:56+00:00","author":{"@id":"https:\/\/www.noticiasradioreflejos.com.ar\/2021\/#\/schema\/person\/ad82545263dcc5ec0996818884fd5fb1"},"breadcrumb":{"@id":"https:\/\/www.noticiasradioreflejos.com.ar\/2021\/argentina-y-una-empresa-china-firman-acuerdo-para-producir-vehiculos-electricos-en-el-pais\/#breadcrumb"},"inLanguage":"es","potentialAction":[{"@type":"ReadAction","target":["https:\/\/www.noticiasradioreflejos.com.ar\/2021\/argentina-y-una-empresa-china-firman-acuerdo-para-producir-vehiculos-electricos-en-el-pais\/"]}]},{"@type":"ImageObject","inLanguage":"es","@id":"https:\/\/www.noticiasradioreflejos.com.ar\/2021\/argentina-y-una-empresa-china-firman-acuerdo-para-producir-vehiculos-electricos-en-el-pais\/#primaryimage","url":"https:\/\/www.telam.com.ar\/advf\/imagenes\/2021\/02\/601b545c189e0_1004x565.jpg","contentUrl":"https:\/\/www.telam.com.ar\/advf\/imagenes\/2021\/02\/601b545c189e0_1004x565.jpg"},{"@type":"BreadcrumbList","@id":"https:\/\/www.noticiasradioreflejos.com.ar\/2021\/argentina-y-una-empresa-china-firman-acuerdo-para-producir-vehiculos-electricos-en-el-pais\/#breadcrumb","itemListElement":[{"@type":"ListItem","position":1,"name":"Portada","item":"https:\/\/www.noticiasradioreflejos.com.ar\/2021\/"},{"@type":"ListItem","position":2,"name":"Argentina y una empresa china firman acuerdo para producir veh\u00edculos el\u00e9ctricos en el pa\u00eds"}]},{"@type":"WebSite","@id":"https:\/\/www.noticiasradioreflejos.com.ar\/2021\/#website","url":"https:\/\/www.noticiasradioreflejos.com.ar\/2021\/","name":"Noticias Radio Reflejos","description":"Las noticias de mi comarca","potentialAction":[{"@type":"SearchAction","target":{"@type":"EntryPoint","urlTemplate":"https:\/\/www.noticiasradioreflejos.com.ar\/2021\/?s={search_term_string}"},"query-input":{"@type":"PropertyValueSpecification","valueRequired":true,"valueName":"search_term_string"}}],"inLanguage":"es"},{"@type":"Person","@id":"https:\/\/www.noticiasradioreflejos.com.ar\/2021\/#\/schema\/person\/ad82545263dcc5ec0996818884fd5fb1","name":"Arnaldo Botto","image":{"@type":"ImageObject","inLanguage":"es","@id":"https:\/\/www.noticiasradioreflejos.com.ar\/2021\/#\/schema\/person\/image\/","url":"https:\/\/secure.gravatar.com\/avatar\/55cb5e37c1efa326397366e6974cb338056df65cb50e7d64d1cf314e87504837?s=96&d=mm&r=g","contentUrl":"https:\/\/secure.gravatar.com\/avatar\/55cb5e37c1efa326397366e6974cb338056df65cb50e7d64d1cf314e87504837?s=96&d=mm&r=g","caption":"Arnaldo Botto"},"url":"https:\/\/www.noticiasradioreflejos.com.ar\/2021\/author\/arnaldo\/"}]}},"_links":{"self":[{"href":"https:\/\/www.noticiasradioreflejos.com.ar\/2021\/wp-json\/wp\/v2\/posts\/52095","targetHints":{"allow":["GET"]}}],"collection":[{"href":"https:\/\/www.noticiasradioreflejos.com.ar\/2021\/wp-json\/wp\/v2\/posts"}],"about":[{"href":"https:\/\/www.noticiasradioreflejos.com.ar\/2021\/wp-json\/wp\/v2\/types\/post"}],"author":[{"embeddable":true,"href":"https:\/\/www.noticiasradioreflejos.com.ar\/2021\/wp-json\/wp\/v2\/users\/3"}],"replies":[{"embeddable":true,"href":"https:\/\/www.noticiasradioreflejos.com.ar\/2021\/wp-json\/wp\/v2\/comments?post=52095"}],"version-history":[{"count":0,"href":"https:\/\/www.noticiasradioreflejos.com.ar\/2021\/wp-json\/wp\/v2\/posts\/52095\/revisions"}],"wp:attachment":[{"href":"https:\/\/www.noticiasradioreflejos.com.ar\/2021\/wp-json\/wp\/v2\/media?parent=52095"}],"wp:term":[{"taxonomy":"category","embeddable":true,"href":"https:\/\/www.noticiasradioreflejos.com.ar\/2021\/wp-json\/wp\/v2\/categories?post=52095"},{"taxonomy":"post_tag","embeddable":true,"href":"https:\/\/www.noticiasradioreflejos.com.ar\/2021\/wp-json\/wp\/v2\/tags?post=52095"}],"curies":[{"name":"wp","href":"https:\/\/api.w.org\/{rel}","templated":true}]}}