{"id":52089,"date":"2021-02-03T19:46:54","date_gmt":"2021-02-03T22:46:54","guid":{"rendered":"http:\/\/www.noticiasradioreflejos.com.ar\/noticias\/?p=52089"},"modified":"2021-02-03T19:46:54","modified_gmt":"2021-02-03T22:46:54","slug":"cnel-pringles-aprehendieron-a-un-joven-que-apunalo-a-su-amigo","status":"publish","type":"post","link":"https:\/\/www.noticiasradioreflejos.com.ar\/2021\/cnel-pringles-aprehendieron-a-un-joven-que-apunalo-a-su-amigo\/","title":{"rendered":"Cnel Pringles: Aprehendieron a un joven que apu\u00f1al\u00f3 a su amigo"},"content":{"rendered":"<p>El hecho ocurri\u00f3 esta ma\u00f1ana; le propin\u00f3 3 puntazos a su amigo, lo llev\u00f3 al hospital y huy\u00f3 corriendo del lugar dejando su auto abandonado. La polic\u00eda lo detuvo en horas de la tarde.<!--more--><br \/>\n<a title=\"qnnpavlue08cal3z6uw8\" href=\"http:\/\/live.staticflickr.com\/65535\/50906308541_92d2ecd8de_s.jpg\" rel=\"\"><img loading=\"lazy\" decoding=\"async\" class=\"aligncenter\" title=\"qnnpavlue08cal3z6uw8\" src=\"http:\/\/live.staticflickr.com\/65535\/50906308541_92d2ecd8de_c.jpg\" alt=\"qnnpavlue08cal3z6uw8\" width=\"800\" height=\"449\" \/><\/a><br \/>\nLa Estaci\u00f3n de Polic\u00eda Comunal de Coronel Pringles, informa a la poblaci\u00f3n que el d\u00eda de la fecha y siendo alrededor de las 07.30 hs, personal policial que se hallaba de servicio en el Hospital Municipal Dr. Manuel B. Cabrera de esta localidad, tom\u00f3 conocimiento acerca del ingreso de una persona de sexo masculino, mayor de edad con heridas punzo cortantes, provocadas por arma blanca. Habi\u00e9ndose abocado el personal de salud a la atenci\u00f3n de la v\u00edctima, el personal policial procedi\u00f3 a la Aprehensi\u00f3n, de quien a primera instancia ser\u00eda su agresor, tambi\u00e9n masculino, mayor de edad. Habi\u00e9ndose recabado testimonios y medios de prueba, se estableci\u00f3 que en la madrugada del d\u00eda de la fecha la v\u00edctima Joel Sald\u00edas, de 20 a\u00f1os de edad, se encontraba en compa\u00f1\u00eda de ALAN YAIR VEL\u00c1ZQUEZ, alias \u00abPantera\u00bb, de 19 a\u00f1os, su victimario; y que \u00e9ste \u00faltimo, le habr\u00eda propinado tres heridas con arma blanca, en calle Garay y calle 18 de esta localidad. Posteriormente, y a bordo del veh\u00edculo en el cual se movilizaban ambos, un Fiat Palio de color gris, Vel\u00e1zquez traslad\u00f3 a Sald\u00edas hasta el centro de asistencia m\u00e9dica municipal. Una vez all\u00ed, abandon\u00f3 el rodado en la playa de estacionamiento del lugar, y se dio a la fuga corriendo. El personal policial que not\u00f3 lo que estaba aconteciendo, procedi\u00f3 r\u00e1pidamente a la aprehensi\u00f3n de Vel\u00e1zquez, en la intersecci\u00f3n de calle Cabrera y calle 19 de esta ciudad. Se procedi\u00f3 a trasladar al mismo hasta el asiento de la dependencia policial, donde se dio comunicaci\u00f3n a la Unidad Funcional de Instrucci\u00f3n y Juicio Nro. 5 del Dpto. Judicial Bah\u00eda Blanca, desde donde se impartieron directivas para la presente investigaci\u00f3n, quedando \u00e9l hecho caratulado como \u00abTENTATIVA DE HOMICIDIO\u00bb. Continuando con las investigaciones personal perteneciente al Gabinete T\u00e9cnico Operativo de esta seccional Policial, logr\u00f3 hallar en calle 19 entre Cabrera y 25 de Mayo de este medio el arma blanca (cuchillo) y un tel\u00e9fono celular marca Motorola, descartado por Vel\u00e1zquez, momentos antes a ser aprehendido por el personal Policial. En cuanto al ciudadano Sald\u00edas, recibi\u00f3 sus primeras curaciones, quedando alojado en el \u00c1rea de Terapia Intensiva del hospital local, con diagnostico reservado. JEFATURA DE POLIC\u00cdA DE SEGURIDAD COMUNAL CORONEL PRINGLES, FEBRERO 03 DE 2021.<\/p>\n","protected":false},"excerpt":{"rendered":"<p>El hecho ocurri\u00f3 esta ma\u00f1ana; le propin\u00f3 3 puntazos a su amigo, lo llev\u00f3 al hospital y huy\u00f3 corriendo del lugar dejando su auto abandonado. La polic\u00eda lo detuvo en horas de la tarde.<\/p>\n","protected":false},"author":3,"featured_media":0,"comment_status":"closed","ping_status":"open","sticky":false,"template":"","format":"standard","meta":{"footnotes":""},"categories":[29],"tags":[],"class_list":["post-52089","post","type-post","status-publish","format-standard","hentry","category-policiales"],"yoast_head":"<!-- This site is optimized with the Yoast SEO plugin v25.9 - https:\/\/yoast.com\/wordpress\/plugins\/seo\/ -->\n<title>Cnel Pringles: Aprehendieron a un joven que apu\u00f1al\u00f3 a su amigo - Noticias Radio Reflejos<\/title>\n<meta name=\"robots\" content=\"index, follow, max-snippet:-1, max-image-preview:large, max-video-preview:-1\" \/>\n<link rel=\"canonical\" href=\"https:\/\/www.noticiasradioreflejos.com.ar\/2021\/cnel-pringles-aprehendieron-a-un-joven-que-apunalo-a-su-amigo\/\" \/>\n<meta property=\"og:locale\" content=\"es_ES\" \/>\n<meta property=\"og:type\" content=\"article\" \/>\n<meta property=\"og:title\" content=\"Cnel Pringles: Aprehendieron a un joven que apu\u00f1al\u00f3 a su amigo - Noticias Radio Reflejos\" \/>\n<meta property=\"og:description\" content=\"El hecho ocurri\u00f3 esta ma\u00f1ana; le propin\u00f3 3 puntazos a su amigo, lo llev\u00f3 al hospital y huy\u00f3 corriendo del lugar dejando su auto abandonado. La polic\u00eda lo detuvo en horas de la tarde.\" \/>\n<meta property=\"og:url\" content=\"https:\/\/www.noticiasradioreflejos.com.ar\/2021\/cnel-pringles-aprehendieron-a-un-joven-que-apunalo-a-su-amigo\/\" \/>\n<meta property=\"og:site_name\" content=\"Noticias Radio Reflejos\" \/>\n<meta property=\"article:published_time\" content=\"2021-02-03T22:46:54+00:00\" \/>\n<meta property=\"og:image\" content=\"http:\/\/live.staticflickr.com\/65535\/50906308541_92d2ecd8de_c.jpg\" \/>\n<meta name=\"author\" content=\"Arnaldo Botto\" \/>\n<meta name=\"twitter:card\" content=\"summary_large_image\" \/>\n<script type=\"application\/ld+json\" class=\"yoast-schema-graph\">{\"@context\":\"https:\/\/schema.org\",\"@graph\":[{\"@type\":\"WebPage\",\"@id\":\"https:\/\/www.noticiasradioreflejos.com.ar\/2021\/cnel-pringles-aprehendieron-a-un-joven-que-apunalo-a-su-amigo\/\",\"url\":\"https:\/\/www.noticiasradioreflejos.com.ar\/2021\/cnel-pringles-aprehendieron-a-un-joven-que-apunalo-a-su-amigo\/\",\"name\":\"Cnel Pringles: Aprehendieron a un joven que apu\u00f1al\u00f3 a su amigo - Noticias Radio Reflejos\",\"isPartOf\":{\"@id\":\"https:\/\/www.noticiasradioreflejos.com.ar\/2021\/#website\"},\"primaryImageOfPage\":{\"@id\":\"https:\/\/www.noticiasradioreflejos.com.ar\/2021\/cnel-pringles-aprehendieron-a-un-joven-que-apunalo-a-su-amigo\/#primaryimage\"},\"image\":{\"@id\":\"https:\/\/www.noticiasradioreflejos.com.ar\/2021\/cnel-pringles-aprehendieron-a-un-joven-que-apunalo-a-su-amigo\/#primaryimage\"},\"thumbnailUrl\":\"http:\/\/live.staticflickr.com\/65535\/50906308541_92d2ecd8de_c.jpg\",\"datePublished\":\"2021-02-03T22:46:54+00:00\",\"author\":{\"@id\":\"https:\/\/www.noticiasradioreflejos.com.ar\/2021\/#\/schema\/person\/ad82545263dcc5ec0996818884fd5fb1\"},\"breadcrumb\":{\"@id\":\"https:\/\/www.noticiasradioreflejos.com.ar\/2021\/cnel-pringles-aprehendieron-a-un-joven-que-apunalo-a-su-amigo\/#breadcrumb\"},\"inLanguage\":\"es\",\"potentialAction\":[{\"@type\":\"ReadAction\",\"target\":[\"https:\/\/www.noticiasradioreflejos.com.ar\/2021\/cnel-pringles-aprehendieron-a-un-joven-que-apunalo-a-su-amigo\/\"]}]},{\"@type\":\"ImageObject\",\"inLanguage\":\"es\",\"@id\":\"https:\/\/www.noticiasradioreflejos.com.ar\/2021\/cnel-pringles-aprehendieron-a-un-joven-que-apunalo-a-su-amigo\/#primaryimage\",\"url\":\"http:\/\/live.staticflickr.com\/65535\/50906308541_92d2ecd8de_c.jpg\",\"contentUrl\":\"http:\/\/live.staticflickr.com\/65535\/50906308541_92d2ecd8de_c.jpg\"},{\"@type\":\"BreadcrumbList\",\"@id\":\"https:\/\/www.noticiasradioreflejos.com.ar\/2021\/cnel-pringles-aprehendieron-a-un-joven-que-apunalo-a-su-amigo\/#breadcrumb\",\"itemListElement\":[{\"@type\":\"ListItem\",\"position\":1,\"name\":\"Portada\",\"item\":\"https:\/\/www.noticiasradioreflejos.com.ar\/2021\/\"},{\"@type\":\"ListItem\",\"position\":2,\"name\":\"Cnel Pringles: Aprehendieron a un joven que apu\u00f1al\u00f3 a su amigo\"}]},{\"@type\":\"WebSite\",\"@id\":\"https:\/\/www.noticiasradioreflejos.com.ar\/2021\/#website\",\"url\":\"https:\/\/www.noticiasradioreflejos.com.ar\/2021\/\",\"name\":\"Noticias Radio Reflejos\",\"description\":\"Las noticias de mi comarca\",\"potentialAction\":[{\"@type\":\"SearchAction\",\"target\":{\"@type\":\"EntryPoint\",\"urlTemplate\":\"https:\/\/www.noticiasradioreflejos.com.ar\/2021\/?s={search_term_string}\"},\"query-input\":{\"@type\":\"PropertyValueSpecification\",\"valueRequired\":true,\"valueName\":\"search_term_string\"}}],\"inLanguage\":\"es\"},{\"@type\":\"Person\",\"@id\":\"https:\/\/www.noticiasradioreflejos.com.ar\/2021\/#\/schema\/person\/ad82545263dcc5ec0996818884fd5fb1\",\"name\":\"Arnaldo Botto\",\"image\":{\"@type\":\"ImageObject\",\"inLanguage\":\"es\",\"@id\":\"https:\/\/www.noticiasradioreflejos.com.ar\/2021\/#\/schema\/person\/image\/\",\"url\":\"https:\/\/secure.gravatar.com\/avatar\/55cb5e37c1efa326397366e6974cb338056df65cb50e7d64d1cf314e87504837?s=96&d=mm&r=g\",\"contentUrl\":\"https:\/\/secure.gravatar.com\/avatar\/55cb5e37c1efa326397366e6974cb338056df65cb50e7d64d1cf314e87504837?s=96&d=mm&r=g\",\"caption\":\"Arnaldo Botto\"},\"url\":\"https:\/\/www.noticiasradioreflejos.com.ar\/2021\/author\/arnaldo\/\"}]}<\/script>\n<!-- \/ Yoast SEO plugin. -->","yoast_head_json":{"title":"Cnel Pringles: Aprehendieron a un joven que apu\u00f1al\u00f3 a su amigo - Noticias Radio Reflejos","robots":{"index":"index","follow":"follow","max-snippet":"max-snippet:-1","max-image-preview":"max-image-preview:large","max-video-preview":"max-video-preview:-1"},"canonical":"https:\/\/www.noticiasradioreflejos.com.ar\/2021\/cnel-pringles-aprehendieron-a-un-joven-que-apunalo-a-su-amigo\/","og_locale":"es_ES","og_type":"article","og_title":"Cnel Pringles: Aprehendieron a un joven que apu\u00f1al\u00f3 a su amigo - Noticias Radio Reflejos","og_description":"El hecho ocurri\u00f3 esta ma\u00f1ana; le propin\u00f3 3 puntazos a su amigo, lo llev\u00f3 al hospital y huy\u00f3 corriendo del lugar dejando su auto abandonado. La polic\u00eda lo detuvo en horas de la tarde.","og_url":"https:\/\/www.noticiasradioreflejos.com.ar\/2021\/cnel-pringles-aprehendieron-a-un-joven-que-apunalo-a-su-amigo\/","og_site_name":"Noticias Radio Reflejos","article_published_time":"2021-02-03T22:46:54+00:00","og_image":[{"url":"http:\/\/live.staticflickr.com\/65535\/50906308541_92d2ecd8de_c.jpg","type":"","width":"","height":""}],"author":"Arnaldo Botto","twitter_card":"summary_large_image","schema":{"@context":"https:\/\/schema.org","@graph":[{"@type":"WebPage","@id":"https:\/\/www.noticiasradioreflejos.com.ar\/2021\/cnel-pringles-aprehendieron-a-un-joven-que-apunalo-a-su-amigo\/","url":"https:\/\/www.noticiasradioreflejos.com.ar\/2021\/cnel-pringles-aprehendieron-a-un-joven-que-apunalo-a-su-amigo\/","name":"Cnel Pringles: Aprehendieron a un joven que apu\u00f1al\u00f3 a su amigo - Noticias Radio Reflejos","isPartOf":{"@id":"https:\/\/www.noticiasradioreflejos.com.ar\/2021\/#website"},"primaryImageOfPage":{"@id":"https:\/\/www.noticiasradioreflejos.com.ar\/2021\/cnel-pringles-aprehendieron-a-un-joven-que-apunalo-a-su-amigo\/#primaryimage"},"image":{"@id":"https:\/\/www.noticiasradioreflejos.com.ar\/2021\/cnel-pringles-aprehendieron-a-un-joven-que-apunalo-a-su-amigo\/#primaryimage"},"thumbnailUrl":"http:\/\/live.staticflickr.com\/65535\/50906308541_92d2ecd8de_c.jpg","datePublished":"2021-02-03T22:46:54+00:00","author":{"@id":"https:\/\/www.noticiasradioreflejos.com.ar\/2021\/#\/schema\/person\/ad82545263dcc5ec0996818884fd5fb1"},"breadcrumb":{"@id":"https:\/\/www.noticiasradioreflejos.com.ar\/2021\/cnel-pringles-aprehendieron-a-un-joven-que-apunalo-a-su-amigo\/#breadcrumb"},"inLanguage":"es","potentialAction":[{"@type":"ReadAction","target":["https:\/\/www.noticiasradioreflejos.com.ar\/2021\/cnel-pringles-aprehendieron-a-un-joven-que-apunalo-a-su-amigo\/"]}]},{"@type":"ImageObject","inLanguage":"es","@id":"https:\/\/www.noticiasradioreflejos.com.ar\/2021\/cnel-pringles-aprehendieron-a-un-joven-que-apunalo-a-su-amigo\/#primaryimage","url":"http:\/\/live.staticflickr.com\/65535\/50906308541_92d2ecd8de_c.jpg","contentUrl":"http:\/\/live.staticflickr.com\/65535\/50906308541_92d2ecd8de_c.jpg"},{"@type":"BreadcrumbList","@id":"https:\/\/www.noticiasradioreflejos.com.ar\/2021\/cnel-pringles-aprehendieron-a-un-joven-que-apunalo-a-su-amigo\/#breadcrumb","itemListElement":[{"@type":"ListItem","position":1,"name":"Portada","item":"https:\/\/www.noticiasradioreflejos.com.ar\/2021\/"},{"@type":"ListItem","position":2,"name":"Cnel Pringles: Aprehendieron a un joven que apu\u00f1al\u00f3 a su amigo"}]},{"@type":"WebSite","@id":"https:\/\/www.noticiasradioreflejos.com.ar\/2021\/#website","url":"https:\/\/www.noticiasradioreflejos.com.ar\/2021\/","name":"Noticias Radio Reflejos","description":"Las noticias de mi comarca","potentialAction":[{"@type":"SearchAction","target":{"@type":"EntryPoint","urlTemplate":"https:\/\/www.noticiasradioreflejos.com.ar\/2021\/?s={search_term_string}"},"query-input":{"@type":"PropertyValueSpecification","valueRequired":true,"valueName":"search_term_string"}}],"inLanguage":"es"},{"@type":"Person","@id":"https:\/\/www.noticiasradioreflejos.com.ar\/2021\/#\/schema\/person\/ad82545263dcc5ec0996818884fd5fb1","name":"Arnaldo Botto","image":{"@type":"ImageObject","inLanguage":"es","@id":"https:\/\/www.noticiasradioreflejos.com.ar\/2021\/#\/schema\/person\/image\/","url":"https:\/\/secure.gravatar.com\/avatar\/55cb5e37c1efa326397366e6974cb338056df65cb50e7d64d1cf314e87504837?s=96&d=mm&r=g","contentUrl":"https:\/\/secure.gravatar.com\/avatar\/55cb5e37c1efa326397366e6974cb338056df65cb50e7d64d1cf314e87504837?s=96&d=mm&r=g","caption":"Arnaldo Botto"},"url":"https:\/\/www.noticiasradioreflejos.com.ar\/2021\/author\/arnaldo\/"}]}},"_links":{"self":[{"href":"https:\/\/www.noticiasradioreflejos.com.ar\/2021\/wp-json\/wp\/v2\/posts\/52089","targetHints":{"allow":["GET"]}}],"collection":[{"href":"https:\/\/www.noticiasradioreflejos.com.ar\/2021\/wp-json\/wp\/v2\/posts"}],"about":[{"href":"https:\/\/www.noticiasradioreflejos.com.ar\/2021\/wp-json\/wp\/v2\/types\/post"}],"author":[{"embeddable":true,"href":"https:\/\/www.noticiasradioreflejos.com.ar\/2021\/wp-json\/wp\/v2\/users\/3"}],"replies":[{"embeddable":true,"href":"https:\/\/www.noticiasradioreflejos.com.ar\/2021\/wp-json\/wp\/v2\/comments?post=52089"}],"version-history":[{"count":0,"href":"https:\/\/www.noticiasradioreflejos.com.ar\/2021\/wp-json\/wp\/v2\/posts\/52089\/revisions"}],"wp:attachment":[{"href":"https:\/\/www.noticiasradioreflejos.com.ar\/2021\/wp-json\/wp\/v2\/media?parent=52089"}],"wp:term":[{"taxonomy":"category","embeddable":true,"href":"https:\/\/www.noticiasradioreflejos.com.ar\/2021\/wp-json\/wp\/v2\/categories?post=52089"},{"taxonomy":"post_tag","embeddable":true,"href":"https:\/\/www.noticiasradioreflejos.com.ar\/2021\/wp-json\/wp\/v2\/tags?post=52089"}],"curies":[{"name":"wp","href":"https:\/\/api.w.org\/{rel}","templated":true}]}}