{"id":52048,"date":"2021-02-03T10:19:21","date_gmt":"2021-02-03T13:19:21","guid":{"rendered":"http:\/\/www.noticiasradioreflejos.com.ar\/noticias\/?p=52048"},"modified":"2021-02-03T10:19:21","modified_gmt":"2021-02-03T13:19:21","slug":"el-subcomite-ucr-de-sierra-de-la-ventana-mantuvo-una-reunion-informativa-director-de-la-unidad-sanitaria-dr-emilio-aldaya","status":"publish","type":"post","link":"https:\/\/www.noticiasradioreflejos.com.ar\/2021\/el-subcomite-ucr-de-sierra-de-la-ventana-mantuvo-una-reunion-informativa-director-de-la-unidad-sanitaria-dr-emilio-aldaya\/","title":{"rendered":"El Subcomit\u00e9 UCR de Sierra de la Ventana mantuvo una reuni\u00f3n informativa con el director de la Unidad Sanitaria \u201cDr. Emilio Aldaya\u201d"},"content":{"rendered":"<p>El d\u00eda 28 de enero del corriente a\u00f1o, integrantes de la comisi\u00f3n del Subcomit\u00e9 de la UCR de Sierra de la Ventana nos reunimos con el <strong>Dr. Eduardo Liberatore<\/strong>, director de la Unidad Sanitaria \u201cDr. Emilio Aldaya\u201d. El motivo principal del encuentro fue transmitir las inquietudes que nos hicieron llegar algunos vecinos de nuestra localidad.<!--more--><br \/>\nFue un encuentro esclarecedor ya que nos permiti\u00f3 entender mejor las caracter\u00edsticas del funcionamiento de dicha instituci\u00f3n de salud p\u00fablica. El Dr Liberatore nos explic\u00f3 las particularidades de las guardias pasivas y los motivos por los que se retir\u00f3 la atenci\u00f3n de la partera de guardia, adem\u00e1s, nos inform\u00f3 que la sala cuenta con un libro de quejas que est\u00e1 a disposici\u00f3n de todos los usuarios, a trav\u00e9s del cual, es importante canalizar cualquier tipo de reclamo para que las autoridades correspondientes puedan gestionar la respuesta adecuada.<br \/>\nAgradecemos al concejal Sebasti\u00e1n Bassi por haber realizado la gesti\u00f3n que posibilit\u00f3 llevar a cabo la reuni\u00f3n, a la concejal Viviana Montibeller y al delegado municipal Hugo Polvara que estuvieron presentes y fundamentalmente al Dr. Eduardo Liberatore por su enorme predisposici\u00f3n y amabilidad, destinando su valioso tiempo para atendernos y escuchar nuestras inquietudes.<\/p>\n<p><strong> Subcomit\u00e9 UCR<br \/>\nSierra de la Ventana<br \/>\n<\/strong><\/p>\n","protected":false},"excerpt":{"rendered":"<p>El d\u00eda 28 de enero del corriente a\u00f1o, integrantes de la comisi\u00f3n del Subcomit\u00e9 de la UCR de Sierra de la Ventana nos reunimos con el Dr. Eduardo Liberatore, director de la Unidad Sanitaria \u201cDr. Emilio Aldaya\u201d. El motivo principal del encuentro fue transmitir las inquietudes que nos hicieron llegar algunos vecinos de nuestra localidad.<\/p>\n","protected":false},"author":3,"featured_media":0,"comment_status":"closed","ping_status":"open","sticky":false,"template":"","format":"standard","meta":{"footnotes":""},"categories":[24],"tags":[],"class_list":["post-52048","post","type-post","status-publish","format-standard","hentry","category-politica"],"yoast_head":"<!-- This site is optimized with the Yoast SEO plugin v25.9 - https:\/\/yoast.com\/wordpress\/plugins\/seo\/ -->\n<title>El Subcomit\u00e9 UCR de Sierra de la Ventana mantuvo una reuni\u00f3n informativa con el director de la Unidad Sanitaria \u201cDr. Emilio Aldaya\u201d - Noticias Radio Reflejos<\/title>\n<meta name=\"robots\" content=\"index, follow, max-snippet:-1, max-image-preview:large, max-video-preview:-1\" \/>\n<link rel=\"canonical\" href=\"https:\/\/www.noticiasradioreflejos.com.ar\/2021\/el-subcomite-ucr-de-sierra-de-la-ventana-mantuvo-una-reunion-informativa-director-de-la-unidad-sanitaria-dr-emilio-aldaya\/\" \/>\n<meta property=\"og:locale\" content=\"es_ES\" \/>\n<meta property=\"og:type\" content=\"article\" \/>\n<meta property=\"og:title\" content=\"El Subcomit\u00e9 UCR de Sierra de la Ventana mantuvo una reuni\u00f3n informativa con el director de la Unidad Sanitaria \u201cDr. Emilio Aldaya\u201d - Noticias Radio Reflejos\" \/>\n<meta property=\"og:description\" content=\"El d\u00eda 28 de enero del corriente a\u00f1o, integrantes de la comisi\u00f3n del Subcomit\u00e9 de la UCR de Sierra de la Ventana nos reunimos con el Dr. Eduardo Liberatore, director de la Unidad Sanitaria \u201cDr. Emilio Aldaya\u201d. El motivo principal del encuentro fue transmitir las inquietudes que nos hicieron llegar algunos vecinos de nuestra localidad.\" \/>\n<meta property=\"og:url\" content=\"https:\/\/www.noticiasradioreflejos.com.ar\/2021\/el-subcomite-ucr-de-sierra-de-la-ventana-mantuvo-una-reunion-informativa-director-de-la-unidad-sanitaria-dr-emilio-aldaya\/\" \/>\n<meta property=\"og:site_name\" content=\"Noticias Radio Reflejos\" \/>\n<meta property=\"article:published_time\" content=\"2021-02-03T13:19:21+00:00\" \/>\n<meta property=\"og:image\" content=\"https:\/\/www.noticiasradioreflejos.com.ar\/2021\/wp-content\/uploads\/2021\/07\/logosol300x200.png\" \/>\n\t<meta property=\"og:image:width\" content=\"300\" \/>\n\t<meta property=\"og:image:height\" content=\"200\" \/>\n\t<meta property=\"og:image:type\" content=\"image\/png\" \/>\n<meta name=\"author\" content=\"Arnaldo Botto\" \/>\n<meta name=\"twitter:card\" content=\"summary_large_image\" \/>\n<script type=\"application\/ld+json\" class=\"yoast-schema-graph\">{\"@context\":\"https:\/\/schema.org\",\"@graph\":[{\"@type\":\"WebPage\",\"@id\":\"https:\/\/www.noticiasradioreflejos.com.ar\/2021\/el-subcomite-ucr-de-sierra-de-la-ventana-mantuvo-una-reunion-informativa-director-de-la-unidad-sanitaria-dr-emilio-aldaya\/\",\"url\":\"https:\/\/www.noticiasradioreflejos.com.ar\/2021\/el-subcomite-ucr-de-sierra-de-la-ventana-mantuvo-una-reunion-informativa-director-de-la-unidad-sanitaria-dr-emilio-aldaya\/\",\"name\":\"El Subcomit\u00e9 UCR de Sierra de la Ventana mantuvo una reuni\u00f3n informativa con el director de la Unidad Sanitaria \u201cDr. Emilio Aldaya\u201d - Noticias Radio Reflejos\",\"isPartOf\":{\"@id\":\"https:\/\/www.noticiasradioreflejos.com.ar\/2021\/#website\"},\"datePublished\":\"2021-02-03T13:19:21+00:00\",\"author\":{\"@id\":\"https:\/\/www.noticiasradioreflejos.com.ar\/2021\/#\/schema\/person\/ad82545263dcc5ec0996818884fd5fb1\"},\"breadcrumb\":{\"@id\":\"https:\/\/www.noticiasradioreflejos.com.ar\/2021\/el-subcomite-ucr-de-sierra-de-la-ventana-mantuvo-una-reunion-informativa-director-de-la-unidad-sanitaria-dr-emilio-aldaya\/#breadcrumb\"},\"inLanguage\":\"es\",\"potentialAction\":[{\"@type\":\"ReadAction\",\"target\":[\"https:\/\/www.noticiasradioreflejos.com.ar\/2021\/el-subcomite-ucr-de-sierra-de-la-ventana-mantuvo-una-reunion-informativa-director-de-la-unidad-sanitaria-dr-emilio-aldaya\/\"]}]},{\"@type\":\"BreadcrumbList\",\"@id\":\"https:\/\/www.noticiasradioreflejos.com.ar\/2021\/el-subcomite-ucr-de-sierra-de-la-ventana-mantuvo-una-reunion-informativa-director-de-la-unidad-sanitaria-dr-emilio-aldaya\/#breadcrumb\",\"itemListElement\":[{\"@type\":\"ListItem\",\"position\":1,\"name\":\"Portada\",\"item\":\"https:\/\/www.noticiasradioreflejos.com.ar\/2021\/\"},{\"@type\":\"ListItem\",\"position\":2,\"name\":\"El Subcomit\u00e9 UCR de Sierra de la Ventana mantuvo una reuni\u00f3n informativa con el director de la Unidad Sanitaria \u201cDr. Emilio Aldaya\u201d\"}]},{\"@type\":\"WebSite\",\"@id\":\"https:\/\/www.noticiasradioreflejos.com.ar\/2021\/#website\",\"url\":\"https:\/\/www.noticiasradioreflejos.com.ar\/2021\/\",\"name\":\"Noticias Radio Reflejos\",\"description\":\"Las noticias de mi comarca\",\"potentialAction\":[{\"@type\":\"SearchAction\",\"target\":{\"@type\":\"EntryPoint\",\"urlTemplate\":\"https:\/\/www.noticiasradioreflejos.com.ar\/2021\/?s={search_term_string}\"},\"query-input\":{\"@type\":\"PropertyValueSpecification\",\"valueRequired\":true,\"valueName\":\"search_term_string\"}}],\"inLanguage\":\"es\"},{\"@type\":\"Person\",\"@id\":\"https:\/\/www.noticiasradioreflejos.com.ar\/2021\/#\/schema\/person\/ad82545263dcc5ec0996818884fd5fb1\",\"name\":\"Arnaldo Botto\",\"image\":{\"@type\":\"ImageObject\",\"inLanguage\":\"es\",\"@id\":\"https:\/\/www.noticiasradioreflejos.com.ar\/2021\/#\/schema\/person\/image\/\",\"url\":\"https:\/\/secure.gravatar.com\/avatar\/55cb5e37c1efa326397366e6974cb338056df65cb50e7d64d1cf314e87504837?s=96&d=mm&r=g\",\"contentUrl\":\"https:\/\/secure.gravatar.com\/avatar\/55cb5e37c1efa326397366e6974cb338056df65cb50e7d64d1cf314e87504837?s=96&d=mm&r=g\",\"caption\":\"Arnaldo Botto\"},\"url\":\"https:\/\/www.noticiasradioreflejos.com.ar\/2021\/author\/arnaldo\/\"}]}<\/script>\n<!-- \/ Yoast SEO plugin. -->","yoast_head_json":{"title":"El Subcomit\u00e9 UCR de Sierra de la Ventana mantuvo una reuni\u00f3n informativa con el director de la Unidad Sanitaria \u201cDr. Emilio Aldaya\u201d - Noticias Radio Reflejos","robots":{"index":"index","follow":"follow","max-snippet":"max-snippet:-1","max-image-preview":"max-image-preview:large","max-video-preview":"max-video-preview:-1"},"canonical":"https:\/\/www.noticiasradioreflejos.com.ar\/2021\/el-subcomite-ucr-de-sierra-de-la-ventana-mantuvo-una-reunion-informativa-director-de-la-unidad-sanitaria-dr-emilio-aldaya\/","og_locale":"es_ES","og_type":"article","og_title":"El Subcomit\u00e9 UCR de Sierra de la Ventana mantuvo una reuni\u00f3n informativa con el director de la Unidad Sanitaria \u201cDr. Emilio Aldaya\u201d - Noticias Radio Reflejos","og_description":"El d\u00eda 28 de enero del corriente a\u00f1o, integrantes de la comisi\u00f3n del Subcomit\u00e9 de la UCR de Sierra de la Ventana nos reunimos con el Dr. Eduardo Liberatore, director de la Unidad Sanitaria \u201cDr. Emilio Aldaya\u201d. El motivo principal del encuentro fue transmitir las inquietudes que nos hicieron llegar algunos vecinos de nuestra localidad.","og_url":"https:\/\/www.noticiasradioreflejos.com.ar\/2021\/el-subcomite-ucr-de-sierra-de-la-ventana-mantuvo-una-reunion-informativa-director-de-la-unidad-sanitaria-dr-emilio-aldaya\/","og_site_name":"Noticias Radio Reflejos","article_published_time":"2021-02-03T13:19:21+00:00","og_image":[{"width":300,"height":200,"url":"https:\/\/www.noticiasradioreflejos.com.ar\/2021\/wp-content\/uploads\/2021\/07\/logosol300x200.png","type":"image\/png"}],"author":"Arnaldo Botto","twitter_card":"summary_large_image","schema":{"@context":"https:\/\/schema.org","@graph":[{"@type":"WebPage","@id":"https:\/\/www.noticiasradioreflejos.com.ar\/2021\/el-subcomite-ucr-de-sierra-de-la-ventana-mantuvo-una-reunion-informativa-director-de-la-unidad-sanitaria-dr-emilio-aldaya\/","url":"https:\/\/www.noticiasradioreflejos.com.ar\/2021\/el-subcomite-ucr-de-sierra-de-la-ventana-mantuvo-una-reunion-informativa-director-de-la-unidad-sanitaria-dr-emilio-aldaya\/","name":"El Subcomit\u00e9 UCR de Sierra de la Ventana mantuvo una reuni\u00f3n informativa con el director de la Unidad Sanitaria \u201cDr. Emilio Aldaya\u201d - Noticias Radio Reflejos","isPartOf":{"@id":"https:\/\/www.noticiasradioreflejos.com.ar\/2021\/#website"},"datePublished":"2021-02-03T13:19:21+00:00","author":{"@id":"https:\/\/www.noticiasradioreflejos.com.ar\/2021\/#\/schema\/person\/ad82545263dcc5ec0996818884fd5fb1"},"breadcrumb":{"@id":"https:\/\/www.noticiasradioreflejos.com.ar\/2021\/el-subcomite-ucr-de-sierra-de-la-ventana-mantuvo-una-reunion-informativa-director-de-la-unidad-sanitaria-dr-emilio-aldaya\/#breadcrumb"},"inLanguage":"es","potentialAction":[{"@type":"ReadAction","target":["https:\/\/www.noticiasradioreflejos.com.ar\/2021\/el-subcomite-ucr-de-sierra-de-la-ventana-mantuvo-una-reunion-informativa-director-de-la-unidad-sanitaria-dr-emilio-aldaya\/"]}]},{"@type":"BreadcrumbList","@id":"https:\/\/www.noticiasradioreflejos.com.ar\/2021\/el-subcomite-ucr-de-sierra-de-la-ventana-mantuvo-una-reunion-informativa-director-de-la-unidad-sanitaria-dr-emilio-aldaya\/#breadcrumb","itemListElement":[{"@type":"ListItem","position":1,"name":"Portada","item":"https:\/\/www.noticiasradioreflejos.com.ar\/2021\/"},{"@type":"ListItem","position":2,"name":"El Subcomit\u00e9 UCR de Sierra de la Ventana mantuvo una reuni\u00f3n informativa con el director de la Unidad Sanitaria \u201cDr. Emilio Aldaya\u201d"}]},{"@type":"WebSite","@id":"https:\/\/www.noticiasradioreflejos.com.ar\/2021\/#website","url":"https:\/\/www.noticiasradioreflejos.com.ar\/2021\/","name":"Noticias Radio Reflejos","description":"Las noticias de mi comarca","potentialAction":[{"@type":"SearchAction","target":{"@type":"EntryPoint","urlTemplate":"https:\/\/www.noticiasradioreflejos.com.ar\/2021\/?s={search_term_string}"},"query-input":{"@type":"PropertyValueSpecification","valueRequired":true,"valueName":"search_term_string"}}],"inLanguage":"es"},{"@type":"Person","@id":"https:\/\/www.noticiasradioreflejos.com.ar\/2021\/#\/schema\/person\/ad82545263dcc5ec0996818884fd5fb1","name":"Arnaldo Botto","image":{"@type":"ImageObject","inLanguage":"es","@id":"https:\/\/www.noticiasradioreflejos.com.ar\/2021\/#\/schema\/person\/image\/","url":"https:\/\/secure.gravatar.com\/avatar\/55cb5e37c1efa326397366e6974cb338056df65cb50e7d64d1cf314e87504837?s=96&d=mm&r=g","contentUrl":"https:\/\/secure.gravatar.com\/avatar\/55cb5e37c1efa326397366e6974cb338056df65cb50e7d64d1cf314e87504837?s=96&d=mm&r=g","caption":"Arnaldo Botto"},"url":"https:\/\/www.noticiasradioreflejos.com.ar\/2021\/author\/arnaldo\/"}]}},"_links":{"self":[{"href":"https:\/\/www.noticiasradioreflejos.com.ar\/2021\/wp-json\/wp\/v2\/posts\/52048","targetHints":{"allow":["GET"]}}],"collection":[{"href":"https:\/\/www.noticiasradioreflejos.com.ar\/2021\/wp-json\/wp\/v2\/posts"}],"about":[{"href":"https:\/\/www.noticiasradioreflejos.com.ar\/2021\/wp-json\/wp\/v2\/types\/post"}],"author":[{"embeddable":true,"href":"https:\/\/www.noticiasradioreflejos.com.ar\/2021\/wp-json\/wp\/v2\/users\/3"}],"replies":[{"embeddable":true,"href":"https:\/\/www.noticiasradioreflejos.com.ar\/2021\/wp-json\/wp\/v2\/comments?post=52048"}],"version-history":[{"count":0,"href":"https:\/\/www.noticiasradioreflejos.com.ar\/2021\/wp-json\/wp\/v2\/posts\/52048\/revisions"}],"wp:attachment":[{"href":"https:\/\/www.noticiasradioreflejos.com.ar\/2021\/wp-json\/wp\/v2\/media?parent=52048"}],"wp:term":[{"taxonomy":"category","embeddable":true,"href":"https:\/\/www.noticiasradioreflejos.com.ar\/2021\/wp-json\/wp\/v2\/categories?post=52048"},{"taxonomy":"post_tag","embeddable":true,"href":"https:\/\/www.noticiasradioreflejos.com.ar\/2021\/wp-json\/wp\/v2\/tags?post=52048"}],"curies":[{"name":"wp","href":"https:\/\/api.w.org\/{rel}","templated":true}]}}