{"id":52046,"date":"2021-02-03T09:10:40","date_gmt":"2021-02-03T12:10:40","guid":{"rendered":"http:\/\/www.noticiasradioreflejos.com.ar\/noticias\/?p=52046"},"modified":"2021-02-03T09:10:40","modified_gmt":"2021-02-03T12:10:40","slug":"hallaron-los-restos-oseos-de-un-turista-desaparecido-en-2013","status":"publish","type":"post","link":"https:\/\/www.noticiasradioreflejos.com.ar\/2021\/hallaron-los-restos-oseos-de-un-turista-desaparecido-en-2013\/","title":{"rendered":"Hallaron los restos \u00f3seos de un turista desaparecido en 2013"},"content":{"rendered":"<p>El joven de 28 a\u00f1os hab\u00eda desaparecido en San Marcos Sierra en julio de 2013<!--more--><br \/>\nLos restos \u00f3seos hallados en julio de 2020 en un camino entre San Marcos Sierras y Capilla del Monte, finalmente fueron confirmados como pertenecientes a Pablo Benedetto, un turista rosarino que se encontraba de vacaciones con su pareja y su hijo en la primera de las localidades, y que fue denunciado como desaparecido el 29 de julio de 2013.<\/p>\n<p>La Polic\u00eda Forense cordobesa confirm\u00f3 la informaci\u00f3n y ahora comienza la etapa de investigaci\u00f3n de los motivos que provocaron su muerte.<\/p>\n<p><img decoding=\"async\" src=\"https:\/\/images.pagina12.com.ar\/styles\/focal_3_2_960x640\/public\/2021-02\/138457-whatsapp-20image-202021-02-02-20at-2020-59-23.jpeg?itok=T-G_O_lk\" \/><\/p>\n<p>Benedetto desapareci\u00f3 luego de que se produjera una discusi\u00f3n con su esposa, Paola Franco, quien decidi\u00f3 abandonar el camping donde se encontraban, junto al r\u00edo Quilpo, y alojarse en el centro de la localidad con su hijo. Al d\u00eda siguiente fue hallada la Renault Kangoo, en el camino que une San Marcos con Charbonier, con los vidrios de una ventanilla rotos. Primero se consider\u00f3 la hip\u00f3tesis de un vuelco, pero del due\u00f1o no se supo m\u00e1s.<\/p>\n<p>El a\u00f1o pasado, el 17 de julio para m\u00e1s precisi\u00f3n, fueron descubiertos restos \u00f3seos. La justicia pidi\u00f3 la colaboraci\u00f3n del Equipo Argentino de Antropolog\u00eda Forense, que determin\u00f3 que pertenec\u00edan a un adulto joven de sexo masculino. Con esa data, la fiscal\u00eda orden\u00f3 peritajes para cotejar el ADN de los restos con el de los padres de Benedetto, lo que llev\u00f3 a determinar que eran compatibles en un 99,99%. Ahora se investigar\u00e1n las causas de la muerte.<\/p>\n","protected":false},"excerpt":{"rendered":"<p>El joven de 28 a\u00f1os hab\u00eda desaparecido en San Marcos Sierra en julio de 2013<\/p>\n","protected":false},"author":3,"featured_media":0,"comment_status":"closed","ping_status":"open","sticky":false,"template":"","format":"standard","meta":{"footnotes":""},"categories":[29],"tags":[],"class_list":["post-52046","post","type-post","status-publish","format-standard","hentry","category-policiales"],"yoast_head":"<!-- This site is optimized with the Yoast SEO plugin v25.9 - https:\/\/yoast.com\/wordpress\/plugins\/seo\/ -->\n<title>Hallaron los restos \u00f3seos de un turista desaparecido en 2013 - Noticias Radio Reflejos<\/title>\n<meta name=\"robots\" content=\"index, follow, max-snippet:-1, max-image-preview:large, max-video-preview:-1\" \/>\n<link rel=\"canonical\" href=\"https:\/\/www.noticiasradioreflejos.com.ar\/2021\/hallaron-los-restos-oseos-de-un-turista-desaparecido-en-2013\/\" \/>\n<meta property=\"og:locale\" content=\"es_ES\" \/>\n<meta property=\"og:type\" content=\"article\" \/>\n<meta property=\"og:title\" content=\"Hallaron los restos \u00f3seos de un turista desaparecido en 2013 - Noticias Radio Reflejos\" \/>\n<meta property=\"og:description\" content=\"El joven de 28 a\u00f1os hab\u00eda desaparecido en San Marcos Sierra en julio de 2013\" \/>\n<meta property=\"og:url\" content=\"https:\/\/www.noticiasradioreflejos.com.ar\/2021\/hallaron-los-restos-oseos-de-un-turista-desaparecido-en-2013\/\" \/>\n<meta property=\"og:site_name\" content=\"Noticias Radio Reflejos\" \/>\n<meta property=\"article:published_time\" content=\"2021-02-03T12:10:40+00:00\" \/>\n<meta property=\"og:image\" content=\"https:\/\/images.pagina12.com.ar\/styles\/focal_3_2_960x640\/public\/2021-02\/138457-whatsapp-20image-202021-02-02-20at-2020-59-23.jpeg?itok=T-G_O_lk\" \/>\n<meta name=\"author\" content=\"Arnaldo Botto\" \/>\n<meta name=\"twitter:card\" content=\"summary_large_image\" \/>\n<script type=\"application\/ld+json\" class=\"yoast-schema-graph\">{\"@context\":\"https:\/\/schema.org\",\"@graph\":[{\"@type\":\"WebPage\",\"@id\":\"https:\/\/www.noticiasradioreflejos.com.ar\/2021\/hallaron-los-restos-oseos-de-un-turista-desaparecido-en-2013\/\",\"url\":\"https:\/\/www.noticiasradioreflejos.com.ar\/2021\/hallaron-los-restos-oseos-de-un-turista-desaparecido-en-2013\/\",\"name\":\"Hallaron los restos \u00f3seos de un turista desaparecido en 2013 - Noticias Radio Reflejos\",\"isPartOf\":{\"@id\":\"https:\/\/www.noticiasradioreflejos.com.ar\/2021\/#website\"},\"primaryImageOfPage\":{\"@id\":\"https:\/\/www.noticiasradioreflejos.com.ar\/2021\/hallaron-los-restos-oseos-de-un-turista-desaparecido-en-2013\/#primaryimage\"},\"image\":{\"@id\":\"https:\/\/www.noticiasradioreflejos.com.ar\/2021\/hallaron-los-restos-oseos-de-un-turista-desaparecido-en-2013\/#primaryimage\"},\"thumbnailUrl\":\"https:\/\/images.pagina12.com.ar\/styles\/focal_3_2_960x640\/public\/2021-02\/138457-whatsapp-20image-202021-02-02-20at-2020-59-23.jpeg?itok=T-G_O_lk\",\"datePublished\":\"2021-02-03T12:10:40+00:00\",\"author\":{\"@id\":\"https:\/\/www.noticiasradioreflejos.com.ar\/2021\/#\/schema\/person\/ad82545263dcc5ec0996818884fd5fb1\"},\"breadcrumb\":{\"@id\":\"https:\/\/www.noticiasradioreflejos.com.ar\/2021\/hallaron-los-restos-oseos-de-un-turista-desaparecido-en-2013\/#breadcrumb\"},\"inLanguage\":\"es\",\"potentialAction\":[{\"@type\":\"ReadAction\",\"target\":[\"https:\/\/www.noticiasradioreflejos.com.ar\/2021\/hallaron-los-restos-oseos-de-un-turista-desaparecido-en-2013\/\"]}]},{\"@type\":\"ImageObject\",\"inLanguage\":\"es\",\"@id\":\"https:\/\/www.noticiasradioreflejos.com.ar\/2021\/hallaron-los-restos-oseos-de-un-turista-desaparecido-en-2013\/#primaryimage\",\"url\":\"https:\/\/images.pagina12.com.ar\/styles\/focal_3_2_960x640\/public\/2021-02\/138457-whatsapp-20image-202021-02-02-20at-2020-59-23.jpeg?itok=T-G_O_lk\",\"contentUrl\":\"https:\/\/images.pagina12.com.ar\/styles\/focal_3_2_960x640\/public\/2021-02\/138457-whatsapp-20image-202021-02-02-20at-2020-59-23.jpeg?itok=T-G_O_lk\"},{\"@type\":\"BreadcrumbList\",\"@id\":\"https:\/\/www.noticiasradioreflejos.com.ar\/2021\/hallaron-los-restos-oseos-de-un-turista-desaparecido-en-2013\/#breadcrumb\",\"itemListElement\":[{\"@type\":\"ListItem\",\"position\":1,\"name\":\"Portada\",\"item\":\"https:\/\/www.noticiasradioreflejos.com.ar\/2021\/\"},{\"@type\":\"ListItem\",\"position\":2,\"name\":\"Hallaron los restos \u00f3seos de un turista desaparecido en 2013\"}]},{\"@type\":\"WebSite\",\"@id\":\"https:\/\/www.noticiasradioreflejos.com.ar\/2021\/#website\",\"url\":\"https:\/\/www.noticiasradioreflejos.com.ar\/2021\/\",\"name\":\"Noticias Radio Reflejos\",\"description\":\"Las noticias de mi comarca\",\"potentialAction\":[{\"@type\":\"SearchAction\",\"target\":{\"@type\":\"EntryPoint\",\"urlTemplate\":\"https:\/\/www.noticiasradioreflejos.com.ar\/2021\/?s={search_term_string}\"},\"query-input\":{\"@type\":\"PropertyValueSpecification\",\"valueRequired\":true,\"valueName\":\"search_term_string\"}}],\"inLanguage\":\"es\"},{\"@type\":\"Person\",\"@id\":\"https:\/\/www.noticiasradioreflejos.com.ar\/2021\/#\/schema\/person\/ad82545263dcc5ec0996818884fd5fb1\",\"name\":\"Arnaldo Botto\",\"image\":{\"@type\":\"ImageObject\",\"inLanguage\":\"es\",\"@id\":\"https:\/\/www.noticiasradioreflejos.com.ar\/2021\/#\/schema\/person\/image\/\",\"url\":\"https:\/\/secure.gravatar.com\/avatar\/55cb5e37c1efa326397366e6974cb338056df65cb50e7d64d1cf314e87504837?s=96&d=mm&r=g\",\"contentUrl\":\"https:\/\/secure.gravatar.com\/avatar\/55cb5e37c1efa326397366e6974cb338056df65cb50e7d64d1cf314e87504837?s=96&d=mm&r=g\",\"caption\":\"Arnaldo Botto\"},\"url\":\"https:\/\/www.noticiasradioreflejos.com.ar\/2021\/author\/arnaldo\/\"}]}<\/script>\n<!-- \/ Yoast SEO plugin. -->","yoast_head_json":{"title":"Hallaron los restos \u00f3seos de un turista desaparecido en 2013 - Noticias Radio Reflejos","robots":{"index":"index","follow":"follow","max-snippet":"max-snippet:-1","max-image-preview":"max-image-preview:large","max-video-preview":"max-video-preview:-1"},"canonical":"https:\/\/www.noticiasradioreflejos.com.ar\/2021\/hallaron-los-restos-oseos-de-un-turista-desaparecido-en-2013\/","og_locale":"es_ES","og_type":"article","og_title":"Hallaron los restos \u00f3seos de un turista desaparecido en 2013 - Noticias Radio Reflejos","og_description":"El joven de 28 a\u00f1os hab\u00eda desaparecido en San Marcos Sierra en julio de 2013","og_url":"https:\/\/www.noticiasradioreflejos.com.ar\/2021\/hallaron-los-restos-oseos-de-un-turista-desaparecido-en-2013\/","og_site_name":"Noticias Radio Reflejos","article_published_time":"2021-02-03T12:10:40+00:00","og_image":[{"url":"https:\/\/images.pagina12.com.ar\/styles\/focal_3_2_960x640\/public\/2021-02\/138457-whatsapp-20image-202021-02-02-20at-2020-59-23.jpeg?itok=T-G_O_lk","type":"","width":"","height":""}],"author":"Arnaldo Botto","twitter_card":"summary_large_image","schema":{"@context":"https:\/\/schema.org","@graph":[{"@type":"WebPage","@id":"https:\/\/www.noticiasradioreflejos.com.ar\/2021\/hallaron-los-restos-oseos-de-un-turista-desaparecido-en-2013\/","url":"https:\/\/www.noticiasradioreflejos.com.ar\/2021\/hallaron-los-restos-oseos-de-un-turista-desaparecido-en-2013\/","name":"Hallaron los restos \u00f3seos de un turista desaparecido en 2013 - Noticias Radio Reflejos","isPartOf":{"@id":"https:\/\/www.noticiasradioreflejos.com.ar\/2021\/#website"},"primaryImageOfPage":{"@id":"https:\/\/www.noticiasradioreflejos.com.ar\/2021\/hallaron-los-restos-oseos-de-un-turista-desaparecido-en-2013\/#primaryimage"},"image":{"@id":"https:\/\/www.noticiasradioreflejos.com.ar\/2021\/hallaron-los-restos-oseos-de-un-turista-desaparecido-en-2013\/#primaryimage"},"thumbnailUrl":"https:\/\/images.pagina12.com.ar\/styles\/focal_3_2_960x640\/public\/2021-02\/138457-whatsapp-20image-202021-02-02-20at-2020-59-23.jpeg?itok=T-G_O_lk","datePublished":"2021-02-03T12:10:40+00:00","author":{"@id":"https:\/\/www.noticiasradioreflejos.com.ar\/2021\/#\/schema\/person\/ad82545263dcc5ec0996818884fd5fb1"},"breadcrumb":{"@id":"https:\/\/www.noticiasradioreflejos.com.ar\/2021\/hallaron-los-restos-oseos-de-un-turista-desaparecido-en-2013\/#breadcrumb"},"inLanguage":"es","potentialAction":[{"@type":"ReadAction","target":["https:\/\/www.noticiasradioreflejos.com.ar\/2021\/hallaron-los-restos-oseos-de-un-turista-desaparecido-en-2013\/"]}]},{"@type":"ImageObject","inLanguage":"es","@id":"https:\/\/www.noticiasradioreflejos.com.ar\/2021\/hallaron-los-restos-oseos-de-un-turista-desaparecido-en-2013\/#primaryimage","url":"https:\/\/images.pagina12.com.ar\/styles\/focal_3_2_960x640\/public\/2021-02\/138457-whatsapp-20image-202021-02-02-20at-2020-59-23.jpeg?itok=T-G_O_lk","contentUrl":"https:\/\/images.pagina12.com.ar\/styles\/focal_3_2_960x640\/public\/2021-02\/138457-whatsapp-20image-202021-02-02-20at-2020-59-23.jpeg?itok=T-G_O_lk"},{"@type":"BreadcrumbList","@id":"https:\/\/www.noticiasradioreflejos.com.ar\/2021\/hallaron-los-restos-oseos-de-un-turista-desaparecido-en-2013\/#breadcrumb","itemListElement":[{"@type":"ListItem","position":1,"name":"Portada","item":"https:\/\/www.noticiasradioreflejos.com.ar\/2021\/"},{"@type":"ListItem","position":2,"name":"Hallaron los restos \u00f3seos de un turista desaparecido en 2013"}]},{"@type":"WebSite","@id":"https:\/\/www.noticiasradioreflejos.com.ar\/2021\/#website","url":"https:\/\/www.noticiasradioreflejos.com.ar\/2021\/","name":"Noticias Radio Reflejos","description":"Las noticias de mi comarca","potentialAction":[{"@type":"SearchAction","target":{"@type":"EntryPoint","urlTemplate":"https:\/\/www.noticiasradioreflejos.com.ar\/2021\/?s={search_term_string}"},"query-input":{"@type":"PropertyValueSpecification","valueRequired":true,"valueName":"search_term_string"}}],"inLanguage":"es"},{"@type":"Person","@id":"https:\/\/www.noticiasradioreflejos.com.ar\/2021\/#\/schema\/person\/ad82545263dcc5ec0996818884fd5fb1","name":"Arnaldo Botto","image":{"@type":"ImageObject","inLanguage":"es","@id":"https:\/\/www.noticiasradioreflejos.com.ar\/2021\/#\/schema\/person\/image\/","url":"https:\/\/secure.gravatar.com\/avatar\/55cb5e37c1efa326397366e6974cb338056df65cb50e7d64d1cf314e87504837?s=96&d=mm&r=g","contentUrl":"https:\/\/secure.gravatar.com\/avatar\/55cb5e37c1efa326397366e6974cb338056df65cb50e7d64d1cf314e87504837?s=96&d=mm&r=g","caption":"Arnaldo Botto"},"url":"https:\/\/www.noticiasradioreflejos.com.ar\/2021\/author\/arnaldo\/"}]}},"_links":{"self":[{"href":"https:\/\/www.noticiasradioreflejos.com.ar\/2021\/wp-json\/wp\/v2\/posts\/52046","targetHints":{"allow":["GET"]}}],"collection":[{"href":"https:\/\/www.noticiasradioreflejos.com.ar\/2021\/wp-json\/wp\/v2\/posts"}],"about":[{"href":"https:\/\/www.noticiasradioreflejos.com.ar\/2021\/wp-json\/wp\/v2\/types\/post"}],"author":[{"embeddable":true,"href":"https:\/\/www.noticiasradioreflejos.com.ar\/2021\/wp-json\/wp\/v2\/users\/3"}],"replies":[{"embeddable":true,"href":"https:\/\/www.noticiasradioreflejos.com.ar\/2021\/wp-json\/wp\/v2\/comments?post=52046"}],"version-history":[{"count":0,"href":"https:\/\/www.noticiasradioreflejos.com.ar\/2021\/wp-json\/wp\/v2\/posts\/52046\/revisions"}],"wp:attachment":[{"href":"https:\/\/www.noticiasradioreflejos.com.ar\/2021\/wp-json\/wp\/v2\/media?parent=52046"}],"wp:term":[{"taxonomy":"category","embeddable":true,"href":"https:\/\/www.noticiasradioreflejos.com.ar\/2021\/wp-json\/wp\/v2\/categories?post=52046"},{"taxonomy":"post_tag","embeddable":true,"href":"https:\/\/www.noticiasradioreflejos.com.ar\/2021\/wp-json\/wp\/v2\/tags?post=52046"}],"curies":[{"name":"wp","href":"https:\/\/api.w.org\/{rel}","templated":true}]}}