{"id":52031,"date":"2021-02-02T16:59:40","date_gmt":"2021-02-02T19:59:40","guid":{"rendered":"http:\/\/www.noticiasradioreflejos.com.ar\/noticias\/?p=52031"},"modified":"2021-02-02T16:59:40","modified_gmt":"2021-02-02T19:59:40","slug":"la-anses-supero-en-enero-de-2021-la-cantidad-de-altas-del-ano-anterior","status":"publish","type":"post","link":"https:\/\/www.noticiasradioreflejos.com.ar\/2021\/la-anses-supero-en-enero-de-2021-la-cantidad-de-altas-del-ano-anterior\/","title":{"rendered":"La ANSES super\u00f3 en enero de 2021 la cantidad de altas del a\u00f1o anterior"},"content":{"rendered":"<p>En el marco del operativo ANSES Verano lanzado en los primeros d\u00edas de este a\u00f1o por el Presidente de la Naci\u00f3n, Alberto Fern\u00e1ndez, en la localidad de Chapadmalal, partido de General Pueyrred\u00f3n, la ANSES informa que en enero de 2021 la cantidad de altas de jubilaciones y pensiones fue de 34.079. Por su parte, durante enero de 2020 se registraron 33.799 beneficios previsionales. Es decir, el aumento ha sido superior respecto al registrado el mismo mes previo a la pandemia.<!--more--><\/p>\n<p>Sobre el operativo de verano la titular del organismo previsional, Fernanda Raverta, cont\u00f3: \u201cVamos a recorrer todo el pa\u00eds con operativos m\u00f3viles para facilitar el acceso a los tr\u00e1mites de la seguridad social y avanzar en todos aquellos que durante la pandemia quedaron pospuestos o suspendidos\u201d<\/p>\n<p>Cabe recordar que el tr\u00e1mite de jubilaci\u00f3n puede iniciarse desde de la web de la ANSES, www.anses.gob.ar, a trav\u00e9s de la modalidad Atenci\u00f3n Virtual, o bien, solicitando un turno desde ese mismo sitio web, opci\u00f3n Turnos que figura en la pantalla principal. All\u00ed, los interesados deben seleccionar el tr\u00e1mite que deseen realizar, colocar su n\u00famero de CUIL y seguir los pasos que all\u00ed se indiquen.<\/p>\n","protected":false},"excerpt":{"rendered":"<p>En el marco del operativo ANSES Verano lanzado en los primeros d\u00edas de este a\u00f1o por el Presidente de la Naci\u00f3n, Alberto Fern\u00e1ndez, en la localidad de Chapadmalal, partido de General Pueyrred\u00f3n, la ANSES informa que en enero de 2021 la cantidad de altas de jubilaciones y pensiones fue de 34.079. Por su parte, durante [&hellip;]<\/p>\n","protected":false},"author":3,"featured_media":0,"comment_status":"closed","ping_status":"open","sticky":false,"template":"","format":"standard","meta":{"footnotes":""},"categories":[24],"tags":[],"class_list":["post-52031","post","type-post","status-publish","format-standard","hentry","category-politica"],"yoast_head":"<!-- This site is optimized with the Yoast SEO plugin v25.9 - https:\/\/yoast.com\/wordpress\/plugins\/seo\/ -->\n<title>La ANSES super\u00f3 en enero de 2021 la cantidad de altas del a\u00f1o anterior - Noticias Radio Reflejos<\/title>\n<meta name=\"robots\" content=\"index, follow, max-snippet:-1, max-image-preview:large, max-video-preview:-1\" \/>\n<link rel=\"canonical\" href=\"https:\/\/www.noticiasradioreflejos.com.ar\/2021\/la-anses-supero-en-enero-de-2021-la-cantidad-de-altas-del-ano-anterior\/\" \/>\n<meta property=\"og:locale\" content=\"es_ES\" \/>\n<meta property=\"og:type\" content=\"article\" \/>\n<meta property=\"og:title\" content=\"La ANSES super\u00f3 en enero de 2021 la cantidad de altas del a\u00f1o anterior - Noticias Radio Reflejos\" \/>\n<meta property=\"og:description\" content=\"En el marco del operativo ANSES Verano lanzado en los primeros d\u00edas de este a\u00f1o por el Presidente de la Naci\u00f3n, Alberto Fern\u00e1ndez, en la localidad de Chapadmalal, partido de General Pueyrred\u00f3n, la ANSES informa que en enero de 2021 la cantidad de altas de jubilaciones y pensiones fue de 34.079. Por su parte, durante [&hellip;]\" \/>\n<meta property=\"og:url\" content=\"https:\/\/www.noticiasradioreflejos.com.ar\/2021\/la-anses-supero-en-enero-de-2021-la-cantidad-de-altas-del-ano-anterior\/\" \/>\n<meta property=\"og:site_name\" content=\"Noticias Radio Reflejos\" \/>\n<meta property=\"article:published_time\" content=\"2021-02-02T19:59:40+00:00\" \/>\n<meta property=\"og:image\" content=\"https:\/\/www.noticiasradioreflejos.com.ar\/2021\/wp-content\/uploads\/2021\/07\/logosol300x200.png\" \/>\n\t<meta property=\"og:image:width\" content=\"300\" \/>\n\t<meta property=\"og:image:height\" content=\"200\" \/>\n\t<meta property=\"og:image:type\" content=\"image\/png\" \/>\n<meta name=\"author\" content=\"Arnaldo Botto\" \/>\n<meta name=\"twitter:card\" content=\"summary_large_image\" \/>\n<script type=\"application\/ld+json\" class=\"yoast-schema-graph\">{\"@context\":\"https:\/\/schema.org\",\"@graph\":[{\"@type\":\"WebPage\",\"@id\":\"https:\/\/www.noticiasradioreflejos.com.ar\/2021\/la-anses-supero-en-enero-de-2021-la-cantidad-de-altas-del-ano-anterior\/\",\"url\":\"https:\/\/www.noticiasradioreflejos.com.ar\/2021\/la-anses-supero-en-enero-de-2021-la-cantidad-de-altas-del-ano-anterior\/\",\"name\":\"La ANSES super\u00f3 en enero de 2021 la cantidad de altas del a\u00f1o anterior - Noticias Radio Reflejos\",\"isPartOf\":{\"@id\":\"https:\/\/www.noticiasradioreflejos.com.ar\/2021\/#website\"},\"datePublished\":\"2021-02-02T19:59:40+00:00\",\"author\":{\"@id\":\"https:\/\/www.noticiasradioreflejos.com.ar\/2021\/#\/schema\/person\/ad82545263dcc5ec0996818884fd5fb1\"},\"breadcrumb\":{\"@id\":\"https:\/\/www.noticiasradioreflejos.com.ar\/2021\/la-anses-supero-en-enero-de-2021-la-cantidad-de-altas-del-ano-anterior\/#breadcrumb\"},\"inLanguage\":\"es\",\"potentialAction\":[{\"@type\":\"ReadAction\",\"target\":[\"https:\/\/www.noticiasradioreflejos.com.ar\/2021\/la-anses-supero-en-enero-de-2021-la-cantidad-de-altas-del-ano-anterior\/\"]}]},{\"@type\":\"BreadcrumbList\",\"@id\":\"https:\/\/www.noticiasradioreflejos.com.ar\/2021\/la-anses-supero-en-enero-de-2021-la-cantidad-de-altas-del-ano-anterior\/#breadcrumb\",\"itemListElement\":[{\"@type\":\"ListItem\",\"position\":1,\"name\":\"Portada\",\"item\":\"https:\/\/www.noticiasradioreflejos.com.ar\/2021\/\"},{\"@type\":\"ListItem\",\"position\":2,\"name\":\"La ANSES super\u00f3 en enero de 2021 la cantidad de altas del a\u00f1o anterior\"}]},{\"@type\":\"WebSite\",\"@id\":\"https:\/\/www.noticiasradioreflejos.com.ar\/2021\/#website\",\"url\":\"https:\/\/www.noticiasradioreflejos.com.ar\/2021\/\",\"name\":\"Noticias Radio Reflejos\",\"description\":\"Las noticias de mi comarca\",\"potentialAction\":[{\"@type\":\"SearchAction\",\"target\":{\"@type\":\"EntryPoint\",\"urlTemplate\":\"https:\/\/www.noticiasradioreflejos.com.ar\/2021\/?s={search_term_string}\"},\"query-input\":{\"@type\":\"PropertyValueSpecification\",\"valueRequired\":true,\"valueName\":\"search_term_string\"}}],\"inLanguage\":\"es\"},{\"@type\":\"Person\",\"@id\":\"https:\/\/www.noticiasradioreflejos.com.ar\/2021\/#\/schema\/person\/ad82545263dcc5ec0996818884fd5fb1\",\"name\":\"Arnaldo Botto\",\"image\":{\"@type\":\"ImageObject\",\"inLanguage\":\"es\",\"@id\":\"https:\/\/www.noticiasradioreflejos.com.ar\/2021\/#\/schema\/person\/image\/\",\"url\":\"https:\/\/secure.gravatar.com\/avatar\/55cb5e37c1efa326397366e6974cb338056df65cb50e7d64d1cf314e87504837?s=96&d=mm&r=g\",\"contentUrl\":\"https:\/\/secure.gravatar.com\/avatar\/55cb5e37c1efa326397366e6974cb338056df65cb50e7d64d1cf314e87504837?s=96&d=mm&r=g\",\"caption\":\"Arnaldo Botto\"},\"url\":\"https:\/\/www.noticiasradioreflejos.com.ar\/2021\/author\/arnaldo\/\"}]}<\/script>\n<!-- \/ Yoast SEO plugin. -->","yoast_head_json":{"title":"La ANSES super\u00f3 en enero de 2021 la cantidad de altas del a\u00f1o anterior - Noticias Radio Reflejos","robots":{"index":"index","follow":"follow","max-snippet":"max-snippet:-1","max-image-preview":"max-image-preview:large","max-video-preview":"max-video-preview:-1"},"canonical":"https:\/\/www.noticiasradioreflejos.com.ar\/2021\/la-anses-supero-en-enero-de-2021-la-cantidad-de-altas-del-ano-anterior\/","og_locale":"es_ES","og_type":"article","og_title":"La ANSES super\u00f3 en enero de 2021 la cantidad de altas del a\u00f1o anterior - Noticias Radio Reflejos","og_description":"En el marco del operativo ANSES Verano lanzado en los primeros d\u00edas de este a\u00f1o por el Presidente de la Naci\u00f3n, Alberto Fern\u00e1ndez, en la localidad de Chapadmalal, partido de General Pueyrred\u00f3n, la ANSES informa que en enero de 2021 la cantidad de altas de jubilaciones y pensiones fue de 34.079. Por su parte, durante [&hellip;]","og_url":"https:\/\/www.noticiasradioreflejos.com.ar\/2021\/la-anses-supero-en-enero-de-2021-la-cantidad-de-altas-del-ano-anterior\/","og_site_name":"Noticias Radio Reflejos","article_published_time":"2021-02-02T19:59:40+00:00","og_image":[{"width":300,"height":200,"url":"https:\/\/www.noticiasradioreflejos.com.ar\/2021\/wp-content\/uploads\/2021\/07\/logosol300x200.png","type":"image\/png"}],"author":"Arnaldo Botto","twitter_card":"summary_large_image","schema":{"@context":"https:\/\/schema.org","@graph":[{"@type":"WebPage","@id":"https:\/\/www.noticiasradioreflejos.com.ar\/2021\/la-anses-supero-en-enero-de-2021-la-cantidad-de-altas-del-ano-anterior\/","url":"https:\/\/www.noticiasradioreflejos.com.ar\/2021\/la-anses-supero-en-enero-de-2021-la-cantidad-de-altas-del-ano-anterior\/","name":"La ANSES super\u00f3 en enero de 2021 la cantidad de altas del a\u00f1o anterior - Noticias Radio Reflejos","isPartOf":{"@id":"https:\/\/www.noticiasradioreflejos.com.ar\/2021\/#website"},"datePublished":"2021-02-02T19:59:40+00:00","author":{"@id":"https:\/\/www.noticiasradioreflejos.com.ar\/2021\/#\/schema\/person\/ad82545263dcc5ec0996818884fd5fb1"},"breadcrumb":{"@id":"https:\/\/www.noticiasradioreflejos.com.ar\/2021\/la-anses-supero-en-enero-de-2021-la-cantidad-de-altas-del-ano-anterior\/#breadcrumb"},"inLanguage":"es","potentialAction":[{"@type":"ReadAction","target":["https:\/\/www.noticiasradioreflejos.com.ar\/2021\/la-anses-supero-en-enero-de-2021-la-cantidad-de-altas-del-ano-anterior\/"]}]},{"@type":"BreadcrumbList","@id":"https:\/\/www.noticiasradioreflejos.com.ar\/2021\/la-anses-supero-en-enero-de-2021-la-cantidad-de-altas-del-ano-anterior\/#breadcrumb","itemListElement":[{"@type":"ListItem","position":1,"name":"Portada","item":"https:\/\/www.noticiasradioreflejos.com.ar\/2021\/"},{"@type":"ListItem","position":2,"name":"La ANSES super\u00f3 en enero de 2021 la cantidad de altas del a\u00f1o anterior"}]},{"@type":"WebSite","@id":"https:\/\/www.noticiasradioreflejos.com.ar\/2021\/#website","url":"https:\/\/www.noticiasradioreflejos.com.ar\/2021\/","name":"Noticias Radio Reflejos","description":"Las noticias de mi comarca","potentialAction":[{"@type":"SearchAction","target":{"@type":"EntryPoint","urlTemplate":"https:\/\/www.noticiasradioreflejos.com.ar\/2021\/?s={search_term_string}"},"query-input":{"@type":"PropertyValueSpecification","valueRequired":true,"valueName":"search_term_string"}}],"inLanguage":"es"},{"@type":"Person","@id":"https:\/\/www.noticiasradioreflejos.com.ar\/2021\/#\/schema\/person\/ad82545263dcc5ec0996818884fd5fb1","name":"Arnaldo Botto","image":{"@type":"ImageObject","inLanguage":"es","@id":"https:\/\/www.noticiasradioreflejos.com.ar\/2021\/#\/schema\/person\/image\/","url":"https:\/\/secure.gravatar.com\/avatar\/55cb5e37c1efa326397366e6974cb338056df65cb50e7d64d1cf314e87504837?s=96&d=mm&r=g","contentUrl":"https:\/\/secure.gravatar.com\/avatar\/55cb5e37c1efa326397366e6974cb338056df65cb50e7d64d1cf314e87504837?s=96&d=mm&r=g","caption":"Arnaldo Botto"},"url":"https:\/\/www.noticiasradioreflejos.com.ar\/2021\/author\/arnaldo\/"}]}},"_links":{"self":[{"href":"https:\/\/www.noticiasradioreflejos.com.ar\/2021\/wp-json\/wp\/v2\/posts\/52031","targetHints":{"allow":["GET"]}}],"collection":[{"href":"https:\/\/www.noticiasradioreflejos.com.ar\/2021\/wp-json\/wp\/v2\/posts"}],"about":[{"href":"https:\/\/www.noticiasradioreflejos.com.ar\/2021\/wp-json\/wp\/v2\/types\/post"}],"author":[{"embeddable":true,"href":"https:\/\/www.noticiasradioreflejos.com.ar\/2021\/wp-json\/wp\/v2\/users\/3"}],"replies":[{"embeddable":true,"href":"https:\/\/www.noticiasradioreflejos.com.ar\/2021\/wp-json\/wp\/v2\/comments?post=52031"}],"version-history":[{"count":0,"href":"https:\/\/www.noticiasradioreflejos.com.ar\/2021\/wp-json\/wp\/v2\/posts\/52031\/revisions"}],"wp:attachment":[{"href":"https:\/\/www.noticiasradioreflejos.com.ar\/2021\/wp-json\/wp\/v2\/media?parent=52031"}],"wp:term":[{"taxonomy":"category","embeddable":true,"href":"https:\/\/www.noticiasradioreflejos.com.ar\/2021\/wp-json\/wp\/v2\/categories?post=52031"},{"taxonomy":"post_tag","embeddable":true,"href":"https:\/\/www.noticiasradioreflejos.com.ar\/2021\/wp-json\/wp\/v2\/tags?post=52031"}],"curies":[{"name":"wp","href":"https:\/\/api.w.org\/{rel}","templated":true}]}}