{"id":52028,"date":"2021-02-02T16:49:52","date_gmt":"2021-02-02T19:49:52","guid":{"rendered":"http:\/\/www.noticiasradioreflejos.com.ar\/noticias\/?p=52028"},"modified":"2021-02-02T16:49:52","modified_gmt":"2021-02-02T19:49:52","slug":"nueva-amenaza-mundial-candida-auris-la-posible-nueva-pandemia","status":"publish","type":"post","link":"https:\/\/www.noticiasradioreflejos.com.ar\/2021\/nueva-amenaza-mundial-candida-auris-la-posible-nueva-pandemia\/","title":{"rendered":"Nueva amenaza mundial: candida auris, la posible nueva pandemia"},"content":{"rendered":"<p>El germen puede colonizarse en pacientes por muchos meses, perdurar en el ambiente y resistir algunos desinfectantes que com\u00fanmente se usan en los centros de atenci\u00f3n m\u00e9dica<!--more--><br \/>\nMientras el mundo atraviesa la pandemia del coronavirus (Covid-19) la cual dej\u00f3 hasta el momento a m\u00e1s de 2 millones de v\u00edctimas, los\u00a0Centros para el Control y la Prevenci\u00f3n de Enfermedades de Estados Unidos\u00a0(CDC) alertan sobre una nueva amenaza resistente a los medicamentos, la\u00a0Candida Auris.<\/p>\n<div class=\"nota-autor-container clearfix\"><span style=\"color: #000080;\"><em><strong>\u00a0Candida Auris: \u00bfqu\u00e9 es?<\/strong><\/em><\/span><\/div>\n<div class=\"main-content clearfix\">\n<section>\n<div class=\"entry-body title-font\">\n<p>La\u00a0Candida auris\u00a0<strong>es un hongo que causa infecciones graves\u00a0<\/strong>y que se propaga en centros de atenci\u00f3n m\u00e9dica. Los expertos en prevenci\u00f3n de infecciones, as\u00ed como el personal de atenci\u00f3n m\u00e9dica y de laboratorio pueden juntos ayudar a prevenir su propagaci\u00f3n, seg\u00fan explicaron\u00a0los CDC.<\/p>\n<p>El primer caso fue conocido en 2009, aunque se desconoce su origen.\u00a0El primer paciente en ser tratado por este hongo, era oriundo de Corea del Sur y se le hall\u00f3 en su canal auditivo.<\/p>\n<p>Tiempo despu\u00e9s, se registraron casos en<strong>\u00a0India, Sud\u00e1frica, Venezuela, Estados Unidos, Reino Unido y Espa\u00f1a.<\/strong><\/p>\n<p>A los expertos les preocupa que este germen es resistente en el medio ambiente; incluso los desinfectantes que se utilizan en hospitales y centros de salud no son efectivos contra este hongo.<\/p>\n<section class=\"related-entrys-container\">\n<div class=\"extra-container\"><\/div>\n<\/section>\n<p>En su sitio web, los CDC explican por qu\u00e9 la Candida Auris puede ser un problema. Las cinco razones:<\/p>\n<p><strong>1. Causa infecciones graves<\/strong>.\u00a0La\u00a0auris\u00a0puede causar infecciones invasivas sangu\u00edneas y de otros tipos, especialmente en los pacientes que est\u00e1n internados en hospitales y hogares de ancianos y que tienen muchos problemas m\u00e9dicos. M\u00e1s de 1 de cada 3 pacientes mueren dentro del mes de haber recibido el diagn\u00f3stico de una infecci\u00f3n invasiva por\u00a0C. auris.<\/p>\n<p><strong>2. Con frecuencia, es multirresistente.<\/strong>\u00a0Los medicamentos antimic\u00f3ticos que com\u00fanmente se usan para tratar otras infecciones por\u00a0Candida\u00a0con frecuencia no tienen efecto en la\u00a0auris. Algunas cepas aisladas de\u00a0Candida\u00a0auris\u00a0son resistentes a las tres clases principales de medicamentos antimic\u00f3ticos.<\/p>\n<p><strong>3. Se est\u00e1 volviendo m\u00e1s frecuente.\u00a0<\/strong>Si bien la\u00a0auris\u00a0tan solo se descubri\u00f3 en el 2009, la cantidad de casos aument\u00f3\u00a0r\u00e1pidamente. Desde entonces, se reportaron en docenas de pa\u00edses, incluidos los Estados Unidos.<\/p>\n<p><strong>4. Es dif\u00edcil de identificar.<\/strong>\u00a0La\u00a0C. auris\u00a0puede ser identificada de un modo err\u00f3neo como otro tipo de hongo, a no ser que se usen m\u00e9todos especializados de laboratorio. Identificar la\u00a0C. auris\u00a0correctamente es crucial para dar inicio a las medidas destinadas a detener su propagaci\u00f3n y prevenir los brotes.<\/p>\n<p><strong>5. Puede propagarse y causar brotes en centros de atenci\u00f3n m\u00e9dica.\u00a0<\/strong>Como ocurre con otros organismos multirresistentes, como las enterobacterias resistentes a los carbapen\u00e9micos (ERC) y los\u00a0Staphylococcus\u00a0aureus\u00a0resistentes a la meticilina (SARM), la\u00a0C.\u00a0auris\u00a0puede transmitirse en los entornos de atenci\u00f3n m\u00e9dica y causar brotes. Puede colonizarse en pacientes por muchos meses, perdurar en el ambiente y resistir algunos desinfectantes que com\u00fanmente se usan en los centros de atenci\u00f3n m\u00e9dica.<\/p>\n<\/div>\n<\/section>\n<\/div>\n","protected":false},"excerpt":{"rendered":"<p>El germen puede colonizarse en pacientes por muchos meses, perdurar en el ambiente y resistir algunos desinfectantes que com\u00fanmente se usan en los centros de atenci\u00f3n m\u00e9dica<\/p>\n","protected":false},"author":3,"featured_media":0,"comment_status":"closed","ping_status":"open","sticky":false,"template":"","format":"standard","meta":{"footnotes":""},"categories":[30],"tags":[],"class_list":["post-52028","post","type-post","status-publish","format-standard","hentry","category-salud"],"yoast_head":"<!-- This site is optimized with the Yoast SEO plugin v25.9 - https:\/\/yoast.com\/wordpress\/plugins\/seo\/ -->\n<title>Nueva amenaza mundial: candida auris, la posible nueva pandemia - Noticias Radio Reflejos<\/title>\n<meta name=\"robots\" content=\"index, follow, max-snippet:-1, max-image-preview:large, max-video-preview:-1\" \/>\n<link rel=\"canonical\" href=\"https:\/\/www.noticiasradioreflejos.com.ar\/2021\/nueva-amenaza-mundial-candida-auris-la-posible-nueva-pandemia\/\" \/>\n<meta property=\"og:locale\" content=\"es_ES\" \/>\n<meta property=\"og:type\" content=\"article\" \/>\n<meta property=\"og:title\" content=\"Nueva amenaza mundial: candida auris, la posible nueva pandemia - Noticias Radio Reflejos\" \/>\n<meta property=\"og:description\" content=\"El germen puede colonizarse en pacientes por muchos meses, perdurar en el ambiente y resistir algunos desinfectantes que com\u00fanmente se usan en los centros de atenci\u00f3n m\u00e9dica\" \/>\n<meta property=\"og:url\" content=\"https:\/\/www.noticiasradioreflejos.com.ar\/2021\/nueva-amenaza-mundial-candida-auris-la-posible-nueva-pandemia\/\" \/>\n<meta property=\"og:site_name\" content=\"Noticias Radio Reflejos\" \/>\n<meta property=\"article:published_time\" content=\"2021-02-02T19:49:52+00:00\" \/>\n<meta property=\"og:image\" content=\"https:\/\/www.noticiasradioreflejos.com.ar\/2021\/wp-content\/uploads\/2021\/07\/logosol300x200.png\" \/>\n\t<meta property=\"og:image:width\" content=\"300\" \/>\n\t<meta property=\"og:image:height\" content=\"200\" \/>\n\t<meta property=\"og:image:type\" content=\"image\/png\" \/>\n<meta name=\"author\" content=\"Arnaldo Botto\" \/>\n<meta name=\"twitter:card\" content=\"summary_large_image\" \/>\n<script type=\"application\/ld+json\" class=\"yoast-schema-graph\">{\"@context\":\"https:\/\/schema.org\",\"@graph\":[{\"@type\":\"WebPage\",\"@id\":\"https:\/\/www.noticiasradioreflejos.com.ar\/2021\/nueva-amenaza-mundial-candida-auris-la-posible-nueva-pandemia\/\",\"url\":\"https:\/\/www.noticiasradioreflejos.com.ar\/2021\/nueva-amenaza-mundial-candida-auris-la-posible-nueva-pandemia\/\",\"name\":\"Nueva amenaza mundial: candida auris, la posible nueva pandemia - Noticias Radio Reflejos\",\"isPartOf\":{\"@id\":\"https:\/\/www.noticiasradioreflejos.com.ar\/2021\/#website\"},\"datePublished\":\"2021-02-02T19:49:52+00:00\",\"author\":{\"@id\":\"https:\/\/www.noticiasradioreflejos.com.ar\/2021\/#\/schema\/person\/ad82545263dcc5ec0996818884fd5fb1\"},\"breadcrumb\":{\"@id\":\"https:\/\/www.noticiasradioreflejos.com.ar\/2021\/nueva-amenaza-mundial-candida-auris-la-posible-nueva-pandemia\/#breadcrumb\"},\"inLanguage\":\"es\",\"potentialAction\":[{\"@type\":\"ReadAction\",\"target\":[\"https:\/\/www.noticiasradioreflejos.com.ar\/2021\/nueva-amenaza-mundial-candida-auris-la-posible-nueva-pandemia\/\"]}]},{\"@type\":\"BreadcrumbList\",\"@id\":\"https:\/\/www.noticiasradioreflejos.com.ar\/2021\/nueva-amenaza-mundial-candida-auris-la-posible-nueva-pandemia\/#breadcrumb\",\"itemListElement\":[{\"@type\":\"ListItem\",\"position\":1,\"name\":\"Portada\",\"item\":\"https:\/\/www.noticiasradioreflejos.com.ar\/2021\/\"},{\"@type\":\"ListItem\",\"position\":2,\"name\":\"Nueva amenaza mundial: candida auris, la posible nueva pandemia\"}]},{\"@type\":\"WebSite\",\"@id\":\"https:\/\/www.noticiasradioreflejos.com.ar\/2021\/#website\",\"url\":\"https:\/\/www.noticiasradioreflejos.com.ar\/2021\/\",\"name\":\"Noticias Radio Reflejos\",\"description\":\"Las noticias de mi comarca\",\"potentialAction\":[{\"@type\":\"SearchAction\",\"target\":{\"@type\":\"EntryPoint\",\"urlTemplate\":\"https:\/\/www.noticiasradioreflejos.com.ar\/2021\/?s={search_term_string}\"},\"query-input\":{\"@type\":\"PropertyValueSpecification\",\"valueRequired\":true,\"valueName\":\"search_term_string\"}}],\"inLanguage\":\"es\"},{\"@type\":\"Person\",\"@id\":\"https:\/\/www.noticiasradioreflejos.com.ar\/2021\/#\/schema\/person\/ad82545263dcc5ec0996818884fd5fb1\",\"name\":\"Arnaldo Botto\",\"image\":{\"@type\":\"ImageObject\",\"inLanguage\":\"es\",\"@id\":\"https:\/\/www.noticiasradioreflejos.com.ar\/2021\/#\/schema\/person\/image\/\",\"url\":\"https:\/\/secure.gravatar.com\/avatar\/55cb5e37c1efa326397366e6974cb338056df65cb50e7d64d1cf314e87504837?s=96&d=mm&r=g\",\"contentUrl\":\"https:\/\/secure.gravatar.com\/avatar\/55cb5e37c1efa326397366e6974cb338056df65cb50e7d64d1cf314e87504837?s=96&d=mm&r=g\",\"caption\":\"Arnaldo Botto\"},\"url\":\"https:\/\/www.noticiasradioreflejos.com.ar\/2021\/author\/arnaldo\/\"}]}<\/script>\n<!-- \/ Yoast SEO plugin. -->","yoast_head_json":{"title":"Nueva amenaza mundial: candida auris, la posible nueva pandemia - Noticias Radio Reflejos","robots":{"index":"index","follow":"follow","max-snippet":"max-snippet:-1","max-image-preview":"max-image-preview:large","max-video-preview":"max-video-preview:-1"},"canonical":"https:\/\/www.noticiasradioreflejos.com.ar\/2021\/nueva-amenaza-mundial-candida-auris-la-posible-nueva-pandemia\/","og_locale":"es_ES","og_type":"article","og_title":"Nueva amenaza mundial: candida auris, la posible nueva pandemia - Noticias Radio Reflejos","og_description":"El germen puede colonizarse en pacientes por muchos meses, perdurar en el ambiente y resistir algunos desinfectantes que com\u00fanmente se usan en los centros de atenci\u00f3n m\u00e9dica","og_url":"https:\/\/www.noticiasradioreflejos.com.ar\/2021\/nueva-amenaza-mundial-candida-auris-la-posible-nueva-pandemia\/","og_site_name":"Noticias Radio Reflejos","article_published_time":"2021-02-02T19:49:52+00:00","og_image":[{"width":300,"height":200,"url":"https:\/\/www.noticiasradioreflejos.com.ar\/2021\/wp-content\/uploads\/2021\/07\/logosol300x200.png","type":"image\/png"}],"author":"Arnaldo Botto","twitter_card":"summary_large_image","schema":{"@context":"https:\/\/schema.org","@graph":[{"@type":"WebPage","@id":"https:\/\/www.noticiasradioreflejos.com.ar\/2021\/nueva-amenaza-mundial-candida-auris-la-posible-nueva-pandemia\/","url":"https:\/\/www.noticiasradioreflejos.com.ar\/2021\/nueva-amenaza-mundial-candida-auris-la-posible-nueva-pandemia\/","name":"Nueva amenaza mundial: candida auris, la posible nueva pandemia - Noticias Radio Reflejos","isPartOf":{"@id":"https:\/\/www.noticiasradioreflejos.com.ar\/2021\/#website"},"datePublished":"2021-02-02T19:49:52+00:00","author":{"@id":"https:\/\/www.noticiasradioreflejos.com.ar\/2021\/#\/schema\/person\/ad82545263dcc5ec0996818884fd5fb1"},"breadcrumb":{"@id":"https:\/\/www.noticiasradioreflejos.com.ar\/2021\/nueva-amenaza-mundial-candida-auris-la-posible-nueva-pandemia\/#breadcrumb"},"inLanguage":"es","potentialAction":[{"@type":"ReadAction","target":["https:\/\/www.noticiasradioreflejos.com.ar\/2021\/nueva-amenaza-mundial-candida-auris-la-posible-nueva-pandemia\/"]}]},{"@type":"BreadcrumbList","@id":"https:\/\/www.noticiasradioreflejos.com.ar\/2021\/nueva-amenaza-mundial-candida-auris-la-posible-nueva-pandemia\/#breadcrumb","itemListElement":[{"@type":"ListItem","position":1,"name":"Portada","item":"https:\/\/www.noticiasradioreflejos.com.ar\/2021\/"},{"@type":"ListItem","position":2,"name":"Nueva amenaza mundial: candida auris, la posible nueva pandemia"}]},{"@type":"WebSite","@id":"https:\/\/www.noticiasradioreflejos.com.ar\/2021\/#website","url":"https:\/\/www.noticiasradioreflejos.com.ar\/2021\/","name":"Noticias Radio Reflejos","description":"Las noticias de mi comarca","potentialAction":[{"@type":"SearchAction","target":{"@type":"EntryPoint","urlTemplate":"https:\/\/www.noticiasradioreflejos.com.ar\/2021\/?s={search_term_string}"},"query-input":{"@type":"PropertyValueSpecification","valueRequired":true,"valueName":"search_term_string"}}],"inLanguage":"es"},{"@type":"Person","@id":"https:\/\/www.noticiasradioreflejos.com.ar\/2021\/#\/schema\/person\/ad82545263dcc5ec0996818884fd5fb1","name":"Arnaldo Botto","image":{"@type":"ImageObject","inLanguage":"es","@id":"https:\/\/www.noticiasradioreflejos.com.ar\/2021\/#\/schema\/person\/image\/","url":"https:\/\/secure.gravatar.com\/avatar\/55cb5e37c1efa326397366e6974cb338056df65cb50e7d64d1cf314e87504837?s=96&d=mm&r=g","contentUrl":"https:\/\/secure.gravatar.com\/avatar\/55cb5e37c1efa326397366e6974cb338056df65cb50e7d64d1cf314e87504837?s=96&d=mm&r=g","caption":"Arnaldo Botto"},"url":"https:\/\/www.noticiasradioreflejos.com.ar\/2021\/author\/arnaldo\/"}]}},"_links":{"self":[{"href":"https:\/\/www.noticiasradioreflejos.com.ar\/2021\/wp-json\/wp\/v2\/posts\/52028","targetHints":{"allow":["GET"]}}],"collection":[{"href":"https:\/\/www.noticiasradioreflejos.com.ar\/2021\/wp-json\/wp\/v2\/posts"}],"about":[{"href":"https:\/\/www.noticiasradioreflejos.com.ar\/2021\/wp-json\/wp\/v2\/types\/post"}],"author":[{"embeddable":true,"href":"https:\/\/www.noticiasradioreflejos.com.ar\/2021\/wp-json\/wp\/v2\/users\/3"}],"replies":[{"embeddable":true,"href":"https:\/\/www.noticiasradioreflejos.com.ar\/2021\/wp-json\/wp\/v2\/comments?post=52028"}],"version-history":[{"count":0,"href":"https:\/\/www.noticiasradioreflejos.com.ar\/2021\/wp-json\/wp\/v2\/posts\/52028\/revisions"}],"wp:attachment":[{"href":"https:\/\/www.noticiasradioreflejos.com.ar\/2021\/wp-json\/wp\/v2\/media?parent=52028"}],"wp:term":[{"taxonomy":"category","embeddable":true,"href":"https:\/\/www.noticiasradioreflejos.com.ar\/2021\/wp-json\/wp\/v2\/categories?post=52028"},{"taxonomy":"post_tag","embeddable":true,"href":"https:\/\/www.noticiasradioreflejos.com.ar\/2021\/wp-json\/wp\/v2\/tags?post=52028"}],"curies":[{"name":"wp","href":"https:\/\/api.w.org\/{rel}","templated":true}]}}