{"id":52026,"date":"2021-02-02T16:42:10","date_gmt":"2021-02-02T19:42:10","guid":{"rendered":"http:\/\/www.noticiasradioreflejos.com.ar\/noticias\/?p=52026"},"modified":"2021-02-02T16:42:10","modified_gmt":"2021-02-02T19:42:10","slug":"segun-la-cat-febrero-tendra-un-muy-buen-movimiento-turistico-hasta-el-fin-del-carnaval","status":"publish","type":"post","link":"https:\/\/www.noticiasradioreflejos.com.ar\/2021\/segun-la-cat-febrero-tendra-un-muy-buen-movimiento-turistico-hasta-el-fin-del-carnaval\/","title":{"rendered":"Seg\u00fan la CAT, febrero tendr\u00e1 un muy buen movimiento tur\u00edstico hasta el fin del carnaval"},"content":{"rendered":"<p>En declaraciones a T\u00e9lam Radio, el presidente de la C\u00e1mara Argentina de Turismo, Aldo El\u00edas se esperanz\u00f3 en que \u00abpudieran materializarse esos n\u00fameros\u00bb que indican las proyecciones, aunque reconoci\u00f3 que despu\u00e9s de esa fecha, la actividad \u00abvolver\u00e1 a desplomarse fuertemente\u00bb.<!--more--><\/p>\n<div class=\"head-content\"><\/div>\n<div class=\"main-content-block\">\n<div class=\"main-box clearfix\">\n<div class=\"wrapper-main-section clearfix\">\n<div class=\"wrapper-editable-content\">\n<div class=\"editable-content clearfix\">\n<div class=\"js-code\">\n<p><iframe loading=\"lazy\" src=\"https:\/\/w.soundcloud.com\/player\/?url=https%3A\/\/api.soundcloud.com\/tracks\/977487355&amp;color=%23ff5500&amp;auto_play=false&amp;hide_related=false&amp;show_comments=true&amp;show_user=true&amp;show_reposts=false&amp;show_teaser=true\" width=\"100%\" height=\"166\" frameborder=\"no\" scrolling=\"no\"><\/iframe><\/p>\n<div><a title=\"PODCAST\" href=\"https:\/\/soundcloud.com\/user-961456406\" target=\"_blank\" rel=\"noopener\">PODCAST<\/a>\u00a0\u00b7\u00a0<a title=\"C\u00c1MARA ARGENTINA DE TURISMO: \u201cFEBRERO TENDR\u00c1 MUY BUEN MOVIMIENTO HASTA EL FIN DE SEMANA DE CARNAVAL\u201d\" href=\"https:\/\/soundcloud.com\/user-961456406\/camara-argentina-de-turismo-febrero-tendra-muy-buen-movimiento-hasta-el-fin-de-semana-de-carnaval\" target=\"_blank\" rel=\"noopener\">C\u00c1MARA ARGENTINA DE TURISMO: \u201cFEBRERO TENDR\u00c1 MUY BUEN MOVIMIENTO HASTA EL FIN DE SEMANA DE CARNAVAL\u201d<\/a><\/div>\n<\/div>\n<p>El presidente de la C\u00e1mara Argentina de Turismo (CAT), Aldo El\u00edas, dijo que las proyecciones para el mes de febrero hablan de \u00abun muy buen movimiento tur\u00edstico\u00bb, que se extender\u00eda hasta el 16 de ese mes, cuando finalice el feriado largo de carnaval.<\/p>\n<p>En declaraciones a T\u00e9lam Radio, El\u00edas se esperanz\u00f3 en que \u00abpudieran materializarse esos n\u00fameros\u00bb que indican las proyecciones, aunque reconoci\u00f3 que despu\u00e9s de esa fecha, la actividad \u00abvolver\u00e1 a desplomarse fuertemente\u00bb.<\/p>\n<p>\u00abDespu\u00e9s de esas fechas ya no hay ning\u00fan tipo de reservas de nada, con lo cual la actividad tur\u00edstica volver\u00eda a desplomarse fuertemente\u00bb, asegur\u00f3.<\/p>\n<p><strong>Respecto a como se viene desarrollando la temporada, el empresario reconoci\u00f3 que \u00abel escenario es complejo\u00bb pero \u00abcomparado con los nueve meses de actividad prohibida e ingreso cero, hemos tenido un buen verano\u00bb.<\/strong><\/p>\n<p>En ese sentido, destac\u00f3 que \u00abel balance para el primer mes de la temporada de verano, el mes mas fuerte para lo que tiene que ver con la actividad tur\u00edstica, es optimista\u00bb, y que est\u00e1 \u00abbastante en sinton\u00eda con lo que la C\u00e1mara de Turismo hab\u00eda proyectado para lo que iba a ser para el mes de enero\u00bb.<\/p>\n<p>\u00abEstamos hablando de un porcentaje de ocupaci\u00f3n del orden del 35 al 40% a nivel pa\u00eds, con muchos destinos que han superado el 80 u 85% de ocupaci\u00f3n, como en la Costa Atl\u00e1ntica; en algunos destinos de Salta, Tucum\u00e1n y Jujuy; en Bariloche, San Mart\u00edn de los Andes, Villa la Angostura, que han tenido un muy buen movimiento\u00bb, preci\u00f3.<\/p>\n<p><strong>Sin embargo, agreg\u00f3 que cuando uno extrapola a nivel pa\u00eds y hace la cuenta de los porcentajes \u00abhay una Ciudad de Buenos Aires con el 7% de ocupaci\u00f3n, lo cual desarma cualquier tipo de buenos n\u00fameros que despu\u00e9s pueden manejar estos destinos que estamos haciendo referencia\u00bb.<\/strong><\/p>\n<div id=\"image\" class=\"image\">\n<p><img decoding=\"async\" title=\"El\u00edas reconoci\u00f3 la complejidad que atraviesa el sector por la pandemia.\" src=\"https:\/\/www.telam.com.ar\/advf\/imagenes\/2021\/02\/6018758a52d44_1004x565.jpg\" alt=\"El\u00edas reconoci\u00f3 la complejidad que atraviesa el sector por la pandemia.\" \/><\/p>\n<div class=\"epigrafe\">El\u00edas reconoci\u00f3 la complejidad que atraviesa el sector por la pandemia.<\/div>\n<\/div>\n<\/div>\n<\/div>\n<\/div>\n<\/div>\n<\/div>\n","protected":false},"excerpt":{"rendered":"<p>En declaraciones a T\u00e9lam Radio, el presidente de la C\u00e1mara Argentina de Turismo, Aldo El\u00edas se esperanz\u00f3 en que \u00abpudieran materializarse esos n\u00fameros\u00bb que indican las proyecciones, aunque reconoci\u00f3 que despu\u00e9s de esa fecha, la actividad \u00abvolver\u00e1 a desplomarse fuertemente\u00bb.<\/p>\n","protected":false},"author":3,"featured_media":48666,"comment_status":"closed","ping_status":"open","sticky":false,"template":"","format":"standard","meta":{"footnotes":""},"categories":[25],"tags":[],"class_list":["post-52026","post","type-post","status-publish","format-standard","has-post-thumbnail","hentry","category-uncategorized"],"yoast_head":"<!-- This site is optimized with the Yoast SEO plugin v25.9 - https:\/\/yoast.com\/wordpress\/plugins\/seo\/ -->\n<title>Seg\u00fan la CAT, febrero tendr\u00e1 un muy buen movimiento tur\u00edstico hasta el fin del carnaval - Noticias Radio Reflejos<\/title>\n<meta name=\"robots\" content=\"index, follow, max-snippet:-1, max-image-preview:large, max-video-preview:-1\" \/>\n<link rel=\"canonical\" href=\"https:\/\/www.noticiasradioreflejos.com.ar\/2021\/segun-la-cat-febrero-tendra-un-muy-buen-movimiento-turistico-hasta-el-fin-del-carnaval\/\" \/>\n<meta property=\"og:locale\" content=\"es_ES\" \/>\n<meta property=\"og:type\" content=\"article\" \/>\n<meta property=\"og:title\" content=\"Seg\u00fan la CAT, febrero tendr\u00e1 un muy buen movimiento tur\u00edstico hasta el fin del carnaval - Noticias Radio Reflejos\" \/>\n<meta property=\"og:description\" content=\"En declaraciones a T\u00e9lam Radio, el presidente de la C\u00e1mara Argentina de Turismo, Aldo El\u00edas se esperanz\u00f3 en que \u00abpudieran materializarse esos n\u00fameros\u00bb que indican las proyecciones, aunque reconoci\u00f3 que despu\u00e9s de esa fecha, la actividad \u00abvolver\u00e1 a desplomarse fuertemente\u00bb.\" \/>\n<meta property=\"og:url\" content=\"https:\/\/www.noticiasradioreflejos.com.ar\/2021\/segun-la-cat-febrero-tendra-un-muy-buen-movimiento-turistico-hasta-el-fin-del-carnaval\/\" \/>\n<meta property=\"og:site_name\" content=\"Noticias Radio Reflejos\" \/>\n<meta property=\"article:published_time\" content=\"2021-02-02T19:42:10+00:00\" \/>\n<meta property=\"og:image\" content=\"https:\/\/www.noticiasradioreflejos.com.ar\/2021\/wp-content\/uploads\/2020\/10\/multimedia.normal.8095cd3ff2277b51.6e6965766531315f6e6f726d616c2e6a7067.jpg\" \/>\n\t<meta property=\"og:image:width\" content=\"1152\" \/>\n\t<meta property=\"og:image:height\" content=\"768\" \/>\n\t<meta property=\"og:image:type\" content=\"image\/jpeg\" \/>\n<meta name=\"author\" content=\"Arnaldo Botto\" \/>\n<meta name=\"twitter:card\" content=\"summary_large_image\" \/>\n<script type=\"application\/ld+json\" class=\"yoast-schema-graph\">{\"@context\":\"https:\/\/schema.org\",\"@graph\":[{\"@type\":\"WebPage\",\"@id\":\"https:\/\/www.noticiasradioreflejos.com.ar\/2021\/segun-la-cat-febrero-tendra-un-muy-buen-movimiento-turistico-hasta-el-fin-del-carnaval\/\",\"url\":\"https:\/\/www.noticiasradioreflejos.com.ar\/2021\/segun-la-cat-febrero-tendra-un-muy-buen-movimiento-turistico-hasta-el-fin-del-carnaval\/\",\"name\":\"Seg\u00fan la CAT, febrero tendr\u00e1 un muy buen movimiento tur\u00edstico hasta el fin del carnaval - Noticias Radio Reflejos\",\"isPartOf\":{\"@id\":\"https:\/\/www.noticiasradioreflejos.com.ar\/2021\/#website\"},\"primaryImageOfPage\":{\"@id\":\"https:\/\/www.noticiasradioreflejos.com.ar\/2021\/segun-la-cat-febrero-tendra-un-muy-buen-movimiento-turistico-hasta-el-fin-del-carnaval\/#primaryimage\"},\"image\":{\"@id\":\"https:\/\/www.noticiasradioreflejos.com.ar\/2021\/segun-la-cat-febrero-tendra-un-muy-buen-movimiento-turistico-hasta-el-fin-del-carnaval\/#primaryimage\"},\"thumbnailUrl\":\"https:\/\/www.noticiasradioreflejos.com.ar\/2021\/wp-content\/uploads\/2020\/10\/multimedia.normal.8095cd3ff2277b51.6e6965766531315f6e6f726d616c2e6a7067.jpg\",\"datePublished\":\"2021-02-02T19:42:10+00:00\",\"author\":{\"@id\":\"https:\/\/www.noticiasradioreflejos.com.ar\/2021\/#\/schema\/person\/ad82545263dcc5ec0996818884fd5fb1\"},\"breadcrumb\":{\"@id\":\"https:\/\/www.noticiasradioreflejos.com.ar\/2021\/segun-la-cat-febrero-tendra-un-muy-buen-movimiento-turistico-hasta-el-fin-del-carnaval\/#breadcrumb\"},\"inLanguage\":\"es\",\"potentialAction\":[{\"@type\":\"ReadAction\",\"target\":[\"https:\/\/www.noticiasradioreflejos.com.ar\/2021\/segun-la-cat-febrero-tendra-un-muy-buen-movimiento-turistico-hasta-el-fin-del-carnaval\/\"]}]},{\"@type\":\"ImageObject\",\"inLanguage\":\"es\",\"@id\":\"https:\/\/www.noticiasradioreflejos.com.ar\/2021\/segun-la-cat-febrero-tendra-un-muy-buen-movimiento-turistico-hasta-el-fin-del-carnaval\/#primaryimage\",\"url\":\"https:\/\/www.noticiasradioreflejos.com.ar\/2021\/wp-content\/uploads\/2020\/10\/multimedia.normal.8095cd3ff2277b51.6e6965766531315f6e6f726d616c2e6a7067.jpg\",\"contentUrl\":\"https:\/\/www.noticiasradioreflejos.com.ar\/2021\/wp-content\/uploads\/2020\/10\/multimedia.normal.8095cd3ff2277b51.6e6965766531315f6e6f726d616c2e6a7067.jpg\",\"width\":1152,\"height\":768},{\"@type\":\"BreadcrumbList\",\"@id\":\"https:\/\/www.noticiasradioreflejos.com.ar\/2021\/segun-la-cat-febrero-tendra-un-muy-buen-movimiento-turistico-hasta-el-fin-del-carnaval\/#breadcrumb\",\"itemListElement\":[{\"@type\":\"ListItem\",\"position\":1,\"name\":\"Portada\",\"item\":\"https:\/\/www.noticiasradioreflejos.com.ar\/2021\/\"},{\"@type\":\"ListItem\",\"position\":2,\"name\":\"Seg\u00fan la CAT, febrero tendr\u00e1 un muy buen movimiento tur\u00edstico hasta el fin del carnaval\"}]},{\"@type\":\"WebSite\",\"@id\":\"https:\/\/www.noticiasradioreflejos.com.ar\/2021\/#website\",\"url\":\"https:\/\/www.noticiasradioreflejos.com.ar\/2021\/\",\"name\":\"Noticias Radio Reflejos\",\"description\":\"Las noticias de mi comarca\",\"potentialAction\":[{\"@type\":\"SearchAction\",\"target\":{\"@type\":\"EntryPoint\",\"urlTemplate\":\"https:\/\/www.noticiasradioreflejos.com.ar\/2021\/?s={search_term_string}\"},\"query-input\":{\"@type\":\"PropertyValueSpecification\",\"valueRequired\":true,\"valueName\":\"search_term_string\"}}],\"inLanguage\":\"es\"},{\"@type\":\"Person\",\"@id\":\"https:\/\/www.noticiasradioreflejos.com.ar\/2021\/#\/schema\/person\/ad82545263dcc5ec0996818884fd5fb1\",\"name\":\"Arnaldo Botto\",\"image\":{\"@type\":\"ImageObject\",\"inLanguage\":\"es\",\"@id\":\"https:\/\/www.noticiasradioreflejos.com.ar\/2021\/#\/schema\/person\/image\/\",\"url\":\"https:\/\/secure.gravatar.com\/avatar\/55cb5e37c1efa326397366e6974cb338056df65cb50e7d64d1cf314e87504837?s=96&d=mm&r=g\",\"contentUrl\":\"https:\/\/secure.gravatar.com\/avatar\/55cb5e37c1efa326397366e6974cb338056df65cb50e7d64d1cf314e87504837?s=96&d=mm&r=g\",\"caption\":\"Arnaldo Botto\"},\"url\":\"https:\/\/www.noticiasradioreflejos.com.ar\/2021\/author\/arnaldo\/\"}]}<\/script>\n<!-- \/ Yoast SEO plugin. -->","yoast_head_json":{"title":"Seg\u00fan la CAT, febrero tendr\u00e1 un muy buen movimiento tur\u00edstico hasta el fin del carnaval - Noticias Radio Reflejos","robots":{"index":"index","follow":"follow","max-snippet":"max-snippet:-1","max-image-preview":"max-image-preview:large","max-video-preview":"max-video-preview:-1"},"canonical":"https:\/\/www.noticiasradioreflejos.com.ar\/2021\/segun-la-cat-febrero-tendra-un-muy-buen-movimiento-turistico-hasta-el-fin-del-carnaval\/","og_locale":"es_ES","og_type":"article","og_title":"Seg\u00fan la CAT, febrero tendr\u00e1 un muy buen movimiento tur\u00edstico hasta el fin del carnaval - Noticias Radio Reflejos","og_description":"En declaraciones a T\u00e9lam Radio, el presidente de la C\u00e1mara Argentina de Turismo, Aldo El\u00edas se esperanz\u00f3 en que \u00abpudieran materializarse esos n\u00fameros\u00bb que indican las proyecciones, aunque reconoci\u00f3 que despu\u00e9s de esa fecha, la actividad \u00abvolver\u00e1 a desplomarse fuertemente\u00bb.","og_url":"https:\/\/www.noticiasradioreflejos.com.ar\/2021\/segun-la-cat-febrero-tendra-un-muy-buen-movimiento-turistico-hasta-el-fin-del-carnaval\/","og_site_name":"Noticias Radio Reflejos","article_published_time":"2021-02-02T19:42:10+00:00","og_image":[{"width":1152,"height":768,"url":"https:\/\/www.noticiasradioreflejos.com.ar\/2021\/wp-content\/uploads\/2020\/10\/multimedia.normal.8095cd3ff2277b51.6e6965766531315f6e6f726d616c2e6a7067.jpg","type":"image\/jpeg"}],"author":"Arnaldo Botto","twitter_card":"summary_large_image","schema":{"@context":"https:\/\/schema.org","@graph":[{"@type":"WebPage","@id":"https:\/\/www.noticiasradioreflejos.com.ar\/2021\/segun-la-cat-febrero-tendra-un-muy-buen-movimiento-turistico-hasta-el-fin-del-carnaval\/","url":"https:\/\/www.noticiasradioreflejos.com.ar\/2021\/segun-la-cat-febrero-tendra-un-muy-buen-movimiento-turistico-hasta-el-fin-del-carnaval\/","name":"Seg\u00fan la CAT, febrero tendr\u00e1 un muy buen movimiento tur\u00edstico hasta el fin del carnaval - Noticias Radio Reflejos","isPartOf":{"@id":"https:\/\/www.noticiasradioreflejos.com.ar\/2021\/#website"},"primaryImageOfPage":{"@id":"https:\/\/www.noticiasradioreflejos.com.ar\/2021\/segun-la-cat-febrero-tendra-un-muy-buen-movimiento-turistico-hasta-el-fin-del-carnaval\/#primaryimage"},"image":{"@id":"https:\/\/www.noticiasradioreflejos.com.ar\/2021\/segun-la-cat-febrero-tendra-un-muy-buen-movimiento-turistico-hasta-el-fin-del-carnaval\/#primaryimage"},"thumbnailUrl":"https:\/\/www.noticiasradioreflejos.com.ar\/2021\/wp-content\/uploads\/2020\/10\/multimedia.normal.8095cd3ff2277b51.6e6965766531315f6e6f726d616c2e6a7067.jpg","datePublished":"2021-02-02T19:42:10+00:00","author":{"@id":"https:\/\/www.noticiasradioreflejos.com.ar\/2021\/#\/schema\/person\/ad82545263dcc5ec0996818884fd5fb1"},"breadcrumb":{"@id":"https:\/\/www.noticiasradioreflejos.com.ar\/2021\/segun-la-cat-febrero-tendra-un-muy-buen-movimiento-turistico-hasta-el-fin-del-carnaval\/#breadcrumb"},"inLanguage":"es","potentialAction":[{"@type":"ReadAction","target":["https:\/\/www.noticiasradioreflejos.com.ar\/2021\/segun-la-cat-febrero-tendra-un-muy-buen-movimiento-turistico-hasta-el-fin-del-carnaval\/"]}]},{"@type":"ImageObject","inLanguage":"es","@id":"https:\/\/www.noticiasradioreflejos.com.ar\/2021\/segun-la-cat-febrero-tendra-un-muy-buen-movimiento-turistico-hasta-el-fin-del-carnaval\/#primaryimage","url":"https:\/\/www.noticiasradioreflejos.com.ar\/2021\/wp-content\/uploads\/2020\/10\/multimedia.normal.8095cd3ff2277b51.6e6965766531315f6e6f726d616c2e6a7067.jpg","contentUrl":"https:\/\/www.noticiasradioreflejos.com.ar\/2021\/wp-content\/uploads\/2020\/10\/multimedia.normal.8095cd3ff2277b51.6e6965766531315f6e6f726d616c2e6a7067.jpg","width":1152,"height":768},{"@type":"BreadcrumbList","@id":"https:\/\/www.noticiasradioreflejos.com.ar\/2021\/segun-la-cat-febrero-tendra-un-muy-buen-movimiento-turistico-hasta-el-fin-del-carnaval\/#breadcrumb","itemListElement":[{"@type":"ListItem","position":1,"name":"Portada","item":"https:\/\/www.noticiasradioreflejos.com.ar\/2021\/"},{"@type":"ListItem","position":2,"name":"Seg\u00fan la CAT, febrero tendr\u00e1 un muy buen movimiento tur\u00edstico hasta el fin del carnaval"}]},{"@type":"WebSite","@id":"https:\/\/www.noticiasradioreflejos.com.ar\/2021\/#website","url":"https:\/\/www.noticiasradioreflejos.com.ar\/2021\/","name":"Noticias Radio Reflejos","description":"Las noticias de mi comarca","potentialAction":[{"@type":"SearchAction","target":{"@type":"EntryPoint","urlTemplate":"https:\/\/www.noticiasradioreflejos.com.ar\/2021\/?s={search_term_string}"},"query-input":{"@type":"PropertyValueSpecification","valueRequired":true,"valueName":"search_term_string"}}],"inLanguage":"es"},{"@type":"Person","@id":"https:\/\/www.noticiasradioreflejos.com.ar\/2021\/#\/schema\/person\/ad82545263dcc5ec0996818884fd5fb1","name":"Arnaldo Botto","image":{"@type":"ImageObject","inLanguage":"es","@id":"https:\/\/www.noticiasradioreflejos.com.ar\/2021\/#\/schema\/person\/image\/","url":"https:\/\/secure.gravatar.com\/avatar\/55cb5e37c1efa326397366e6974cb338056df65cb50e7d64d1cf314e87504837?s=96&d=mm&r=g","contentUrl":"https:\/\/secure.gravatar.com\/avatar\/55cb5e37c1efa326397366e6974cb338056df65cb50e7d64d1cf314e87504837?s=96&d=mm&r=g","caption":"Arnaldo Botto"},"url":"https:\/\/www.noticiasradioreflejos.com.ar\/2021\/author\/arnaldo\/"}]}},"_links":{"self":[{"href":"https:\/\/www.noticiasradioreflejos.com.ar\/2021\/wp-json\/wp\/v2\/posts\/52026","targetHints":{"allow":["GET"]}}],"collection":[{"href":"https:\/\/www.noticiasradioreflejos.com.ar\/2021\/wp-json\/wp\/v2\/posts"}],"about":[{"href":"https:\/\/www.noticiasradioreflejos.com.ar\/2021\/wp-json\/wp\/v2\/types\/post"}],"author":[{"embeddable":true,"href":"https:\/\/www.noticiasradioreflejos.com.ar\/2021\/wp-json\/wp\/v2\/users\/3"}],"replies":[{"embeddable":true,"href":"https:\/\/www.noticiasradioreflejos.com.ar\/2021\/wp-json\/wp\/v2\/comments?post=52026"}],"version-history":[{"count":0,"href":"https:\/\/www.noticiasradioreflejos.com.ar\/2021\/wp-json\/wp\/v2\/posts\/52026\/revisions"}],"wp:featuredmedia":[{"embeddable":true,"href":"https:\/\/www.noticiasradioreflejos.com.ar\/2021\/wp-json\/wp\/v2\/media\/48666"}],"wp:attachment":[{"href":"https:\/\/www.noticiasradioreflejos.com.ar\/2021\/wp-json\/wp\/v2\/media?parent=52026"}],"wp:term":[{"taxonomy":"category","embeddable":true,"href":"https:\/\/www.noticiasradioreflejos.com.ar\/2021\/wp-json\/wp\/v2\/categories?post=52026"},{"taxonomy":"post_tag","embeddable":true,"href":"https:\/\/www.noticiasradioreflejos.com.ar\/2021\/wp-json\/wp\/v2\/tags?post=52026"}],"curies":[{"name":"wp","href":"https:\/\/api.w.org\/{rel}","templated":true}]}}