{"id":52023,"date":"2021-02-02T16:36:15","date_gmt":"2021-02-02T19:36:15","guid":{"rendered":"http:\/\/www.noticiasradioreflejos.com.ar\/noticias\/?p=52023"},"modified":"2021-02-02T16:36:15","modified_gmt":"2021-02-02T19:36:15","slug":"cientificos-y-medios-del-mundo-destacan-la-publicacion-de-resultados-de-la-sputnik-v","status":"publish","type":"post","link":"https:\/\/www.noticiasradioreflejos.com.ar\/2021\/cientificos-y-medios-del-mundo-destacan-la-publicacion-de-resultados-de-la-sputnik-v\/","title":{"rendered":"Cient\u00edficos y medios del mundo destacan la publicaci\u00f3n de resultados de la Sputnik V"},"content":{"rendered":"<p>La revista cient\u00edfica The Lancet public\u00f3 los resultados de los estudios intermedios de los ensayos de fase 3 de la vacuna Sputnik V, desarrollada por el Centro de Investigaci\u00f3n Gamaleya de Rusia, que arrojaron una eficacia del 91,6 por ciento en la prevenci\u00f3n del coronavirus.<!--more--><\/p>\n<div class=\"head-content\"><\/div>\n<div class=\"main-content-block\">\n<div class=\"main-box clearfix\">\n<div class=\"wrapper-main-section clearfix\">\n<div class=\"wrapper-editable-content\">\n<div class=\"editable-content clearfix\">\n<div id=\"image\" class=\"image\"><img decoding=\"async\" title=\"Cient\u00edficos y medios de todo el mundo se\u00f1alaron que la publicaci\u00f3n de los resultados &quot;es una reivindicaci\u00f3n para Rusia&quot;\" src=\"https:\/\/www.telam.com.ar\/advf\/imagenes\/2021\/01\/60117ea6a4769_1004x565.jpg\" alt=\"Cient\u00edficos y medios de todo el mundo se\u00f1alaron que la publicaci\u00f3n de los resultados &quot;es una reivindicaci\u00f3n para Rusia&quot;\" \/><\/p>\n<div class=\"epigrafe\">Cient\u00edficos y medios de todo el mundo se\u00f1alaron que la publicaci\u00f3n de los resultados \u00abes una reivindicaci\u00f3n para Rusia\u00bb<\/div>\n<\/div>\n<p>Cient\u00edficos y medios del mundo opinaron este martes que\u00a0<a href=\"https:\/\/www.telam.com.ar\/notas\/202102\/543298-sputnik-publico-resultados-en-the-lancet-y-confirmo-eficacia-la-del-916.html\" target=\"_blank\" rel=\"noopener\">la publicaci\u00f3n de los resultados de los ensayos de la vacuna Sputnik V contra el coronavirus en la revista The Lancet\u00a0<\/a>es una reivindicaci\u00f3n para Rusia que deber\u00eda acallar cr\u00edticas iniciales y reforzar la confianza de la gente en la efectividad y seguridad del f\u00e1rmaco.<\/p>\n<p><strong>\u00abRecibida primero con escepticismo, la vacuna rusa contra el covid-19 Sputnik V ha convencido desde entonces sobre su eficacia a los expertos, seg\u00fan la revista especializada The Lancet. Un \u00e9xito cient\u00edfico y pol\u00edtico para la Rusia de Vladimir Putin\u00bb,<\/strong>\u00a0escribi\u00f3 la agencia de noticias AFP.<\/p>\n<p><strong>El diario estadounidense Wall Street Journa<\/strong>l destac\u00f3 el hecho de que el estudio, cuyos resultados ya hab\u00edan sido anunciados por los desarrolladores rusos de la vacuna, ahora fue publicado por The Lancet, revisado y validado por cient\u00edficos independientes.<\/p>\n<p>La noticia es \u00abun potencial impulso para la meta del Kremlin de promover la vacuna contra la Covid-19 en el extranjero y contener la pandemia en Rusia\u00bb.<\/p>\n<div class=\"js-code\">\n<div class=\"twitter-tweet twitter-tweet-rendered\"><iframe loading=\"lazy\" id=\"twitter-widget-0\" class=\"\" title=\"Twitter Tweet\" src=\"https:\/\/platform.twitter.com\/embed\/index.html?creatorScreenName=agenciatelam&amp;dnt=false&amp;embedId=twitter-widget-0&amp;frame=false&amp;hideCard=false&amp;hideThread=false&amp;id=1356581250455199745&amp;lang=en&amp;origin=https%3A%2F%2Fwww.telam.com.ar%2Fnotas%2F202102%2F543330-cietificos-medios-del-mundo-destacan-sputnik-v-the-lancet.html&amp;siteScreenName=agenciatelam&amp;theme=light&amp;widgetsVersion=ed20a2b%3A1601588405575&amp;width=550px\" width=\"300\" height=\"150\" frameborder=\"0\" scrolling=\"no\" allowfullscreen=\"allowfullscreen\" data-tweet-id=\"1356581250455199745\"><\/iframe><\/div>\n<\/div>\n<p>Por su parte,<strong>\u00a0el investigador del Instituto Pasteur de Montevideo Gonzalo Moratorio<\/strong>\u00a0destac\u00f3 en Twitter que \u00aben una de las m\u00e1s prestigiosas revistas m\u00e9dicas\u00bb se public\u00f3 que la vacuna rusa demostr\u00f3 \u00absu alta eficacia\u00bb en m\u00e1s de 20.000 casos.<\/p>\n<p>\u00abUna noticia alentadora! La vacuna rusa (&#8230;) Sputnik V ha demostrado tener una eficacia del 91,6%. Por eso creemos que esta vacuna junto a las otras aprobadas, todas pueden usarse para una mejor estrategia (y sobre todo m\u00e1s r\u00e1pido) de inmunizaci\u00f3n\u00bb, expres\u00f3 el m\u00e9dico investigador ecuatoriano Esteban Ortiz.<\/p>\n<div class=\"js-code\">\n<div class=\"twitter-tweet twitter-tweet-rendered\"><iframe loading=\"lazy\" id=\"twitter-widget-1\" class=\"\" title=\"Twitter Tweet\" src=\"https:\/\/platform.twitter.com\/embed\/index.html?creatorScreenName=agenciatelam&amp;dnt=false&amp;embedId=twitter-widget-1&amp;frame=false&amp;hideCard=false&amp;hideThread=false&amp;id=1356598623023284229&amp;lang=en&amp;origin=https%3A%2F%2Fwww.telam.com.ar%2Fnotas%2F202102%2F543330-cietificos-medios-del-mundo-destacan-sputnik-v-the-lancet.html&amp;siteScreenName=agenciatelam&amp;theme=light&amp;widgetsVersion=ed20a2b%3A1601588405575&amp;width=550px\" width=\"300\" height=\"150\" frameborder=\"0\" scrolling=\"no\" allowfullscreen=\"allowfullscreen\" data-tweet-id=\"1356598623023284229\"><\/iframe><\/div>\n<\/div>\n<p>Por otro lado,<strong>\u00a0el periodista mexicano<\/strong>\u00a0<strong>Javier Garza Ramos<\/strong>\u00a0destac\u00f3 que \u00abuna revisi\u00f3n independiente de la vacuna Sputnik V era necesaria para que (la gente) pueda tener confianza y que no sean los mismos desarrolladores de la vacuna los que hablen de su efectividad\u00bb.<\/p>\n<div class=\"js-code\">\n<div class=\"twitter-tweet twitter-tweet-rendered\"><iframe loading=\"lazy\" id=\"twitter-widget-2\" class=\"\" title=\"Twitter Tweet\" src=\"https:\/\/platform.twitter.com\/embed\/index.html?creatorScreenName=agenciatelam&amp;dnt=false&amp;embedId=twitter-widget-2&amp;frame=false&amp;hideCard=false&amp;hideThread=false&amp;id=1356601483085705217&amp;lang=en&amp;origin=https%3A%2F%2Fwww.telam.com.ar%2Fnotas%2F202102%2F543330-cietificos-medios-del-mundo-destacan-sputnik-v-the-lancet.html&amp;siteScreenName=agenciatelam&amp;theme=light&amp;widgetsVersion=ed20a2b%3A1601588405575&amp;width=550px\" width=\"300\" height=\"150\" frameborder=\"0\" scrolling=\"no\" allowfullscreen=\"allowfullscreen\" data-tweet-id=\"1356601483085705217\"><\/iframe><\/div>\n<\/div>\n<p>En tanto,\u00a0<strong>el diario El Pa\u00eds, de Espa\u00f1a<\/strong>, destac\u00f3 que la vacuna \u00abque ya se ha registrado en 16 pa\u00edses\u00bb alcanz\u00f3 una eficacia del 92%\u00bb en un ensayo con 20.000 participantes.<\/p>\n<div class=\"js-code\">\n<div class=\"twitter-tweet twitter-tweet-rendered\"><iframe loading=\"lazy\" id=\"twitter-widget-3\" class=\"\" title=\"Twitter Tweet\" src=\"https:\/\/platform.twitter.com\/embed\/index.html?creatorScreenName=agenciatelam&amp;dnt=false&amp;embedId=twitter-widget-3&amp;frame=false&amp;hideCard=false&amp;hideThread=false&amp;id=1356584784324141057&amp;lang=en&amp;origin=https%3A%2F%2Fwww.telam.com.ar%2Fnotas%2F202102%2F543330-cietificos-medios-del-mundo-destacan-sputnik-v-the-lancet.html&amp;siteScreenName=agenciatelam&amp;theme=light&amp;widgetsVersion=ed20a2b%3A1601588405575&amp;width=550px\" width=\"300\" height=\"150\" frameborder=\"0\" scrolling=\"no\" allowfullscreen=\"allowfullscreen\" data-tweet-id=\"1356584784324141057\"><\/iframe><\/div>\n<\/div>\n<p><strong>El medio online El Espa\u00f1ol,<\/strong>\u00a0por su parte, titul\u00f3 que \u00abla vacuna que Europa no quiere comprar, la Sputnik V, muestra una eficacia del 91,6%\u00bb.<\/p>\n<div class=\"js-code\">\n<div class=\"twitter-tweet twitter-tweet-rendered\"><iframe loading=\"lazy\" id=\"twitter-widget-4\" class=\"\" title=\"Twitter Tweet\" src=\"https:\/\/platform.twitter.com\/embed\/index.html?creatorScreenName=agenciatelam&amp;dnt=false&amp;embedId=twitter-widget-4&amp;frame=false&amp;hideCard=false&amp;hideThread=false&amp;id=1356591751654494209&amp;lang=en&amp;origin=https%3A%2F%2Fwww.telam.com.ar%2Fnotas%2F202102%2F543330-cietificos-medios-del-mundo-destacan-sputnik-v-the-lancet.html&amp;siteScreenName=agenciatelam&amp;theme=light&amp;widgetsVersion=ed20a2b%3A1601588405575&amp;width=550px\" width=\"300\" height=\"150\" frameborder=\"0\" scrolling=\"no\" allowfullscreen=\"allowfullscreen\" data-tweet-id=\"1356591751654494209\"><\/iframe><\/div>\n<\/div>\n<p><strong>El diario boliviano P\u00e1gina Siete<\/strong>\u00a0escribi\u00f3 en su portada online que seg\u00fan The Lancet, \u00abLa Sputnik V es eficaz casi al 92%, tambi\u00e9n en mayores de 60 a\u00f1os\u00bb.<\/p>\n<p>Bolivia empez\u00f3 a vacunar el s\u00e1bado pasado con la vacuna rusa mientras que otros 11 pa\u00edses (Kazajist\u00e1n, Turkmenist\u00e1n, Palestina, Emiratos \u00c1rabes Unidos, Paraguay, Hungr\u00eda, Armenia, Argelia, la Rep\u00fablica Serbia (una de las dos entidades que forman Bosnia y Herzegovina), Venezuela e Ir\u00e1n) comenzar\u00e1n a hacerlo esta semana.<\/p>\n<div class=\"js-code\">\n<div class=\"twitter-tweet twitter-tweet-rendered\"><iframe loading=\"lazy\" id=\"twitter-widget-5\" class=\"\" title=\"Twitter Tweet\" src=\"https:\/\/platform.twitter.com\/embed\/index.html?creatorScreenName=agenciatelam&amp;dnt=false&amp;embedId=twitter-widget-5&amp;frame=false&amp;hideCard=false&amp;hideThread=false&amp;id=1356602282641551364&amp;lang=en&amp;origin=https%3A%2F%2Fwww.telam.com.ar%2Fnotas%2F202102%2F543330-cietificos-medios-del-mundo-destacan-sputnik-v-the-lancet.html&amp;siteScreenName=agenciatelam&amp;theme=light&amp;widgetsVersion=ed20a2b%3A1601588405575&amp;width=550px\" width=\"300\" height=\"150\" frameborder=\"0\" scrolling=\"no\" allowfullscreen=\"allowfullscreen\" data-tweet-id=\"1356602282641551364\"><\/iframe><\/div>\n<\/div>\n<p>Asimismo, medios de Venezuela, Paraguay, Bosnia y Emiratos \u00c1rabes Unidos reflejaron la noticia en sus portadas.<\/p>\n<p>Adem\u00e1s de Bolivia y Argentina, M\u00e9xico, Kazajist\u00e1n y Rusia ya est\u00e1n aplicando el f\u00e1rmaco ruso.<\/p><\/div>\n<\/div>\n<\/div>\n<\/div>\n<\/div>\n","protected":false},"excerpt":{"rendered":"<p>La revista cient\u00edfica The Lancet public\u00f3 los resultados de los estudios intermedios de los ensayos de fase 3 de la vacuna Sputnik V, desarrollada por el Centro de Investigaci\u00f3n Gamaleya de Rusia, que arrojaron una eficacia del 91,6 por ciento en la prevenci\u00f3n del coronavirus.<\/p>\n","protected":false},"author":3,"featured_media":0,"comment_status":"closed","ping_status":"open","sticky":false,"template":"","format":"standard","meta":{"footnotes":""},"categories":[30],"tags":[],"class_list":["post-52023","post","type-post","status-publish","format-standard","hentry","category-salud"],"yoast_head":"<!-- This site is optimized with the Yoast SEO plugin v25.9 - https:\/\/yoast.com\/wordpress\/plugins\/seo\/ -->\n<title>Cient\u00edficos y medios del mundo destacan la publicaci\u00f3n de resultados de la Sputnik V - Noticias Radio Reflejos<\/title>\n<meta name=\"robots\" content=\"index, follow, max-snippet:-1, max-image-preview:large, max-video-preview:-1\" \/>\n<link rel=\"canonical\" href=\"https:\/\/www.noticiasradioreflejos.com.ar\/2021\/cientificos-y-medios-del-mundo-destacan-la-publicacion-de-resultados-de-la-sputnik-v\/\" \/>\n<meta property=\"og:locale\" content=\"es_ES\" \/>\n<meta property=\"og:type\" content=\"article\" \/>\n<meta property=\"og:title\" content=\"Cient\u00edficos y medios del mundo destacan la publicaci\u00f3n de resultados de la Sputnik V - Noticias Radio Reflejos\" \/>\n<meta property=\"og:description\" content=\"La revista cient\u00edfica The Lancet public\u00f3 los resultados de los estudios intermedios de los ensayos de fase 3 de la vacuna Sputnik V, desarrollada por el Centro de Investigaci\u00f3n Gamaleya de Rusia, que arrojaron una eficacia del 91,6 por ciento en la prevenci\u00f3n del coronavirus.\" \/>\n<meta property=\"og:url\" content=\"https:\/\/www.noticiasradioreflejos.com.ar\/2021\/cientificos-y-medios-del-mundo-destacan-la-publicacion-de-resultados-de-la-sputnik-v\/\" \/>\n<meta property=\"og:site_name\" content=\"Noticias Radio Reflejos\" \/>\n<meta property=\"article:published_time\" content=\"2021-02-02T19:36:15+00:00\" \/>\n<meta property=\"og:image\" content=\"https:\/\/www.telam.com.ar\/advf\/imagenes\/2021\/01\/60117ea6a4769_1004x565.jpg\" \/>\n<meta name=\"author\" content=\"Arnaldo Botto\" \/>\n<meta name=\"twitter:card\" content=\"summary_large_image\" \/>\n<script type=\"application\/ld+json\" class=\"yoast-schema-graph\">{\"@context\":\"https:\/\/schema.org\",\"@graph\":[{\"@type\":\"WebPage\",\"@id\":\"https:\/\/www.noticiasradioreflejos.com.ar\/2021\/cientificos-y-medios-del-mundo-destacan-la-publicacion-de-resultados-de-la-sputnik-v\/\",\"url\":\"https:\/\/www.noticiasradioreflejos.com.ar\/2021\/cientificos-y-medios-del-mundo-destacan-la-publicacion-de-resultados-de-la-sputnik-v\/\",\"name\":\"Cient\u00edficos y medios del mundo destacan la publicaci\u00f3n de resultados de la Sputnik V - Noticias Radio Reflejos\",\"isPartOf\":{\"@id\":\"https:\/\/www.noticiasradioreflejos.com.ar\/2021\/#website\"},\"primaryImageOfPage\":{\"@id\":\"https:\/\/www.noticiasradioreflejos.com.ar\/2021\/cientificos-y-medios-del-mundo-destacan-la-publicacion-de-resultados-de-la-sputnik-v\/#primaryimage\"},\"image\":{\"@id\":\"https:\/\/www.noticiasradioreflejos.com.ar\/2021\/cientificos-y-medios-del-mundo-destacan-la-publicacion-de-resultados-de-la-sputnik-v\/#primaryimage\"},\"thumbnailUrl\":\"https:\/\/www.telam.com.ar\/advf\/imagenes\/2021\/01\/60117ea6a4769_1004x565.jpg\",\"datePublished\":\"2021-02-02T19:36:15+00:00\",\"author\":{\"@id\":\"https:\/\/www.noticiasradioreflejos.com.ar\/2021\/#\/schema\/person\/ad82545263dcc5ec0996818884fd5fb1\"},\"breadcrumb\":{\"@id\":\"https:\/\/www.noticiasradioreflejos.com.ar\/2021\/cientificos-y-medios-del-mundo-destacan-la-publicacion-de-resultados-de-la-sputnik-v\/#breadcrumb\"},\"inLanguage\":\"es\",\"potentialAction\":[{\"@type\":\"ReadAction\",\"target\":[\"https:\/\/www.noticiasradioreflejos.com.ar\/2021\/cientificos-y-medios-del-mundo-destacan-la-publicacion-de-resultados-de-la-sputnik-v\/\"]}]},{\"@type\":\"ImageObject\",\"inLanguage\":\"es\",\"@id\":\"https:\/\/www.noticiasradioreflejos.com.ar\/2021\/cientificos-y-medios-del-mundo-destacan-la-publicacion-de-resultados-de-la-sputnik-v\/#primaryimage\",\"url\":\"https:\/\/www.telam.com.ar\/advf\/imagenes\/2021\/01\/60117ea6a4769_1004x565.jpg\",\"contentUrl\":\"https:\/\/www.telam.com.ar\/advf\/imagenes\/2021\/01\/60117ea6a4769_1004x565.jpg\"},{\"@type\":\"BreadcrumbList\",\"@id\":\"https:\/\/www.noticiasradioreflejos.com.ar\/2021\/cientificos-y-medios-del-mundo-destacan-la-publicacion-de-resultados-de-la-sputnik-v\/#breadcrumb\",\"itemListElement\":[{\"@type\":\"ListItem\",\"position\":1,\"name\":\"Portada\",\"item\":\"https:\/\/www.noticiasradioreflejos.com.ar\/2021\/\"},{\"@type\":\"ListItem\",\"position\":2,\"name\":\"Cient\u00edficos y medios del mundo destacan la publicaci\u00f3n de resultados de la Sputnik V\"}]},{\"@type\":\"WebSite\",\"@id\":\"https:\/\/www.noticiasradioreflejos.com.ar\/2021\/#website\",\"url\":\"https:\/\/www.noticiasradioreflejos.com.ar\/2021\/\",\"name\":\"Noticias Radio Reflejos\",\"description\":\"Las noticias de mi comarca\",\"potentialAction\":[{\"@type\":\"SearchAction\",\"target\":{\"@type\":\"EntryPoint\",\"urlTemplate\":\"https:\/\/www.noticiasradioreflejos.com.ar\/2021\/?s={search_term_string}\"},\"query-input\":{\"@type\":\"PropertyValueSpecification\",\"valueRequired\":true,\"valueName\":\"search_term_string\"}}],\"inLanguage\":\"es\"},{\"@type\":\"Person\",\"@id\":\"https:\/\/www.noticiasradioreflejos.com.ar\/2021\/#\/schema\/person\/ad82545263dcc5ec0996818884fd5fb1\",\"name\":\"Arnaldo Botto\",\"image\":{\"@type\":\"ImageObject\",\"inLanguage\":\"es\",\"@id\":\"https:\/\/www.noticiasradioreflejos.com.ar\/2021\/#\/schema\/person\/image\/\",\"url\":\"https:\/\/secure.gravatar.com\/avatar\/55cb5e37c1efa326397366e6974cb338056df65cb50e7d64d1cf314e87504837?s=96&d=mm&r=g\",\"contentUrl\":\"https:\/\/secure.gravatar.com\/avatar\/55cb5e37c1efa326397366e6974cb338056df65cb50e7d64d1cf314e87504837?s=96&d=mm&r=g\",\"caption\":\"Arnaldo Botto\"},\"url\":\"https:\/\/www.noticiasradioreflejos.com.ar\/2021\/author\/arnaldo\/\"}]}<\/script>\n<!-- \/ Yoast SEO plugin. -->","yoast_head_json":{"title":"Cient\u00edficos y medios del mundo destacan la publicaci\u00f3n de resultados de la Sputnik V - Noticias Radio Reflejos","robots":{"index":"index","follow":"follow","max-snippet":"max-snippet:-1","max-image-preview":"max-image-preview:large","max-video-preview":"max-video-preview:-1"},"canonical":"https:\/\/www.noticiasradioreflejos.com.ar\/2021\/cientificos-y-medios-del-mundo-destacan-la-publicacion-de-resultados-de-la-sputnik-v\/","og_locale":"es_ES","og_type":"article","og_title":"Cient\u00edficos y medios del mundo destacan la publicaci\u00f3n de resultados de la Sputnik V - Noticias Radio Reflejos","og_description":"La revista cient\u00edfica The Lancet public\u00f3 los resultados de los estudios intermedios de los ensayos de fase 3 de la vacuna Sputnik V, desarrollada por el Centro de Investigaci\u00f3n Gamaleya de Rusia, que arrojaron una eficacia del 91,6 por ciento en la prevenci\u00f3n del coronavirus.","og_url":"https:\/\/www.noticiasradioreflejos.com.ar\/2021\/cientificos-y-medios-del-mundo-destacan-la-publicacion-de-resultados-de-la-sputnik-v\/","og_site_name":"Noticias Radio Reflejos","article_published_time":"2021-02-02T19:36:15+00:00","og_image":[{"url":"https:\/\/www.telam.com.ar\/advf\/imagenes\/2021\/01\/60117ea6a4769_1004x565.jpg","type":"","width":"","height":""}],"author":"Arnaldo Botto","twitter_card":"summary_large_image","schema":{"@context":"https:\/\/schema.org","@graph":[{"@type":"WebPage","@id":"https:\/\/www.noticiasradioreflejos.com.ar\/2021\/cientificos-y-medios-del-mundo-destacan-la-publicacion-de-resultados-de-la-sputnik-v\/","url":"https:\/\/www.noticiasradioreflejos.com.ar\/2021\/cientificos-y-medios-del-mundo-destacan-la-publicacion-de-resultados-de-la-sputnik-v\/","name":"Cient\u00edficos y medios del mundo destacan la publicaci\u00f3n de resultados de la Sputnik V - Noticias Radio Reflejos","isPartOf":{"@id":"https:\/\/www.noticiasradioreflejos.com.ar\/2021\/#website"},"primaryImageOfPage":{"@id":"https:\/\/www.noticiasradioreflejos.com.ar\/2021\/cientificos-y-medios-del-mundo-destacan-la-publicacion-de-resultados-de-la-sputnik-v\/#primaryimage"},"image":{"@id":"https:\/\/www.noticiasradioreflejos.com.ar\/2021\/cientificos-y-medios-del-mundo-destacan-la-publicacion-de-resultados-de-la-sputnik-v\/#primaryimage"},"thumbnailUrl":"https:\/\/www.telam.com.ar\/advf\/imagenes\/2021\/01\/60117ea6a4769_1004x565.jpg","datePublished":"2021-02-02T19:36:15+00:00","author":{"@id":"https:\/\/www.noticiasradioreflejos.com.ar\/2021\/#\/schema\/person\/ad82545263dcc5ec0996818884fd5fb1"},"breadcrumb":{"@id":"https:\/\/www.noticiasradioreflejos.com.ar\/2021\/cientificos-y-medios-del-mundo-destacan-la-publicacion-de-resultados-de-la-sputnik-v\/#breadcrumb"},"inLanguage":"es","potentialAction":[{"@type":"ReadAction","target":["https:\/\/www.noticiasradioreflejos.com.ar\/2021\/cientificos-y-medios-del-mundo-destacan-la-publicacion-de-resultados-de-la-sputnik-v\/"]}]},{"@type":"ImageObject","inLanguage":"es","@id":"https:\/\/www.noticiasradioreflejos.com.ar\/2021\/cientificos-y-medios-del-mundo-destacan-la-publicacion-de-resultados-de-la-sputnik-v\/#primaryimage","url":"https:\/\/www.telam.com.ar\/advf\/imagenes\/2021\/01\/60117ea6a4769_1004x565.jpg","contentUrl":"https:\/\/www.telam.com.ar\/advf\/imagenes\/2021\/01\/60117ea6a4769_1004x565.jpg"},{"@type":"BreadcrumbList","@id":"https:\/\/www.noticiasradioreflejos.com.ar\/2021\/cientificos-y-medios-del-mundo-destacan-la-publicacion-de-resultados-de-la-sputnik-v\/#breadcrumb","itemListElement":[{"@type":"ListItem","position":1,"name":"Portada","item":"https:\/\/www.noticiasradioreflejos.com.ar\/2021\/"},{"@type":"ListItem","position":2,"name":"Cient\u00edficos y medios del mundo destacan la publicaci\u00f3n de resultados de la Sputnik V"}]},{"@type":"WebSite","@id":"https:\/\/www.noticiasradioreflejos.com.ar\/2021\/#website","url":"https:\/\/www.noticiasradioreflejos.com.ar\/2021\/","name":"Noticias Radio Reflejos","description":"Las noticias de mi comarca","potentialAction":[{"@type":"SearchAction","target":{"@type":"EntryPoint","urlTemplate":"https:\/\/www.noticiasradioreflejos.com.ar\/2021\/?s={search_term_string}"},"query-input":{"@type":"PropertyValueSpecification","valueRequired":true,"valueName":"search_term_string"}}],"inLanguage":"es"},{"@type":"Person","@id":"https:\/\/www.noticiasradioreflejos.com.ar\/2021\/#\/schema\/person\/ad82545263dcc5ec0996818884fd5fb1","name":"Arnaldo Botto","image":{"@type":"ImageObject","inLanguage":"es","@id":"https:\/\/www.noticiasradioreflejos.com.ar\/2021\/#\/schema\/person\/image\/","url":"https:\/\/secure.gravatar.com\/avatar\/55cb5e37c1efa326397366e6974cb338056df65cb50e7d64d1cf314e87504837?s=96&d=mm&r=g","contentUrl":"https:\/\/secure.gravatar.com\/avatar\/55cb5e37c1efa326397366e6974cb338056df65cb50e7d64d1cf314e87504837?s=96&d=mm&r=g","caption":"Arnaldo Botto"},"url":"https:\/\/www.noticiasradioreflejos.com.ar\/2021\/author\/arnaldo\/"}]}},"_links":{"self":[{"href":"https:\/\/www.noticiasradioreflejos.com.ar\/2021\/wp-json\/wp\/v2\/posts\/52023","targetHints":{"allow":["GET"]}}],"collection":[{"href":"https:\/\/www.noticiasradioreflejos.com.ar\/2021\/wp-json\/wp\/v2\/posts"}],"about":[{"href":"https:\/\/www.noticiasradioreflejos.com.ar\/2021\/wp-json\/wp\/v2\/types\/post"}],"author":[{"embeddable":true,"href":"https:\/\/www.noticiasradioreflejos.com.ar\/2021\/wp-json\/wp\/v2\/users\/3"}],"replies":[{"embeddable":true,"href":"https:\/\/www.noticiasradioreflejos.com.ar\/2021\/wp-json\/wp\/v2\/comments?post=52023"}],"version-history":[{"count":0,"href":"https:\/\/www.noticiasradioreflejos.com.ar\/2021\/wp-json\/wp\/v2\/posts\/52023\/revisions"}],"wp:attachment":[{"href":"https:\/\/www.noticiasradioreflejos.com.ar\/2021\/wp-json\/wp\/v2\/media?parent=52023"}],"wp:term":[{"taxonomy":"category","embeddable":true,"href":"https:\/\/www.noticiasradioreflejos.com.ar\/2021\/wp-json\/wp\/v2\/categories?post=52023"},{"taxonomy":"post_tag","embeddable":true,"href":"https:\/\/www.noticiasradioreflejos.com.ar\/2021\/wp-json\/wp\/v2\/tags?post=52023"}],"curies":[{"name":"wp","href":"https:\/\/api.w.org\/{rel}","templated":true}]}}