{"id":52015,"date":"2021-02-02T16:10:18","date_gmt":"2021-02-02T19:10:18","guid":{"rendered":"http:\/\/www.noticiasradioreflejos.com.ar\/noticias\/?p=52015"},"modified":"2021-02-02T16:10:18","modified_gmt":"2021-02-02T19:10:18","slug":"kicillof-anuncio-la-extension-del-horario-nocturno-hasta-las-2","status":"publish","type":"post","link":"https:\/\/www.noticiasradioreflejos.com.ar\/2021\/kicillof-anuncio-la-extension-del-horario-nocturno-hasta-las-2\/","title":{"rendered":"Kicillof anunci\u00f3 la extensi\u00f3n del horario nocturno hasta las 2"},"content":{"rendered":"<p>El gobernador destac\u00f3 que la provincia de Buenos Aires \u00ablleva tres semanas consecutivas de lenta reducci\u00f3n de contagios\u00bb.<!--more--><\/p>\n<p>El gobernador bonaerense, Axel Kicillof, anunci\u00f3 la extensi\u00f3n del horario nocturno de actividades hasta las 2 de la ma\u00f1ana y destac\u00f3 que la provincia \u00ablleva tres semanas consecutivas de lenta una reducci\u00f3n de contagios\u00bb por coronavirus.<\/p>\n<p>\u00abComenzamos un trabajo minucioso que nos permiti\u00f3 tener temporada pese a todos los pron\u00f3sticos. Junto a los intendentes y representantes de los sectores trabajamos para ello, ampliamos los servicios de salud en los municipios tur\u00edsticos y el sistema de testeos. Esto no fue casual, sino resultado de un trabajo muy serio\u00bb, afirm\u00f3 el mandatario.<\/p>\n<p>En una conferencia de prensa realizada en La Plata para referirse a la situaci\u00f3n epidemiol\u00f3gica de los 135 distritos de la provincia, el gobernador se mostr\u00f3 acompa\u00f1ado por su gabinete y la vicegobernadora, Ver\u00f3nica Magario.<\/p>\n<p>El gobernador destac\u00f3 especialmente que en los locales gastron\u00f3micos se cumplen todos los protocolos y que si bien \u00abla pandemia no termin\u00f3\u00bb, se va \u00aba extender el horario nocturno de 1 a 2 de la ma\u00f1ana como \u00fanica diferencia del registro que tenemos ahora\u00bb.<\/p>\n<blockquote class=\"small-left\"><p>\u00abSe termin\u00f3 enero con una ocupaci\u00f3n tur\u00edstica de entre 60 y 70 por ciento en algunos lugares\u00bb<\/p><\/blockquote>\n<p>Kicillof ponder\u00f3 tambi\u00e9n que \u00abse termin\u00f3 enero con una ocupaci\u00f3n tur\u00edstica de entre 60 y 70 por ciento en algunos lugares\u00bb, lo que implic\u00f3 \u00abuna p\u00e9rdida mucho menor de lo proyectado\u00bb antes del inicio de la actual temporada estival.<\/p>\n<p>El gobernador indic\u00f3 que la temporada fue \u00abpeculiar debido a la pandemia\u00bb y admiti\u00f3 que \u00abhubo una merma grande\u00bb en ciertos rubros, por lo que se cre\u00f3 un fondo de asistencia para el turismo y la cultura que sirvi\u00f3 de apoyo econ\u00f3mico para esos sectores.<\/p>\n<p>\u00abTendimos una mano a la cultura y al turismo. Es una temporada que tuvo particularidades geogr\u00e1ficas. Se alquilaron quintas con piletas, pero as\u00ed y todo, los destinos tur\u00edsticos, que viven de la temporada, tuvieron la posibilidad de trabajar\u00bb, afirm\u00f3.<\/p>\n<p>En ese sentido, Kicillof valor\u00f3 que se hayan podido ofrecer servicios \u00aba muchos argentinos que pudieron disfrutar de la costa, las sierras y los r\u00edos\u00bb de la provincia.<\/p>\n<p>Posteriormente, el mandatario se refiri\u00f3 a la campa\u00f1a de vacunaci\u00f3n en Buenos Aires, al subrayar que \u00abse quiere ampliar\u00bb el suministro de dosis en centros de atenci\u00f3n primaria de salud y escuelas \u00abpara llegar a m\u00e1s gente\u00bb.<\/p>\n<p>Indic\u00f3 que tras el anuncio de una serie de medidas vinculadas a la protecci\u00f3n y el distanciamiento social, se produjo \u00abuna reducci\u00f3n de casos\u00bb de contagios, pero advirti\u00f3 que \u00abhay que seguir persistiendo con las medidas de distanciamiento\u00bb.<\/p>\n<p>\u00abComo la provincia es tan grande, cuando enviamos la vacuna lo tenemos que hacer en base a las dosis que recibimos, pero tambi\u00e9n pensando en quienes tienen la voluntad de vacunarse. Hay que avanzar con la inscripci\u00f3n, a\u00fan cuando se demore la llegada de las vacunas. Esto es algo que ocurre en todo el planeta\u00bb, destac\u00f3.<\/p>\n<div id=\"image\" class=\"image\"><img decoding=\"async\" title=\"Kicillof brind\u00f3 una conferencia de prensa para referirse a la situaci\u00f3n epidemiol\u00f3gica de los 135 distritos de la provincia en relaci\u00f3n al coronavirus.\" src=\"https:\/\/www.telam.com.ar\/advf\/imagenes\/2021\/02\/60199b1d60def_1004x565.jpg\" alt=\"Kicillof brind\u00f3 una conferencia de prensa para referirse a la situaci\u00f3n epidemiol\u00f3gica de los 135 distritos de la provincia en relaci\u00f3n al coronavirus.\" \/><\/p>\n<div class=\"epigrafe\">Kicillof brind\u00f3 una conferencia de prensa para referirse a la situaci\u00f3n epidemiol\u00f3gica de los 135 distritos de la provincia en relaci\u00f3n al coronavirus.<\/div>\n<\/div>\n<p>Luego asegur\u00f3 que \u00abes una novedad muy importante\u00bb la publicaci\u00f3n en la revista cient\u00edfica brit\u00e1nica The Lancet de los resultados de los estudios intermedios de los ensayos de fase 3 de la vacuna rusa Sputnik V.<\/p>\n<p>\u00abAlgunos trataban, como siempre de manera desprolija y chanta, decir que la vacuna envenena y procuraron sembrar dudas. Hay que seguir protegi\u00e9ndose, cuid\u00e1ndose. No es que vamos a dejar de usar barbijo, tenemos que seguir cuid\u00e1ndonos a\u00fan los vacunados, como yo\u00bb, afirm\u00f3.<\/p>\n<p>Por su parte, el ministro de Salud bonaerense, Daniel Gollan, dio detalles sobre el descenso de casos en las \u00faltimas semanas al observar que se trata de un proceso que \u00abno es tan r\u00e1pido como la baja que se produjo posterior al pico\u00bb de la pandemia que se dio en agosto.<\/p>\n<p>\u00abLos casos se vienen amesetando en su velocidad de ca\u00edda. La cantidad viene cayendo m\u00e1s lentamente y el predictor que se conocer\u00e1 en 14 d\u00edas tambi\u00e9n est\u00e1 deteniendo su ca\u00edda\u00bb, evalu\u00f3<\/p>\n<blockquote class=\"small-left\"><p>\u00abLos casos se vienen amesetando en su velocidad de ca\u00edda. La cantidad viene cayendo m\u00e1s lentamente y el predictor que se conocer\u00e1 en 14 d\u00edas tambi\u00e9n est\u00e1 deteniendo su ca\u00edda\u00bb<\/p><\/blockquote>\n<p>Con respecto al nivel de ocupaci\u00f3n de camas de terapia intensiva, inform\u00f3 que en la actualidad se verifica un 58% en el AMBA y el 39% en el interior de la provincia.<\/p>\n<p>En cuanto al plan de vacunaci\u00f3n, Gollan sostuvo que \u00abviene a muy buen ritmo\u00bb, donde \u00abhay 677 puntos de registro gubernamentales de los municipios y la provincia\u00bb.<\/p>\n<p>\u00abLa vacunaci\u00f3n no es obligatoria, quienes desean recibirla deben registrarse. Hoy se inscribi\u00f3 mucha gente, alrededor de 40 mil por d\u00eda\u00bb.<\/p>\n<p>\u00abSe terminaron todas las discusiones, la vacuna Sputnik es excelente, llamamos a quienes la pusieron en duda, que se retracten. Esta vacuna no envenena a nadie, es vida. Esperamos que se retracten quienes se manifestaron en contra de la vacuna\u00bb, afirm\u00f3.<\/p>\n<p>Por su parte, el jefe de gabinete, Carlos Bianco, present\u00f3 la actualizaci\u00f3n de fases en la provincia, al destacar que solamente hay \u00abun municipio en fase 3, cuando la semana pasada ten\u00edamos cuatro distritos\u00bb<\/p>\n<p>\u00abLos tres municipios que han ascendido a fase 4 son Bol\u00edvar, Lincoln y Lober\u00eda, donde hemos controlado el brote, y podemos permitir algunas actividades adicionales, tal como lo permite el sistema de fases\u00bb, explic\u00f3.<\/p>\n<p>En tanto, inform\u00f3 que en fase 4 se encuentran \u00abunos 126 municipios de la provincia de Buenos Aires\u00bb<\/p>\n<p>\u00abTenemos ocho municipios en fase 5 &#8211; Carlos Tejedor, Coronel Pringles, General Paz, Lezama, Pila, Punta Indio y Villarino- al que se suma San Cayetano\u00bb, concluy\u00f3.<\/p>\n<p>Finalmente, el ministro de la Producci\u00f3n, Augusto Costa, se refiri\u00f3 al turismo en la provincia y en ese sentido, dijo que \u00abhay un n\u00famero de turistas muy importante en el contexto que estamos viviendo\u00bb.<\/p>\n<div class=\"btn_externos\"><\/div>\n<\/div>\n<\/div>\n<\/div>\n<\/div>\n<\/div>\n","protected":false},"excerpt":{"rendered":"<p>El gobernador destac\u00f3 que la provincia de Buenos Aires \u00ablleva tres semanas consecutivas de lenta reducci\u00f3n de contagios\u00bb.<\/p>\n","protected":false},"author":3,"featured_media":0,"comment_status":"closed","ping_status":"open","sticky":false,"template":"","format":"standard","meta":{"footnotes":""},"categories":[24],"tags":[],"class_list":["post-52015","post","type-post","status-publish","format-standard","hentry","category-politica"],"yoast_head":"<!-- This site is optimized with the Yoast SEO plugin v25.9 - https:\/\/yoast.com\/wordpress\/plugins\/seo\/ -->\n<title>Kicillof anunci\u00f3 la extensi\u00f3n del horario nocturno hasta las 2 - Noticias Radio Reflejos<\/title>\n<meta name=\"robots\" content=\"index, follow, max-snippet:-1, max-image-preview:large, max-video-preview:-1\" \/>\n<link rel=\"canonical\" href=\"https:\/\/www.noticiasradioreflejos.com.ar\/2021\/kicillof-anuncio-la-extension-del-horario-nocturno-hasta-las-2\/\" \/>\n<meta property=\"og:locale\" content=\"es_ES\" \/>\n<meta property=\"og:type\" content=\"article\" \/>\n<meta property=\"og:title\" content=\"Kicillof anunci\u00f3 la extensi\u00f3n del horario nocturno hasta las 2 - Noticias Radio Reflejos\" \/>\n<meta property=\"og:description\" content=\"El gobernador destac\u00f3 que la provincia de Buenos Aires \u00ablleva tres semanas consecutivas de lenta reducci\u00f3n de contagios\u00bb.\" \/>\n<meta property=\"og:url\" content=\"https:\/\/www.noticiasradioreflejos.com.ar\/2021\/kicillof-anuncio-la-extension-del-horario-nocturno-hasta-las-2\/\" \/>\n<meta property=\"og:site_name\" content=\"Noticias Radio Reflejos\" \/>\n<meta property=\"article:published_time\" content=\"2021-02-02T19:10:18+00:00\" \/>\n<meta property=\"og:image\" content=\"https:\/\/www.telam.com.ar\/advf\/imagenes\/2021\/02\/60199b1d60def_1004x565.jpg\" \/>\n<meta name=\"author\" content=\"Arnaldo Botto\" \/>\n<meta name=\"twitter:card\" content=\"summary_large_image\" \/>\n<script type=\"application\/ld+json\" class=\"yoast-schema-graph\">{\"@context\":\"https:\/\/schema.org\",\"@graph\":[{\"@type\":\"WebPage\",\"@id\":\"https:\/\/www.noticiasradioreflejos.com.ar\/2021\/kicillof-anuncio-la-extension-del-horario-nocturno-hasta-las-2\/\",\"url\":\"https:\/\/www.noticiasradioreflejos.com.ar\/2021\/kicillof-anuncio-la-extension-del-horario-nocturno-hasta-las-2\/\",\"name\":\"Kicillof anunci\u00f3 la extensi\u00f3n del horario nocturno hasta las 2 - Noticias Radio Reflejos\",\"isPartOf\":{\"@id\":\"https:\/\/www.noticiasradioreflejos.com.ar\/2021\/#website\"},\"primaryImageOfPage\":{\"@id\":\"https:\/\/www.noticiasradioreflejos.com.ar\/2021\/kicillof-anuncio-la-extension-del-horario-nocturno-hasta-las-2\/#primaryimage\"},\"image\":{\"@id\":\"https:\/\/www.noticiasradioreflejos.com.ar\/2021\/kicillof-anuncio-la-extension-del-horario-nocturno-hasta-las-2\/#primaryimage\"},\"thumbnailUrl\":\"https:\/\/www.telam.com.ar\/advf\/imagenes\/2021\/02\/60199b1d60def_1004x565.jpg\",\"datePublished\":\"2021-02-02T19:10:18+00:00\",\"author\":{\"@id\":\"https:\/\/www.noticiasradioreflejos.com.ar\/2021\/#\/schema\/person\/ad82545263dcc5ec0996818884fd5fb1\"},\"breadcrumb\":{\"@id\":\"https:\/\/www.noticiasradioreflejos.com.ar\/2021\/kicillof-anuncio-la-extension-del-horario-nocturno-hasta-las-2\/#breadcrumb\"},\"inLanguage\":\"es\",\"potentialAction\":[{\"@type\":\"ReadAction\",\"target\":[\"https:\/\/www.noticiasradioreflejos.com.ar\/2021\/kicillof-anuncio-la-extension-del-horario-nocturno-hasta-las-2\/\"]}]},{\"@type\":\"ImageObject\",\"inLanguage\":\"es\",\"@id\":\"https:\/\/www.noticiasradioreflejos.com.ar\/2021\/kicillof-anuncio-la-extension-del-horario-nocturno-hasta-las-2\/#primaryimage\",\"url\":\"https:\/\/www.telam.com.ar\/advf\/imagenes\/2021\/02\/60199b1d60def_1004x565.jpg\",\"contentUrl\":\"https:\/\/www.telam.com.ar\/advf\/imagenes\/2021\/02\/60199b1d60def_1004x565.jpg\"},{\"@type\":\"BreadcrumbList\",\"@id\":\"https:\/\/www.noticiasradioreflejos.com.ar\/2021\/kicillof-anuncio-la-extension-del-horario-nocturno-hasta-las-2\/#breadcrumb\",\"itemListElement\":[{\"@type\":\"ListItem\",\"position\":1,\"name\":\"Portada\",\"item\":\"https:\/\/www.noticiasradioreflejos.com.ar\/2021\/\"},{\"@type\":\"ListItem\",\"position\":2,\"name\":\"Kicillof anunci\u00f3 la extensi\u00f3n del horario nocturno hasta las 2\"}]},{\"@type\":\"WebSite\",\"@id\":\"https:\/\/www.noticiasradioreflejos.com.ar\/2021\/#website\",\"url\":\"https:\/\/www.noticiasradioreflejos.com.ar\/2021\/\",\"name\":\"Noticias Radio Reflejos\",\"description\":\"Las noticias de mi comarca\",\"potentialAction\":[{\"@type\":\"SearchAction\",\"target\":{\"@type\":\"EntryPoint\",\"urlTemplate\":\"https:\/\/www.noticiasradioreflejos.com.ar\/2021\/?s={search_term_string}\"},\"query-input\":{\"@type\":\"PropertyValueSpecification\",\"valueRequired\":true,\"valueName\":\"search_term_string\"}}],\"inLanguage\":\"es\"},{\"@type\":\"Person\",\"@id\":\"https:\/\/www.noticiasradioreflejos.com.ar\/2021\/#\/schema\/person\/ad82545263dcc5ec0996818884fd5fb1\",\"name\":\"Arnaldo Botto\",\"image\":{\"@type\":\"ImageObject\",\"inLanguage\":\"es\",\"@id\":\"https:\/\/www.noticiasradioreflejos.com.ar\/2021\/#\/schema\/person\/image\/\",\"url\":\"https:\/\/secure.gravatar.com\/avatar\/55cb5e37c1efa326397366e6974cb338056df65cb50e7d64d1cf314e87504837?s=96&d=mm&r=g\",\"contentUrl\":\"https:\/\/secure.gravatar.com\/avatar\/55cb5e37c1efa326397366e6974cb338056df65cb50e7d64d1cf314e87504837?s=96&d=mm&r=g\",\"caption\":\"Arnaldo Botto\"},\"url\":\"https:\/\/www.noticiasradioreflejos.com.ar\/2021\/author\/arnaldo\/\"}]}<\/script>\n<!-- \/ Yoast SEO plugin. -->","yoast_head_json":{"title":"Kicillof anunci\u00f3 la extensi\u00f3n del horario nocturno hasta las 2 - Noticias Radio Reflejos","robots":{"index":"index","follow":"follow","max-snippet":"max-snippet:-1","max-image-preview":"max-image-preview:large","max-video-preview":"max-video-preview:-1"},"canonical":"https:\/\/www.noticiasradioreflejos.com.ar\/2021\/kicillof-anuncio-la-extension-del-horario-nocturno-hasta-las-2\/","og_locale":"es_ES","og_type":"article","og_title":"Kicillof anunci\u00f3 la extensi\u00f3n del horario nocturno hasta las 2 - Noticias Radio Reflejos","og_description":"El gobernador destac\u00f3 que la provincia de Buenos Aires \u00ablleva tres semanas consecutivas de lenta reducci\u00f3n de contagios\u00bb.","og_url":"https:\/\/www.noticiasradioreflejos.com.ar\/2021\/kicillof-anuncio-la-extension-del-horario-nocturno-hasta-las-2\/","og_site_name":"Noticias Radio Reflejos","article_published_time":"2021-02-02T19:10:18+00:00","og_image":[{"url":"https:\/\/www.telam.com.ar\/advf\/imagenes\/2021\/02\/60199b1d60def_1004x565.jpg","type":"","width":"","height":""}],"author":"Arnaldo Botto","twitter_card":"summary_large_image","schema":{"@context":"https:\/\/schema.org","@graph":[{"@type":"WebPage","@id":"https:\/\/www.noticiasradioreflejos.com.ar\/2021\/kicillof-anuncio-la-extension-del-horario-nocturno-hasta-las-2\/","url":"https:\/\/www.noticiasradioreflejos.com.ar\/2021\/kicillof-anuncio-la-extension-del-horario-nocturno-hasta-las-2\/","name":"Kicillof anunci\u00f3 la extensi\u00f3n del horario nocturno hasta las 2 - Noticias Radio Reflejos","isPartOf":{"@id":"https:\/\/www.noticiasradioreflejos.com.ar\/2021\/#website"},"primaryImageOfPage":{"@id":"https:\/\/www.noticiasradioreflejos.com.ar\/2021\/kicillof-anuncio-la-extension-del-horario-nocturno-hasta-las-2\/#primaryimage"},"image":{"@id":"https:\/\/www.noticiasradioreflejos.com.ar\/2021\/kicillof-anuncio-la-extension-del-horario-nocturno-hasta-las-2\/#primaryimage"},"thumbnailUrl":"https:\/\/www.telam.com.ar\/advf\/imagenes\/2021\/02\/60199b1d60def_1004x565.jpg","datePublished":"2021-02-02T19:10:18+00:00","author":{"@id":"https:\/\/www.noticiasradioreflejos.com.ar\/2021\/#\/schema\/person\/ad82545263dcc5ec0996818884fd5fb1"},"breadcrumb":{"@id":"https:\/\/www.noticiasradioreflejos.com.ar\/2021\/kicillof-anuncio-la-extension-del-horario-nocturno-hasta-las-2\/#breadcrumb"},"inLanguage":"es","potentialAction":[{"@type":"ReadAction","target":["https:\/\/www.noticiasradioreflejos.com.ar\/2021\/kicillof-anuncio-la-extension-del-horario-nocturno-hasta-las-2\/"]}]},{"@type":"ImageObject","inLanguage":"es","@id":"https:\/\/www.noticiasradioreflejos.com.ar\/2021\/kicillof-anuncio-la-extension-del-horario-nocturno-hasta-las-2\/#primaryimage","url":"https:\/\/www.telam.com.ar\/advf\/imagenes\/2021\/02\/60199b1d60def_1004x565.jpg","contentUrl":"https:\/\/www.telam.com.ar\/advf\/imagenes\/2021\/02\/60199b1d60def_1004x565.jpg"},{"@type":"BreadcrumbList","@id":"https:\/\/www.noticiasradioreflejos.com.ar\/2021\/kicillof-anuncio-la-extension-del-horario-nocturno-hasta-las-2\/#breadcrumb","itemListElement":[{"@type":"ListItem","position":1,"name":"Portada","item":"https:\/\/www.noticiasradioreflejos.com.ar\/2021\/"},{"@type":"ListItem","position":2,"name":"Kicillof anunci\u00f3 la extensi\u00f3n del horario nocturno hasta las 2"}]},{"@type":"WebSite","@id":"https:\/\/www.noticiasradioreflejos.com.ar\/2021\/#website","url":"https:\/\/www.noticiasradioreflejos.com.ar\/2021\/","name":"Noticias Radio Reflejos","description":"Las noticias de mi comarca","potentialAction":[{"@type":"SearchAction","target":{"@type":"EntryPoint","urlTemplate":"https:\/\/www.noticiasradioreflejos.com.ar\/2021\/?s={search_term_string}"},"query-input":{"@type":"PropertyValueSpecification","valueRequired":true,"valueName":"search_term_string"}}],"inLanguage":"es"},{"@type":"Person","@id":"https:\/\/www.noticiasradioreflejos.com.ar\/2021\/#\/schema\/person\/ad82545263dcc5ec0996818884fd5fb1","name":"Arnaldo Botto","image":{"@type":"ImageObject","inLanguage":"es","@id":"https:\/\/www.noticiasradioreflejos.com.ar\/2021\/#\/schema\/person\/image\/","url":"https:\/\/secure.gravatar.com\/avatar\/55cb5e37c1efa326397366e6974cb338056df65cb50e7d64d1cf314e87504837?s=96&d=mm&r=g","contentUrl":"https:\/\/secure.gravatar.com\/avatar\/55cb5e37c1efa326397366e6974cb338056df65cb50e7d64d1cf314e87504837?s=96&d=mm&r=g","caption":"Arnaldo Botto"},"url":"https:\/\/www.noticiasradioreflejos.com.ar\/2021\/author\/arnaldo\/"}]}},"_links":{"self":[{"href":"https:\/\/www.noticiasradioreflejos.com.ar\/2021\/wp-json\/wp\/v2\/posts\/52015","targetHints":{"allow":["GET"]}}],"collection":[{"href":"https:\/\/www.noticiasradioreflejos.com.ar\/2021\/wp-json\/wp\/v2\/posts"}],"about":[{"href":"https:\/\/www.noticiasradioreflejos.com.ar\/2021\/wp-json\/wp\/v2\/types\/post"}],"author":[{"embeddable":true,"href":"https:\/\/www.noticiasradioreflejos.com.ar\/2021\/wp-json\/wp\/v2\/users\/3"}],"replies":[{"embeddable":true,"href":"https:\/\/www.noticiasradioreflejos.com.ar\/2021\/wp-json\/wp\/v2\/comments?post=52015"}],"version-history":[{"count":0,"href":"https:\/\/www.noticiasradioreflejos.com.ar\/2021\/wp-json\/wp\/v2\/posts\/52015\/revisions"}],"wp:attachment":[{"href":"https:\/\/www.noticiasradioreflejos.com.ar\/2021\/wp-json\/wp\/v2\/media?parent=52015"}],"wp:term":[{"taxonomy":"category","embeddable":true,"href":"https:\/\/www.noticiasradioreflejos.com.ar\/2021\/wp-json\/wp\/v2\/categories?post=52015"},{"taxonomy":"post_tag","embeddable":true,"href":"https:\/\/www.noticiasradioreflejos.com.ar\/2021\/wp-json\/wp\/v2\/tags?post=52015"}],"curies":[{"name":"wp","href":"https:\/\/api.w.org\/{rel}","templated":true}]}}