{"id":52005,"date":"2021-02-02T16:27:06","date_gmt":"2021-02-02T19:27:06","guid":{"rendered":"http:\/\/www.noticiasradioreflejos.com.ar\/noticias\/?p=52005"},"modified":"2021-02-02T16:27:06","modified_gmt":"2021-02-02T19:27:06","slug":"cuando-comience-a-caminar-la-delegacion-vamos-a-ir-pudiendo-sumar-metas-a-corto-y-largo-plazo-florencia-testa","status":"publish","type":"post","link":"https:\/\/www.noticiasradioreflejos.com.ar\/2021\/cuando-comience-a-caminar-la-delegacion-vamos-a-ir-pudiendo-sumar-metas-a-corto-y-largo-plazo-florencia-testa\/","title":{"rendered":"\u00abCuando comience a caminar la delegaci\u00f3n, vamos a ir pudiendo sumar metas a corto y largo plazo\u00bb. Florencia Testa"},"content":{"rendered":"<p>Ser\u00e1\u00a0Delegada Municipal de Villa Ventana a partir del lunes 8 de febrero\u00a0 y esta ma\u00f1ana conversamos con ella para que nos cuente la emoci\u00f3n de haber obtenido el cargo y cu\u00e1les son los proyectos que tiene en vistas para contribuir al desarrollo de la villa.<!--more--><\/p>\n<p>\u00abSi bien conf\u00edo en mi formaci\u00f3n yo acompa\u00f1\u00e9 a mis padres durante mucho tiempo. Mi pap\u00e1 fue delegado y mi mam\u00e1 fue concejal. Estoy entusiasmada, estoy dispuesta a tomar esta responsabilidad\u00bb expres\u00f3 Florencia al comenzar la nota dando la nueva noticia.<\/p>\n<p>\u00abNo es una cosa que se termina a las 12 del mediod\u00eda cuando termina el turno. Es una responsabilidad que se asume y se cumple durante todo el per\u00edodo que uno est\u00e1 dispuesto. Creo que la decisi\u00f3n que \u00e9l tom\u00f3 nos deber\u00eda inspirar respeto a todos, est\u00e1 priorizando su familia y su bienestar\u00bb opin\u00f3 Florencia sobre el nuevo puesto que le toca cumplir y sobre el ex delegado quien decidi\u00f3 no continuar con sus tareas debido a circunstancias personales.<\/p>\n<p><a href=\"http:\/\/www.noticiasradioreflejos.com.ar\/noticias\/wp-content\/uploads\/2021\/02\/Delegada-de-Villa-Ventana-2.jpeg\"><img loading=\"lazy\" decoding=\"async\" class=\"aligncenter size-large wp-image-51934\" src=\"http:\/\/www.noticiasradioreflejos.com.ar\/noticias\/wp-content\/uploads\/2021\/02\/Delegada-de-Villa-Ventana-2-1024x712.jpeg\" alt=\"Delegada de Villa Ventana (2)\" width=\"1024\" height=\"712\" \/><\/a><\/p>\n<p><span style=\"background-color: #ffff99;\"><em>Florencia junto al intendente Sergio Bordoni, el Secretario de Gobierno, Ezequiel Gabella y el actual delegado Hugo Scabuso<\/em><\/span><\/p>\n<p>La nueva delegada resalt\u00f3 que hay muchos proyectos por hacer pero que una de las prioridades en Villa Ventana son el orden y la limpieza como tambi\u00e9n la situaci\u00f3n cr\u00edtica del Parque Automotor. \u00abSi yo me pongo con mil proyectos, lo \u00fanico que se van a sumar son frustraciones. S\u00e9 que va a tardar un tiempo y mucho trabajo reorganizar lo que est\u00e1 ah\u00ed. Una de las cosas que me gustar\u00eda hacer es ponerme en contacto con cada una de las instituciones para formar un buen equipo de trabajo\u00bb present\u00f3 sus intenciones para la primer etapa de su gesti\u00f3n.<\/p>\n<p>Florencia volvi\u00f3 a resaltar que lo que m\u00e1s se oye entre las quejas de los vecinos de la Villa es el orden y la limpieza de los terrenos y del estado del pueblo en general. \u00abNo es una cr\u00edtica directa a la gesti\u00f3n de Hugo porque soy consciente de la falta de maquinaria\u00bb aclar\u00f3.<\/p>\n<p>Cuando le preguntamos qu\u00e9 proyectos tiene en vista para resolver, la delegada mencion\u00f3: \u00abEstoy enfocada en ver la manera de reorganizar lo que hay. No significa que no tenga un proyecto que tenga miras a futuro, pero cuando comience a caminar la delegaci\u00f3n, vamos a ir pudiendo sumar metas a corto y largo plazo. Me gustar\u00eda trabajar el tema del acceso de la Villa para las personas con discapacidad, por ejemplo\u00bb.<\/p>\n<p>Nota completa a continuaci\u00f3n:<br \/>\n<iframe loading=\"lazy\" src=\"https:\/\/w.soundcloud.com\/player\/?url=https%3A\/\/api.soundcloud.com\/tracks\/977555053&amp;color=%23ff5500&amp;auto_play=false&amp;hide_related=false&amp;show_comments=true&amp;show_user=true&amp;show_reposts=false&amp;show_teaser=true\" width=\"100%\" height=\"166\" frameborder=\"no\" scrolling=\"no\"><\/iframe><\/p>\n<div style=\"font-size: 10px; color: #cccccc; line-break: anywhere; word-break: normal; overflow: hidden; white-space: nowrap; text-overflow: ellipsis; font-family: Interstate,Lucida Grande,Lucida Sans Unicode,Lucida Sans,Garuda,Verdana,Tahoma,sans-serif; font-weight: 100;\"><a style=\"color: #cccccc; text-decoration: none;\" title=\"fmreflejos 103.7\" href=\"https:\/\/soundcloud.com\/fmreflejos-103-7\" target=\"_blank\" rel=\"noopener\">fmreflejos 103.7<\/a> \u00b7 <a style=\"color: #cccccc; text-decoration: none;\" title=\"Nota Florencia Testa\" href=\"https:\/\/soundcloud.com\/fmreflejos-103-7\/nota-florencia-testa\" target=\"_blank\" rel=\"noopener\">Nota Florencia Testa<\/a><\/div>\n","protected":false},"excerpt":{"rendered":"<p>Ser\u00e1\u00a0Delegada Municipal de Villa Ventana a partir del lunes 8 de febrero\u00a0 y esta ma\u00f1ana conversamos con ella para que nos cuente la emoci\u00f3n de haber obtenido el cargo y cu\u00e1les son los proyectos que tiene en vistas para contribuir al desarrollo de la villa.<\/p>\n","protected":false},"author":3,"featured_media":52022,"comment_status":"closed","ping_status":"open","sticky":false,"template":"","format":"standard","meta":{"footnotes":""},"categories":[28,24,26],"tags":[],"class_list":["post-52005","post","type-post","status-publish","format-standard","has-post-thumbnail","hentry","category-municipales","category-politica","category-sociedad"],"yoast_head":"<!-- This site is optimized with the Yoast SEO plugin v25.9 - https:\/\/yoast.com\/wordpress\/plugins\/seo\/ -->\n<title>&quot;Cuando comience a caminar la delegaci\u00f3n, vamos a ir pudiendo sumar metas a corto y largo plazo&quot;. Florencia Testa - Noticias Radio Reflejos<\/title>\n<meta name=\"robots\" content=\"index, follow, max-snippet:-1, max-image-preview:large, max-video-preview:-1\" \/>\n<link rel=\"canonical\" href=\"https:\/\/www.noticiasradioreflejos.com.ar\/2021\/cuando-comience-a-caminar-la-delegacion-vamos-a-ir-pudiendo-sumar-metas-a-corto-y-largo-plazo-florencia-testa\/\" \/>\n<meta property=\"og:locale\" content=\"es_ES\" \/>\n<meta property=\"og:type\" content=\"article\" \/>\n<meta property=\"og:title\" content=\"&quot;Cuando comience a caminar la delegaci\u00f3n, vamos a ir pudiendo sumar metas a corto y largo plazo&quot;. Florencia Testa - Noticias Radio Reflejos\" \/>\n<meta property=\"og:description\" content=\"Ser\u00e1\u00a0Delegada Municipal de Villa Ventana a partir del lunes 8 de febrero\u00a0 y esta ma\u00f1ana conversamos con ella para que nos cuente la emoci\u00f3n de haber obtenido el cargo y cu\u00e1les son los proyectos que tiene en vistas para contribuir al desarrollo de la villa.\" \/>\n<meta property=\"og:url\" content=\"https:\/\/www.noticiasradioreflejos.com.ar\/2021\/cuando-comience-a-caminar-la-delegacion-vamos-a-ir-pudiendo-sumar-metas-a-corto-y-largo-plazo-florencia-testa\/\" \/>\n<meta property=\"og:site_name\" content=\"Noticias Radio Reflejos\" \/>\n<meta property=\"article:published_time\" content=\"2021-02-02T19:27:06+00:00\" \/>\n<meta property=\"og:image\" content=\"https:\/\/www.noticiasradioreflejos.com.ar\/2021\/wp-content\/uploads\/2021\/02\/Florencia-Testa.jpg\" \/>\n\t<meta property=\"og:image:width\" content=\"1280\" \/>\n\t<meta property=\"og:image:height\" content=\"621\" \/>\n\t<meta property=\"og:image:type\" content=\"image\/jpeg\" \/>\n<meta name=\"author\" content=\"Arnaldo Botto\" \/>\n<meta name=\"twitter:card\" content=\"summary_large_image\" \/>\n<script type=\"application\/ld+json\" class=\"yoast-schema-graph\">{\"@context\":\"https:\/\/schema.org\",\"@graph\":[{\"@type\":\"WebPage\",\"@id\":\"https:\/\/www.noticiasradioreflejos.com.ar\/2021\/cuando-comience-a-caminar-la-delegacion-vamos-a-ir-pudiendo-sumar-metas-a-corto-y-largo-plazo-florencia-testa\/\",\"url\":\"https:\/\/www.noticiasradioreflejos.com.ar\/2021\/cuando-comience-a-caminar-la-delegacion-vamos-a-ir-pudiendo-sumar-metas-a-corto-y-largo-plazo-florencia-testa\/\",\"name\":\"\\\"Cuando comience a caminar la delegaci\u00f3n, vamos a ir pudiendo sumar metas a corto y largo plazo\\\". Florencia Testa - Noticias Radio Reflejos\",\"isPartOf\":{\"@id\":\"https:\/\/www.noticiasradioreflejos.com.ar\/2021\/#website\"},\"primaryImageOfPage\":{\"@id\":\"https:\/\/www.noticiasradioreflejos.com.ar\/2021\/cuando-comience-a-caminar-la-delegacion-vamos-a-ir-pudiendo-sumar-metas-a-corto-y-largo-plazo-florencia-testa\/#primaryimage\"},\"image\":{\"@id\":\"https:\/\/www.noticiasradioreflejos.com.ar\/2021\/cuando-comience-a-caminar-la-delegacion-vamos-a-ir-pudiendo-sumar-metas-a-corto-y-largo-plazo-florencia-testa\/#primaryimage\"},\"thumbnailUrl\":\"https:\/\/www.noticiasradioreflejos.com.ar\/2021\/wp-content\/uploads\/2021\/02\/Florencia-Testa.jpg\",\"datePublished\":\"2021-02-02T19:27:06+00:00\",\"author\":{\"@id\":\"https:\/\/www.noticiasradioreflejos.com.ar\/2021\/#\/schema\/person\/ad82545263dcc5ec0996818884fd5fb1\"},\"breadcrumb\":{\"@id\":\"https:\/\/www.noticiasradioreflejos.com.ar\/2021\/cuando-comience-a-caminar-la-delegacion-vamos-a-ir-pudiendo-sumar-metas-a-corto-y-largo-plazo-florencia-testa\/#breadcrumb\"},\"inLanguage\":\"es\",\"potentialAction\":[{\"@type\":\"ReadAction\",\"target\":[\"https:\/\/www.noticiasradioreflejos.com.ar\/2021\/cuando-comience-a-caminar-la-delegacion-vamos-a-ir-pudiendo-sumar-metas-a-corto-y-largo-plazo-florencia-testa\/\"]}]},{\"@type\":\"ImageObject\",\"inLanguage\":\"es\",\"@id\":\"https:\/\/www.noticiasradioreflejos.com.ar\/2021\/cuando-comience-a-caminar-la-delegacion-vamos-a-ir-pudiendo-sumar-metas-a-corto-y-largo-plazo-florencia-testa\/#primaryimage\",\"url\":\"https:\/\/www.noticiasradioreflejos.com.ar\/2021\/wp-content\/uploads\/2021\/02\/Florencia-Testa.jpg\",\"contentUrl\":\"https:\/\/www.noticiasradioreflejos.com.ar\/2021\/wp-content\/uploads\/2021\/02\/Florencia-Testa.jpg\",\"width\":1280,\"height\":621},{\"@type\":\"BreadcrumbList\",\"@id\":\"https:\/\/www.noticiasradioreflejos.com.ar\/2021\/cuando-comience-a-caminar-la-delegacion-vamos-a-ir-pudiendo-sumar-metas-a-corto-y-largo-plazo-florencia-testa\/#breadcrumb\",\"itemListElement\":[{\"@type\":\"ListItem\",\"position\":1,\"name\":\"Portada\",\"item\":\"https:\/\/www.noticiasradioreflejos.com.ar\/2021\/\"},{\"@type\":\"ListItem\",\"position\":2,\"name\":\"\u00abCuando comience a caminar la delegaci\u00f3n, vamos a ir pudiendo sumar metas a corto y largo plazo\u00bb. Florencia Testa\"}]},{\"@type\":\"WebSite\",\"@id\":\"https:\/\/www.noticiasradioreflejos.com.ar\/2021\/#website\",\"url\":\"https:\/\/www.noticiasradioreflejos.com.ar\/2021\/\",\"name\":\"Noticias Radio Reflejos\",\"description\":\"Las noticias de mi comarca\",\"potentialAction\":[{\"@type\":\"SearchAction\",\"target\":{\"@type\":\"EntryPoint\",\"urlTemplate\":\"https:\/\/www.noticiasradioreflejos.com.ar\/2021\/?s={search_term_string}\"},\"query-input\":{\"@type\":\"PropertyValueSpecification\",\"valueRequired\":true,\"valueName\":\"search_term_string\"}}],\"inLanguage\":\"es\"},{\"@type\":\"Person\",\"@id\":\"https:\/\/www.noticiasradioreflejos.com.ar\/2021\/#\/schema\/person\/ad82545263dcc5ec0996818884fd5fb1\",\"name\":\"Arnaldo Botto\",\"image\":{\"@type\":\"ImageObject\",\"inLanguage\":\"es\",\"@id\":\"https:\/\/www.noticiasradioreflejos.com.ar\/2021\/#\/schema\/person\/image\/\",\"url\":\"https:\/\/secure.gravatar.com\/avatar\/55cb5e37c1efa326397366e6974cb338056df65cb50e7d64d1cf314e87504837?s=96&d=mm&r=g\",\"contentUrl\":\"https:\/\/secure.gravatar.com\/avatar\/55cb5e37c1efa326397366e6974cb338056df65cb50e7d64d1cf314e87504837?s=96&d=mm&r=g\",\"caption\":\"Arnaldo Botto\"},\"url\":\"https:\/\/www.noticiasradioreflejos.com.ar\/2021\/author\/arnaldo\/\"}]}<\/script>\n<!-- \/ Yoast SEO plugin. -->","yoast_head_json":{"title":"\"Cuando comience a caminar la delegaci\u00f3n, vamos a ir pudiendo sumar metas a corto y largo plazo\". Florencia Testa - Noticias Radio Reflejos","robots":{"index":"index","follow":"follow","max-snippet":"max-snippet:-1","max-image-preview":"max-image-preview:large","max-video-preview":"max-video-preview:-1"},"canonical":"https:\/\/www.noticiasradioreflejos.com.ar\/2021\/cuando-comience-a-caminar-la-delegacion-vamos-a-ir-pudiendo-sumar-metas-a-corto-y-largo-plazo-florencia-testa\/","og_locale":"es_ES","og_type":"article","og_title":"\"Cuando comience a caminar la delegaci\u00f3n, vamos a ir pudiendo sumar metas a corto y largo plazo\". Florencia Testa - Noticias Radio Reflejos","og_description":"Ser\u00e1\u00a0Delegada Municipal de Villa Ventana a partir del lunes 8 de febrero\u00a0 y esta ma\u00f1ana conversamos con ella para que nos cuente la emoci\u00f3n de haber obtenido el cargo y cu\u00e1les son los proyectos que tiene en vistas para contribuir al desarrollo de la villa.","og_url":"https:\/\/www.noticiasradioreflejos.com.ar\/2021\/cuando-comience-a-caminar-la-delegacion-vamos-a-ir-pudiendo-sumar-metas-a-corto-y-largo-plazo-florencia-testa\/","og_site_name":"Noticias Radio Reflejos","article_published_time":"2021-02-02T19:27:06+00:00","og_image":[{"width":1280,"height":621,"url":"https:\/\/www.noticiasradioreflejos.com.ar\/2021\/wp-content\/uploads\/2021\/02\/Florencia-Testa.jpg","type":"image\/jpeg"}],"author":"Arnaldo Botto","twitter_card":"summary_large_image","schema":{"@context":"https:\/\/schema.org","@graph":[{"@type":"WebPage","@id":"https:\/\/www.noticiasradioreflejos.com.ar\/2021\/cuando-comience-a-caminar-la-delegacion-vamos-a-ir-pudiendo-sumar-metas-a-corto-y-largo-plazo-florencia-testa\/","url":"https:\/\/www.noticiasradioreflejos.com.ar\/2021\/cuando-comience-a-caminar-la-delegacion-vamos-a-ir-pudiendo-sumar-metas-a-corto-y-largo-plazo-florencia-testa\/","name":"\"Cuando comience a caminar la delegaci\u00f3n, vamos a ir pudiendo sumar metas a corto y largo plazo\". Florencia Testa - Noticias Radio Reflejos","isPartOf":{"@id":"https:\/\/www.noticiasradioreflejos.com.ar\/2021\/#website"},"primaryImageOfPage":{"@id":"https:\/\/www.noticiasradioreflejos.com.ar\/2021\/cuando-comience-a-caminar-la-delegacion-vamos-a-ir-pudiendo-sumar-metas-a-corto-y-largo-plazo-florencia-testa\/#primaryimage"},"image":{"@id":"https:\/\/www.noticiasradioreflejos.com.ar\/2021\/cuando-comience-a-caminar-la-delegacion-vamos-a-ir-pudiendo-sumar-metas-a-corto-y-largo-plazo-florencia-testa\/#primaryimage"},"thumbnailUrl":"https:\/\/www.noticiasradioreflejos.com.ar\/2021\/wp-content\/uploads\/2021\/02\/Florencia-Testa.jpg","datePublished":"2021-02-02T19:27:06+00:00","author":{"@id":"https:\/\/www.noticiasradioreflejos.com.ar\/2021\/#\/schema\/person\/ad82545263dcc5ec0996818884fd5fb1"},"breadcrumb":{"@id":"https:\/\/www.noticiasradioreflejos.com.ar\/2021\/cuando-comience-a-caminar-la-delegacion-vamos-a-ir-pudiendo-sumar-metas-a-corto-y-largo-plazo-florencia-testa\/#breadcrumb"},"inLanguage":"es","potentialAction":[{"@type":"ReadAction","target":["https:\/\/www.noticiasradioreflejos.com.ar\/2021\/cuando-comience-a-caminar-la-delegacion-vamos-a-ir-pudiendo-sumar-metas-a-corto-y-largo-plazo-florencia-testa\/"]}]},{"@type":"ImageObject","inLanguage":"es","@id":"https:\/\/www.noticiasradioreflejos.com.ar\/2021\/cuando-comience-a-caminar-la-delegacion-vamos-a-ir-pudiendo-sumar-metas-a-corto-y-largo-plazo-florencia-testa\/#primaryimage","url":"https:\/\/www.noticiasradioreflejos.com.ar\/2021\/wp-content\/uploads\/2021\/02\/Florencia-Testa.jpg","contentUrl":"https:\/\/www.noticiasradioreflejos.com.ar\/2021\/wp-content\/uploads\/2021\/02\/Florencia-Testa.jpg","width":1280,"height":621},{"@type":"BreadcrumbList","@id":"https:\/\/www.noticiasradioreflejos.com.ar\/2021\/cuando-comience-a-caminar-la-delegacion-vamos-a-ir-pudiendo-sumar-metas-a-corto-y-largo-plazo-florencia-testa\/#breadcrumb","itemListElement":[{"@type":"ListItem","position":1,"name":"Portada","item":"https:\/\/www.noticiasradioreflejos.com.ar\/2021\/"},{"@type":"ListItem","position":2,"name":"\u00abCuando comience a caminar la delegaci\u00f3n, vamos a ir pudiendo sumar metas a corto y largo plazo\u00bb. Florencia Testa"}]},{"@type":"WebSite","@id":"https:\/\/www.noticiasradioreflejos.com.ar\/2021\/#website","url":"https:\/\/www.noticiasradioreflejos.com.ar\/2021\/","name":"Noticias Radio Reflejos","description":"Las noticias de mi comarca","potentialAction":[{"@type":"SearchAction","target":{"@type":"EntryPoint","urlTemplate":"https:\/\/www.noticiasradioreflejos.com.ar\/2021\/?s={search_term_string}"},"query-input":{"@type":"PropertyValueSpecification","valueRequired":true,"valueName":"search_term_string"}}],"inLanguage":"es"},{"@type":"Person","@id":"https:\/\/www.noticiasradioreflejos.com.ar\/2021\/#\/schema\/person\/ad82545263dcc5ec0996818884fd5fb1","name":"Arnaldo Botto","image":{"@type":"ImageObject","inLanguage":"es","@id":"https:\/\/www.noticiasradioreflejos.com.ar\/2021\/#\/schema\/person\/image\/","url":"https:\/\/secure.gravatar.com\/avatar\/55cb5e37c1efa326397366e6974cb338056df65cb50e7d64d1cf314e87504837?s=96&d=mm&r=g","contentUrl":"https:\/\/secure.gravatar.com\/avatar\/55cb5e37c1efa326397366e6974cb338056df65cb50e7d64d1cf314e87504837?s=96&d=mm&r=g","caption":"Arnaldo Botto"},"url":"https:\/\/www.noticiasradioreflejos.com.ar\/2021\/author\/arnaldo\/"}]}},"_links":{"self":[{"href":"https:\/\/www.noticiasradioreflejos.com.ar\/2021\/wp-json\/wp\/v2\/posts\/52005","targetHints":{"allow":["GET"]}}],"collection":[{"href":"https:\/\/www.noticiasradioreflejos.com.ar\/2021\/wp-json\/wp\/v2\/posts"}],"about":[{"href":"https:\/\/www.noticiasradioreflejos.com.ar\/2021\/wp-json\/wp\/v2\/types\/post"}],"author":[{"embeddable":true,"href":"https:\/\/www.noticiasradioreflejos.com.ar\/2021\/wp-json\/wp\/v2\/users\/3"}],"replies":[{"embeddable":true,"href":"https:\/\/www.noticiasradioreflejos.com.ar\/2021\/wp-json\/wp\/v2\/comments?post=52005"}],"version-history":[{"count":0,"href":"https:\/\/www.noticiasradioreflejos.com.ar\/2021\/wp-json\/wp\/v2\/posts\/52005\/revisions"}],"wp:featuredmedia":[{"embeddable":true,"href":"https:\/\/www.noticiasradioreflejos.com.ar\/2021\/wp-json\/wp\/v2\/media\/52022"}],"wp:attachment":[{"href":"https:\/\/www.noticiasradioreflejos.com.ar\/2021\/wp-json\/wp\/v2\/media?parent=52005"}],"wp:term":[{"taxonomy":"category","embeddable":true,"href":"https:\/\/www.noticiasradioreflejos.com.ar\/2021\/wp-json\/wp\/v2\/categories?post=52005"},{"taxonomy":"post_tag","embeddable":true,"href":"https:\/\/www.noticiasradioreflejos.com.ar\/2021\/wp-json\/wp\/v2\/tags?post=52005"}],"curies":[{"name":"wp","href":"https:\/\/api.w.org\/{rel}","templated":true}]}}