{"id":52003,"date":"2021-02-02T13:08:26","date_gmt":"2021-02-02T16:08:26","guid":{"rendered":"http:\/\/www.noticiasradioreflejos.com.ar\/noticias\/?p=52003"},"modified":"2021-02-02T13:08:26","modified_gmt":"2021-02-02T16:08:26","slug":"secuestros-virtuales-una-vecina-de-tornquist-victima-de-la-modalidad-comenta-su-experiencia-que-por-suerte-no-se-concreto","status":"publish","type":"post","link":"https:\/\/www.noticiasradioreflejos.com.ar\/2021\/secuestros-virtuales-una-vecina-de-tornquist-victima-de-la-modalidad-comenta-su-experiencia-que-por-suerte-no-se-concreto\/","title":{"rendered":"Secuestros virtuales: una vecina de Tornquist, v\u00edctima de la modalidad, comenta su experiencia que por suerte no se concret\u00f3"},"content":{"rendered":"<p>Los estafadores simularon el secuestro de su hijo. Nota con Miriam Forestier.<!--more--><\/p>\n<div class=\"text\">\n<p>Una familia de nuestra localidad padeci\u00f3, en la madrugada del domingo, una terrible situaci\u00f3n ligada a los secuestros virtuales.\u00a0<strong>\u00a0Miriam Forestier convers\u00f3 con este medio sobre la desagradable experiencia<\/strong>\u00a0que le toc\u00f3 vivir junto a su marido y que no lleg\u00f3 a concretarse.<\/p>\n<p>Alrededor de las 5:40 de la madrugada del domingo el tel\u00e9fono fijo de la familia de Miriam comenz\u00f3 a sonar. En alerta, ante cualquier demanda de familiares o allegados, la mujer contest\u00f3 la llamada y escuch\u00f3, del otro lado, el pedido de ayuda de quien identific\u00f3 como la voz de su Hijo.<\/p>\n<p>\u201cCuando atiendo el tel\u00e9fono y escucho la voz de mi hijo dici\u00e9ndome que necesitaba ayuda, que le hab\u00edan pegado, que estaba sangrando y con el ojo morado, sin saber d\u00f3nde estaba porque estaba con los ojos vendados, sabiendo todo lo que pasa en la calle y sin saber de las estafas que vienen haciendo en Tornquist, le pas\u00e9 el tel\u00e9fono a mi marido para constatar si se trataba de la voz de mi hijo y cuando se le transform\u00f3 la cara, supe que s\u00ed, que era \u00e9l\u201d, coment\u00f3.<\/p>\n<p>Y prosigui\u00f3: \u201cTratamos de tranquilizarlo dici\u00e9ndole que lo \u00edbamos a ayudar e inmediatamente alguien le saca el tel\u00e9fono y empieza a extorsionarnos con dinero, pidi\u00e9ndonos los n\u00fameros de nuestros celulares y dici\u00e9ndonos que no hagamos nada\u201d.<\/p>\n<p>Ante el calvario que estaban viviendo, Miriam decidi\u00f3 darle su n\u00famero y su celular comenz\u00f3 a sonar al instante.<\/p>\n<p>\u201cTe queda grabada la voz de tu hijo y es una situaci\u00f3n contradictoria porque no sabes si es verdad o mentira, pero ante la duda, tenes que actuar\u201d explic\u00f3, y a\u00f1adi\u00f3 que los malvivientes, en todo momento, amenazaban con generarle un da\u00f1o a su hijo, a quien ten\u00edan secuestrado.<\/p>\n<p>\u201cMi hijo estaba en Bah\u00eda, y justo se da la casualidad de que este finde no vino a Tornquist\u201d, por lo que sospecha que estaban siendo estudiados.<\/p>\n<p>Luego de 35 minutos de comunicaci\u00f3n con los secuestradores, afirma que \u201cera imposible llamar a la comisaria o dar aviso porque en todo momento te est\u00e1n llamando y no podes hacer uso de ninguna l\u00ednea\u201d.<\/p>\n<p>Tres fueron los intentos de dar aviso a emergencias y tras un intento de salir de su casa y recibir una amenaza de disparo si lo volv\u00eda a intentar, Miriam decidi\u00f3 apagar el GPS de su celular y, con la excusa de ir a la casa de su suegra a buscar el dinero para el rescate, logr\u00f3 llegar a la Comisar\u00eda de la Mujer.<\/p>\n<p>\u201cSin poder decir mucho porque estaba hablando con estos tipos, la oficial Molina interpret\u00f3 mi lenguaje de se\u00f1as para que ellos no se den cuenta. Ya siendo las 6 am, finalmente lleg\u00f3 un m\u00f3vil a mi casa. Gracias a la inmediatez de la polic\u00eda, se cortaron las llamadas\u201d, recuerda.<\/p>\n<p>Un momento, sin dudas, angustiante, que gracias a dios no pas\u00f3 a mayores.<\/p>\n<p>\u201cMi hijo, en Bah\u00eda, ten\u00eda el celular en Modo Avi\u00f3n, por lo que las llamadas no entraban. La Polic\u00eda de Bah\u00eda Blanca pudo ubicarlo por un sistema de b\u00fasquedas y fue hasta su casa para darle aviso\u201d<\/p>\n<p>Miriam y su familia se encuentran bien, aunque el estado de shock prevalece: \u201cMuchas veces dije que no me iban a enga\u00f1ar con la voz de mi hijo y, sin embargo, pas\u00f3\u201d, afirm\u00f3 y sostiene que \u201cen el momento, aunque cueste, hay que tratar de mantener la cabeza fr\u00eda\u201d.<\/p>\n<p><iframe loading=\"lazy\" src=\"https:\/\/w.soundcloud.com\/player\/?url=https%3A\/\/api.soundcloud.com\/tracks\/977587489&amp;color=%23ff5500&amp;auto_play=false&amp;hide_related=false&amp;show_comments=true&amp;show_user=true&amp;show_reposts=false&amp;show_teaser=true\" width=\"100%\" height=\"166\" frameborder=\"no\" scrolling=\"no\"><\/iframe><\/p>\n<div style=\"font-size: 10px; color: #cccccc; line-break: anywhere; word-break: normal; overflow: hidden; white-space: nowrap; text-overflow: ellipsis; font-family: Interstate,Lucida Grande,Lucida Sans Unicode,Lucida Sans,Garuda,Verdana,Tahoma,sans-serif; font-weight: 100;\"><a style=\"color: #cccccc; text-decoration: none;\" title=\"fmreflejos 103.7\" href=\"https:\/\/soundcloud.com\/fmreflejos-103-7\" target=\"_blank\" rel=\"noopener\">fmreflejos 103.7<\/a> \u00b7 <a style=\"color: #cccccc; text-decoration: none;\" title=\"Nota Miriam Forestier\" href=\"https:\/\/soundcloud.com\/fmreflejos-103-7\/nota-miriam-forestier\" target=\"_blank\" rel=\"noopener\">Nota Miriam Forestier<\/a><\/div>\n<\/div>\n","protected":false},"excerpt":{"rendered":"<p>Los estafadores simularon el secuestro de su hijo. Nota con Miriam Forestier.<\/p>\n","protected":false},"author":3,"featured_media":37161,"comment_status":"closed","ping_status":"open","sticky":false,"template":"","format":"standard","meta":{"footnotes":""},"categories":[25],"tags":[],"class_list":["post-52003","post","type-post","status-publish","format-standard","has-post-thumbnail","hentry","category-uncategorized"],"yoast_head":"<!-- This site is optimized with the Yoast SEO plugin v25.9 - https:\/\/yoast.com\/wordpress\/plugins\/seo\/ -->\n<title>Secuestros virtuales: una vecina de Tornquist, v\u00edctima de la modalidad, comenta su experiencia que por suerte no se concret\u00f3 - Noticias Radio Reflejos<\/title>\n<meta name=\"robots\" content=\"index, follow, max-snippet:-1, max-image-preview:large, max-video-preview:-1\" \/>\n<link rel=\"canonical\" href=\"https:\/\/www.noticiasradioreflejos.com.ar\/2021\/secuestros-virtuales-una-vecina-de-tornquist-victima-de-la-modalidad-comenta-su-experiencia-que-por-suerte-no-se-concreto\/\" \/>\n<meta property=\"og:locale\" content=\"es_ES\" \/>\n<meta property=\"og:type\" content=\"article\" \/>\n<meta property=\"og:title\" content=\"Secuestros virtuales: una vecina de Tornquist, v\u00edctima de la modalidad, comenta su experiencia que por suerte no se concret\u00f3 - Noticias Radio Reflejos\" \/>\n<meta property=\"og:description\" content=\"Los estafadores simularon el secuestro de su hijo. Nota con Miriam Forestier.\" \/>\n<meta property=\"og:url\" content=\"https:\/\/www.noticiasradioreflejos.com.ar\/2021\/secuestros-virtuales-una-vecina-de-tornquist-victima-de-la-modalidad-comenta-su-experiencia-que-por-suerte-no-se-concreto\/\" \/>\n<meta property=\"og:site_name\" content=\"Noticias Radio Reflejos\" \/>\n<meta property=\"article:published_time\" content=\"2021-02-02T16:08:26+00:00\" \/>\n<meta property=\"og:image\" content=\"https:\/\/www.noticiasradioreflejos.com.ar\/2021\/wp-content\/uploads\/2019\/12\/amenaza-telefonica.jpg\" \/>\n\t<meta property=\"og:image:width\" content=\"745\" \/>\n\t<meta property=\"og:image:height\" content=\"489\" \/>\n\t<meta property=\"og:image:type\" content=\"image\/jpeg\" \/>\n<meta name=\"author\" content=\"Arnaldo Botto\" \/>\n<meta name=\"twitter:card\" content=\"summary_large_image\" \/>\n<script type=\"application\/ld+json\" class=\"yoast-schema-graph\">{\"@context\":\"https:\/\/schema.org\",\"@graph\":[{\"@type\":\"WebPage\",\"@id\":\"https:\/\/www.noticiasradioreflejos.com.ar\/2021\/secuestros-virtuales-una-vecina-de-tornquist-victima-de-la-modalidad-comenta-su-experiencia-que-por-suerte-no-se-concreto\/\",\"url\":\"https:\/\/www.noticiasradioreflejos.com.ar\/2021\/secuestros-virtuales-una-vecina-de-tornquist-victima-de-la-modalidad-comenta-su-experiencia-que-por-suerte-no-se-concreto\/\",\"name\":\"Secuestros virtuales: una vecina de Tornquist, v\u00edctima de la modalidad, comenta su experiencia que por suerte no se concret\u00f3 - Noticias Radio Reflejos\",\"isPartOf\":{\"@id\":\"https:\/\/www.noticiasradioreflejos.com.ar\/2021\/#website\"},\"primaryImageOfPage\":{\"@id\":\"https:\/\/www.noticiasradioreflejos.com.ar\/2021\/secuestros-virtuales-una-vecina-de-tornquist-victima-de-la-modalidad-comenta-su-experiencia-que-por-suerte-no-se-concreto\/#primaryimage\"},\"image\":{\"@id\":\"https:\/\/www.noticiasradioreflejos.com.ar\/2021\/secuestros-virtuales-una-vecina-de-tornquist-victima-de-la-modalidad-comenta-su-experiencia-que-por-suerte-no-se-concreto\/#primaryimage\"},\"thumbnailUrl\":\"https:\/\/www.noticiasradioreflejos.com.ar\/2021\/wp-content\/uploads\/2019\/12\/amenaza-telefonica.jpg\",\"datePublished\":\"2021-02-02T16:08:26+00:00\",\"author\":{\"@id\":\"https:\/\/www.noticiasradioreflejos.com.ar\/2021\/#\/schema\/person\/ad82545263dcc5ec0996818884fd5fb1\"},\"breadcrumb\":{\"@id\":\"https:\/\/www.noticiasradioreflejos.com.ar\/2021\/secuestros-virtuales-una-vecina-de-tornquist-victima-de-la-modalidad-comenta-su-experiencia-que-por-suerte-no-se-concreto\/#breadcrumb\"},\"inLanguage\":\"es\",\"potentialAction\":[{\"@type\":\"ReadAction\",\"target\":[\"https:\/\/www.noticiasradioreflejos.com.ar\/2021\/secuestros-virtuales-una-vecina-de-tornquist-victima-de-la-modalidad-comenta-su-experiencia-que-por-suerte-no-se-concreto\/\"]}]},{\"@type\":\"ImageObject\",\"inLanguage\":\"es\",\"@id\":\"https:\/\/www.noticiasradioreflejos.com.ar\/2021\/secuestros-virtuales-una-vecina-de-tornquist-victima-de-la-modalidad-comenta-su-experiencia-que-por-suerte-no-se-concreto\/#primaryimage\",\"url\":\"https:\/\/www.noticiasradioreflejos.com.ar\/2021\/wp-content\/uploads\/2019\/12\/amenaza-telefonica.jpg\",\"contentUrl\":\"https:\/\/www.noticiasradioreflejos.com.ar\/2021\/wp-content\/uploads\/2019\/12\/amenaza-telefonica.jpg\",\"width\":745,\"height\":489},{\"@type\":\"BreadcrumbList\",\"@id\":\"https:\/\/www.noticiasradioreflejos.com.ar\/2021\/secuestros-virtuales-una-vecina-de-tornquist-victima-de-la-modalidad-comenta-su-experiencia-que-por-suerte-no-se-concreto\/#breadcrumb\",\"itemListElement\":[{\"@type\":\"ListItem\",\"position\":1,\"name\":\"Portada\",\"item\":\"https:\/\/www.noticiasradioreflejos.com.ar\/2021\/\"},{\"@type\":\"ListItem\",\"position\":2,\"name\":\"Secuestros virtuales: una vecina de Tornquist, v\u00edctima de la modalidad, comenta su experiencia que por suerte no se concret\u00f3\"}]},{\"@type\":\"WebSite\",\"@id\":\"https:\/\/www.noticiasradioreflejos.com.ar\/2021\/#website\",\"url\":\"https:\/\/www.noticiasradioreflejos.com.ar\/2021\/\",\"name\":\"Noticias Radio Reflejos\",\"description\":\"Las noticias de mi comarca\",\"potentialAction\":[{\"@type\":\"SearchAction\",\"target\":{\"@type\":\"EntryPoint\",\"urlTemplate\":\"https:\/\/www.noticiasradioreflejos.com.ar\/2021\/?s={search_term_string}\"},\"query-input\":{\"@type\":\"PropertyValueSpecification\",\"valueRequired\":true,\"valueName\":\"search_term_string\"}}],\"inLanguage\":\"es\"},{\"@type\":\"Person\",\"@id\":\"https:\/\/www.noticiasradioreflejos.com.ar\/2021\/#\/schema\/person\/ad82545263dcc5ec0996818884fd5fb1\",\"name\":\"Arnaldo Botto\",\"image\":{\"@type\":\"ImageObject\",\"inLanguage\":\"es\",\"@id\":\"https:\/\/www.noticiasradioreflejos.com.ar\/2021\/#\/schema\/person\/image\/\",\"url\":\"https:\/\/secure.gravatar.com\/avatar\/55cb5e37c1efa326397366e6974cb338056df65cb50e7d64d1cf314e87504837?s=96&d=mm&r=g\",\"contentUrl\":\"https:\/\/secure.gravatar.com\/avatar\/55cb5e37c1efa326397366e6974cb338056df65cb50e7d64d1cf314e87504837?s=96&d=mm&r=g\",\"caption\":\"Arnaldo Botto\"},\"url\":\"https:\/\/www.noticiasradioreflejos.com.ar\/2021\/author\/arnaldo\/\"}]}<\/script>\n<!-- \/ Yoast SEO plugin. -->","yoast_head_json":{"title":"Secuestros virtuales: una vecina de Tornquist, v\u00edctima de la modalidad, comenta su experiencia que por suerte no se concret\u00f3 - Noticias Radio Reflejos","robots":{"index":"index","follow":"follow","max-snippet":"max-snippet:-1","max-image-preview":"max-image-preview:large","max-video-preview":"max-video-preview:-1"},"canonical":"https:\/\/www.noticiasradioreflejos.com.ar\/2021\/secuestros-virtuales-una-vecina-de-tornquist-victima-de-la-modalidad-comenta-su-experiencia-que-por-suerte-no-se-concreto\/","og_locale":"es_ES","og_type":"article","og_title":"Secuestros virtuales: una vecina de Tornquist, v\u00edctima de la modalidad, comenta su experiencia que por suerte no se concret\u00f3 - Noticias Radio Reflejos","og_description":"Los estafadores simularon el secuestro de su hijo. Nota con Miriam Forestier.","og_url":"https:\/\/www.noticiasradioreflejos.com.ar\/2021\/secuestros-virtuales-una-vecina-de-tornquist-victima-de-la-modalidad-comenta-su-experiencia-que-por-suerte-no-se-concreto\/","og_site_name":"Noticias Radio Reflejos","article_published_time":"2021-02-02T16:08:26+00:00","og_image":[{"width":745,"height":489,"url":"https:\/\/www.noticiasradioreflejos.com.ar\/2021\/wp-content\/uploads\/2019\/12\/amenaza-telefonica.jpg","type":"image\/jpeg"}],"author":"Arnaldo Botto","twitter_card":"summary_large_image","schema":{"@context":"https:\/\/schema.org","@graph":[{"@type":"WebPage","@id":"https:\/\/www.noticiasradioreflejos.com.ar\/2021\/secuestros-virtuales-una-vecina-de-tornquist-victima-de-la-modalidad-comenta-su-experiencia-que-por-suerte-no-se-concreto\/","url":"https:\/\/www.noticiasradioreflejos.com.ar\/2021\/secuestros-virtuales-una-vecina-de-tornquist-victima-de-la-modalidad-comenta-su-experiencia-que-por-suerte-no-se-concreto\/","name":"Secuestros virtuales: una vecina de Tornquist, v\u00edctima de la modalidad, comenta su experiencia que por suerte no se concret\u00f3 - Noticias Radio Reflejos","isPartOf":{"@id":"https:\/\/www.noticiasradioreflejos.com.ar\/2021\/#website"},"primaryImageOfPage":{"@id":"https:\/\/www.noticiasradioreflejos.com.ar\/2021\/secuestros-virtuales-una-vecina-de-tornquist-victima-de-la-modalidad-comenta-su-experiencia-que-por-suerte-no-se-concreto\/#primaryimage"},"image":{"@id":"https:\/\/www.noticiasradioreflejos.com.ar\/2021\/secuestros-virtuales-una-vecina-de-tornquist-victima-de-la-modalidad-comenta-su-experiencia-que-por-suerte-no-se-concreto\/#primaryimage"},"thumbnailUrl":"https:\/\/www.noticiasradioreflejos.com.ar\/2021\/wp-content\/uploads\/2019\/12\/amenaza-telefonica.jpg","datePublished":"2021-02-02T16:08:26+00:00","author":{"@id":"https:\/\/www.noticiasradioreflejos.com.ar\/2021\/#\/schema\/person\/ad82545263dcc5ec0996818884fd5fb1"},"breadcrumb":{"@id":"https:\/\/www.noticiasradioreflejos.com.ar\/2021\/secuestros-virtuales-una-vecina-de-tornquist-victima-de-la-modalidad-comenta-su-experiencia-que-por-suerte-no-se-concreto\/#breadcrumb"},"inLanguage":"es","potentialAction":[{"@type":"ReadAction","target":["https:\/\/www.noticiasradioreflejos.com.ar\/2021\/secuestros-virtuales-una-vecina-de-tornquist-victima-de-la-modalidad-comenta-su-experiencia-que-por-suerte-no-se-concreto\/"]}]},{"@type":"ImageObject","inLanguage":"es","@id":"https:\/\/www.noticiasradioreflejos.com.ar\/2021\/secuestros-virtuales-una-vecina-de-tornquist-victima-de-la-modalidad-comenta-su-experiencia-que-por-suerte-no-se-concreto\/#primaryimage","url":"https:\/\/www.noticiasradioreflejos.com.ar\/2021\/wp-content\/uploads\/2019\/12\/amenaza-telefonica.jpg","contentUrl":"https:\/\/www.noticiasradioreflejos.com.ar\/2021\/wp-content\/uploads\/2019\/12\/amenaza-telefonica.jpg","width":745,"height":489},{"@type":"BreadcrumbList","@id":"https:\/\/www.noticiasradioreflejos.com.ar\/2021\/secuestros-virtuales-una-vecina-de-tornquist-victima-de-la-modalidad-comenta-su-experiencia-que-por-suerte-no-se-concreto\/#breadcrumb","itemListElement":[{"@type":"ListItem","position":1,"name":"Portada","item":"https:\/\/www.noticiasradioreflejos.com.ar\/2021\/"},{"@type":"ListItem","position":2,"name":"Secuestros virtuales: una vecina de Tornquist, v\u00edctima de la modalidad, comenta su experiencia que por suerte no se concret\u00f3"}]},{"@type":"WebSite","@id":"https:\/\/www.noticiasradioreflejos.com.ar\/2021\/#website","url":"https:\/\/www.noticiasradioreflejos.com.ar\/2021\/","name":"Noticias Radio Reflejos","description":"Las noticias de mi comarca","potentialAction":[{"@type":"SearchAction","target":{"@type":"EntryPoint","urlTemplate":"https:\/\/www.noticiasradioreflejos.com.ar\/2021\/?s={search_term_string}"},"query-input":{"@type":"PropertyValueSpecification","valueRequired":true,"valueName":"search_term_string"}}],"inLanguage":"es"},{"@type":"Person","@id":"https:\/\/www.noticiasradioreflejos.com.ar\/2021\/#\/schema\/person\/ad82545263dcc5ec0996818884fd5fb1","name":"Arnaldo Botto","image":{"@type":"ImageObject","inLanguage":"es","@id":"https:\/\/www.noticiasradioreflejos.com.ar\/2021\/#\/schema\/person\/image\/","url":"https:\/\/secure.gravatar.com\/avatar\/55cb5e37c1efa326397366e6974cb338056df65cb50e7d64d1cf314e87504837?s=96&d=mm&r=g","contentUrl":"https:\/\/secure.gravatar.com\/avatar\/55cb5e37c1efa326397366e6974cb338056df65cb50e7d64d1cf314e87504837?s=96&d=mm&r=g","caption":"Arnaldo Botto"},"url":"https:\/\/www.noticiasradioreflejos.com.ar\/2021\/author\/arnaldo\/"}]}},"_links":{"self":[{"href":"https:\/\/www.noticiasradioreflejos.com.ar\/2021\/wp-json\/wp\/v2\/posts\/52003","targetHints":{"allow":["GET"]}}],"collection":[{"href":"https:\/\/www.noticiasradioreflejos.com.ar\/2021\/wp-json\/wp\/v2\/posts"}],"about":[{"href":"https:\/\/www.noticiasradioreflejos.com.ar\/2021\/wp-json\/wp\/v2\/types\/post"}],"author":[{"embeddable":true,"href":"https:\/\/www.noticiasradioreflejos.com.ar\/2021\/wp-json\/wp\/v2\/users\/3"}],"replies":[{"embeddable":true,"href":"https:\/\/www.noticiasradioreflejos.com.ar\/2021\/wp-json\/wp\/v2\/comments?post=52003"}],"version-history":[{"count":0,"href":"https:\/\/www.noticiasradioreflejos.com.ar\/2021\/wp-json\/wp\/v2\/posts\/52003\/revisions"}],"wp:featuredmedia":[{"embeddable":true,"href":"https:\/\/www.noticiasradioreflejos.com.ar\/2021\/wp-json\/wp\/v2\/media\/37161"}],"wp:attachment":[{"href":"https:\/\/www.noticiasradioreflejos.com.ar\/2021\/wp-json\/wp\/v2\/media?parent=52003"}],"wp:term":[{"taxonomy":"category","embeddable":true,"href":"https:\/\/www.noticiasradioreflejos.com.ar\/2021\/wp-json\/wp\/v2\/categories?post=52003"},{"taxonomy":"post_tag","embeddable":true,"href":"https:\/\/www.noticiasradioreflejos.com.ar\/2021\/wp-json\/wp\/v2\/tags?post=52003"}],"curies":[{"name":"wp","href":"https:\/\/api.w.org\/{rel}","templated":true}]}}