{"id":51991,"date":"2021-02-02T16:18:29","date_gmt":"2021-02-02T19:18:29","guid":{"rendered":"http:\/\/www.noticiasradioreflejos.com.ar\/noticias\/?p=51991"},"modified":"2021-02-02T16:18:29","modified_gmt":"2021-02-02T19:18:29","slug":"esta-claro-que-esto-de-los-codigos-qr-abre-una-puerta-de-opciones-ilimitada-gustavo-trankels","status":"publish","type":"post","link":"https:\/\/www.noticiasradioreflejos.com.ar\/2021\/esta-claro-que-esto-de-los-codigos-qr-abre-una-puerta-de-opciones-ilimitada-gustavo-trankels\/","title":{"rendered":"\u00abEst\u00e1 claro que esto de los c\u00f3digos QR abre una puerta de opciones ilimitada\u00bb &#8211; Gustavo Trankels"},"content":{"rendered":"<p>A partir de la colocaci\u00f3n de \u00edconos de c\u00f3digo QR en la carteler\u00eda de tr\u00e1nsito en los distritos de Villarino y Patagones, esta ma\u00f1ana conversamos con el<strong>\u00a0Jefe de Vialidad Nacional de la Regi\u00f3n 19<\/strong>.<!--more--><\/p>\n<p>\u00abEs un logro importante que ya ven\u00edamos conversando con algunos intendentes de la zona\u00bb se refiri\u00f3 el Jefe de Vialidad Nacional en nuestra regi\u00f3n acerca de los innovadores carteles de tr\u00e1nsito con c\u00f3digo QR. \u00abQuisimos ver c\u00f3mo nosotros desde el \u00e1mbito de las rutas nacionales pod\u00edamos contribuir al desarrollo tur\u00edstico de la regi\u00f3n\u00bb, continu\u00f3.<\/p>\n<p>Un c\u00f3digo QR es la evoluci\u00f3n del c\u00f3digo de barras. Es un m\u00f3dulo para almacenar informaci\u00f3n en una matriz de puntos o en un c\u00f3digo de barras bidimensional. La matriz se lee en el dispositivo m\u00f3vil mediante la c\u00e1mara y de forma inmediata nos lleva a una aplicaci\u00f3n en internet que puede ser un mapa de localizaci\u00f3n, un correo electr\u00f3nico, una p\u00e1gina web o un perfil en una red social. (Fuente: Wikipedia)<\/p>\n<p>Gustavo explic\u00f3 que la tecnolog\u00eda de C\u00f3digo QR se est\u00e1 utilizando no s\u00f3lo en Argentina sino tambi\u00e9n en todo el mundo y que es una innovaci\u00f3n que se haya implementado en nuestra regi\u00f3n. \u00abSe logr\u00f3 colocar \u00edconos que ya est\u00e1n acordados con los municipios. A partir de all\u00ed, la gente puede, tomando la captura de un \u00edcono, acceder a una cantidad de informaci\u00f3n que no se podr\u00eda colocar en un cartel est\u00e1tico\u00bb, continu\u00f3, desarrollando la practicidad del proyecto.<\/p>\n<p>\u00abYa se est\u00e1 colocando la carteler\u00eda en los distritos de Villarino y de Patagones. Seguiremos avanzando en la medida que haya m\u00e1s solicitudes de cada distrito donde nosotros tengamos injerencia con rutas nacionales\u00bb. Gustavo sostuvo que esto se tratar\u00eda de un debut en la se\u00f1al \u00e9tica para las rutas nacionales y que esta tecnolog\u00eda seguramente va a extenderse r\u00e1pidamente por todo el pa\u00eds. \u00abContentos por haberlos podido desarrollar ac\u00e1\u00bb, expres\u00f3.<\/p>\n<p>El Jefe de Vialidad Nacional coment\u00f3 que todav\u00eda no hay vistas para colocar la misma tecnolog\u00eda utilizando otra informaci\u00f3n. \u00abNo podemos llenar las rutas de carteler\u00eda porque distraemos la atenci\u00f3n de los conductores. Est\u00e1 claro que esto de los c\u00f3digos QR abre una puerta de opciones ilimitada. Est\u00e1 bueno que nosotros tengamos un Estado inteligente que tome esa nueva impronta tecnol\u00f3gica\u00bb.<\/p>\n<p>Por otro lado, estuvimos conversando sobre el comportamiento de los vecinos con la carteler\u00eda. \u00abTenemos un equipo que est\u00e1 permanentemente recorriendo la regi\u00f3n. Hay rutas y sectores donde realmente se preserva de manera formidable toda la infraestructura y hay sectores donde tenemos dificultades, tenemos desde problemas de vandalismo hasta robos\u00bb.<\/p>\n<p>Nota completa a continuaci\u00f3n:<br \/>\n<iframe loading=\"lazy\" src=\"https:\/\/w.soundcloud.com\/player\/?url=https%3A\/\/api.soundcloud.com\/tracks\/977552020&amp;color=%23ff5500&amp;auto_play=false&amp;hide_related=false&amp;show_comments=true&amp;show_user=true&amp;show_reposts=false&amp;show_teaser=true\" width=\"100%\" height=\"166\" frameborder=\"no\" scrolling=\"no\"><\/iframe><\/p>\n<div style=\"font-size: 10px; color: #cccccc; line-break: anywhere; word-break: normal; overflow: hidden; white-space: nowrap; text-overflow: ellipsis; font-family: Interstate,Lucida Grande,Lucida Sans Unicode,Lucida Sans,Garuda,Verdana,Tahoma,sans-serif; font-weight: 100;\"><a style=\"color: #cccccc; text-decoration: none;\" title=\"fmreflejos 103.7\" href=\"https:\/\/soundcloud.com\/fmreflejos-103-7\" target=\"_blank\" rel=\"noopener\">fmreflejos 103.7<\/a> \u00b7 <a style=\"color: #cccccc; text-decoration: none;\" title=\"Nota Gustavo Trankels\" href=\"https:\/\/soundcloud.com\/fmreflejos-103-7\/nota-gustavo-trankels-2\" target=\"_blank\" rel=\"noopener\">Nota Gustavo Trankels<\/a><\/div>\n","protected":false},"excerpt":{"rendered":"<p>A partir de la colocaci\u00f3n de \u00edconos de c\u00f3digo QR en la carteler\u00eda de tr\u00e1nsito en los distritos de Villarino y Patagones, esta ma\u00f1ana conversamos con el\u00a0Jefe de Vialidad Nacional de la Regi\u00f3n 19.<\/p>\n","protected":false},"author":3,"featured_media":0,"comment_status":"closed","ping_status":"open","sticky":false,"template":"","format":"standard","meta":{"footnotes":""},"categories":[35,24,26],"tags":[],"class_list":["post-51991","post","type-post","status-publish","format-standard","hentry","category-cultura","category-politica","category-sociedad"],"yoast_head":"<!-- This site is optimized with the Yoast SEO plugin v25.9 - https:\/\/yoast.com\/wordpress\/plugins\/seo\/ -->\n<title>&quot;Est\u00e1 claro que esto de los c\u00f3digos QR abre una puerta de opciones ilimitada&quot; - Gustavo Trankels - Noticias Radio Reflejos<\/title>\n<meta name=\"robots\" content=\"index, follow, max-snippet:-1, max-image-preview:large, max-video-preview:-1\" \/>\n<link rel=\"canonical\" href=\"https:\/\/www.noticiasradioreflejos.com.ar\/2021\/esta-claro-que-esto-de-los-codigos-qr-abre-una-puerta-de-opciones-ilimitada-gustavo-trankels\/\" \/>\n<meta property=\"og:locale\" content=\"es_ES\" \/>\n<meta property=\"og:type\" content=\"article\" \/>\n<meta property=\"og:title\" content=\"&quot;Est\u00e1 claro que esto de los c\u00f3digos QR abre una puerta de opciones ilimitada&quot; - Gustavo Trankels - Noticias Radio Reflejos\" \/>\n<meta property=\"og:description\" content=\"A partir de la colocaci\u00f3n de \u00edconos de c\u00f3digo QR en la carteler\u00eda de tr\u00e1nsito en los distritos de Villarino y Patagones, esta ma\u00f1ana conversamos con el\u00a0Jefe de Vialidad Nacional de la Regi\u00f3n 19.\" \/>\n<meta property=\"og:url\" content=\"https:\/\/www.noticiasradioreflejos.com.ar\/2021\/esta-claro-que-esto-de-los-codigos-qr-abre-una-puerta-de-opciones-ilimitada-gustavo-trankels\/\" \/>\n<meta property=\"og:site_name\" content=\"Noticias Radio Reflejos\" \/>\n<meta property=\"article:published_time\" content=\"2021-02-02T19:18:29+00:00\" \/>\n<meta property=\"og:image\" content=\"https:\/\/www.noticiasradioreflejos.com.ar\/2021\/wp-content\/uploads\/2021\/07\/logosol300x200.png\" \/>\n\t<meta property=\"og:image:width\" content=\"300\" \/>\n\t<meta property=\"og:image:height\" content=\"200\" \/>\n\t<meta property=\"og:image:type\" content=\"image\/png\" \/>\n<meta name=\"author\" content=\"Arnaldo Botto\" \/>\n<meta name=\"twitter:card\" content=\"summary_large_image\" \/>\n<script type=\"application\/ld+json\" class=\"yoast-schema-graph\">{\"@context\":\"https:\/\/schema.org\",\"@graph\":[{\"@type\":\"WebPage\",\"@id\":\"https:\/\/www.noticiasradioreflejos.com.ar\/2021\/esta-claro-que-esto-de-los-codigos-qr-abre-una-puerta-de-opciones-ilimitada-gustavo-trankels\/\",\"url\":\"https:\/\/www.noticiasradioreflejos.com.ar\/2021\/esta-claro-que-esto-de-los-codigos-qr-abre-una-puerta-de-opciones-ilimitada-gustavo-trankels\/\",\"name\":\"\\\"Est\u00e1 claro que esto de los c\u00f3digos QR abre una puerta de opciones ilimitada\\\" - Gustavo Trankels - Noticias Radio Reflejos\",\"isPartOf\":{\"@id\":\"https:\/\/www.noticiasradioreflejos.com.ar\/2021\/#website\"},\"datePublished\":\"2021-02-02T19:18:29+00:00\",\"author\":{\"@id\":\"https:\/\/www.noticiasradioreflejos.com.ar\/2021\/#\/schema\/person\/ad82545263dcc5ec0996818884fd5fb1\"},\"breadcrumb\":{\"@id\":\"https:\/\/www.noticiasradioreflejos.com.ar\/2021\/esta-claro-que-esto-de-los-codigos-qr-abre-una-puerta-de-opciones-ilimitada-gustavo-trankels\/#breadcrumb\"},\"inLanguage\":\"es\",\"potentialAction\":[{\"@type\":\"ReadAction\",\"target\":[\"https:\/\/www.noticiasradioreflejos.com.ar\/2021\/esta-claro-que-esto-de-los-codigos-qr-abre-una-puerta-de-opciones-ilimitada-gustavo-trankels\/\"]}]},{\"@type\":\"BreadcrumbList\",\"@id\":\"https:\/\/www.noticiasradioreflejos.com.ar\/2021\/esta-claro-que-esto-de-los-codigos-qr-abre-una-puerta-de-opciones-ilimitada-gustavo-trankels\/#breadcrumb\",\"itemListElement\":[{\"@type\":\"ListItem\",\"position\":1,\"name\":\"Portada\",\"item\":\"https:\/\/www.noticiasradioreflejos.com.ar\/2021\/\"},{\"@type\":\"ListItem\",\"position\":2,\"name\":\"\u00abEst\u00e1 claro que esto de los c\u00f3digos QR abre una puerta de opciones ilimitada\u00bb &#8211; Gustavo Trankels\"}]},{\"@type\":\"WebSite\",\"@id\":\"https:\/\/www.noticiasradioreflejos.com.ar\/2021\/#website\",\"url\":\"https:\/\/www.noticiasradioreflejos.com.ar\/2021\/\",\"name\":\"Noticias Radio Reflejos\",\"description\":\"Las noticias de mi comarca\",\"potentialAction\":[{\"@type\":\"SearchAction\",\"target\":{\"@type\":\"EntryPoint\",\"urlTemplate\":\"https:\/\/www.noticiasradioreflejos.com.ar\/2021\/?s={search_term_string}\"},\"query-input\":{\"@type\":\"PropertyValueSpecification\",\"valueRequired\":true,\"valueName\":\"search_term_string\"}}],\"inLanguage\":\"es\"},{\"@type\":\"Person\",\"@id\":\"https:\/\/www.noticiasradioreflejos.com.ar\/2021\/#\/schema\/person\/ad82545263dcc5ec0996818884fd5fb1\",\"name\":\"Arnaldo Botto\",\"image\":{\"@type\":\"ImageObject\",\"inLanguage\":\"es\",\"@id\":\"https:\/\/www.noticiasradioreflejos.com.ar\/2021\/#\/schema\/person\/image\/\",\"url\":\"https:\/\/secure.gravatar.com\/avatar\/55cb5e37c1efa326397366e6974cb338056df65cb50e7d64d1cf314e87504837?s=96&d=mm&r=g\",\"contentUrl\":\"https:\/\/secure.gravatar.com\/avatar\/55cb5e37c1efa326397366e6974cb338056df65cb50e7d64d1cf314e87504837?s=96&d=mm&r=g\",\"caption\":\"Arnaldo Botto\"},\"url\":\"https:\/\/www.noticiasradioreflejos.com.ar\/2021\/author\/arnaldo\/\"}]}<\/script>\n<!-- \/ Yoast SEO plugin. -->","yoast_head_json":{"title":"\"Est\u00e1 claro que esto de los c\u00f3digos QR abre una puerta de opciones ilimitada\" - Gustavo Trankels - Noticias Radio Reflejos","robots":{"index":"index","follow":"follow","max-snippet":"max-snippet:-1","max-image-preview":"max-image-preview:large","max-video-preview":"max-video-preview:-1"},"canonical":"https:\/\/www.noticiasradioreflejos.com.ar\/2021\/esta-claro-que-esto-de-los-codigos-qr-abre-una-puerta-de-opciones-ilimitada-gustavo-trankels\/","og_locale":"es_ES","og_type":"article","og_title":"\"Est\u00e1 claro que esto de los c\u00f3digos QR abre una puerta de opciones ilimitada\" - Gustavo Trankels - Noticias Radio Reflejos","og_description":"A partir de la colocaci\u00f3n de \u00edconos de c\u00f3digo QR en la carteler\u00eda de tr\u00e1nsito en los distritos de Villarino y Patagones, esta ma\u00f1ana conversamos con el\u00a0Jefe de Vialidad Nacional de la Regi\u00f3n 19.","og_url":"https:\/\/www.noticiasradioreflejos.com.ar\/2021\/esta-claro-que-esto-de-los-codigos-qr-abre-una-puerta-de-opciones-ilimitada-gustavo-trankels\/","og_site_name":"Noticias Radio Reflejos","article_published_time":"2021-02-02T19:18:29+00:00","og_image":[{"width":300,"height":200,"url":"https:\/\/www.noticiasradioreflejos.com.ar\/2021\/wp-content\/uploads\/2021\/07\/logosol300x200.png","type":"image\/png"}],"author":"Arnaldo Botto","twitter_card":"summary_large_image","schema":{"@context":"https:\/\/schema.org","@graph":[{"@type":"WebPage","@id":"https:\/\/www.noticiasradioreflejos.com.ar\/2021\/esta-claro-que-esto-de-los-codigos-qr-abre-una-puerta-de-opciones-ilimitada-gustavo-trankels\/","url":"https:\/\/www.noticiasradioreflejos.com.ar\/2021\/esta-claro-que-esto-de-los-codigos-qr-abre-una-puerta-de-opciones-ilimitada-gustavo-trankels\/","name":"\"Est\u00e1 claro que esto de los c\u00f3digos QR abre una puerta de opciones ilimitada\" - Gustavo Trankels - Noticias Radio Reflejos","isPartOf":{"@id":"https:\/\/www.noticiasradioreflejos.com.ar\/2021\/#website"},"datePublished":"2021-02-02T19:18:29+00:00","author":{"@id":"https:\/\/www.noticiasradioreflejos.com.ar\/2021\/#\/schema\/person\/ad82545263dcc5ec0996818884fd5fb1"},"breadcrumb":{"@id":"https:\/\/www.noticiasradioreflejos.com.ar\/2021\/esta-claro-que-esto-de-los-codigos-qr-abre-una-puerta-de-opciones-ilimitada-gustavo-trankels\/#breadcrumb"},"inLanguage":"es","potentialAction":[{"@type":"ReadAction","target":["https:\/\/www.noticiasradioreflejos.com.ar\/2021\/esta-claro-que-esto-de-los-codigos-qr-abre-una-puerta-de-opciones-ilimitada-gustavo-trankels\/"]}]},{"@type":"BreadcrumbList","@id":"https:\/\/www.noticiasradioreflejos.com.ar\/2021\/esta-claro-que-esto-de-los-codigos-qr-abre-una-puerta-de-opciones-ilimitada-gustavo-trankels\/#breadcrumb","itemListElement":[{"@type":"ListItem","position":1,"name":"Portada","item":"https:\/\/www.noticiasradioreflejos.com.ar\/2021\/"},{"@type":"ListItem","position":2,"name":"\u00abEst\u00e1 claro que esto de los c\u00f3digos QR abre una puerta de opciones ilimitada\u00bb &#8211; Gustavo Trankels"}]},{"@type":"WebSite","@id":"https:\/\/www.noticiasradioreflejos.com.ar\/2021\/#website","url":"https:\/\/www.noticiasradioreflejos.com.ar\/2021\/","name":"Noticias Radio Reflejos","description":"Las noticias de mi comarca","potentialAction":[{"@type":"SearchAction","target":{"@type":"EntryPoint","urlTemplate":"https:\/\/www.noticiasradioreflejos.com.ar\/2021\/?s={search_term_string}"},"query-input":{"@type":"PropertyValueSpecification","valueRequired":true,"valueName":"search_term_string"}}],"inLanguage":"es"},{"@type":"Person","@id":"https:\/\/www.noticiasradioreflejos.com.ar\/2021\/#\/schema\/person\/ad82545263dcc5ec0996818884fd5fb1","name":"Arnaldo Botto","image":{"@type":"ImageObject","inLanguage":"es","@id":"https:\/\/www.noticiasradioreflejos.com.ar\/2021\/#\/schema\/person\/image\/","url":"https:\/\/secure.gravatar.com\/avatar\/55cb5e37c1efa326397366e6974cb338056df65cb50e7d64d1cf314e87504837?s=96&d=mm&r=g","contentUrl":"https:\/\/secure.gravatar.com\/avatar\/55cb5e37c1efa326397366e6974cb338056df65cb50e7d64d1cf314e87504837?s=96&d=mm&r=g","caption":"Arnaldo Botto"},"url":"https:\/\/www.noticiasradioreflejos.com.ar\/2021\/author\/arnaldo\/"}]}},"_links":{"self":[{"href":"https:\/\/www.noticiasradioreflejos.com.ar\/2021\/wp-json\/wp\/v2\/posts\/51991","targetHints":{"allow":["GET"]}}],"collection":[{"href":"https:\/\/www.noticiasradioreflejos.com.ar\/2021\/wp-json\/wp\/v2\/posts"}],"about":[{"href":"https:\/\/www.noticiasradioreflejos.com.ar\/2021\/wp-json\/wp\/v2\/types\/post"}],"author":[{"embeddable":true,"href":"https:\/\/www.noticiasradioreflejos.com.ar\/2021\/wp-json\/wp\/v2\/users\/3"}],"replies":[{"embeddable":true,"href":"https:\/\/www.noticiasradioreflejos.com.ar\/2021\/wp-json\/wp\/v2\/comments?post=51991"}],"version-history":[{"count":0,"href":"https:\/\/www.noticiasradioreflejos.com.ar\/2021\/wp-json\/wp\/v2\/posts\/51991\/revisions"}],"wp:attachment":[{"href":"https:\/\/www.noticiasradioreflejos.com.ar\/2021\/wp-json\/wp\/v2\/media?parent=51991"}],"wp:term":[{"taxonomy":"category","embeddable":true,"href":"https:\/\/www.noticiasradioreflejos.com.ar\/2021\/wp-json\/wp\/v2\/categories?post=51991"},{"taxonomy":"post_tag","embeddable":true,"href":"https:\/\/www.noticiasradioreflejos.com.ar\/2021\/wp-json\/wp\/v2\/tags?post=51991"}],"curies":[{"name":"wp","href":"https:\/\/api.w.org\/{rel}","templated":true}]}}