{"id":51977,"date":"2021-02-02T09:52:39","date_gmt":"2021-02-02T12:52:39","guid":{"rendered":"http:\/\/www.noticiasradioreflejos.com.ar\/noticias\/?p=51977"},"modified":"2021-02-02T09:52:39","modified_gmt":"2021-02-02T12:52:39","slug":"ultimo-momento-accidente-de-transito-con-una-moto-hay-una-persona-herida","status":"publish","type":"post","link":"https:\/\/www.noticiasradioreflejos.com.ar\/2021\/ultimo-momento-accidente-de-transito-con-una-moto-hay-una-persona-herida\/","title":{"rendered":"Accidente de tr\u00e1nsito con una moto, hay una mujer herida."},"content":{"rendered":"<p>Una persona se encuentra tirada en la calle, tras un accidente ocurrido hace instantes en Avda. San Mart\u00edn esquina Von Bulow de Sierra de la Ventana. <!--more--><\/p>\n<p><a title=\"WhatsApp Image 2021-02-02 at 09.51.50\" href=\"http:\/\/live.staticflickr.com\/65535\/50900685973_c5f0cc76ba_s.jpg\" rel=\"\"><img loading=\"lazy\" decoding=\"async\" class=\"aligncenter\" title=\"WhatsApp Image 2021-02-02 at 09.51.50\" src=\"http:\/\/live.staticflickr.com\/65535\/50900685973_c5f0cc76ba_z.jpg\" alt=\"WhatsApp Image 2021-02-02 at 09.51.50\" width=\"640\" height=\"399\" \/><\/a><br \/>\nEl hecho se produjo a las 9,44 hs de este martes 2 de febrero, cuando una mujer de 55 a\u00f1os,\u00a0 se cay\u00f3 del su motocicleta quedando herida y tendida en el pavimento por varios minutos hasta que llegaron los servidores p\u00fablicos a atenderla; fue trasladada para su atenci\u00f3n a la Unidad Sanitaria Dr- Emilio Aldaya donde permanece en observaci\u00f3n.<\/p>\n<p>Se trata de Estela Gorordo que result\u00f3 con heridas leves luego de caer de su moto por motivos que se desconocen.<\/p>\n<p>Intervinieron en el hecho. Polic\u00eda, Bomberos Voluntarios y personal de salud de la Unidad Sanitaria de Sierra de la Ventana.<\/p>\n<p><a title=\"WhatsApp Image 2021-02-02 at 09.54.03\" href=\"http:\/\/live.staticflickr.com\/65535\/50901397431_d1c720722e_s.jpg\" rel=\"\"><img loading=\"lazy\" decoding=\"async\" title=\"WhatsApp Image 2021-02-02 at 09.54.03\" src=\"http:\/\/live.staticflickr.com\/65535\/50901397431_25b055f490_o.jpg\" alt=\"WhatsApp Image 2021-02-02 at 09.54.03\" width=\"703\" height=\"494\" \/><\/a><\/p>\n","protected":false},"excerpt":{"rendered":"<p>Una persona se encuentra tirada en la calle, tras un accidente ocurrido hace instantes en Avda. San Mart\u00edn esquina Von Bulow de Sierra de la Ventana.<\/p>\n","protected":false},"author":3,"featured_media":0,"comment_status":"closed","ping_status":"open","sticky":false,"template":"","format":"standard","meta":{"footnotes":""},"categories":[29],"tags":[],"class_list":["post-51977","post","type-post","status-publish","format-standard","hentry","category-policiales"],"yoast_head":"<!-- This site is optimized with the Yoast SEO plugin v25.9 - https:\/\/yoast.com\/wordpress\/plugins\/seo\/ -->\n<title>Accidente de tr\u00e1nsito con una moto, hay una mujer herida. - Noticias Radio Reflejos<\/title>\n<meta name=\"robots\" content=\"index, follow, max-snippet:-1, max-image-preview:large, max-video-preview:-1\" \/>\n<link rel=\"canonical\" href=\"https:\/\/www.noticiasradioreflejos.com.ar\/2021\/ultimo-momento-accidente-de-transito-con-una-moto-hay-una-persona-herida\/\" \/>\n<meta property=\"og:locale\" content=\"es_ES\" \/>\n<meta property=\"og:type\" content=\"article\" \/>\n<meta property=\"og:title\" content=\"Accidente de tr\u00e1nsito con una moto, hay una mujer herida. - Noticias Radio Reflejos\" \/>\n<meta property=\"og:description\" content=\"Una persona se encuentra tirada en la calle, tras un accidente ocurrido hace instantes en Avda. San Mart\u00edn esquina Von Bulow de Sierra de la Ventana.\" \/>\n<meta property=\"og:url\" content=\"https:\/\/www.noticiasradioreflejos.com.ar\/2021\/ultimo-momento-accidente-de-transito-con-una-moto-hay-una-persona-herida\/\" \/>\n<meta property=\"og:site_name\" content=\"Noticias Radio Reflejos\" \/>\n<meta property=\"article:published_time\" content=\"2021-02-02T12:52:39+00:00\" \/>\n<meta property=\"og:image\" content=\"http:\/\/live.staticflickr.com\/65535\/50900685973_c5f0cc76ba_z.jpg\" \/>\n<meta name=\"author\" content=\"Arnaldo Botto\" \/>\n<meta name=\"twitter:card\" content=\"summary_large_image\" \/>\n<script type=\"application\/ld+json\" class=\"yoast-schema-graph\">{\"@context\":\"https:\/\/schema.org\",\"@graph\":[{\"@type\":\"WebPage\",\"@id\":\"https:\/\/www.noticiasradioreflejos.com.ar\/2021\/ultimo-momento-accidente-de-transito-con-una-moto-hay-una-persona-herida\/\",\"url\":\"https:\/\/www.noticiasradioreflejos.com.ar\/2021\/ultimo-momento-accidente-de-transito-con-una-moto-hay-una-persona-herida\/\",\"name\":\"Accidente de tr\u00e1nsito con una moto, hay una mujer herida. - Noticias Radio Reflejos\",\"isPartOf\":{\"@id\":\"https:\/\/www.noticiasradioreflejos.com.ar\/2021\/#website\"},\"primaryImageOfPage\":{\"@id\":\"https:\/\/www.noticiasradioreflejos.com.ar\/2021\/ultimo-momento-accidente-de-transito-con-una-moto-hay-una-persona-herida\/#primaryimage\"},\"image\":{\"@id\":\"https:\/\/www.noticiasradioreflejos.com.ar\/2021\/ultimo-momento-accidente-de-transito-con-una-moto-hay-una-persona-herida\/#primaryimage\"},\"thumbnailUrl\":\"http:\/\/live.staticflickr.com\/65535\/50900685973_c5f0cc76ba_z.jpg\",\"datePublished\":\"2021-02-02T12:52:39+00:00\",\"author\":{\"@id\":\"https:\/\/www.noticiasradioreflejos.com.ar\/2021\/#\/schema\/person\/ad82545263dcc5ec0996818884fd5fb1\"},\"breadcrumb\":{\"@id\":\"https:\/\/www.noticiasradioreflejos.com.ar\/2021\/ultimo-momento-accidente-de-transito-con-una-moto-hay-una-persona-herida\/#breadcrumb\"},\"inLanguage\":\"es\",\"potentialAction\":[{\"@type\":\"ReadAction\",\"target\":[\"https:\/\/www.noticiasradioreflejos.com.ar\/2021\/ultimo-momento-accidente-de-transito-con-una-moto-hay-una-persona-herida\/\"]}]},{\"@type\":\"ImageObject\",\"inLanguage\":\"es\",\"@id\":\"https:\/\/www.noticiasradioreflejos.com.ar\/2021\/ultimo-momento-accidente-de-transito-con-una-moto-hay-una-persona-herida\/#primaryimage\",\"url\":\"http:\/\/live.staticflickr.com\/65535\/50900685973_c5f0cc76ba_z.jpg\",\"contentUrl\":\"http:\/\/live.staticflickr.com\/65535\/50900685973_c5f0cc76ba_z.jpg\"},{\"@type\":\"BreadcrumbList\",\"@id\":\"https:\/\/www.noticiasradioreflejos.com.ar\/2021\/ultimo-momento-accidente-de-transito-con-una-moto-hay-una-persona-herida\/#breadcrumb\",\"itemListElement\":[{\"@type\":\"ListItem\",\"position\":1,\"name\":\"Portada\",\"item\":\"https:\/\/www.noticiasradioreflejos.com.ar\/2021\/\"},{\"@type\":\"ListItem\",\"position\":2,\"name\":\"Accidente de tr\u00e1nsito con una moto, hay una mujer herida.\"}]},{\"@type\":\"WebSite\",\"@id\":\"https:\/\/www.noticiasradioreflejos.com.ar\/2021\/#website\",\"url\":\"https:\/\/www.noticiasradioreflejos.com.ar\/2021\/\",\"name\":\"Noticias Radio Reflejos\",\"description\":\"Las noticias de mi comarca\",\"potentialAction\":[{\"@type\":\"SearchAction\",\"target\":{\"@type\":\"EntryPoint\",\"urlTemplate\":\"https:\/\/www.noticiasradioreflejos.com.ar\/2021\/?s={search_term_string}\"},\"query-input\":{\"@type\":\"PropertyValueSpecification\",\"valueRequired\":true,\"valueName\":\"search_term_string\"}}],\"inLanguage\":\"es\"},{\"@type\":\"Person\",\"@id\":\"https:\/\/www.noticiasradioreflejos.com.ar\/2021\/#\/schema\/person\/ad82545263dcc5ec0996818884fd5fb1\",\"name\":\"Arnaldo Botto\",\"image\":{\"@type\":\"ImageObject\",\"inLanguage\":\"es\",\"@id\":\"https:\/\/www.noticiasradioreflejos.com.ar\/2021\/#\/schema\/person\/image\/\",\"url\":\"https:\/\/secure.gravatar.com\/avatar\/55cb5e37c1efa326397366e6974cb338056df65cb50e7d64d1cf314e87504837?s=96&d=mm&r=g\",\"contentUrl\":\"https:\/\/secure.gravatar.com\/avatar\/55cb5e37c1efa326397366e6974cb338056df65cb50e7d64d1cf314e87504837?s=96&d=mm&r=g\",\"caption\":\"Arnaldo Botto\"},\"url\":\"https:\/\/www.noticiasradioreflejos.com.ar\/2021\/author\/arnaldo\/\"}]}<\/script>\n<!-- \/ Yoast SEO plugin. -->","yoast_head_json":{"title":"Accidente de tr\u00e1nsito con una moto, hay una mujer herida. - Noticias Radio Reflejos","robots":{"index":"index","follow":"follow","max-snippet":"max-snippet:-1","max-image-preview":"max-image-preview:large","max-video-preview":"max-video-preview:-1"},"canonical":"https:\/\/www.noticiasradioreflejos.com.ar\/2021\/ultimo-momento-accidente-de-transito-con-una-moto-hay-una-persona-herida\/","og_locale":"es_ES","og_type":"article","og_title":"Accidente de tr\u00e1nsito con una moto, hay una mujer herida. - Noticias Radio Reflejos","og_description":"Una persona se encuentra tirada en la calle, tras un accidente ocurrido hace instantes en Avda. San Mart\u00edn esquina Von Bulow de Sierra de la Ventana.","og_url":"https:\/\/www.noticiasradioreflejos.com.ar\/2021\/ultimo-momento-accidente-de-transito-con-una-moto-hay-una-persona-herida\/","og_site_name":"Noticias Radio Reflejos","article_published_time":"2021-02-02T12:52:39+00:00","og_image":[{"url":"http:\/\/live.staticflickr.com\/65535\/50900685973_c5f0cc76ba_z.jpg","type":"","width":"","height":""}],"author":"Arnaldo Botto","twitter_card":"summary_large_image","schema":{"@context":"https:\/\/schema.org","@graph":[{"@type":"WebPage","@id":"https:\/\/www.noticiasradioreflejos.com.ar\/2021\/ultimo-momento-accidente-de-transito-con-una-moto-hay-una-persona-herida\/","url":"https:\/\/www.noticiasradioreflejos.com.ar\/2021\/ultimo-momento-accidente-de-transito-con-una-moto-hay-una-persona-herida\/","name":"Accidente de tr\u00e1nsito con una moto, hay una mujer herida. - Noticias Radio Reflejos","isPartOf":{"@id":"https:\/\/www.noticiasradioreflejos.com.ar\/2021\/#website"},"primaryImageOfPage":{"@id":"https:\/\/www.noticiasradioreflejos.com.ar\/2021\/ultimo-momento-accidente-de-transito-con-una-moto-hay-una-persona-herida\/#primaryimage"},"image":{"@id":"https:\/\/www.noticiasradioreflejos.com.ar\/2021\/ultimo-momento-accidente-de-transito-con-una-moto-hay-una-persona-herida\/#primaryimage"},"thumbnailUrl":"http:\/\/live.staticflickr.com\/65535\/50900685973_c5f0cc76ba_z.jpg","datePublished":"2021-02-02T12:52:39+00:00","author":{"@id":"https:\/\/www.noticiasradioreflejos.com.ar\/2021\/#\/schema\/person\/ad82545263dcc5ec0996818884fd5fb1"},"breadcrumb":{"@id":"https:\/\/www.noticiasradioreflejos.com.ar\/2021\/ultimo-momento-accidente-de-transito-con-una-moto-hay-una-persona-herida\/#breadcrumb"},"inLanguage":"es","potentialAction":[{"@type":"ReadAction","target":["https:\/\/www.noticiasradioreflejos.com.ar\/2021\/ultimo-momento-accidente-de-transito-con-una-moto-hay-una-persona-herida\/"]}]},{"@type":"ImageObject","inLanguage":"es","@id":"https:\/\/www.noticiasradioreflejos.com.ar\/2021\/ultimo-momento-accidente-de-transito-con-una-moto-hay-una-persona-herida\/#primaryimage","url":"http:\/\/live.staticflickr.com\/65535\/50900685973_c5f0cc76ba_z.jpg","contentUrl":"http:\/\/live.staticflickr.com\/65535\/50900685973_c5f0cc76ba_z.jpg"},{"@type":"BreadcrumbList","@id":"https:\/\/www.noticiasradioreflejos.com.ar\/2021\/ultimo-momento-accidente-de-transito-con-una-moto-hay-una-persona-herida\/#breadcrumb","itemListElement":[{"@type":"ListItem","position":1,"name":"Portada","item":"https:\/\/www.noticiasradioreflejos.com.ar\/2021\/"},{"@type":"ListItem","position":2,"name":"Accidente de tr\u00e1nsito con una moto, hay una mujer herida."}]},{"@type":"WebSite","@id":"https:\/\/www.noticiasradioreflejos.com.ar\/2021\/#website","url":"https:\/\/www.noticiasradioreflejos.com.ar\/2021\/","name":"Noticias Radio Reflejos","description":"Las noticias de mi comarca","potentialAction":[{"@type":"SearchAction","target":{"@type":"EntryPoint","urlTemplate":"https:\/\/www.noticiasradioreflejos.com.ar\/2021\/?s={search_term_string}"},"query-input":{"@type":"PropertyValueSpecification","valueRequired":true,"valueName":"search_term_string"}}],"inLanguage":"es"},{"@type":"Person","@id":"https:\/\/www.noticiasradioreflejos.com.ar\/2021\/#\/schema\/person\/ad82545263dcc5ec0996818884fd5fb1","name":"Arnaldo Botto","image":{"@type":"ImageObject","inLanguage":"es","@id":"https:\/\/www.noticiasradioreflejos.com.ar\/2021\/#\/schema\/person\/image\/","url":"https:\/\/secure.gravatar.com\/avatar\/55cb5e37c1efa326397366e6974cb338056df65cb50e7d64d1cf314e87504837?s=96&d=mm&r=g","contentUrl":"https:\/\/secure.gravatar.com\/avatar\/55cb5e37c1efa326397366e6974cb338056df65cb50e7d64d1cf314e87504837?s=96&d=mm&r=g","caption":"Arnaldo Botto"},"url":"https:\/\/www.noticiasradioreflejos.com.ar\/2021\/author\/arnaldo\/"}]}},"_links":{"self":[{"href":"https:\/\/www.noticiasradioreflejos.com.ar\/2021\/wp-json\/wp\/v2\/posts\/51977","targetHints":{"allow":["GET"]}}],"collection":[{"href":"https:\/\/www.noticiasradioreflejos.com.ar\/2021\/wp-json\/wp\/v2\/posts"}],"about":[{"href":"https:\/\/www.noticiasradioreflejos.com.ar\/2021\/wp-json\/wp\/v2\/types\/post"}],"author":[{"embeddable":true,"href":"https:\/\/www.noticiasradioreflejos.com.ar\/2021\/wp-json\/wp\/v2\/users\/3"}],"replies":[{"embeddable":true,"href":"https:\/\/www.noticiasradioreflejos.com.ar\/2021\/wp-json\/wp\/v2\/comments?post=51977"}],"version-history":[{"count":0,"href":"https:\/\/www.noticiasradioreflejos.com.ar\/2021\/wp-json\/wp\/v2\/posts\/51977\/revisions"}],"wp:attachment":[{"href":"https:\/\/www.noticiasradioreflejos.com.ar\/2021\/wp-json\/wp\/v2\/media?parent=51977"}],"wp:term":[{"taxonomy":"category","embeddable":true,"href":"https:\/\/www.noticiasradioreflejos.com.ar\/2021\/wp-json\/wp\/v2\/categories?post=51977"},{"taxonomy":"post_tag","embeddable":true,"href":"https:\/\/www.noticiasradioreflejos.com.ar\/2021\/wp-json\/wp\/v2\/tags?post=51977"}],"curies":[{"name":"wp","href":"https:\/\/api.w.org\/{rel}","templated":true}]}}