{"id":51914,"date":"2021-02-01T08:45:57","date_gmt":"2021-02-01T11:45:57","guid":{"rendered":"http:\/\/www.noticiasradioreflejos.com.ar\/noticias\/?p=51914"},"modified":"2021-02-01T08:45:57","modified_gmt":"2021-02-01T11:45:57","slug":"diputados-buscara-debatir-en-extraordinarias-el-proyecto-de-educacion-ambiental","status":"publish","type":"post","link":"https:\/\/www.noticiasradioreflejos.com.ar\/2021\/diputados-buscara-debatir-en-extraordinarias-el-proyecto-de-educacion-ambiental\/","title":{"rendered":"Diputados buscar\u00e1 debatir en extraordinarias el proyecto de educaci\u00f3n ambiental"},"content":{"rendered":"<p>Es un proyecto que recibi\u00f3 dictamen en noviembre pasado en un plenario de las comisiones de Recursos Naturales y Presupuesto, y que re\u00fane una iniciativa impulsada por el Poder Ejecutivo y otros textos similares presentados tanto por el oficialismo como por la oposici\u00f3n.<!--more--><\/p>\n<p>La C\u00e1mara de Diputados buscar\u00e1 debatir en la primera sesi\u00f3n extraordinaria de febrero el proyecto de Ley de Educaci\u00f3n Ambiental, que propone incorporar contenidos de medio ambiente en la curr\u00edcula escolar y establece, entre otras cuestiones, el derecho a la educaci\u00f3n ambiental integral como una pol\u00edtica p\u00fablica nacional.<\/p>\n<p>La iniciativa cuenta con el respaldo de numerosas organizaciones ambientales que la semana pasada, en el marco del D\u00eda de la Educaci\u00f3n Ambiental, recolectaron a trav\u00e9s de Change.org (Change.org\/EducacionAmbientalYa) m\u00e1s de 1.000 firmas para el debate urgente de la ley en la c\u00e1mara baja, con lo que\u00a0<strong>alcanzaron 24.856 apoyos.<\/strong><\/p>\n<p>Se trata de un proyecto que recibi\u00f3 dictamen en noviembre pasado en un plenario de las comisiones de Recursos Naturales y Presupuesto, y que re\u00fane una iniciativa impulsada por el Poder Ejecutivo y otros textos similares presentados tanto por el oficialismo como por la oposici\u00f3n.<\/p>\n<div class=\"image-left\">\n<p><img decoding=\"async\" title=\"El diputado Leonardo Grosso.\" src=\"https:\/\/www.telam.com.ar\/advf\/imagenes\/2019\/06\/5d0fb29e403fe_324x182.jpg\" alt=\"El diputado Leonardo Grosso.\" \/><\/p>\n<div class=\"epigrafe\">El diputado Leonardo Grosso.<\/div>\n<\/div>\n<p><strong>\u00abLa ley de Educaci\u00f3n Ambiental es una prioridad para nuestro Gobierno<\/strong>\u00a0y es un compromiso que asumi\u00f3 nuestro Presidente (Alberto Fern\u00e1ndez) el a\u00f1o pasado en una reuni\u00f3n con el ministro de Ambiente (Juan Cabandi\u00e9) y un sinf\u00edn de organizaciones ambientalistas\u00bb, asegur\u00f3\u00a0<strong>el presidente de la comisi\u00f3n de Recursos Naturales, Leonardo Grosso<\/strong>, en declaraciones a T\u00e9lam.<\/p>\n<p>Grosso (Frente de Todos-Buenos Aires) puso de relieve adem\u00e1s la \u00abvoluntad\u00bb del oficialismo de \u00absancionar la ley de Educaci\u00f3n Ambiental antes de marzo para que se incorpore en la curr\u00edcula del pr\u00f3ximo ciclo lectivo en todo el territorio nacional que es lo que manda la ley\u00bb.<\/p>\n<p>Tras recordar que el proyecto est\u00e1 incluido en el temario de convocatoria a sesiones extraordinarias, el diputado del Movimiento Evita se\u00f1al\u00f3 que \u00abpor lo tanto cuando est\u00e9n las condiciones para hacer una sesi\u00f3n se va a tratar\u00bb.<\/p>\n<p>Para<strong>\u00a0la diputada del PRO, Gisela Scaglia<\/strong>, autora de una de las iniciativas sobre educaci\u00f3n ambiental incluidas en el texto que finalmente logr\u00f3 dictamen,\u00a0<strong>se est\u00e1 \u00aba un paso de que se trate en el recinto y se convierta en Ley\u00bb.<\/strong><\/p>\n<p>\u00abDesde nuestro espacio pedimos que entre en el temario de la pr\u00f3xima sesi\u00f3n del periodo extraordinario. Es central que el Estado asuma la funci\u00f3n de educar en materia ambiental, que brinde materiales y capacitaci\u00f3n para los docentes. Hoy esta necesidad fundamental la est\u00e1n asumiendo s\u00f3lo las Organizaciones de la Sociedad Civil\u00bb, afirm\u00f3 Scaglia en declaraciones a T\u00e9lam.<\/p>\n<p>En esa misma l\u00ednea se expres\u00f3\u00a0<strong>el titular de la ONG Eco House, M\u00e1ximo Mazzoco,<\/strong>\u00a0organizaci\u00f3n creadora de la petici\u00f3n en la plataforma de participaci\u00f3n ciudadana, quien sostuvo que \u00abla educaci\u00f3n ambiental es la herramienta m\u00e1s poderosa de transformaci\u00f3n socioambiental\u00bb.<\/p>\n<div class=\"js-code\">\n<div class=\"twitter-tweet twitter-tweet-rendered\"><iframe loading=\"lazy\" id=\"twitter-widget-0\" class=\"\" title=\"Twitter Tweet\" src=\"https:\/\/platform.twitter.com\/embed\/index.html?creatorScreenName=agenciatelam&amp;dnt=false&amp;embedId=twitter-widget-0&amp;frame=false&amp;hideCard=false&amp;hideThread=false&amp;id=1354176893751349251&amp;lang=en&amp;origin=https%3A%2F%2Fwww.telam.com.ar%2Fnotas%2F202101%2F543139-diputados-buscara-debatir-en-extraordinarias-el-proyecto-de-educacion-ambiental.html&amp;siteScreenName=agenciatelam&amp;theme=light&amp;widgetsVersion=ed20a2b%3A1601588405575&amp;width=550px\" width=\"300\" height=\"150\" frameborder=\"0\" scrolling=\"no\" allowfullscreen=\"allowfullscreen\" data-tweet-id=\"1354176893751349251\"><\/iframe><\/div>\n<\/div>\n<p>\u00abEs un pilar estructural para evolucionar conjuntamente hacia una matriz socioecon\u00f3mica colaborativa, del bien com\u00fan, solidaria, autosuficiente, regenerativa y circular\u00bb, complet\u00f3.<\/p>\n<p>El proyecto consensuado\u00a0<strong>fue incluido en el temario enviado por el Poder Ejecutivo para ser debatido en las sesiones extraordinarias del Congreso.<\/strong><\/p>\n<p>El texto busca \u00abconstruir conciencia basada en la solidaridad, el respeto y la inclusi\u00f3n y la concientizaci\u00f3n sobre el derecho humano a un ambiente sano expresado tambi\u00e9n en la Constituci\u00f3n nacional\u00bb.<\/p>\n<blockquote><p>Si bien algunas provincias cuentan con su propia ley de educaci\u00f3n ambiental, no existe una reglamentaci\u00f3n que sea federal.<\/p><\/blockquote>\n<p>El proyecto establece la creaci\u00f3n de una serie de organismos para instrumentar la pol\u00edtica de la educaci\u00f3n ambiental en todo el territorio nacional, a trav\u00e9s de los cu\u00e1les se elaborar\u00e1n y dise\u00f1ar\u00e1n estrategias y acciones de educaci\u00f3n ambiental integral.<\/p>\n<p>Adem\u00e1s, dispone que cada jurisdicci\u00f3n dispondr\u00e1 la modalidad de implementaci\u00f3n en la agenda educativa de, al menos una jornada o espacio de mejora institucional dedicada a la educaci\u00f3n ambiental y dar\u00e1 debida difusi\u00f3n sobre la actividad, sus participantes.<\/p>\n<p><strong>A propuesta de Grosso, la ley ser\u00eda denominada con el nombre del ex embajador argentino ante la Unesco y ex senador nacional, Fernando &#8216;Pino&#8217; Solanas,<\/strong>\u00a0recientemente fallecido por coronavirus en Francia, en homenaje a su trabajo por el medio ambiente y su lucha por la preservaci\u00f3n de la biodiversidad.<\/p>\n<h4><span style=\"color: #0000ff;\">Por Silvina Angiono para TELAM<\/span><\/h4>\n","protected":false},"excerpt":{"rendered":"<p>Es un proyecto que recibi\u00f3 dictamen en noviembre pasado en un plenario de las comisiones de Recursos Naturales y Presupuesto, y que re\u00fane una iniciativa impulsada por el Poder Ejecutivo y otros textos similares presentados tanto por el oficialismo como por la oposici\u00f3n.<\/p>\n","protected":false},"author":3,"featured_media":51915,"comment_status":"closed","ping_status":"open","sticky":false,"template":"","format":"standard","meta":{"footnotes":""},"categories":[24],"tags":[],"class_list":["post-51914","post","type-post","status-publish","format-standard","has-post-thumbnail","hentry","category-politica"],"yoast_head":"<!-- This site is optimized with the Yoast SEO plugin v25.9 - https:\/\/yoast.com\/wordpress\/plugins\/seo\/ -->\n<title>Diputados buscar\u00e1 debatir en extraordinarias el proyecto de educaci\u00f3n ambiental - Noticias Radio Reflejos<\/title>\n<meta name=\"robots\" content=\"index, follow, max-snippet:-1, max-image-preview:large, max-video-preview:-1\" \/>\n<link rel=\"canonical\" href=\"https:\/\/www.noticiasradioreflejos.com.ar\/2021\/diputados-buscara-debatir-en-extraordinarias-el-proyecto-de-educacion-ambiental\/\" \/>\n<meta property=\"og:locale\" content=\"es_ES\" \/>\n<meta property=\"og:type\" content=\"article\" \/>\n<meta property=\"og:title\" content=\"Diputados buscar\u00e1 debatir en extraordinarias el proyecto de educaci\u00f3n ambiental - Noticias Radio Reflejos\" \/>\n<meta property=\"og:description\" content=\"Es un proyecto que recibi\u00f3 dictamen en noviembre pasado en un plenario de las comisiones de Recursos Naturales y Presupuesto, y que re\u00fane una iniciativa impulsada por el Poder Ejecutivo y otros textos similares presentados tanto por el oficialismo como por la oposici\u00f3n.\" \/>\n<meta property=\"og:url\" content=\"https:\/\/www.noticiasradioreflejos.com.ar\/2021\/diputados-buscara-debatir-en-extraordinarias-el-proyecto-de-educacion-ambiental\/\" \/>\n<meta property=\"og:site_name\" content=\"Noticias Radio Reflejos\" \/>\n<meta property=\"article:published_time\" content=\"2021-02-01T11:45:57+00:00\" \/>\n<meta property=\"og:image\" content=\"https:\/\/www.noticiasradioreflejos.com.ar\/2021\/wp-content\/uploads\/2021\/07\/logosol300x200.png\" \/>\n\t<meta property=\"og:image:width\" content=\"300\" \/>\n\t<meta property=\"og:image:height\" content=\"200\" \/>\n\t<meta property=\"og:image:type\" content=\"image\/png\" \/>\n<meta name=\"author\" content=\"Arnaldo Botto\" \/>\n<meta name=\"twitter:card\" content=\"summary_large_image\" \/>\n<script type=\"application\/ld+json\" class=\"yoast-schema-graph\">{\"@context\":\"https:\/\/schema.org\",\"@graph\":[{\"@type\":\"WebPage\",\"@id\":\"https:\/\/www.noticiasradioreflejos.com.ar\/2021\/diputados-buscara-debatir-en-extraordinarias-el-proyecto-de-educacion-ambiental\/\",\"url\":\"https:\/\/www.noticiasradioreflejos.com.ar\/2021\/diputados-buscara-debatir-en-extraordinarias-el-proyecto-de-educacion-ambiental\/\",\"name\":\"Diputados buscar\u00e1 debatir en extraordinarias el proyecto de educaci\u00f3n ambiental - Noticias Radio Reflejos\",\"isPartOf\":{\"@id\":\"https:\/\/www.noticiasradioreflejos.com.ar\/2021\/#website\"},\"primaryImageOfPage\":{\"@id\":\"https:\/\/www.noticiasradioreflejos.com.ar\/2021\/diputados-buscara-debatir-en-extraordinarias-el-proyecto-de-educacion-ambiental\/#primaryimage\"},\"image\":{\"@id\":\"https:\/\/www.noticiasradioreflejos.com.ar\/2021\/diputados-buscara-debatir-en-extraordinarias-el-proyecto-de-educacion-ambiental\/#primaryimage\"},\"thumbnailUrl\":\"\",\"datePublished\":\"2021-02-01T11:45:57+00:00\",\"author\":{\"@id\":\"https:\/\/www.noticiasradioreflejos.com.ar\/2021\/#\/schema\/person\/ad82545263dcc5ec0996818884fd5fb1\"},\"breadcrumb\":{\"@id\":\"https:\/\/www.noticiasradioreflejos.com.ar\/2021\/diputados-buscara-debatir-en-extraordinarias-el-proyecto-de-educacion-ambiental\/#breadcrumb\"},\"inLanguage\":\"es\",\"potentialAction\":[{\"@type\":\"ReadAction\",\"target\":[\"https:\/\/www.noticiasradioreflejos.com.ar\/2021\/diputados-buscara-debatir-en-extraordinarias-el-proyecto-de-educacion-ambiental\/\"]}]},{\"@type\":\"ImageObject\",\"inLanguage\":\"es\",\"@id\":\"https:\/\/www.noticiasradioreflejos.com.ar\/2021\/diputados-buscara-debatir-en-extraordinarias-el-proyecto-de-educacion-ambiental\/#primaryimage\",\"url\":\"\",\"contentUrl\":\"\"},{\"@type\":\"BreadcrumbList\",\"@id\":\"https:\/\/www.noticiasradioreflejos.com.ar\/2021\/diputados-buscara-debatir-en-extraordinarias-el-proyecto-de-educacion-ambiental\/#breadcrumb\",\"itemListElement\":[{\"@type\":\"ListItem\",\"position\":1,\"name\":\"Portada\",\"item\":\"https:\/\/www.noticiasradioreflejos.com.ar\/2021\/\"},{\"@type\":\"ListItem\",\"position\":2,\"name\":\"Diputados buscar\u00e1 debatir en extraordinarias el proyecto de educaci\u00f3n ambiental\"}]},{\"@type\":\"WebSite\",\"@id\":\"https:\/\/www.noticiasradioreflejos.com.ar\/2021\/#website\",\"url\":\"https:\/\/www.noticiasradioreflejos.com.ar\/2021\/\",\"name\":\"Noticias Radio Reflejos\",\"description\":\"Las noticias de mi comarca\",\"potentialAction\":[{\"@type\":\"SearchAction\",\"target\":{\"@type\":\"EntryPoint\",\"urlTemplate\":\"https:\/\/www.noticiasradioreflejos.com.ar\/2021\/?s={search_term_string}\"},\"query-input\":{\"@type\":\"PropertyValueSpecification\",\"valueRequired\":true,\"valueName\":\"search_term_string\"}}],\"inLanguage\":\"es\"},{\"@type\":\"Person\",\"@id\":\"https:\/\/www.noticiasradioreflejos.com.ar\/2021\/#\/schema\/person\/ad82545263dcc5ec0996818884fd5fb1\",\"name\":\"Arnaldo Botto\",\"image\":{\"@type\":\"ImageObject\",\"inLanguage\":\"es\",\"@id\":\"https:\/\/www.noticiasradioreflejos.com.ar\/2021\/#\/schema\/person\/image\/\",\"url\":\"https:\/\/secure.gravatar.com\/avatar\/55cb5e37c1efa326397366e6974cb338056df65cb50e7d64d1cf314e87504837?s=96&d=mm&r=g\",\"contentUrl\":\"https:\/\/secure.gravatar.com\/avatar\/55cb5e37c1efa326397366e6974cb338056df65cb50e7d64d1cf314e87504837?s=96&d=mm&r=g\",\"caption\":\"Arnaldo Botto\"},\"url\":\"https:\/\/www.noticiasradioreflejos.com.ar\/2021\/author\/arnaldo\/\"}]}<\/script>\n<!-- \/ Yoast SEO plugin. -->","yoast_head_json":{"title":"Diputados buscar\u00e1 debatir en extraordinarias el proyecto de educaci\u00f3n ambiental - Noticias Radio Reflejos","robots":{"index":"index","follow":"follow","max-snippet":"max-snippet:-1","max-image-preview":"max-image-preview:large","max-video-preview":"max-video-preview:-1"},"canonical":"https:\/\/www.noticiasradioreflejos.com.ar\/2021\/diputados-buscara-debatir-en-extraordinarias-el-proyecto-de-educacion-ambiental\/","og_locale":"es_ES","og_type":"article","og_title":"Diputados buscar\u00e1 debatir en extraordinarias el proyecto de educaci\u00f3n ambiental - Noticias Radio Reflejos","og_description":"Es un proyecto que recibi\u00f3 dictamen en noviembre pasado en un plenario de las comisiones de Recursos Naturales y Presupuesto, y que re\u00fane una iniciativa impulsada por el Poder Ejecutivo y otros textos similares presentados tanto por el oficialismo como por la oposici\u00f3n.","og_url":"https:\/\/www.noticiasradioreflejos.com.ar\/2021\/diputados-buscara-debatir-en-extraordinarias-el-proyecto-de-educacion-ambiental\/","og_site_name":"Noticias Radio Reflejos","article_published_time":"2021-02-01T11:45:57+00:00","og_image":[{"width":300,"height":200,"url":"https:\/\/www.noticiasradioreflejos.com.ar\/2021\/wp-content\/uploads\/2021\/07\/logosol300x200.png","type":"image\/png"}],"author":"Arnaldo Botto","twitter_card":"summary_large_image","schema":{"@context":"https:\/\/schema.org","@graph":[{"@type":"WebPage","@id":"https:\/\/www.noticiasradioreflejos.com.ar\/2021\/diputados-buscara-debatir-en-extraordinarias-el-proyecto-de-educacion-ambiental\/","url":"https:\/\/www.noticiasradioreflejos.com.ar\/2021\/diputados-buscara-debatir-en-extraordinarias-el-proyecto-de-educacion-ambiental\/","name":"Diputados buscar\u00e1 debatir en extraordinarias el proyecto de educaci\u00f3n ambiental - Noticias Radio Reflejos","isPartOf":{"@id":"https:\/\/www.noticiasradioreflejos.com.ar\/2021\/#website"},"primaryImageOfPage":{"@id":"https:\/\/www.noticiasradioreflejos.com.ar\/2021\/diputados-buscara-debatir-en-extraordinarias-el-proyecto-de-educacion-ambiental\/#primaryimage"},"image":{"@id":"https:\/\/www.noticiasradioreflejos.com.ar\/2021\/diputados-buscara-debatir-en-extraordinarias-el-proyecto-de-educacion-ambiental\/#primaryimage"},"thumbnailUrl":"","datePublished":"2021-02-01T11:45:57+00:00","author":{"@id":"https:\/\/www.noticiasradioreflejos.com.ar\/2021\/#\/schema\/person\/ad82545263dcc5ec0996818884fd5fb1"},"breadcrumb":{"@id":"https:\/\/www.noticiasradioreflejos.com.ar\/2021\/diputados-buscara-debatir-en-extraordinarias-el-proyecto-de-educacion-ambiental\/#breadcrumb"},"inLanguage":"es","potentialAction":[{"@type":"ReadAction","target":["https:\/\/www.noticiasradioreflejos.com.ar\/2021\/diputados-buscara-debatir-en-extraordinarias-el-proyecto-de-educacion-ambiental\/"]}]},{"@type":"ImageObject","inLanguage":"es","@id":"https:\/\/www.noticiasradioreflejos.com.ar\/2021\/diputados-buscara-debatir-en-extraordinarias-el-proyecto-de-educacion-ambiental\/#primaryimage","url":"","contentUrl":""},{"@type":"BreadcrumbList","@id":"https:\/\/www.noticiasradioreflejos.com.ar\/2021\/diputados-buscara-debatir-en-extraordinarias-el-proyecto-de-educacion-ambiental\/#breadcrumb","itemListElement":[{"@type":"ListItem","position":1,"name":"Portada","item":"https:\/\/www.noticiasradioreflejos.com.ar\/2021\/"},{"@type":"ListItem","position":2,"name":"Diputados buscar\u00e1 debatir en extraordinarias el proyecto de educaci\u00f3n ambiental"}]},{"@type":"WebSite","@id":"https:\/\/www.noticiasradioreflejos.com.ar\/2021\/#website","url":"https:\/\/www.noticiasradioreflejos.com.ar\/2021\/","name":"Noticias Radio Reflejos","description":"Las noticias de mi comarca","potentialAction":[{"@type":"SearchAction","target":{"@type":"EntryPoint","urlTemplate":"https:\/\/www.noticiasradioreflejos.com.ar\/2021\/?s={search_term_string}"},"query-input":{"@type":"PropertyValueSpecification","valueRequired":true,"valueName":"search_term_string"}}],"inLanguage":"es"},{"@type":"Person","@id":"https:\/\/www.noticiasradioreflejos.com.ar\/2021\/#\/schema\/person\/ad82545263dcc5ec0996818884fd5fb1","name":"Arnaldo Botto","image":{"@type":"ImageObject","inLanguage":"es","@id":"https:\/\/www.noticiasradioreflejos.com.ar\/2021\/#\/schema\/person\/image\/","url":"https:\/\/secure.gravatar.com\/avatar\/55cb5e37c1efa326397366e6974cb338056df65cb50e7d64d1cf314e87504837?s=96&d=mm&r=g","contentUrl":"https:\/\/secure.gravatar.com\/avatar\/55cb5e37c1efa326397366e6974cb338056df65cb50e7d64d1cf314e87504837?s=96&d=mm&r=g","caption":"Arnaldo Botto"},"url":"https:\/\/www.noticiasradioreflejos.com.ar\/2021\/author\/arnaldo\/"}]}},"_links":{"self":[{"href":"https:\/\/www.noticiasradioreflejos.com.ar\/2021\/wp-json\/wp\/v2\/posts\/51914","targetHints":{"allow":["GET"]}}],"collection":[{"href":"https:\/\/www.noticiasradioreflejos.com.ar\/2021\/wp-json\/wp\/v2\/posts"}],"about":[{"href":"https:\/\/www.noticiasradioreflejos.com.ar\/2021\/wp-json\/wp\/v2\/types\/post"}],"author":[{"embeddable":true,"href":"https:\/\/www.noticiasradioreflejos.com.ar\/2021\/wp-json\/wp\/v2\/users\/3"}],"replies":[{"embeddable":true,"href":"https:\/\/www.noticiasradioreflejos.com.ar\/2021\/wp-json\/wp\/v2\/comments?post=51914"}],"version-history":[{"count":0,"href":"https:\/\/www.noticiasradioreflejos.com.ar\/2021\/wp-json\/wp\/v2\/posts\/51914\/revisions"}],"wp:featuredmedia":[{"embeddable":true,"href":"https:\/\/www.noticiasradioreflejos.com.ar\/2021\/wp-json\/"}],"wp:attachment":[{"href":"https:\/\/www.noticiasradioreflejos.com.ar\/2021\/wp-json\/wp\/v2\/media?parent=51914"}],"wp:term":[{"taxonomy":"category","embeddable":true,"href":"https:\/\/www.noticiasradioreflejos.com.ar\/2021\/wp-json\/wp\/v2\/categories?post=51914"},{"taxonomy":"post_tag","embeddable":true,"href":"https:\/\/www.noticiasradioreflejos.com.ar\/2021\/wp-json\/wp\/v2\/tags?post=51914"}],"curies":[{"name":"wp","href":"https:\/\/api.w.org\/{rel}","templated":true}]}}