{"id":51900,"date":"2021-02-01T08:33:38","date_gmt":"2021-02-01T11:33:38","guid":{"rendered":"http:\/\/www.noticiasradioreflejos.com.ar\/noticias\/?p=51900"},"modified":"2021-02-01T08:33:38","modified_gmt":"2021-02-01T11:33:38","slug":"con-media-pinta-y-forjados-la-tarde-noche-del-domingo-tuvo-musica-en-la-plaza-de-sierra-de-la-ventana","status":"publish","type":"post","link":"https:\/\/www.noticiasradioreflejos.com.ar\/2021\/con-media-pinta-y-forjados-la-tarde-noche-del-domingo-tuvo-musica-en-la-plaza-de-sierra-de-la-ventana\/","title":{"rendered":"Con Media Pinta y Forjados la tarde-noche del domingo tuvo M\u00fasica en la Plaza de Sierra de la Ventana."},"content":{"rendered":"<p>Como cierre del mes y de otro fin de semana a pleno, este domingo dos bandas locales se presentaron en la 2da entrega de \u00abM\u00fasica en la Plaza\u00bb, con mucho p\u00fablico acompa\u00f1ando.<!--more--><br \/>\n<a title=\"2021-02-01_06-48-57\" href=\"http:\/\/live.staticflickr.com\/65535\/50897567581_b37cb8d130_s.jpg\" rel=\"\"><img loading=\"lazy\" decoding=\"async\" class=\"aligncenter\" title=\"2021-02-01_06-48-57\" src=\"http:\/\/live.staticflickr.com\/65535\/50897567581_b37cb8d130_c.jpg\" alt=\"2021-02-01_06-48-57\" width=\"800\" height=\"450\" \/><\/a><br \/>\n\u00daltimo domingo de enero, cierra un mes memorable desde lo tur\u00edstico, con toda la capacidad de alojamiento agotada y el aporte de visitantes de toda la zona que de a miles, d\u00eda a d\u00eda, refuerzan la gran cantidad de gente instalada disfrutando de sus vacaciones.<br \/>\nCon este marco y la propuesta de artistas locales junto al municipio, tuvimos la segunda entrega en Sierra de la Ventana de \u00abM\u00fasica en la Plaza\u00bb, un espacio que permite mostrar el potencial cultural de nuestro distrito, luego que la pandemia pusiera contra la pared a la actividad, ofreciendo al p\u00fablico momentos para disfrutar de la m\u00fasica y espect\u00e1culos. La convocatoria se realiza los s\u00e1bados en la Plaza de la ciudad de Tornquist y los domingos en Sierra de la Ventana.<\/p>\n<p><a title=\"2021-02-01_06-49-35\" href=\"http:\/\/live.staticflickr.com\/65535\/50897570056_12cb0ae682_s.jpg\" rel=\"\"><img loading=\"lazy\" decoding=\"async\" class=\"aligncenter\" title=\"2021-02-01_06-49-35\" src=\"http:\/\/live.staticflickr.com\/65535\/50897570056_12cb0ae682_c.jpg\" alt=\"2021-02-01_06-49-35\" width=\"800\" height=\"599\" \/><\/a><br \/>\nLa noche del domingo 31 de enero, cerr\u00f3 con la presentaci\u00f3n de Media Pinta Rock y Forjados.<br \/>\nEl primer grupo musical, una banda con 6 m\u00fasicos y dos vocalistas interpretando covers del rock nacional e internacional, con mucha intensidad y sonando muy \u00abLleno\u00bb, virtud que logran con los variados instrumentos musicales que hacen intervenir y las magn\u00edficas voces de sus cantantes. Pasearon su repertorio con artistas locales como Cerati, Charly Garc\u00eda, Spinetta, Pedro Aznar, Los Fabulosos Cadillac, \u00abDespacito\u00bb de Los Piojos con Laura Lali Fernandez como invitada, y valios\u00edsimos y recordados temas internacionales de INXS, Pink Floyd y otros, que permitieron vivir a los espectadores momentos muy intensos.<\/p>\n<p><a title=\"2021-02-01_06-53-19\" href=\"http:\/\/live.staticflickr.com\/65535\/50897699082_c8d33444d8_s.jpg\" rel=\"\"><img loading=\"lazy\" decoding=\"async\" class=\"aligncenter\" title=\"2021-02-01_06-53-19\" src=\"http:\/\/live.staticflickr.com\/65535\/50897699082_c8d33444d8_c.jpg\" alt=\"2021-02-01_06-53-19\" width=\"800\" height=\"450\" \/><\/a><br \/>\nCerrando la la noche, toc\u00f3 Forjados, una banda integrada por m\u00fasicos de Villa Ventana y Sierra de la Ventana, reeditado con la voz de Vero Pereiro interpretando covers nacionales. Mucho p\u00fablico, como muestran las fotograf\u00edas, en su mayor\u00eda respetando el distanciamiento y colaborando con las bandas, que tocan de onda pasando la gorra durante sus presentaciones.<\/p>\n<p><a title=\"Media Pinta Laly\" href=\"http:\/\/live.staticflickr.com\/65535\/50897799872_3f10d0e5e0_s.jpg\" rel=\"\"><img loading=\"lazy\" decoding=\"async\" class=\"aligncenter\" title=\"Media Pinta Laly\" src=\"http:\/\/live.staticflickr.com\/65535\/50897799872_3f10d0e5e0_c.jpg\" alt=\"Media Pinta Laly\" width=\"800\" height=\"450\" \/><\/a><\/p>\n<p><a title=\"2021-02-01_06-51-18\" href=\"http:\/\/live.staticflickr.com\/65535\/50897692592_a2794553aa_s.jpg\" rel=\"\"><img loading=\"lazy\" decoding=\"async\" class=\"aligncenter\" title=\"2021-02-01_06-51-18\" src=\"http:\/\/live.staticflickr.com\/65535\/50897692592_a2794553aa_c.jpg\" alt=\"2021-02-01_06-51-18\" width=\"800\" height=\"450\" \/><\/a><a title=\"2021-02-01_06-51-04\" href=\"http:\/\/live.staticflickr.com\/65535\/50897692472_2f7cb8e4ca_s.jpg\" rel=\"\"><img loading=\"lazy\" decoding=\"async\" class=\"aligncenter\" title=\"2021-02-01_06-51-04\" src=\"http:\/\/live.staticflickr.com\/65535\/50897692472_2f7cb8e4ca_c.jpg\" alt=\"2021-02-01_06-51-04\" width=\"800\" height=\"450\" \/><\/a><\/p>\n<p><a title=\"2021-02-01_06-53-40\" href=\"http:\/\/live.staticflickr.com\/65535\/50896869038_4739a41be6_s.jpg\" rel=\"\"><img loading=\"lazy\" decoding=\"async\" class=\"aligncenter\" title=\"2021-02-01_06-53-40\" src=\"http:\/\/live.staticflickr.com\/65535\/50896869038_4739a41be6_c.jpg\" alt=\"2021-02-01_06-53-40\" width=\"800\" height=\"450\" \/><\/a><a title=\"2021-02-01_06-53-31\" href=\"http:\/\/live.staticflickr.com\/65535\/50896869133_1510f8552e_s.jpg\" rel=\"\"><img loading=\"lazy\" decoding=\"async\" class=\"aligncenter\" title=\"2021-02-01_06-53-31\" src=\"http:\/\/live.staticflickr.com\/65535\/50896869133_1510f8552e_c.jpg\" alt=\"2021-02-01_06-53-31\" width=\"800\" height=\"450\" \/><\/a><a title=\"IMG_20210131_223002\" href=\"http:\/\/live.staticflickr.com\/65535\/50896942448_3853aa2984_s.jpg\" rel=\"\"><img loading=\"lazy\" decoding=\"async\" class=\"aligncenter\" title=\"IMG_20210131_223002\" src=\"http:\/\/live.staticflickr.com\/65535\/50896942448_3853aa2984_c.jpg\" alt=\"IMG_20210131_223002\" width=\"800\" height=\"450\" \/><\/a><a title=\"IMG_20210131_223134\" href=\"http:\/\/live.staticflickr.com\/65535\/50896944233_7df6b41708_s.jpg\" rel=\"\"><img loading=\"lazy\" decoding=\"async\" class=\"aligncenter\" title=\"IMG_20210131_223134\" src=\"http:\/\/live.staticflickr.com\/65535\/50896944233_7df6b41708_c.jpg\" alt=\"IMG_20210131_223134\" width=\"800\" height=\"599\" \/><\/a><\/p>\n<p>Ver \u00c1lbum de fotos <a href=\"https:\/\/www.facebook.com\/NoticiasRadioReflejos\/photos\/pcb.1313629249004980\/1313627629005142\/\" target=\"_blank\" rel=\"noopener\"><span style=\"color: #ff6600;\"><strong>Aqu\u00ed<\/strong><\/span><\/a><\/p>\n<p>&nbsp;<\/p>\n","protected":false},"excerpt":{"rendered":"<p>Como cierre del mes y de otro fin de semana a pleno, este domingo dos bandas locales se presentaron en la 2da entrega de \u00abM\u00fasica en la Plaza\u00bb, con mucho p\u00fablico acompa\u00f1ando.<\/p>\n","protected":false},"author":3,"featured_media":51902,"comment_status":"closed","ping_status":"open","sticky":false,"template":"","format":"standard","meta":{"footnotes":""},"categories":[35,33],"tags":[32],"class_list":["post-51900","post","type-post","status-publish","format-standard","has-post-thumbnail","hentry","category-cultura","category-turismo","tag-destacado"],"yoast_head":"<!-- This site is optimized with the Yoast SEO plugin v25.9 - https:\/\/yoast.com\/wordpress\/plugins\/seo\/ -->\n<title>Con Media Pinta y Forjados la tarde-noche del domingo tuvo M\u00fasica en la Plaza de Sierra de la Ventana. - Noticias Radio Reflejos<\/title>\n<meta name=\"robots\" content=\"index, follow, max-snippet:-1, max-image-preview:large, max-video-preview:-1\" \/>\n<link rel=\"canonical\" href=\"https:\/\/www.noticiasradioreflejos.com.ar\/2021\/con-media-pinta-y-forjados-la-tarde-noche-del-domingo-tuvo-musica-en-la-plaza-de-sierra-de-la-ventana\/\" \/>\n<meta property=\"og:locale\" content=\"es_ES\" \/>\n<meta property=\"og:type\" content=\"article\" \/>\n<meta property=\"og:title\" content=\"Con Media Pinta y Forjados la tarde-noche del domingo tuvo M\u00fasica en la Plaza de Sierra de la Ventana. - Noticias Radio Reflejos\" \/>\n<meta property=\"og:description\" content=\"Como cierre del mes y de otro fin de semana a pleno, este domingo dos bandas locales se presentaron en la 2da entrega de \u00abM\u00fasica en la Plaza\u00bb, con mucho p\u00fablico acompa\u00f1ando.\" \/>\n<meta property=\"og:url\" content=\"https:\/\/www.noticiasradioreflejos.com.ar\/2021\/con-media-pinta-y-forjados-la-tarde-noche-del-domingo-tuvo-musica-en-la-plaza-de-sierra-de-la-ventana\/\" \/>\n<meta property=\"og:site_name\" content=\"Noticias Radio Reflejos\" \/>\n<meta property=\"article:published_time\" content=\"2021-02-01T11:33:38+00:00\" \/>\n<meta property=\"og:image\" content=\"https:\/\/www.noticiasradioreflejos.com.ar\/2021\/wp-content\/uploads\/2021\/07\/logosol300x200.png\" \/>\n\t<meta property=\"og:image:width\" content=\"300\" \/>\n\t<meta property=\"og:image:height\" content=\"200\" \/>\n\t<meta property=\"og:image:type\" content=\"image\/png\" \/>\n<meta name=\"author\" content=\"Arnaldo Botto\" \/>\n<meta name=\"twitter:card\" content=\"summary_large_image\" \/>\n<script type=\"application\/ld+json\" class=\"yoast-schema-graph\">{\"@context\":\"https:\/\/schema.org\",\"@graph\":[{\"@type\":\"WebPage\",\"@id\":\"https:\/\/www.noticiasradioreflejos.com.ar\/2021\/con-media-pinta-y-forjados-la-tarde-noche-del-domingo-tuvo-musica-en-la-plaza-de-sierra-de-la-ventana\/\",\"url\":\"https:\/\/www.noticiasradioreflejos.com.ar\/2021\/con-media-pinta-y-forjados-la-tarde-noche-del-domingo-tuvo-musica-en-la-plaza-de-sierra-de-la-ventana\/\",\"name\":\"Con Media Pinta y Forjados la tarde-noche del domingo tuvo M\u00fasica en la Plaza de Sierra de la Ventana. - Noticias Radio Reflejos\",\"isPartOf\":{\"@id\":\"https:\/\/www.noticiasradioreflejos.com.ar\/2021\/#website\"},\"primaryImageOfPage\":{\"@id\":\"https:\/\/www.noticiasradioreflejos.com.ar\/2021\/con-media-pinta-y-forjados-la-tarde-noche-del-domingo-tuvo-musica-en-la-plaza-de-sierra-de-la-ventana\/#primaryimage\"},\"image\":{\"@id\":\"https:\/\/www.noticiasradioreflejos.com.ar\/2021\/con-media-pinta-y-forjados-la-tarde-noche-del-domingo-tuvo-musica-en-la-plaza-de-sierra-de-la-ventana\/#primaryimage\"},\"thumbnailUrl\":\"\",\"datePublished\":\"2021-02-01T11:33:38+00:00\",\"author\":{\"@id\":\"https:\/\/www.noticiasradioreflejos.com.ar\/2021\/#\/schema\/person\/ad82545263dcc5ec0996818884fd5fb1\"},\"breadcrumb\":{\"@id\":\"https:\/\/www.noticiasradioreflejos.com.ar\/2021\/con-media-pinta-y-forjados-la-tarde-noche-del-domingo-tuvo-musica-en-la-plaza-de-sierra-de-la-ventana\/#breadcrumb\"},\"inLanguage\":\"es\",\"potentialAction\":[{\"@type\":\"ReadAction\",\"target\":[\"https:\/\/www.noticiasradioreflejos.com.ar\/2021\/con-media-pinta-y-forjados-la-tarde-noche-del-domingo-tuvo-musica-en-la-plaza-de-sierra-de-la-ventana\/\"]}]},{\"@type\":\"ImageObject\",\"inLanguage\":\"es\",\"@id\":\"https:\/\/www.noticiasradioreflejos.com.ar\/2021\/con-media-pinta-y-forjados-la-tarde-noche-del-domingo-tuvo-musica-en-la-plaza-de-sierra-de-la-ventana\/#primaryimage\",\"url\":\"\",\"contentUrl\":\"\"},{\"@type\":\"BreadcrumbList\",\"@id\":\"https:\/\/www.noticiasradioreflejos.com.ar\/2021\/con-media-pinta-y-forjados-la-tarde-noche-del-domingo-tuvo-musica-en-la-plaza-de-sierra-de-la-ventana\/#breadcrumb\",\"itemListElement\":[{\"@type\":\"ListItem\",\"position\":1,\"name\":\"Portada\",\"item\":\"https:\/\/www.noticiasradioreflejos.com.ar\/2021\/\"},{\"@type\":\"ListItem\",\"position\":2,\"name\":\"Con Media Pinta y Forjados la tarde-noche del domingo tuvo M\u00fasica en la Plaza de Sierra de la Ventana.\"}]},{\"@type\":\"WebSite\",\"@id\":\"https:\/\/www.noticiasradioreflejos.com.ar\/2021\/#website\",\"url\":\"https:\/\/www.noticiasradioreflejos.com.ar\/2021\/\",\"name\":\"Noticias Radio Reflejos\",\"description\":\"Las noticias de mi comarca\",\"potentialAction\":[{\"@type\":\"SearchAction\",\"target\":{\"@type\":\"EntryPoint\",\"urlTemplate\":\"https:\/\/www.noticiasradioreflejos.com.ar\/2021\/?s={search_term_string}\"},\"query-input\":{\"@type\":\"PropertyValueSpecification\",\"valueRequired\":true,\"valueName\":\"search_term_string\"}}],\"inLanguage\":\"es\"},{\"@type\":\"Person\",\"@id\":\"https:\/\/www.noticiasradioreflejos.com.ar\/2021\/#\/schema\/person\/ad82545263dcc5ec0996818884fd5fb1\",\"name\":\"Arnaldo Botto\",\"image\":{\"@type\":\"ImageObject\",\"inLanguage\":\"es\",\"@id\":\"https:\/\/www.noticiasradioreflejos.com.ar\/2021\/#\/schema\/person\/image\/\",\"url\":\"https:\/\/secure.gravatar.com\/avatar\/55cb5e37c1efa326397366e6974cb338056df65cb50e7d64d1cf314e87504837?s=96&d=mm&r=g\",\"contentUrl\":\"https:\/\/secure.gravatar.com\/avatar\/55cb5e37c1efa326397366e6974cb338056df65cb50e7d64d1cf314e87504837?s=96&d=mm&r=g\",\"caption\":\"Arnaldo Botto\"},\"url\":\"https:\/\/www.noticiasradioreflejos.com.ar\/2021\/author\/arnaldo\/\"}]}<\/script>\n<!-- \/ Yoast SEO plugin. -->","yoast_head_json":{"title":"Con Media Pinta y Forjados la tarde-noche del domingo tuvo M\u00fasica en la Plaza de Sierra de la Ventana. - Noticias Radio Reflejos","robots":{"index":"index","follow":"follow","max-snippet":"max-snippet:-1","max-image-preview":"max-image-preview:large","max-video-preview":"max-video-preview:-1"},"canonical":"https:\/\/www.noticiasradioreflejos.com.ar\/2021\/con-media-pinta-y-forjados-la-tarde-noche-del-domingo-tuvo-musica-en-la-plaza-de-sierra-de-la-ventana\/","og_locale":"es_ES","og_type":"article","og_title":"Con Media Pinta y Forjados la tarde-noche del domingo tuvo M\u00fasica en la Plaza de Sierra de la Ventana. - Noticias Radio Reflejos","og_description":"Como cierre del mes y de otro fin de semana a pleno, este domingo dos bandas locales se presentaron en la 2da entrega de \u00abM\u00fasica en la Plaza\u00bb, con mucho p\u00fablico acompa\u00f1ando.","og_url":"https:\/\/www.noticiasradioreflejos.com.ar\/2021\/con-media-pinta-y-forjados-la-tarde-noche-del-domingo-tuvo-musica-en-la-plaza-de-sierra-de-la-ventana\/","og_site_name":"Noticias Radio Reflejos","article_published_time":"2021-02-01T11:33:38+00:00","og_image":[{"width":300,"height":200,"url":"https:\/\/www.noticiasradioreflejos.com.ar\/2021\/wp-content\/uploads\/2021\/07\/logosol300x200.png","type":"image\/png"}],"author":"Arnaldo Botto","twitter_card":"summary_large_image","schema":{"@context":"https:\/\/schema.org","@graph":[{"@type":"WebPage","@id":"https:\/\/www.noticiasradioreflejos.com.ar\/2021\/con-media-pinta-y-forjados-la-tarde-noche-del-domingo-tuvo-musica-en-la-plaza-de-sierra-de-la-ventana\/","url":"https:\/\/www.noticiasradioreflejos.com.ar\/2021\/con-media-pinta-y-forjados-la-tarde-noche-del-domingo-tuvo-musica-en-la-plaza-de-sierra-de-la-ventana\/","name":"Con Media Pinta y Forjados la tarde-noche del domingo tuvo M\u00fasica en la Plaza de Sierra de la Ventana. - Noticias Radio Reflejos","isPartOf":{"@id":"https:\/\/www.noticiasradioreflejos.com.ar\/2021\/#website"},"primaryImageOfPage":{"@id":"https:\/\/www.noticiasradioreflejos.com.ar\/2021\/con-media-pinta-y-forjados-la-tarde-noche-del-domingo-tuvo-musica-en-la-plaza-de-sierra-de-la-ventana\/#primaryimage"},"image":{"@id":"https:\/\/www.noticiasradioreflejos.com.ar\/2021\/con-media-pinta-y-forjados-la-tarde-noche-del-domingo-tuvo-musica-en-la-plaza-de-sierra-de-la-ventana\/#primaryimage"},"thumbnailUrl":"","datePublished":"2021-02-01T11:33:38+00:00","author":{"@id":"https:\/\/www.noticiasradioreflejos.com.ar\/2021\/#\/schema\/person\/ad82545263dcc5ec0996818884fd5fb1"},"breadcrumb":{"@id":"https:\/\/www.noticiasradioreflejos.com.ar\/2021\/con-media-pinta-y-forjados-la-tarde-noche-del-domingo-tuvo-musica-en-la-plaza-de-sierra-de-la-ventana\/#breadcrumb"},"inLanguage":"es","potentialAction":[{"@type":"ReadAction","target":["https:\/\/www.noticiasradioreflejos.com.ar\/2021\/con-media-pinta-y-forjados-la-tarde-noche-del-domingo-tuvo-musica-en-la-plaza-de-sierra-de-la-ventana\/"]}]},{"@type":"ImageObject","inLanguage":"es","@id":"https:\/\/www.noticiasradioreflejos.com.ar\/2021\/con-media-pinta-y-forjados-la-tarde-noche-del-domingo-tuvo-musica-en-la-plaza-de-sierra-de-la-ventana\/#primaryimage","url":"","contentUrl":""},{"@type":"BreadcrumbList","@id":"https:\/\/www.noticiasradioreflejos.com.ar\/2021\/con-media-pinta-y-forjados-la-tarde-noche-del-domingo-tuvo-musica-en-la-plaza-de-sierra-de-la-ventana\/#breadcrumb","itemListElement":[{"@type":"ListItem","position":1,"name":"Portada","item":"https:\/\/www.noticiasradioreflejos.com.ar\/2021\/"},{"@type":"ListItem","position":2,"name":"Con Media Pinta y Forjados la tarde-noche del domingo tuvo M\u00fasica en la Plaza de Sierra de la Ventana."}]},{"@type":"WebSite","@id":"https:\/\/www.noticiasradioreflejos.com.ar\/2021\/#website","url":"https:\/\/www.noticiasradioreflejos.com.ar\/2021\/","name":"Noticias Radio Reflejos","description":"Las noticias de mi comarca","potentialAction":[{"@type":"SearchAction","target":{"@type":"EntryPoint","urlTemplate":"https:\/\/www.noticiasradioreflejos.com.ar\/2021\/?s={search_term_string}"},"query-input":{"@type":"PropertyValueSpecification","valueRequired":true,"valueName":"search_term_string"}}],"inLanguage":"es"},{"@type":"Person","@id":"https:\/\/www.noticiasradioreflejos.com.ar\/2021\/#\/schema\/person\/ad82545263dcc5ec0996818884fd5fb1","name":"Arnaldo Botto","image":{"@type":"ImageObject","inLanguage":"es","@id":"https:\/\/www.noticiasradioreflejos.com.ar\/2021\/#\/schema\/person\/image\/","url":"https:\/\/secure.gravatar.com\/avatar\/55cb5e37c1efa326397366e6974cb338056df65cb50e7d64d1cf314e87504837?s=96&d=mm&r=g","contentUrl":"https:\/\/secure.gravatar.com\/avatar\/55cb5e37c1efa326397366e6974cb338056df65cb50e7d64d1cf314e87504837?s=96&d=mm&r=g","caption":"Arnaldo Botto"},"url":"https:\/\/www.noticiasradioreflejos.com.ar\/2021\/author\/arnaldo\/"}]}},"_links":{"self":[{"href":"https:\/\/www.noticiasradioreflejos.com.ar\/2021\/wp-json\/wp\/v2\/posts\/51900","targetHints":{"allow":["GET"]}}],"collection":[{"href":"https:\/\/www.noticiasradioreflejos.com.ar\/2021\/wp-json\/wp\/v2\/posts"}],"about":[{"href":"https:\/\/www.noticiasradioreflejos.com.ar\/2021\/wp-json\/wp\/v2\/types\/post"}],"author":[{"embeddable":true,"href":"https:\/\/www.noticiasradioreflejos.com.ar\/2021\/wp-json\/wp\/v2\/users\/3"}],"replies":[{"embeddable":true,"href":"https:\/\/www.noticiasradioreflejos.com.ar\/2021\/wp-json\/wp\/v2\/comments?post=51900"}],"version-history":[{"count":0,"href":"https:\/\/www.noticiasradioreflejos.com.ar\/2021\/wp-json\/wp\/v2\/posts\/51900\/revisions"}],"wp:featuredmedia":[{"embeddable":true,"href":"https:\/\/www.noticiasradioreflejos.com.ar\/2021\/wp-json\/"}],"wp:attachment":[{"href":"https:\/\/www.noticiasradioreflejos.com.ar\/2021\/wp-json\/wp\/v2\/media?parent=51900"}],"wp:term":[{"taxonomy":"category","embeddable":true,"href":"https:\/\/www.noticiasradioreflejos.com.ar\/2021\/wp-json\/wp\/v2\/categories?post=51900"},{"taxonomy":"post_tag","embeddable":true,"href":"https:\/\/www.noticiasradioreflejos.com.ar\/2021\/wp-json\/wp\/v2\/tags?post=51900"}],"curies":[{"name":"wp","href":"https:\/\/api.w.org\/{rel}","templated":true}]}}