{"id":51897,"date":"2021-02-01T07:50:34","date_gmt":"2021-02-01T10:50:34","guid":{"rendered":"http:\/\/www.noticiasradioreflejos.com.ar\/noticias\/?p=51897"},"modified":"2021-02-01T07:50:34","modified_gmt":"2021-02-01T10:50:34","slug":"la-copa-ciudad-de-tornquist-con-fecha-confirmada","status":"publish","type":"post","link":"https:\/\/www.noticiasradioreflejos.com.ar\/2021\/la-copa-ciudad-de-tornquist-con-fecha-confirmada\/","title":{"rendered":"La Copa Ciudad de Tornquist, con fecha confirmada"},"content":{"rendered":"<p>Con el claro objetivo de apuntalar los valores del deporte de base y otorgar un mensaje donde se fomente la amistad, el esp\u00edritu de equipo y la solidaridad entre compa\u00f1eros y rivales, entre el mi\u00e9rcoles 24 y el domingo 28 de febrero se llevar\u00e1 a cabo la primera edici\u00f3n de la Copa Ciudad de Tornquist.<!--more--><\/p>\n<p>La iniciativa estar\u00e1 dirigida, primordialmente, a grupos etarios infantiles y contar\u00e1 con el auspicio de la Municipalidad local y la organizaci\u00f3n del club Automoto (sede junto al club Uni\u00f3n), del espacio period\u00edstico Doble5 y del profesor y t\u00e9cnico Marcelo Katz.<br \/>\n   Sin dudas se trata de una m\u00e1s que interesante apuesta despu\u00e9s de un a\u00f1o de parate obligado por la pandemia del COVID-19,  impulsada por la necesidad de poner nuevamente la pelota a rodar en el f\u00fatbol formativo, siempre y cuando la coyuntura expuesta por la pandemia lo permita.<br \/>\n  \u201cUno de los grandes objetivos pasa por desarrollar un torneo de alto nivel de formaci\u00f3n, en un sano ambiente entre las delegaciones y enmarcado por una eficiente organizaci\u00f3n\u201d, sostuvo Katz, quien aclar\u00f3 que se tomar\u00e1n todos los recaudos y protocolos inherentes al aspecto sanitario que demandan estos tiempos.<br \/>\n   \u201cM\u00e1s all\u00e1 de la competencia, la idea es llevar a cabo metodolog\u00edas mediante charlas, videos, di\u00e1logos grupales e individuales dirigida a profes, padres y chicos, en aspectos clave que se requieren en la etapa de formaci\u00f3n de estas edades\u201d, acot\u00f3.<br \/>\n   Adem\u00e1s, la directora de Deportes del municipio de Tornquist, Sof\u00eda Urriaga, dej\u00f3 su impresi\u00f3n sobre la organizaci\u00f3n.<br \/>\n   \u201cA partir de este desaf\u00edo, cada a\u00f1o deseamos que muchos chicos, sus profes y familiares, renueven sus expectativas y se re\u00fanan en un encuentro donde confluyan el f\u00fatbol, el turismo y la diversi\u00f3n, con un mensaje netamente formativo\u201d, manifest\u00f3.<br \/>\n   Las canchas de los predios que tanto Automoto como Uni\u00f3n, clubes de la ciudad cabecera del distrito, disponen en la actualidad, ser\u00e1n los escenarios de juego.<br \/>\n   La competencia est\u00e1 orientada a las categor\u00edas 2005-2006, 2007-2008, 2009-2010, 2011-2012, 2013-2014 y 2015 (en este caso masculino o mixto).<br \/>\n   Para el caso del f\u00fatbol femenino, se prev\u00e9n actividades en canchas para nueve jugadoras en las categor\u00edas 2005-2006 y 2007-2008.<br \/>\n   La fiesta inaugural se llevar\u00e1 a cabo en el estadio del club Automoto, el mi\u00e9rcoles 24 a las 20, mientras que el cierre est\u00e1 previsto para el domingo 28, a las 19.<\/p>\n<p>Departamento de Prensa \u2013 Automoto Club Deportivo<br \/>\nwww.clubautomotopasion.com.ar<br \/>\nFacebook: \/automototornquist<br \/>\nTwitter: @ClubAutomoto<br \/>\nYouTube: acdtvideos<\/p>\n","protected":false},"excerpt":{"rendered":"<p>Con el claro objetivo de apuntalar los valores del deporte de base y otorgar un mensaje donde se fomente la amistad, el esp\u00edritu de equipo y la solidaridad entre compa\u00f1eros y rivales, entre el mi\u00e9rcoles 24 y el domingo 28 de febrero se llevar\u00e1 a cabo la primera edici\u00f3n de la Copa Ciudad de Tornquist.<\/p>\n","protected":false},"author":3,"featured_media":51898,"comment_status":"closed","ping_status":"open","sticky":false,"template":"","format":"standard","meta":{"footnotes":""},"categories":[27],"tags":[],"class_list":["post-51897","post","type-post","status-publish","format-standard","has-post-thumbnail","hentry","category-deportes"],"yoast_head":"<!-- This site is optimized with the Yoast SEO plugin v25.9 - https:\/\/yoast.com\/wordpress\/plugins\/seo\/ -->\n<title>La Copa Ciudad de Tornquist, con fecha confirmada - Noticias Radio Reflejos<\/title>\n<meta name=\"robots\" content=\"index, follow, max-snippet:-1, max-image-preview:large, max-video-preview:-1\" \/>\n<link rel=\"canonical\" href=\"https:\/\/www.noticiasradioreflejos.com.ar\/2021\/la-copa-ciudad-de-tornquist-con-fecha-confirmada\/\" \/>\n<meta property=\"og:locale\" content=\"es_ES\" \/>\n<meta property=\"og:type\" content=\"article\" \/>\n<meta property=\"og:title\" content=\"La Copa Ciudad de Tornquist, con fecha confirmada - Noticias Radio Reflejos\" \/>\n<meta property=\"og:description\" content=\"Con el claro objetivo de apuntalar los valores del deporte de base y otorgar un mensaje donde se fomente la amistad, el esp\u00edritu de equipo y la solidaridad entre compa\u00f1eros y rivales, entre el mi\u00e9rcoles 24 y el domingo 28 de febrero se llevar\u00e1 a cabo la primera edici\u00f3n de la Copa Ciudad de Tornquist.\" \/>\n<meta property=\"og:url\" content=\"https:\/\/www.noticiasradioreflejos.com.ar\/2021\/la-copa-ciudad-de-tornquist-con-fecha-confirmada\/\" \/>\n<meta property=\"og:site_name\" content=\"Noticias Radio Reflejos\" \/>\n<meta property=\"article:published_time\" content=\"2021-02-01T10:50:34+00:00\" \/>\n<meta property=\"og:image\" content=\"https:\/\/www.noticiasradioreflejos.com.ar\/2021\/wp-content\/uploads\/2021\/07\/logosol300x200.png\" \/>\n\t<meta property=\"og:image:width\" content=\"300\" \/>\n\t<meta property=\"og:image:height\" content=\"200\" \/>\n\t<meta property=\"og:image:type\" content=\"image\/png\" \/>\n<meta name=\"author\" content=\"Arnaldo Botto\" \/>\n<meta name=\"twitter:card\" content=\"summary_large_image\" \/>\n<script type=\"application\/ld+json\" class=\"yoast-schema-graph\">{\"@context\":\"https:\/\/schema.org\",\"@graph\":[{\"@type\":\"WebPage\",\"@id\":\"https:\/\/www.noticiasradioreflejos.com.ar\/2021\/la-copa-ciudad-de-tornquist-con-fecha-confirmada\/\",\"url\":\"https:\/\/www.noticiasradioreflejos.com.ar\/2021\/la-copa-ciudad-de-tornquist-con-fecha-confirmada\/\",\"name\":\"La Copa Ciudad de Tornquist, con fecha confirmada - Noticias Radio Reflejos\",\"isPartOf\":{\"@id\":\"https:\/\/www.noticiasradioreflejos.com.ar\/2021\/#website\"},\"primaryImageOfPage\":{\"@id\":\"https:\/\/www.noticiasradioreflejos.com.ar\/2021\/la-copa-ciudad-de-tornquist-con-fecha-confirmada\/#primaryimage\"},\"image\":{\"@id\":\"https:\/\/www.noticiasradioreflejos.com.ar\/2021\/la-copa-ciudad-de-tornquist-con-fecha-confirmada\/#primaryimage\"},\"thumbnailUrl\":\"\",\"datePublished\":\"2021-02-01T10:50:34+00:00\",\"author\":{\"@id\":\"https:\/\/www.noticiasradioreflejos.com.ar\/2021\/#\/schema\/person\/ad82545263dcc5ec0996818884fd5fb1\"},\"breadcrumb\":{\"@id\":\"https:\/\/www.noticiasradioreflejos.com.ar\/2021\/la-copa-ciudad-de-tornquist-con-fecha-confirmada\/#breadcrumb\"},\"inLanguage\":\"es\",\"potentialAction\":[{\"@type\":\"ReadAction\",\"target\":[\"https:\/\/www.noticiasradioreflejos.com.ar\/2021\/la-copa-ciudad-de-tornquist-con-fecha-confirmada\/\"]}]},{\"@type\":\"ImageObject\",\"inLanguage\":\"es\",\"@id\":\"https:\/\/www.noticiasradioreflejos.com.ar\/2021\/la-copa-ciudad-de-tornquist-con-fecha-confirmada\/#primaryimage\",\"url\":\"\",\"contentUrl\":\"\"},{\"@type\":\"BreadcrumbList\",\"@id\":\"https:\/\/www.noticiasradioreflejos.com.ar\/2021\/la-copa-ciudad-de-tornquist-con-fecha-confirmada\/#breadcrumb\",\"itemListElement\":[{\"@type\":\"ListItem\",\"position\":1,\"name\":\"Portada\",\"item\":\"https:\/\/www.noticiasradioreflejos.com.ar\/2021\/\"},{\"@type\":\"ListItem\",\"position\":2,\"name\":\"La Copa Ciudad de Tornquist, con fecha confirmada\"}]},{\"@type\":\"WebSite\",\"@id\":\"https:\/\/www.noticiasradioreflejos.com.ar\/2021\/#website\",\"url\":\"https:\/\/www.noticiasradioreflejos.com.ar\/2021\/\",\"name\":\"Noticias Radio Reflejos\",\"description\":\"Las noticias de mi comarca\",\"potentialAction\":[{\"@type\":\"SearchAction\",\"target\":{\"@type\":\"EntryPoint\",\"urlTemplate\":\"https:\/\/www.noticiasradioreflejos.com.ar\/2021\/?s={search_term_string}\"},\"query-input\":{\"@type\":\"PropertyValueSpecification\",\"valueRequired\":true,\"valueName\":\"search_term_string\"}}],\"inLanguage\":\"es\"},{\"@type\":\"Person\",\"@id\":\"https:\/\/www.noticiasradioreflejos.com.ar\/2021\/#\/schema\/person\/ad82545263dcc5ec0996818884fd5fb1\",\"name\":\"Arnaldo Botto\",\"image\":{\"@type\":\"ImageObject\",\"inLanguage\":\"es\",\"@id\":\"https:\/\/www.noticiasradioreflejos.com.ar\/2021\/#\/schema\/person\/image\/\",\"url\":\"https:\/\/secure.gravatar.com\/avatar\/55cb5e37c1efa326397366e6974cb338056df65cb50e7d64d1cf314e87504837?s=96&d=mm&r=g\",\"contentUrl\":\"https:\/\/secure.gravatar.com\/avatar\/55cb5e37c1efa326397366e6974cb338056df65cb50e7d64d1cf314e87504837?s=96&d=mm&r=g\",\"caption\":\"Arnaldo Botto\"},\"url\":\"https:\/\/www.noticiasradioreflejos.com.ar\/2021\/author\/arnaldo\/\"}]}<\/script>\n<!-- \/ Yoast SEO plugin. -->","yoast_head_json":{"title":"La Copa Ciudad de Tornquist, con fecha confirmada - Noticias Radio Reflejos","robots":{"index":"index","follow":"follow","max-snippet":"max-snippet:-1","max-image-preview":"max-image-preview:large","max-video-preview":"max-video-preview:-1"},"canonical":"https:\/\/www.noticiasradioreflejos.com.ar\/2021\/la-copa-ciudad-de-tornquist-con-fecha-confirmada\/","og_locale":"es_ES","og_type":"article","og_title":"La Copa Ciudad de Tornquist, con fecha confirmada - Noticias Radio Reflejos","og_description":"Con el claro objetivo de apuntalar los valores del deporte de base y otorgar un mensaje donde se fomente la amistad, el esp\u00edritu de equipo y la solidaridad entre compa\u00f1eros y rivales, entre el mi\u00e9rcoles 24 y el domingo 28 de febrero se llevar\u00e1 a cabo la primera edici\u00f3n de la Copa Ciudad de Tornquist.","og_url":"https:\/\/www.noticiasradioreflejos.com.ar\/2021\/la-copa-ciudad-de-tornquist-con-fecha-confirmada\/","og_site_name":"Noticias Radio Reflejos","article_published_time":"2021-02-01T10:50:34+00:00","og_image":[{"width":300,"height":200,"url":"https:\/\/www.noticiasradioreflejos.com.ar\/2021\/wp-content\/uploads\/2021\/07\/logosol300x200.png","type":"image\/png"}],"author":"Arnaldo Botto","twitter_card":"summary_large_image","schema":{"@context":"https:\/\/schema.org","@graph":[{"@type":"WebPage","@id":"https:\/\/www.noticiasradioreflejos.com.ar\/2021\/la-copa-ciudad-de-tornquist-con-fecha-confirmada\/","url":"https:\/\/www.noticiasradioreflejos.com.ar\/2021\/la-copa-ciudad-de-tornquist-con-fecha-confirmada\/","name":"La Copa Ciudad de Tornquist, con fecha confirmada - Noticias Radio Reflejos","isPartOf":{"@id":"https:\/\/www.noticiasradioreflejos.com.ar\/2021\/#website"},"primaryImageOfPage":{"@id":"https:\/\/www.noticiasradioreflejos.com.ar\/2021\/la-copa-ciudad-de-tornquist-con-fecha-confirmada\/#primaryimage"},"image":{"@id":"https:\/\/www.noticiasradioreflejos.com.ar\/2021\/la-copa-ciudad-de-tornquist-con-fecha-confirmada\/#primaryimage"},"thumbnailUrl":"","datePublished":"2021-02-01T10:50:34+00:00","author":{"@id":"https:\/\/www.noticiasradioreflejos.com.ar\/2021\/#\/schema\/person\/ad82545263dcc5ec0996818884fd5fb1"},"breadcrumb":{"@id":"https:\/\/www.noticiasradioreflejos.com.ar\/2021\/la-copa-ciudad-de-tornquist-con-fecha-confirmada\/#breadcrumb"},"inLanguage":"es","potentialAction":[{"@type":"ReadAction","target":["https:\/\/www.noticiasradioreflejos.com.ar\/2021\/la-copa-ciudad-de-tornquist-con-fecha-confirmada\/"]}]},{"@type":"ImageObject","inLanguage":"es","@id":"https:\/\/www.noticiasradioreflejos.com.ar\/2021\/la-copa-ciudad-de-tornquist-con-fecha-confirmada\/#primaryimage","url":"","contentUrl":""},{"@type":"BreadcrumbList","@id":"https:\/\/www.noticiasradioreflejos.com.ar\/2021\/la-copa-ciudad-de-tornquist-con-fecha-confirmada\/#breadcrumb","itemListElement":[{"@type":"ListItem","position":1,"name":"Portada","item":"https:\/\/www.noticiasradioreflejos.com.ar\/2021\/"},{"@type":"ListItem","position":2,"name":"La Copa Ciudad de Tornquist, con fecha confirmada"}]},{"@type":"WebSite","@id":"https:\/\/www.noticiasradioreflejos.com.ar\/2021\/#website","url":"https:\/\/www.noticiasradioreflejos.com.ar\/2021\/","name":"Noticias Radio Reflejos","description":"Las noticias de mi comarca","potentialAction":[{"@type":"SearchAction","target":{"@type":"EntryPoint","urlTemplate":"https:\/\/www.noticiasradioreflejos.com.ar\/2021\/?s={search_term_string}"},"query-input":{"@type":"PropertyValueSpecification","valueRequired":true,"valueName":"search_term_string"}}],"inLanguage":"es"},{"@type":"Person","@id":"https:\/\/www.noticiasradioreflejos.com.ar\/2021\/#\/schema\/person\/ad82545263dcc5ec0996818884fd5fb1","name":"Arnaldo Botto","image":{"@type":"ImageObject","inLanguage":"es","@id":"https:\/\/www.noticiasradioreflejos.com.ar\/2021\/#\/schema\/person\/image\/","url":"https:\/\/secure.gravatar.com\/avatar\/55cb5e37c1efa326397366e6974cb338056df65cb50e7d64d1cf314e87504837?s=96&d=mm&r=g","contentUrl":"https:\/\/secure.gravatar.com\/avatar\/55cb5e37c1efa326397366e6974cb338056df65cb50e7d64d1cf314e87504837?s=96&d=mm&r=g","caption":"Arnaldo Botto"},"url":"https:\/\/www.noticiasradioreflejos.com.ar\/2021\/author\/arnaldo\/"}]}},"_links":{"self":[{"href":"https:\/\/www.noticiasradioreflejos.com.ar\/2021\/wp-json\/wp\/v2\/posts\/51897","targetHints":{"allow":["GET"]}}],"collection":[{"href":"https:\/\/www.noticiasradioreflejos.com.ar\/2021\/wp-json\/wp\/v2\/posts"}],"about":[{"href":"https:\/\/www.noticiasradioreflejos.com.ar\/2021\/wp-json\/wp\/v2\/types\/post"}],"author":[{"embeddable":true,"href":"https:\/\/www.noticiasradioreflejos.com.ar\/2021\/wp-json\/wp\/v2\/users\/3"}],"replies":[{"embeddable":true,"href":"https:\/\/www.noticiasradioreflejos.com.ar\/2021\/wp-json\/wp\/v2\/comments?post=51897"}],"version-history":[{"count":0,"href":"https:\/\/www.noticiasradioreflejos.com.ar\/2021\/wp-json\/wp\/v2\/posts\/51897\/revisions"}],"wp:featuredmedia":[{"embeddable":true,"href":"https:\/\/www.noticiasradioreflejos.com.ar\/2021\/wp-json\/"}],"wp:attachment":[{"href":"https:\/\/www.noticiasradioreflejos.com.ar\/2021\/wp-json\/wp\/v2\/media?parent=51897"}],"wp:term":[{"taxonomy":"category","embeddable":true,"href":"https:\/\/www.noticiasradioreflejos.com.ar\/2021\/wp-json\/wp\/v2\/categories?post=51897"},{"taxonomy":"post_tag","embeddable":true,"href":"https:\/\/www.noticiasradioreflejos.com.ar\/2021\/wp-json\/wp\/v2\/tags?post=51897"}],"curies":[{"name":"wp","href":"https:\/\/api.w.org\/{rel}","templated":true}]}}