{"id":51894,"date":"2021-01-31T13:06:13","date_gmt":"2021-01-31T16:06:13","guid":{"rendered":"http:\/\/www.noticiasradioreflejos.com.ar\/noticias\/?p=51894"},"modified":"2021-01-31T13:06:13","modified_gmt":"2021-01-31T16:06:13","slug":"el-monto-de-la-tarjeta-alimentar-aumentara-un-50","status":"publish","type":"post","link":"https:\/\/www.noticiasradioreflejos.com.ar\/2021\/el-monto-de-la-tarjeta-alimentar-aumentara-un-50\/","title":{"rendered":"El monto de la Tarjeta Alimentar aumentar\u00e1 un 50%"},"content":{"rendered":"<p>Aunque todav\u00eda no hay anuncio formal, la medida fue anticipada por el Ministerio de Desarrollo Social.<!--more--><\/p>\n<p>Seg\u00fan confirm\u00f3 Daniel Arroyo, ministro de Desarrollo Social, los montos de la Tarjeta Alimentar aumentar\u00e1n un 50%. En di\u00e1logo con el programa \u00abERE\u00bb del canal C5N, el funcionario adelant\u00f3 que \u00abestamos evaluando un aumento del 50%. Queremos mejorar la calidad alimentaria\u00bb.<\/p>\n<p>De esta forma, los montos mensuales se elevar\u00edan a $6.000 y 9.000, seg\u00fan corresponda a los beneficiarios de la Asignaci\u00f3n Universal por Hijo ( AUH) y la Asignaci\u00f3n por Embarazo (AUE). Adem\u00e1s, Arroyo aclar\u00f3 que esta suba ser\u00e1 revisada durante este a\u00f1o y se evaluar\u00e1n nuevas alzas seg\u00fan avance el costo de vida.<\/p>\n<p>Por otro lado resalt\u00f3 que \u00abla tarjeta se carga el tercer viernes de cada mes. Es decir, ya se carg\u00f3 el monto correspondiente a enero, por lo cual estamos organizando todo para el 19 de febrero\u00bb.<\/p>\n<p>As\u00ed quedar\u00edan los nuevos valores de la Tarjeta Alimentar:<br \/>\nFamilias con un menor de hasta seis a\u00f1os que cobran la AUH: $6.000<\/p>\n<p>Familias con menores de hasta seis a\u00f1os que cobran la AUH: $9.000<\/p>\n<p>Embarazadas desde los tres meses de gestaci\u00f3n que perciben la Asignaci\u00f3n por Embarazo: $6.000<\/p>\n<p>Personas con discapacidad que perciben AUH: $6.000 si tienen un menor y $9.000 si tienen dos o m\u00e1s menores.<\/p>\n<p>C\u00f3mo y qui\u00e9nes la obtienen<br \/>\nEl Gobierno entrega la Tarjeta Alimentar en diferentes etapas en todo el pa\u00eds. Para conocer cu\u00e1ndo se puede retirar se debe consultar en tarjetaalimentaria.argentina.gob.ar.<\/p>\n<p>S\u00f3lo podr\u00e1n obtenerla aquellas personas que cobren la Asignaci\u00f3n Universal por Hijo con hijas e hijos de hasta 6 a\u00f1os inclusive, embarazadas a partir de los 3 meses que cobren la Asignaci\u00f3n por Embarazo para Protecci\u00f3n Social y personas con discapacidad que cobren la Asignaci\u00f3n Universal por Hijo, sin l\u00edmite de edad.<\/p>\n<p>Para acceder a los saldos mensuales no es necesario inscribirse en ning\u00fan registro ni tramitarla ya que la otorgaci\u00f3n es autom\u00e1tica, cruzando bases de datos del Anses y de la Asignaci\u00f3n Universal por Hijo ( AUH) o la Asignaci\u00f3n por Embarazo.<\/p>\n<p>ANSES ser\u00e1 quien notifique al titular que est\u00e1 en condiciones de retirar su tarjeta por el banco que determine cada provincia. Las notificaciones se realizar\u00e1n v\u00eda telef\u00f3nica o por SMS al n\u00famero registrado en la base de ANSES.<\/p>\n<p>Fuente: El D\u00eda<\/p>\n","protected":false},"excerpt":{"rendered":"<p>Aunque todav\u00eda no hay anuncio formal, la medida fue anticipada por el Ministerio de Desarrollo Social.<\/p>\n","protected":false},"author":3,"featured_media":0,"comment_status":"closed","ping_status":"open","sticky":false,"template":"","format":"standard","meta":{"footnotes":""},"categories":[36,24,26],"tags":[],"class_list":["post-51894","post","type-post","status-publish","format-standard","hentry","category-economia","category-politica","category-sociedad"],"yoast_head":"<!-- This site is optimized with the Yoast SEO plugin v25.9 - https:\/\/yoast.com\/wordpress\/plugins\/seo\/ -->\n<title>El monto de la Tarjeta Alimentar aumentar\u00e1 un 50% - Noticias Radio Reflejos<\/title>\n<meta name=\"robots\" content=\"index, follow, max-snippet:-1, max-image-preview:large, max-video-preview:-1\" \/>\n<link rel=\"canonical\" href=\"https:\/\/www.noticiasradioreflejos.com.ar\/2021\/el-monto-de-la-tarjeta-alimentar-aumentara-un-50\/\" \/>\n<meta property=\"og:locale\" content=\"es_ES\" \/>\n<meta property=\"og:type\" content=\"article\" \/>\n<meta property=\"og:title\" content=\"El monto de la Tarjeta Alimentar aumentar\u00e1 un 50% - Noticias Radio Reflejos\" \/>\n<meta property=\"og:description\" content=\"Aunque todav\u00eda no hay anuncio formal, la medida fue anticipada por el Ministerio de Desarrollo Social.\" \/>\n<meta property=\"og:url\" content=\"https:\/\/www.noticiasradioreflejos.com.ar\/2021\/el-monto-de-la-tarjeta-alimentar-aumentara-un-50\/\" \/>\n<meta property=\"og:site_name\" content=\"Noticias Radio Reflejos\" \/>\n<meta property=\"article:published_time\" content=\"2021-01-31T16:06:13+00:00\" \/>\n<meta property=\"og:image\" content=\"https:\/\/www.noticiasradioreflejos.com.ar\/2021\/wp-content\/uploads\/2021\/07\/logosol300x200.png\" \/>\n\t<meta property=\"og:image:width\" content=\"300\" \/>\n\t<meta property=\"og:image:height\" content=\"200\" \/>\n\t<meta property=\"og:image:type\" content=\"image\/png\" \/>\n<meta name=\"author\" content=\"Arnaldo Botto\" \/>\n<meta name=\"twitter:card\" content=\"summary_large_image\" \/>\n<script type=\"application\/ld+json\" class=\"yoast-schema-graph\">{\"@context\":\"https:\/\/schema.org\",\"@graph\":[{\"@type\":\"WebPage\",\"@id\":\"https:\/\/www.noticiasradioreflejos.com.ar\/2021\/el-monto-de-la-tarjeta-alimentar-aumentara-un-50\/\",\"url\":\"https:\/\/www.noticiasradioreflejos.com.ar\/2021\/el-monto-de-la-tarjeta-alimentar-aumentara-un-50\/\",\"name\":\"El monto de la Tarjeta Alimentar aumentar\u00e1 un 50% - Noticias Radio Reflejos\",\"isPartOf\":{\"@id\":\"https:\/\/www.noticiasradioreflejos.com.ar\/2021\/#website\"},\"datePublished\":\"2021-01-31T16:06:13+00:00\",\"author\":{\"@id\":\"https:\/\/www.noticiasradioreflejos.com.ar\/2021\/#\/schema\/person\/ad82545263dcc5ec0996818884fd5fb1\"},\"breadcrumb\":{\"@id\":\"https:\/\/www.noticiasradioreflejos.com.ar\/2021\/el-monto-de-la-tarjeta-alimentar-aumentara-un-50\/#breadcrumb\"},\"inLanguage\":\"es\",\"potentialAction\":[{\"@type\":\"ReadAction\",\"target\":[\"https:\/\/www.noticiasradioreflejos.com.ar\/2021\/el-monto-de-la-tarjeta-alimentar-aumentara-un-50\/\"]}]},{\"@type\":\"BreadcrumbList\",\"@id\":\"https:\/\/www.noticiasradioreflejos.com.ar\/2021\/el-monto-de-la-tarjeta-alimentar-aumentara-un-50\/#breadcrumb\",\"itemListElement\":[{\"@type\":\"ListItem\",\"position\":1,\"name\":\"Portada\",\"item\":\"https:\/\/www.noticiasradioreflejos.com.ar\/2021\/\"},{\"@type\":\"ListItem\",\"position\":2,\"name\":\"El monto de la Tarjeta Alimentar aumentar\u00e1 un 50%\"}]},{\"@type\":\"WebSite\",\"@id\":\"https:\/\/www.noticiasradioreflejos.com.ar\/2021\/#website\",\"url\":\"https:\/\/www.noticiasradioreflejos.com.ar\/2021\/\",\"name\":\"Noticias Radio Reflejos\",\"description\":\"Las noticias de mi comarca\",\"potentialAction\":[{\"@type\":\"SearchAction\",\"target\":{\"@type\":\"EntryPoint\",\"urlTemplate\":\"https:\/\/www.noticiasradioreflejos.com.ar\/2021\/?s={search_term_string}\"},\"query-input\":{\"@type\":\"PropertyValueSpecification\",\"valueRequired\":true,\"valueName\":\"search_term_string\"}}],\"inLanguage\":\"es\"},{\"@type\":\"Person\",\"@id\":\"https:\/\/www.noticiasradioreflejos.com.ar\/2021\/#\/schema\/person\/ad82545263dcc5ec0996818884fd5fb1\",\"name\":\"Arnaldo Botto\",\"image\":{\"@type\":\"ImageObject\",\"inLanguage\":\"es\",\"@id\":\"https:\/\/www.noticiasradioreflejos.com.ar\/2021\/#\/schema\/person\/image\/\",\"url\":\"https:\/\/secure.gravatar.com\/avatar\/55cb5e37c1efa326397366e6974cb338056df65cb50e7d64d1cf314e87504837?s=96&d=mm&r=g\",\"contentUrl\":\"https:\/\/secure.gravatar.com\/avatar\/55cb5e37c1efa326397366e6974cb338056df65cb50e7d64d1cf314e87504837?s=96&d=mm&r=g\",\"caption\":\"Arnaldo Botto\"},\"url\":\"https:\/\/www.noticiasradioreflejos.com.ar\/2021\/author\/arnaldo\/\"}]}<\/script>\n<!-- \/ Yoast SEO plugin. -->","yoast_head_json":{"title":"El monto de la Tarjeta Alimentar aumentar\u00e1 un 50% - Noticias Radio Reflejos","robots":{"index":"index","follow":"follow","max-snippet":"max-snippet:-1","max-image-preview":"max-image-preview:large","max-video-preview":"max-video-preview:-1"},"canonical":"https:\/\/www.noticiasradioreflejos.com.ar\/2021\/el-monto-de-la-tarjeta-alimentar-aumentara-un-50\/","og_locale":"es_ES","og_type":"article","og_title":"El monto de la Tarjeta Alimentar aumentar\u00e1 un 50% - Noticias Radio Reflejos","og_description":"Aunque todav\u00eda no hay anuncio formal, la medida fue anticipada por el Ministerio de Desarrollo Social.","og_url":"https:\/\/www.noticiasradioreflejos.com.ar\/2021\/el-monto-de-la-tarjeta-alimentar-aumentara-un-50\/","og_site_name":"Noticias Radio Reflejos","article_published_time":"2021-01-31T16:06:13+00:00","og_image":[{"width":300,"height":200,"url":"https:\/\/www.noticiasradioreflejos.com.ar\/2021\/wp-content\/uploads\/2021\/07\/logosol300x200.png","type":"image\/png"}],"author":"Arnaldo Botto","twitter_card":"summary_large_image","schema":{"@context":"https:\/\/schema.org","@graph":[{"@type":"WebPage","@id":"https:\/\/www.noticiasradioreflejos.com.ar\/2021\/el-monto-de-la-tarjeta-alimentar-aumentara-un-50\/","url":"https:\/\/www.noticiasradioreflejos.com.ar\/2021\/el-monto-de-la-tarjeta-alimentar-aumentara-un-50\/","name":"El monto de la Tarjeta Alimentar aumentar\u00e1 un 50% - Noticias Radio Reflejos","isPartOf":{"@id":"https:\/\/www.noticiasradioreflejos.com.ar\/2021\/#website"},"datePublished":"2021-01-31T16:06:13+00:00","author":{"@id":"https:\/\/www.noticiasradioreflejos.com.ar\/2021\/#\/schema\/person\/ad82545263dcc5ec0996818884fd5fb1"},"breadcrumb":{"@id":"https:\/\/www.noticiasradioreflejos.com.ar\/2021\/el-monto-de-la-tarjeta-alimentar-aumentara-un-50\/#breadcrumb"},"inLanguage":"es","potentialAction":[{"@type":"ReadAction","target":["https:\/\/www.noticiasradioreflejos.com.ar\/2021\/el-monto-de-la-tarjeta-alimentar-aumentara-un-50\/"]}]},{"@type":"BreadcrumbList","@id":"https:\/\/www.noticiasradioreflejos.com.ar\/2021\/el-monto-de-la-tarjeta-alimentar-aumentara-un-50\/#breadcrumb","itemListElement":[{"@type":"ListItem","position":1,"name":"Portada","item":"https:\/\/www.noticiasradioreflejos.com.ar\/2021\/"},{"@type":"ListItem","position":2,"name":"El monto de la Tarjeta Alimentar aumentar\u00e1 un 50%"}]},{"@type":"WebSite","@id":"https:\/\/www.noticiasradioreflejos.com.ar\/2021\/#website","url":"https:\/\/www.noticiasradioreflejos.com.ar\/2021\/","name":"Noticias Radio Reflejos","description":"Las noticias de mi comarca","potentialAction":[{"@type":"SearchAction","target":{"@type":"EntryPoint","urlTemplate":"https:\/\/www.noticiasradioreflejos.com.ar\/2021\/?s={search_term_string}"},"query-input":{"@type":"PropertyValueSpecification","valueRequired":true,"valueName":"search_term_string"}}],"inLanguage":"es"},{"@type":"Person","@id":"https:\/\/www.noticiasradioreflejos.com.ar\/2021\/#\/schema\/person\/ad82545263dcc5ec0996818884fd5fb1","name":"Arnaldo Botto","image":{"@type":"ImageObject","inLanguage":"es","@id":"https:\/\/www.noticiasradioreflejos.com.ar\/2021\/#\/schema\/person\/image\/","url":"https:\/\/secure.gravatar.com\/avatar\/55cb5e37c1efa326397366e6974cb338056df65cb50e7d64d1cf314e87504837?s=96&d=mm&r=g","contentUrl":"https:\/\/secure.gravatar.com\/avatar\/55cb5e37c1efa326397366e6974cb338056df65cb50e7d64d1cf314e87504837?s=96&d=mm&r=g","caption":"Arnaldo Botto"},"url":"https:\/\/www.noticiasradioreflejos.com.ar\/2021\/author\/arnaldo\/"}]}},"_links":{"self":[{"href":"https:\/\/www.noticiasradioreflejos.com.ar\/2021\/wp-json\/wp\/v2\/posts\/51894","targetHints":{"allow":["GET"]}}],"collection":[{"href":"https:\/\/www.noticiasradioreflejos.com.ar\/2021\/wp-json\/wp\/v2\/posts"}],"about":[{"href":"https:\/\/www.noticiasradioreflejos.com.ar\/2021\/wp-json\/wp\/v2\/types\/post"}],"author":[{"embeddable":true,"href":"https:\/\/www.noticiasradioreflejos.com.ar\/2021\/wp-json\/wp\/v2\/users\/3"}],"replies":[{"embeddable":true,"href":"https:\/\/www.noticiasradioreflejos.com.ar\/2021\/wp-json\/wp\/v2\/comments?post=51894"}],"version-history":[{"count":0,"href":"https:\/\/www.noticiasradioreflejos.com.ar\/2021\/wp-json\/wp\/v2\/posts\/51894\/revisions"}],"wp:attachment":[{"href":"https:\/\/www.noticiasradioreflejos.com.ar\/2021\/wp-json\/wp\/v2\/media?parent=51894"}],"wp:term":[{"taxonomy":"category","embeddable":true,"href":"https:\/\/www.noticiasradioreflejos.com.ar\/2021\/wp-json\/wp\/v2\/categories?post=51894"},{"taxonomy":"post_tag","embeddable":true,"href":"https:\/\/www.noticiasradioreflejos.com.ar\/2021\/wp-json\/wp\/v2\/tags?post=51894"}],"curies":[{"name":"wp","href":"https:\/\/api.w.org\/{rel}","templated":true}]}}