{"id":51890,"date":"2021-01-31T12:40:55","date_gmt":"2021-01-31T15:40:55","guid":{"rendered":"http:\/\/www.noticiasradioreflejos.com.ar\/noticias\/?p=51890"},"modified":"2021-01-31T12:40:55","modified_gmt":"2021-01-31T15:40:55","slug":"santiago-del-estero-el-hallazgo-de-un-gliptodonte-sorprende-a-los-investigadores","status":"publish","type":"post","link":"https:\/\/www.noticiasradioreflejos.com.ar\/2021\/santiago-del-estero-el-hallazgo-de-un-gliptodonte-sorprende-a-los-investigadores\/","title":{"rendered":"Santiago del Estero: el hallazgo de un gliptodonte sorprende a los investigadores"},"content":{"rendered":"<p>Los expertos del equipo conformado por investigadores del Conicet de Santiago del Estero, Santa Fe y Entre R\u00edos, calificaron el descubrimiento como \u00abinteresante\u00bb y \u00abnovedoso\u00bb, ya que \u00abse trata de un gliptodonte denominado Panochthus\u00bb, un g\u00e9nero poco com\u00fan.<!--more--><\/p>\n<p>Los restos f\u00f3siles de gliptodonte encontrados recientemente en Santiago del Estero pertenecer\u00edan a un ejemplar de Panochtus que \u00absolo se conoc\u00eda para Buenos Aires\u00bb y que ser\u00eda \u00abel segundo registro en Argentina\u00bb de una especie con escas\u00edsimos restos hallados, seg\u00fan especialistas consultados por T\u00e9lam.<\/p>\n<p>Las placas \u00f3seas que conforman la coraza de ese animal se hallaron en la cuenca del r\u00edo Dulce, a la altura de Los Miranda, en el departamento R\u00edo Hondo.<\/p>\n<p>\u00abUno dir\u00eda &#8216;otro gliptodonte m\u00e1s&#8217;, pero resulta que los restos f\u00f3siles hallados en Santiago del Estero corresponden a un g\u00e9nero que conforman los gliptodontes m\u00e1s grandes registrados en Argentina y Am\u00e9rica del Sur\u00bb, explic\u00f3 a T\u00e9lam el<strong>\u00a0paleont\u00f3logo e investigador de Conicet, Ra\u00fal Vezzosi<\/strong>.<\/p>\n<div class=\"video\"><\/div>\n<p><iframe loading=\"lazy\" src=\"https:\/\/www.youtube.com\/embed\/60RfZSFjH80\" width=\"560\" height=\"315\" frameborder=\"0\" allowfullscreen=\"allowfullscreen\"><\/iframe><\/p>\n<p>El experto, que forma parte de un equipo conformado por investigadores del Conicet de Santiago del Estero, Santa Fe y Entre R\u00edos que estudian este hallazgo.\u00a0<strong>calific\u00f3 el descubrimiento de los restos como \u00abinteresante\u00bb y \u00abnovedoso\u00bb, ya que \u00abse trata de un gliptodonte denominado Panochthus\u00bb, un g\u00e9nero poco com\u00fan<\/strong>.<\/p>\n<div class=\"auth\">Los detalles del animal hallado<\/div>\n<p>Vezzosi detall\u00f3 que se trata \u00abde un mam\u00edfero relacionado con las Mulitas y al Tat\u00fa Carreta que existen hoy en d\u00eda en el monte santiague\u00f1o\u00bb.<\/p>\n<p><strong>\u00abEste ejemplar de gliptodonte contar\u00eda con una masa corporal que supera la tonelada de peso y puede alcanzar los 2,5 a 3 metros\u00a0<\/strong>de longitud\u00bb, detall\u00f3 el especialista, quien adem\u00e1s aclar\u00f3 que este mam\u00edfero era un herb\u00edvoro especializado.<\/p>\n<p>Sobre la antig\u00fcedad de los restos encontrados, manifest\u00f3 que \u00ablas caracter\u00edsticas que se evidencian de este registro, dada la informaci\u00f3n geol\u00f3gica preliminar y la antig\u00fcedad de los sedimentos que lo conten\u00edan, podr\u00edan<strong>\u00a0ubicarlo temporalmente entre el Pleistoceno final y comienzos del Holoceno\u00a0<\/strong>(130.000 a 11.000 a\u00f1os antes del presente)\u00bb, aunque aclar\u00f3 que \u00aba\u00fan se necesitan m\u00e1s estudios para precisar estas hip\u00f3tesis preliminares\u00bb.<\/p>\n<p>Vezzosi precis\u00f3 que \u00ablo que ha sido recuperado es un gran fragmento de la coraza de este gliptodonte Panochthus\u00bb, y agreg\u00f3 que \u00abpor la forma de sus placas \u00f3seas, que se llaman osteodermos, estamos empezando a ver que no se tratar\u00eda de una especie com\u00fanmente registrada en Argentina\u00bb.<\/p>\n<p>Sobre ese aspecto, a\u00f1adi\u00f3 que \u00abdadas nuestras investigaciones preliminares, en los osteodermos podemos ver que tienen una figura central circular que est\u00e1 rodeada por otro n\u00famero de figuritas m\u00e1s peque\u00f1as\u00bb.<\/p>\n<div class=\"js-code\">\n<p><iframe loading=\"lazy\" src=\"https:\/\/w.soundcloud.com\/player\/?url=https%3A\/\/api.soundcloud.com\/tracks\/975777892&amp;color=%23ff5500&amp;auto_play=false&amp;hide_related=false&amp;show_comments=true&amp;show_user=true&amp;show_reposts=false&amp;show_teaser=true\" width=\"100%\" height=\"166\" frameborder=\"no\" scrolling=\"no\"><\/iframe><\/p>\n<div><a title=\"PODCAST\" href=\"https:\/\/soundcloud.com\/user-961456406\" target=\"_blank\" rel=\"noopener\">PODCAST<\/a>\u00a0\u00b7\u00a0<a title=\"EL IN\u00c9DITO HALLAZGO EN SANTIAGO DEL ESTERO DE UN GLIPTODONTE QUE SORPRENDE A INVESTIGADORES\" href=\"https:\/\/soundcloud.com\/user-961456406\/hallazgo-de-fosiles-los-gliptodontes-pesaban-1-tonelada-y-median-entre-2-y-3-metros-1\" target=\"_blank\" rel=\"noopener\">EL IN\u00c9DITO HALLAZGO EN SANTIAGO DEL ESTERO DE UN GLIPTODONTE QUE SORPRENDE A INVESTIGADORES<\/a><\/div>\n<\/div>\n<p>El especialista explic\u00f3 que \u00abestas caracter\u00edsticas anat\u00f3micas en la forma de las plaquitas, como se conocen convencionalmente, solo han sido halladas -al momento- en pocos ejemplares de Panochthus en Am\u00e9rica del Sur\u00bb; y puntualiz\u00f3 que uno de ellos fue encontrado \u00aben Buenos Aires y otro en Bolivia\u00bb.<\/p>\n<p>De todos modos, deben continuar los estudios para confirmar estas primeras hip\u00f3tesis, ya que \u00abhay restos de placas aisladas que han sido publicadas en Uruguay y otras m\u00e1s viejas en 1965\u00bb.<\/p>\n<div id=\"image\" class=\"image\">\n<p><img decoding=\"async\" title=\"Se trata &quot;de un mam\u00edfero relacionado con las Mulitas y al Tat\u00fa Carreta que existen hoy en d\u00eda&quot;, dijeron los especialistas.\" src=\"https:\/\/www.telam.com.ar\/advf\/imagenes\/2021\/01\/6011c1973a55c_1004x565.jpg\" alt=\"Se trata &quot;de un mam\u00edfero relacionado con las Mulitas y al Tat\u00fa Carreta que existen hoy en d\u00eda&quot;, dijeron los especialistas.\" \/><\/p>\n<div class=\"epigrafe\">Se trata \u00abde un mam\u00edfero relacionado con las Mulitas y al Tat\u00fa Carreta que existen hoy en d\u00eda\u00bb, dijeron los especialistas.<\/div>\n<\/div>\n<p>\u00abDe confirmarse, estar\u00edamos en presencia de un ejemplar de Panochthus que solo se conoc\u00eda para Buenos Aires y no hay m\u00e1s evidencia\u00bb, destac\u00f3 entusiasta.<\/p>\n<p>Seg\u00fan el investigador, el gliptodonte encontrado en Santiago del Estero presenta una caparaz\u00f3n o coraza de grandes dimensiones, y junto al Doedicurus \u00abrepresentan las &#8216;mulitas&#8217; m\u00e1s grandes del Cuaternario\u00bb.<\/p>\n<p>Los\u00a0<strong>paleont\u00f3logos del Conicet que registraron los restos del ejemplar esperan recabar m\u00e1s informaci\u00f3n a trav\u00e9s de los ge\u00f3logos\u00a0<\/strong>del equipo, que estudiar\u00e1n el sitio de recolecci\u00f3n.<\/p>\n<p>En una primera interpretaci\u00f3n, \u00ab<strong>resultar\u00eda ser un registro mucho m\u00e1s joven en antig\u00fcedad, en t\u00e9rminos geol\u00f3gicos<\/strong>, que aquellos restos recuperados en Buenos Aires y Bolivia\u00bb, se\u00f1al\u00f3 el cient\u00edfico.<\/p>\n<p>Vezzosi expres\u00f3 a T\u00e9lam que estos hallazgos pueden recuperarse porque la cuenca del r\u00edo Dulce ha descendido considerablemente en su caudal por las grandes sequ\u00edas, lo que permite apreciar niveles geol\u00f3gicos y afloramientos que en \u00e9pocas de crecidas no se encuentran a la vista.<\/p>\n<p>\u00ab<strong>Para la regi\u00f3n chaque\u00f1a resulta ser un gran hallazgo<\/strong>\u00a0porque el registro previo de esta regi\u00f3n est\u00e1 mencionado en afloramientos de Bolivia y no hab\u00eda hallazgos previos en Argentina\u00bb, remarc\u00f3 el investigador.<\/p>\n<p>\u00abHay estudios y hallazgos de otras especies de Panochthus para Santiago del Estero, pero esta presumible especie distinta, dada la forma de las placas, no estaba registrada a\u00fan\u00bb, manifest\u00f3.<\/p>\n<div id=\"image\" class=\"image\"><img decoding=\"async\" title=\"\" src=\"https:\/\/www.telam.com.ar\/advf\/imagenes\/2021\/01\/6015cc022ae71_1004x2693.jpg\" alt=\"\" \/><\/div>\n<div class=\"btn_externos\"><\/div>\n<div class=\"btn_externos\">\n<h4><strong><span style=\"color: #3366ff;\">Por Soledad Gonz\u00e1lez para Telam<\/span><\/strong><\/h4>\n<\/div>\n<div class=\"wrapper-tags\"><\/div>\n","protected":false},"excerpt":{"rendered":"<p>Los expertos del equipo conformado por investigadores del Conicet de Santiago del Estero, Santa Fe y Entre R\u00edos, calificaron el descubrimiento como \u00abinteresante\u00bb y \u00abnovedoso\u00bb, ya que \u00abse trata de un gliptodonte denominado Panochthus\u00bb, un g\u00e9nero poco com\u00fan.<\/p>\n","protected":false},"author":3,"featured_media":51891,"comment_status":"closed","ping_status":"open","sticky":false,"template":"","format":"standard","meta":{"footnotes":""},"categories":[35,34,26],"tags":[],"class_list":["post-51890","post","type-post","status-publish","format-standard","has-post-thumbnail","hentry","category-cultura","category-educacion","category-sociedad"],"yoast_head":"<!-- This site is optimized with the Yoast SEO plugin v25.9 - https:\/\/yoast.com\/wordpress\/plugins\/seo\/ -->\n<title>Santiago del Estero: el hallazgo de un gliptodonte sorprende a los investigadores - Noticias Radio Reflejos<\/title>\n<meta name=\"robots\" content=\"index, follow, max-snippet:-1, max-image-preview:large, max-video-preview:-1\" \/>\n<link rel=\"canonical\" href=\"https:\/\/www.noticiasradioreflejos.com.ar\/2021\/santiago-del-estero-el-hallazgo-de-un-gliptodonte-sorprende-a-los-investigadores\/\" \/>\n<meta property=\"og:locale\" content=\"es_ES\" \/>\n<meta property=\"og:type\" content=\"article\" \/>\n<meta property=\"og:title\" content=\"Santiago del Estero: el hallazgo de un gliptodonte sorprende a los investigadores - Noticias Radio Reflejos\" \/>\n<meta property=\"og:description\" content=\"Los expertos del equipo conformado por investigadores del Conicet de Santiago del Estero, Santa Fe y Entre R\u00edos, calificaron el descubrimiento como \u00abinteresante\u00bb y \u00abnovedoso\u00bb, ya que \u00abse trata de un gliptodonte denominado Panochthus\u00bb, un g\u00e9nero poco com\u00fan.\" \/>\n<meta property=\"og:url\" content=\"https:\/\/www.noticiasradioreflejos.com.ar\/2021\/santiago-del-estero-el-hallazgo-de-un-gliptodonte-sorprende-a-los-investigadores\/\" \/>\n<meta property=\"og:site_name\" content=\"Noticias Radio Reflejos\" \/>\n<meta property=\"article:published_time\" content=\"2021-01-31T15:40:55+00:00\" \/>\n<meta property=\"og:image\" content=\"https:\/\/www.noticiasradioreflejos.com.ar\/2021\/wp-content\/uploads\/2021\/07\/logosol300x200.png\" \/>\n\t<meta property=\"og:image:width\" content=\"300\" \/>\n\t<meta property=\"og:image:height\" content=\"200\" \/>\n\t<meta property=\"og:image:type\" content=\"image\/png\" \/>\n<meta name=\"author\" content=\"Arnaldo Botto\" \/>\n<meta name=\"twitter:card\" content=\"summary_large_image\" \/>\n<script type=\"application\/ld+json\" class=\"yoast-schema-graph\">{\"@context\":\"https:\/\/schema.org\",\"@graph\":[{\"@type\":\"WebPage\",\"@id\":\"https:\/\/www.noticiasradioreflejos.com.ar\/2021\/santiago-del-estero-el-hallazgo-de-un-gliptodonte-sorprende-a-los-investigadores\/\",\"url\":\"https:\/\/www.noticiasradioreflejos.com.ar\/2021\/santiago-del-estero-el-hallazgo-de-un-gliptodonte-sorprende-a-los-investigadores\/\",\"name\":\"Santiago del Estero: el hallazgo de un gliptodonte sorprende a los investigadores - Noticias Radio Reflejos\",\"isPartOf\":{\"@id\":\"https:\/\/www.noticiasradioreflejos.com.ar\/2021\/#website\"},\"primaryImageOfPage\":{\"@id\":\"https:\/\/www.noticiasradioreflejos.com.ar\/2021\/santiago-del-estero-el-hallazgo-de-un-gliptodonte-sorprende-a-los-investigadores\/#primaryimage\"},\"image\":{\"@id\":\"https:\/\/www.noticiasradioreflejos.com.ar\/2021\/santiago-del-estero-el-hallazgo-de-un-gliptodonte-sorprende-a-los-investigadores\/#primaryimage\"},\"thumbnailUrl\":\"\",\"datePublished\":\"2021-01-31T15:40:55+00:00\",\"author\":{\"@id\":\"https:\/\/www.noticiasradioreflejos.com.ar\/2021\/#\/schema\/person\/ad82545263dcc5ec0996818884fd5fb1\"},\"breadcrumb\":{\"@id\":\"https:\/\/www.noticiasradioreflejos.com.ar\/2021\/santiago-del-estero-el-hallazgo-de-un-gliptodonte-sorprende-a-los-investigadores\/#breadcrumb\"},\"inLanguage\":\"es\",\"potentialAction\":[{\"@type\":\"ReadAction\",\"target\":[\"https:\/\/www.noticiasradioreflejos.com.ar\/2021\/santiago-del-estero-el-hallazgo-de-un-gliptodonte-sorprende-a-los-investigadores\/\"]}]},{\"@type\":\"ImageObject\",\"inLanguage\":\"es\",\"@id\":\"https:\/\/www.noticiasradioreflejos.com.ar\/2021\/santiago-del-estero-el-hallazgo-de-un-gliptodonte-sorprende-a-los-investigadores\/#primaryimage\",\"url\":\"\",\"contentUrl\":\"\"},{\"@type\":\"BreadcrumbList\",\"@id\":\"https:\/\/www.noticiasradioreflejos.com.ar\/2021\/santiago-del-estero-el-hallazgo-de-un-gliptodonte-sorprende-a-los-investigadores\/#breadcrumb\",\"itemListElement\":[{\"@type\":\"ListItem\",\"position\":1,\"name\":\"Portada\",\"item\":\"https:\/\/www.noticiasradioreflejos.com.ar\/2021\/\"},{\"@type\":\"ListItem\",\"position\":2,\"name\":\"Santiago del Estero: el hallazgo de un gliptodonte sorprende a los investigadores\"}]},{\"@type\":\"WebSite\",\"@id\":\"https:\/\/www.noticiasradioreflejos.com.ar\/2021\/#website\",\"url\":\"https:\/\/www.noticiasradioreflejos.com.ar\/2021\/\",\"name\":\"Noticias Radio Reflejos\",\"description\":\"Las noticias de mi comarca\",\"potentialAction\":[{\"@type\":\"SearchAction\",\"target\":{\"@type\":\"EntryPoint\",\"urlTemplate\":\"https:\/\/www.noticiasradioreflejos.com.ar\/2021\/?s={search_term_string}\"},\"query-input\":{\"@type\":\"PropertyValueSpecification\",\"valueRequired\":true,\"valueName\":\"search_term_string\"}}],\"inLanguage\":\"es\"},{\"@type\":\"Person\",\"@id\":\"https:\/\/www.noticiasradioreflejos.com.ar\/2021\/#\/schema\/person\/ad82545263dcc5ec0996818884fd5fb1\",\"name\":\"Arnaldo Botto\",\"image\":{\"@type\":\"ImageObject\",\"inLanguage\":\"es\",\"@id\":\"https:\/\/www.noticiasradioreflejos.com.ar\/2021\/#\/schema\/person\/image\/\",\"url\":\"https:\/\/secure.gravatar.com\/avatar\/55cb5e37c1efa326397366e6974cb338056df65cb50e7d64d1cf314e87504837?s=96&d=mm&r=g\",\"contentUrl\":\"https:\/\/secure.gravatar.com\/avatar\/55cb5e37c1efa326397366e6974cb338056df65cb50e7d64d1cf314e87504837?s=96&d=mm&r=g\",\"caption\":\"Arnaldo Botto\"},\"url\":\"https:\/\/www.noticiasradioreflejos.com.ar\/2021\/author\/arnaldo\/\"}]}<\/script>\n<!-- \/ Yoast SEO plugin. -->","yoast_head_json":{"title":"Santiago del Estero: el hallazgo de un gliptodonte sorprende a los investigadores - Noticias Radio Reflejos","robots":{"index":"index","follow":"follow","max-snippet":"max-snippet:-1","max-image-preview":"max-image-preview:large","max-video-preview":"max-video-preview:-1"},"canonical":"https:\/\/www.noticiasradioreflejos.com.ar\/2021\/santiago-del-estero-el-hallazgo-de-un-gliptodonte-sorprende-a-los-investigadores\/","og_locale":"es_ES","og_type":"article","og_title":"Santiago del Estero: el hallazgo de un gliptodonte sorprende a los investigadores - Noticias Radio Reflejos","og_description":"Los expertos del equipo conformado por investigadores del Conicet de Santiago del Estero, Santa Fe y Entre R\u00edos, calificaron el descubrimiento como \u00abinteresante\u00bb y \u00abnovedoso\u00bb, ya que \u00abse trata de un gliptodonte denominado Panochthus\u00bb, un g\u00e9nero poco com\u00fan.","og_url":"https:\/\/www.noticiasradioreflejos.com.ar\/2021\/santiago-del-estero-el-hallazgo-de-un-gliptodonte-sorprende-a-los-investigadores\/","og_site_name":"Noticias Radio Reflejos","article_published_time":"2021-01-31T15:40:55+00:00","og_image":[{"width":300,"height":200,"url":"https:\/\/www.noticiasradioreflejos.com.ar\/2021\/wp-content\/uploads\/2021\/07\/logosol300x200.png","type":"image\/png"}],"author":"Arnaldo Botto","twitter_card":"summary_large_image","schema":{"@context":"https:\/\/schema.org","@graph":[{"@type":"WebPage","@id":"https:\/\/www.noticiasradioreflejos.com.ar\/2021\/santiago-del-estero-el-hallazgo-de-un-gliptodonte-sorprende-a-los-investigadores\/","url":"https:\/\/www.noticiasradioreflejos.com.ar\/2021\/santiago-del-estero-el-hallazgo-de-un-gliptodonte-sorprende-a-los-investigadores\/","name":"Santiago del Estero: el hallazgo de un gliptodonte sorprende a los investigadores - Noticias Radio Reflejos","isPartOf":{"@id":"https:\/\/www.noticiasradioreflejos.com.ar\/2021\/#website"},"primaryImageOfPage":{"@id":"https:\/\/www.noticiasradioreflejos.com.ar\/2021\/santiago-del-estero-el-hallazgo-de-un-gliptodonte-sorprende-a-los-investigadores\/#primaryimage"},"image":{"@id":"https:\/\/www.noticiasradioreflejos.com.ar\/2021\/santiago-del-estero-el-hallazgo-de-un-gliptodonte-sorprende-a-los-investigadores\/#primaryimage"},"thumbnailUrl":"","datePublished":"2021-01-31T15:40:55+00:00","author":{"@id":"https:\/\/www.noticiasradioreflejos.com.ar\/2021\/#\/schema\/person\/ad82545263dcc5ec0996818884fd5fb1"},"breadcrumb":{"@id":"https:\/\/www.noticiasradioreflejos.com.ar\/2021\/santiago-del-estero-el-hallazgo-de-un-gliptodonte-sorprende-a-los-investigadores\/#breadcrumb"},"inLanguage":"es","potentialAction":[{"@type":"ReadAction","target":["https:\/\/www.noticiasradioreflejos.com.ar\/2021\/santiago-del-estero-el-hallazgo-de-un-gliptodonte-sorprende-a-los-investigadores\/"]}]},{"@type":"ImageObject","inLanguage":"es","@id":"https:\/\/www.noticiasradioreflejos.com.ar\/2021\/santiago-del-estero-el-hallazgo-de-un-gliptodonte-sorprende-a-los-investigadores\/#primaryimage","url":"","contentUrl":""},{"@type":"BreadcrumbList","@id":"https:\/\/www.noticiasradioreflejos.com.ar\/2021\/santiago-del-estero-el-hallazgo-de-un-gliptodonte-sorprende-a-los-investigadores\/#breadcrumb","itemListElement":[{"@type":"ListItem","position":1,"name":"Portada","item":"https:\/\/www.noticiasradioreflejos.com.ar\/2021\/"},{"@type":"ListItem","position":2,"name":"Santiago del Estero: el hallazgo de un gliptodonte sorprende a los investigadores"}]},{"@type":"WebSite","@id":"https:\/\/www.noticiasradioreflejos.com.ar\/2021\/#website","url":"https:\/\/www.noticiasradioreflejos.com.ar\/2021\/","name":"Noticias Radio Reflejos","description":"Las noticias de mi comarca","potentialAction":[{"@type":"SearchAction","target":{"@type":"EntryPoint","urlTemplate":"https:\/\/www.noticiasradioreflejos.com.ar\/2021\/?s={search_term_string}"},"query-input":{"@type":"PropertyValueSpecification","valueRequired":true,"valueName":"search_term_string"}}],"inLanguage":"es"},{"@type":"Person","@id":"https:\/\/www.noticiasradioreflejos.com.ar\/2021\/#\/schema\/person\/ad82545263dcc5ec0996818884fd5fb1","name":"Arnaldo Botto","image":{"@type":"ImageObject","inLanguage":"es","@id":"https:\/\/www.noticiasradioreflejos.com.ar\/2021\/#\/schema\/person\/image\/","url":"https:\/\/secure.gravatar.com\/avatar\/55cb5e37c1efa326397366e6974cb338056df65cb50e7d64d1cf314e87504837?s=96&d=mm&r=g","contentUrl":"https:\/\/secure.gravatar.com\/avatar\/55cb5e37c1efa326397366e6974cb338056df65cb50e7d64d1cf314e87504837?s=96&d=mm&r=g","caption":"Arnaldo Botto"},"url":"https:\/\/www.noticiasradioreflejos.com.ar\/2021\/author\/arnaldo\/"}]}},"_links":{"self":[{"href":"https:\/\/www.noticiasradioreflejos.com.ar\/2021\/wp-json\/wp\/v2\/posts\/51890","targetHints":{"allow":["GET"]}}],"collection":[{"href":"https:\/\/www.noticiasradioreflejos.com.ar\/2021\/wp-json\/wp\/v2\/posts"}],"about":[{"href":"https:\/\/www.noticiasradioreflejos.com.ar\/2021\/wp-json\/wp\/v2\/types\/post"}],"author":[{"embeddable":true,"href":"https:\/\/www.noticiasradioreflejos.com.ar\/2021\/wp-json\/wp\/v2\/users\/3"}],"replies":[{"embeddable":true,"href":"https:\/\/www.noticiasradioreflejos.com.ar\/2021\/wp-json\/wp\/v2\/comments?post=51890"}],"version-history":[{"count":0,"href":"https:\/\/www.noticiasradioreflejos.com.ar\/2021\/wp-json\/wp\/v2\/posts\/51890\/revisions"}],"wp:featuredmedia":[{"embeddable":true,"href":"https:\/\/www.noticiasradioreflejos.com.ar\/2021\/wp-json\/"}],"wp:attachment":[{"href":"https:\/\/www.noticiasradioreflejos.com.ar\/2021\/wp-json\/wp\/v2\/media?parent=51890"}],"wp:term":[{"taxonomy":"category","embeddable":true,"href":"https:\/\/www.noticiasradioreflejos.com.ar\/2021\/wp-json\/wp\/v2\/categories?post=51890"},{"taxonomy":"post_tag","embeddable":true,"href":"https:\/\/www.noticiasradioreflejos.com.ar\/2021\/wp-json\/wp\/v2\/tags?post=51890"}],"curies":[{"name":"wp","href":"https:\/\/api.w.org\/{rel}","templated":true}]}}