{"id":51885,"date":"2021-01-31T12:32:48","date_gmt":"2021-01-31T15:32:48","guid":{"rendered":"http:\/\/www.noticiasradioreflejos.com.ar\/noticias\/?p=51885"},"modified":"2021-01-31T12:32:48","modified_gmt":"2021-01-31T15:32:48","slug":"proponen-establecer-una-licencia-por-dia-menstrual","status":"publish","type":"post","link":"https:\/\/www.noticiasradioreflejos.com.ar\/2021\/proponen-establecer-una-licencia-por-dia-menstrual\/","title":{"rendered":"Proponen establecer una licencia por d\u00eda menstrual"},"content":{"rendered":"<p>La asesora de Jefatura de Gabinete de Ministros y referenta nacional de Igualar, Carmela Moreau, present\u00f3 un proyecto de ley, junto al diputado nacional de Igualar, Lucas Godoy, para la creaci\u00f3n de un R\u00e9gimen Especial de \u00abLicencia por D\u00eda Menstrual\u00bb.<!--more--><br \/>\nEl proyecto promueve que todas las personas menstruantes que cursen como estudiantes en los establecimientos p\u00fablicos de gesti\u00f3n estatal y privada, en todos los niveles y modalidades del Sistema Educativo, gocen de una licencia por d\u00eda menstrual por mes calendario, sin que afecte la regularidad. Otro de los ejes contemplados es que la persona pueda recuperar los contenidos dictados y las evaluaciones realizadas durante el uso de la licencia.<\/p>\n<p>Carmela Moreau declar\u00f3 que \u00abEl Estado debe garantizar condiciones de equidad e igualdad de oportunidades para el acceso y la permanencia en los establecimientos educativos, en un marco de bienestar y en consonancia con el desarrollo humano en todas sus esferas\u00bb.<\/p>\n<p>Entre las argumentaciones del proyecto se menciona que la cultura del ocultamiento de los s\u00edntomas y de los procesos que se desencadenan en los cuerpos menstruantes, responde a una de las manifestaciones de la cultura patriarcal. Es imperativo reconocer que un gran porcentaje de las mujeres sufren de s\u00edndrome premenstrual, trastorno disf\u00f3rico y otras patolog\u00edas que en muchos casos se atraviesan con un dolor que puede ser invalidante. A su vez, muchas veces, la falta de bienes y servicios adecuados para una gesti\u00f3n menstrual digna, obliga a las personas en edad menstrual a incurrir en inasistencias a sus establecimientos escolares.<\/p>\n<p>Por su parte el diputado Lucas Godoy agreg\u00f3 que \u00abel r\u00e9gimen propuesto tiende a consolidar la igualdad y a una mejora de la salud psicof\u00edsica de las personas menstruantes y en su desarrollo acad\u00e9mico. Adem\u00e1s, tambi\u00e9n, a promover la ESI y prevenir y erradicar la violencia, los estereotipos y la discriminaci\u00f3n vinculados con el ciclo menstrual\u00bb.<\/p>\n<p>&nbsp;<\/p>\n<p><strong>R\u00c9GIMEN DE LICENCIA POR DIA MENSTRUAL.<\/strong><\/p>\n<p><strong>El Senado y la C\u00e1mara de Diputados sancionan con fuerza de Ley.<\/strong><\/p>\n<p>&nbsp;<\/p>\n<p>Art\u00edculo 1\u00b0: Cr\u00e9ase un R\u00e9gimen Especial de \u201cLicencia por Dia Menstrual\u201d, para personas menstruantes que cursen como estudiantes en establecimientos educativos p\u00fablicos, de gesti\u00f3n estatal y privada, en todos los niveles y modalidades del Sistema Educativo.<\/p>\n<p>&nbsp;<\/p>\n<p>Art\u00edculo 2\u00b0: Todas las personas menstruantes que cursen como estudiantes en los establecimientos mencionados en el Articulo 1\u00b0 de esta Ley, gozar\u00e1n de un (1) d\u00eda de \u201cLicencia por Dia Menstrual\u201d por mes calendario.<\/p>\n<p>El d\u00eda de uso de esta licencia queda a elecci\u00f3n de la persona beneficiaria, debiendo dar aviso por cualquier medio al retomar la cursada invocando que se ha encontrado ausente por \u201cLicencia por Dia Menstrual\u201d.<\/p>\n<p>&nbsp;<\/p>\n<p>Art\u00edculo 3\u00b0: Los establecimientos educativos detallados en el art\u00edculo 1\u00b0 de esta Ley, estar\u00e1n obligados a justificar la \u201cLicencia por Dia Menstrual\u201d.<\/p>\n<p>&nbsp;<\/p>\n<p>Art\u00edculo 4\u00b0: La \u201cLicencia por Dia Menstrual\u201d que se registre en el marco del R\u00e9gimen que establece esta Ley, no afectar\u00e1 la regularidad que haya obtenido dicho estudiante.<\/p>\n<p>&nbsp;<\/p>\n<p>Art\u00edculo 5\u00b0: Culminada la \u201cLicencia por Dia Menstrual\u201d se reanudar\u00e1 el c\u00f3mputo del plazo de regularidad que fuera suspendido con motivo de aqu\u00e9lla.<\/p>\n<p><strong>\u00a0<\/strong><\/p>\n<p>Art\u00edculo 6\u00b0: Los establecimientos educativos mencionado en el art\u00edculo 1\u00b0 de esta Ley, deber\u00e1n:<\/p>\n<ol>\n<li>garantizar a las personas beneficiarias de esta ley la oportunidad de recuperar los contenidos dictados y las evaluaciones realizadas durante el uso de la \u201cLicencia por Dia Menstrual\u201d;<\/li>\n<li>generar espacios de aprendizaje y reflexi\u00f3n con el objeto de prevenir y erradicar la violencia, prejuicios y discriminaci\u00f3n relacionadas con el ciclo menstrual en el marco y seg\u00fan los lineamientos del Programa Nacional de Educaci\u00f3n Sexual Integral;<\/li>\n<li>generar espacios de aprendizaje y concientizaci\u00f3n respecto de los trastornos de la salud menstrual en el marco y seg\u00fan los lineamientos del Programa Nacional de Educaci\u00f3n Sexual Integral.<\/li>\n<\/ol>\n<p><strong>\u00a0<\/strong><\/p>\n<p><strong>Art\u00edculo 7\u00b0:<\/strong><strong>\u00a0<\/strong>En todo en cuanto resulte aplicable, se deber\u00e1n respetar los principios de Identidad de G\u00e9nero establecidos en la Ley N\u00b0 26.743.<\/p>\n<p>&nbsp;<\/p>\n<p>Art\u00edculo 8\u00b0: Se convoca a las provincias y la Ciudad Aut\u00f3noma de Buenos Aires a adherir a la presente ley.<\/p>\n<p>&nbsp;<\/p>\n<p>Art\u00edculo 9\u00b0: Cada jurisdicci\u00f3n implementar\u00e1 la difusi\u00f3n de los objetivos de la presente ley, en los distintos niveles del sistema educativo.<\/p>\n<p>&nbsp;<\/p>\n<p>Art\u00edculo 10\u00b0: Las jurisdicciones mantendr\u00e1n sus reg\u00edmenes de justificaci\u00f3n de inasistencias vigentes en el caso que resulten m\u00e1s beneficiosos que el que establece esta ley para los y las estudiantes en edad menstrual.<\/p>\n<p>&nbsp;<\/p>\n<p>Art\u00edculo 11\u00ba: Comun\u00edquese al Poder Ejecutivo.<\/p>\n<p>&nbsp;<\/p>\n<p>&nbsp;<\/p>\n<p><strong><u>FUNDAMENTOS.<\/u><\/strong><\/p>\n<p><strong><u>Sr. Presidente:<\/u><\/strong><\/p>\n<p>Existen investigaciones que demuestran que un gran porcentaje de las personas menstruantes \u2013alrededor de 75%\u2013 sufren de s\u00edndrome premenstrual: \u201cuna constelaci\u00f3n de s\u00edntomas ps\u00edquicos y f\u00edsicos que aparecen en la fase l\u00fatea del ciclo menstrual y desaparecen tres a cuatro d\u00edas de comenzada la menstruaci\u00f3n\u201d [<em>Kopitowski, K. (2004) Tratamiento del s\u00edndrome premenstrual. Evidencia. Actualizaci\u00f3n en la pr\u00e1ctica ambulatoria: actualizaci\u00f3n en la pr\u00e1ctica ambulatoria (2004-10)<\/em>]. El trastorno disf\u00f3rico menstrual es una forma severa del s\u00edndrome y lo presentan entre un 3 y 8% de las mujeres. Si bien hay personas que pueden soportarlo sin tomar medicaci\u00f3n, otras sienten dolores que llegan a ser invalidantes.<\/p>\n<p>La cultura del ocultamiento de los s\u00edntomas y procesos que se desencadenan en los cuerpos de las personas con capacidad de menstruar responde a una de las manifestaciones de la cultura patriarcal, contra la que los movimientos feministas reaccionan hace a\u00f1os: lo masculino como medida de lo humano. Este ocultamiento, la necesidad de simular la inexistencia de s\u00edntomas y mantener la productividad (muchas veces a base del consumo de f\u00e1rmacos) retroalimentan el tab\u00fa construido en torno al ciclo menstrual. Por otra parte, tambi\u00e9n promueve la detecci\u00f3n y tratamiento tard\u00edos de trastornos severos de la salud menstrual \u2013como la endometriosis, que puede volverse cr\u00f3nica e invalidante, con afectaci\u00f3n de la calidad de vida y los derechos de la persona que la padece\u2013.<\/p>\n<p>El reconocimiento de las manifestaciones de los procesos vitales por los que atraviesa la mitad de la humanidad constituye una medida de acci\u00f3n afirmativa que promueve la inclusi\u00f3n social, educativa, laboral. Es pertinente tambi\u00e9n reconocer que muchas veces la falta de bienes y servicios adecuados y necesarios para una gesti\u00f3n menstrual digna obliga a las personas en edad menstrual a incurrir en inasistencias a sus establecimientos escolares.<\/p>\n<p>Esta iniciativa tiene como objetivo prevenir que las personas en etapa menstrual pierdan la regularidad en sus estudios a causa de ausencias injustificadas asociadas a los s\u00edntomas premenstruales, as\u00ed como la visibilizaci\u00f3n y concientizaci\u00f3n acerca de los trastornos de la salud menstrual en el marco del Programa Nacional de Educaci\u00f3n Sexual Integral.<\/p>\n<p>Uno de los objetivos fundamentales de la educaci\u00f3n es la promoci\u00f3n de la participaci\u00f3n activa y plena de la comunidad educativa; la contribuci\u00f3n al desarrollo humano en todas sus esferas y al bienestar y la igualdad de oportunidades. Esta propuesta se fundamenta en el plexo normativo vigente en nuestro pa\u00eds: la Ley 26.206, de Educaci\u00f3n Nacional; la Ley 26.150, que crea el Programa Nacional de Educaci\u00f3n Sexual Integral; la Ley 26.485, de Protecci\u00f3n Integral para Prevenir, Sancionar y Erradicar la Violencia contra las Mujeres; la Ley 26.743, de Identidad de G\u00e9nero; entre otras.<\/p>\n<p>El r\u00e9gimen propuesto tiende hacia esa igualdad; una mejora de la salud psicof\u00edsica de las personas con capacidad de menstruar y en su desarrollo acad\u00e9mico; adem\u00e1s de promover la ESI y prevenir y erradicar la violencia, los estereotipos y la discriminaci\u00f3n vinculados con el ciclo menstrual.<\/p>\n<p>El Estado debe garantizar condiciones de equidad e igualdad de oportunidades para el acceso y permanencia en establecimientos educativos, y que dicho apoyo no siempre es econ\u00f3mico.<\/p>\n<p>Todo lo cual hace que resulte imperioso implementar un sistema de Licencia Estudiantil &#8211; \u201cLicencia por Dia Menstrual\u201d- en todos los \u00e1mbitos educativos, dirigido a las Personas con Capacidad de Menstruar, a fin de que no se afecte la regularidad del estudiante. Este beneficio es reconocido el algunos Convenios Colectivos de Trabajo. Por ejemplo el inciso f del art\u00edculo 48 del C.C.T. 18\/75, contempla el llamado \u201cDia Femenino\u201d para empleadas bancarias de todo el pa\u00eds<\/p>\n<p>Es un verdadero reconocimiento de derechos y un paso primordial para lograr convertirnos en una naci\u00f3n m\u00e1s inclusiva.<\/p>\n<p><strong>\u00a0<\/strong><\/p>\n<p><strong>Por todo lo expuesto les solicito a mis pares el acompa\u00f1amiento al presente proyecto de Ley.<\/strong><\/p>\n<p>&nbsp;<\/p>\n<p>&nbsp;<\/p>\n","protected":false},"excerpt":{"rendered":"<p>La asesora de Jefatura de Gabinete de Ministros y referenta nacional de Igualar, Carmela Moreau, present\u00f3 un proyecto de ley, junto al diputado nacional de Igualar, Lucas Godoy, para la creaci\u00f3n de un R\u00e9gimen Especial de \u00abLicencia por D\u00eda Menstrual\u00bb.<\/p>\n","protected":false},"author":3,"featured_media":51886,"comment_status":"closed","ping_status":"open","sticky":false,"template":"","format":"standard","meta":{"footnotes":""},"categories":[24],"tags":[],"class_list":["post-51885","post","type-post","status-publish","format-standard","has-post-thumbnail","hentry","category-politica"],"yoast_head":"<!-- This site is optimized with the Yoast SEO plugin v25.9 - https:\/\/yoast.com\/wordpress\/plugins\/seo\/ -->\n<title>Proponen establecer una licencia por d\u00eda menstrual - Noticias Radio Reflejos<\/title>\n<meta name=\"robots\" content=\"index, follow, max-snippet:-1, max-image-preview:large, max-video-preview:-1\" \/>\n<link rel=\"canonical\" href=\"https:\/\/www.noticiasradioreflejos.com.ar\/2021\/proponen-establecer-una-licencia-por-dia-menstrual\/\" \/>\n<meta property=\"og:locale\" content=\"es_ES\" \/>\n<meta property=\"og:type\" content=\"article\" \/>\n<meta property=\"og:title\" content=\"Proponen establecer una licencia por d\u00eda menstrual - Noticias Radio Reflejos\" \/>\n<meta property=\"og:description\" content=\"La asesora de Jefatura de Gabinete de Ministros y referenta nacional de Igualar, Carmela Moreau, present\u00f3 un proyecto de ley, junto al diputado nacional de Igualar, Lucas Godoy, para la creaci\u00f3n de un R\u00e9gimen Especial de \u00abLicencia por D\u00eda Menstrual\u00bb.\" \/>\n<meta property=\"og:url\" content=\"https:\/\/www.noticiasradioreflejos.com.ar\/2021\/proponen-establecer-una-licencia-por-dia-menstrual\/\" \/>\n<meta property=\"og:site_name\" content=\"Noticias Radio Reflejos\" \/>\n<meta property=\"article:published_time\" content=\"2021-01-31T15:32:48+00:00\" \/>\n<meta property=\"og:image\" content=\"https:\/\/www.noticiasradioreflejos.com.ar\/2021\/wp-content\/uploads\/2021\/07\/logosol300x200.png\" \/>\n\t<meta property=\"og:image:width\" content=\"300\" \/>\n\t<meta property=\"og:image:height\" content=\"200\" \/>\n\t<meta property=\"og:image:type\" content=\"image\/png\" \/>\n<meta name=\"author\" content=\"Arnaldo Botto\" \/>\n<meta name=\"twitter:card\" content=\"summary_large_image\" \/>\n<script type=\"application\/ld+json\" class=\"yoast-schema-graph\">{\"@context\":\"https:\/\/schema.org\",\"@graph\":[{\"@type\":\"WebPage\",\"@id\":\"https:\/\/www.noticiasradioreflejos.com.ar\/2021\/proponen-establecer-una-licencia-por-dia-menstrual\/\",\"url\":\"https:\/\/www.noticiasradioreflejos.com.ar\/2021\/proponen-establecer-una-licencia-por-dia-menstrual\/\",\"name\":\"Proponen establecer una licencia por d\u00eda menstrual - Noticias Radio Reflejos\",\"isPartOf\":{\"@id\":\"https:\/\/www.noticiasradioreflejos.com.ar\/2021\/#website\"},\"primaryImageOfPage\":{\"@id\":\"https:\/\/www.noticiasradioreflejos.com.ar\/2021\/proponen-establecer-una-licencia-por-dia-menstrual\/#primaryimage\"},\"image\":{\"@id\":\"https:\/\/www.noticiasradioreflejos.com.ar\/2021\/proponen-establecer-una-licencia-por-dia-menstrual\/#primaryimage\"},\"thumbnailUrl\":\"\",\"datePublished\":\"2021-01-31T15:32:48+00:00\",\"author\":{\"@id\":\"https:\/\/www.noticiasradioreflejos.com.ar\/2021\/#\/schema\/person\/ad82545263dcc5ec0996818884fd5fb1\"},\"breadcrumb\":{\"@id\":\"https:\/\/www.noticiasradioreflejos.com.ar\/2021\/proponen-establecer-una-licencia-por-dia-menstrual\/#breadcrumb\"},\"inLanguage\":\"es\",\"potentialAction\":[{\"@type\":\"ReadAction\",\"target\":[\"https:\/\/www.noticiasradioreflejos.com.ar\/2021\/proponen-establecer-una-licencia-por-dia-menstrual\/\"]}]},{\"@type\":\"ImageObject\",\"inLanguage\":\"es\",\"@id\":\"https:\/\/www.noticiasradioreflejos.com.ar\/2021\/proponen-establecer-una-licencia-por-dia-menstrual\/#primaryimage\",\"url\":\"\",\"contentUrl\":\"\"},{\"@type\":\"BreadcrumbList\",\"@id\":\"https:\/\/www.noticiasradioreflejos.com.ar\/2021\/proponen-establecer-una-licencia-por-dia-menstrual\/#breadcrumb\",\"itemListElement\":[{\"@type\":\"ListItem\",\"position\":1,\"name\":\"Portada\",\"item\":\"https:\/\/www.noticiasradioreflejos.com.ar\/2021\/\"},{\"@type\":\"ListItem\",\"position\":2,\"name\":\"Proponen establecer una licencia por d\u00eda menstrual\"}]},{\"@type\":\"WebSite\",\"@id\":\"https:\/\/www.noticiasradioreflejos.com.ar\/2021\/#website\",\"url\":\"https:\/\/www.noticiasradioreflejos.com.ar\/2021\/\",\"name\":\"Noticias Radio Reflejos\",\"description\":\"Las noticias de mi comarca\",\"potentialAction\":[{\"@type\":\"SearchAction\",\"target\":{\"@type\":\"EntryPoint\",\"urlTemplate\":\"https:\/\/www.noticiasradioreflejos.com.ar\/2021\/?s={search_term_string}\"},\"query-input\":{\"@type\":\"PropertyValueSpecification\",\"valueRequired\":true,\"valueName\":\"search_term_string\"}}],\"inLanguage\":\"es\"},{\"@type\":\"Person\",\"@id\":\"https:\/\/www.noticiasradioreflejos.com.ar\/2021\/#\/schema\/person\/ad82545263dcc5ec0996818884fd5fb1\",\"name\":\"Arnaldo Botto\",\"image\":{\"@type\":\"ImageObject\",\"inLanguage\":\"es\",\"@id\":\"https:\/\/www.noticiasradioreflejos.com.ar\/2021\/#\/schema\/person\/image\/\",\"url\":\"https:\/\/secure.gravatar.com\/avatar\/55cb5e37c1efa326397366e6974cb338056df65cb50e7d64d1cf314e87504837?s=96&d=mm&r=g\",\"contentUrl\":\"https:\/\/secure.gravatar.com\/avatar\/55cb5e37c1efa326397366e6974cb338056df65cb50e7d64d1cf314e87504837?s=96&d=mm&r=g\",\"caption\":\"Arnaldo Botto\"},\"url\":\"https:\/\/www.noticiasradioreflejos.com.ar\/2021\/author\/arnaldo\/\"}]}<\/script>\n<!-- \/ Yoast SEO plugin. -->","yoast_head_json":{"title":"Proponen establecer una licencia por d\u00eda menstrual - Noticias Radio Reflejos","robots":{"index":"index","follow":"follow","max-snippet":"max-snippet:-1","max-image-preview":"max-image-preview:large","max-video-preview":"max-video-preview:-1"},"canonical":"https:\/\/www.noticiasradioreflejos.com.ar\/2021\/proponen-establecer-una-licencia-por-dia-menstrual\/","og_locale":"es_ES","og_type":"article","og_title":"Proponen establecer una licencia por d\u00eda menstrual - Noticias Radio Reflejos","og_description":"La asesora de Jefatura de Gabinete de Ministros y referenta nacional de Igualar, Carmela Moreau, present\u00f3 un proyecto de ley, junto al diputado nacional de Igualar, Lucas Godoy, para la creaci\u00f3n de un R\u00e9gimen Especial de \u00abLicencia por D\u00eda Menstrual\u00bb.","og_url":"https:\/\/www.noticiasradioreflejos.com.ar\/2021\/proponen-establecer-una-licencia-por-dia-menstrual\/","og_site_name":"Noticias Radio Reflejos","article_published_time":"2021-01-31T15:32:48+00:00","og_image":[{"width":300,"height":200,"url":"https:\/\/www.noticiasradioreflejos.com.ar\/2021\/wp-content\/uploads\/2021\/07\/logosol300x200.png","type":"image\/png"}],"author":"Arnaldo Botto","twitter_card":"summary_large_image","schema":{"@context":"https:\/\/schema.org","@graph":[{"@type":"WebPage","@id":"https:\/\/www.noticiasradioreflejos.com.ar\/2021\/proponen-establecer-una-licencia-por-dia-menstrual\/","url":"https:\/\/www.noticiasradioreflejos.com.ar\/2021\/proponen-establecer-una-licencia-por-dia-menstrual\/","name":"Proponen establecer una licencia por d\u00eda menstrual - Noticias Radio Reflejos","isPartOf":{"@id":"https:\/\/www.noticiasradioreflejos.com.ar\/2021\/#website"},"primaryImageOfPage":{"@id":"https:\/\/www.noticiasradioreflejos.com.ar\/2021\/proponen-establecer-una-licencia-por-dia-menstrual\/#primaryimage"},"image":{"@id":"https:\/\/www.noticiasradioreflejos.com.ar\/2021\/proponen-establecer-una-licencia-por-dia-menstrual\/#primaryimage"},"thumbnailUrl":"","datePublished":"2021-01-31T15:32:48+00:00","author":{"@id":"https:\/\/www.noticiasradioreflejos.com.ar\/2021\/#\/schema\/person\/ad82545263dcc5ec0996818884fd5fb1"},"breadcrumb":{"@id":"https:\/\/www.noticiasradioreflejos.com.ar\/2021\/proponen-establecer-una-licencia-por-dia-menstrual\/#breadcrumb"},"inLanguage":"es","potentialAction":[{"@type":"ReadAction","target":["https:\/\/www.noticiasradioreflejos.com.ar\/2021\/proponen-establecer-una-licencia-por-dia-menstrual\/"]}]},{"@type":"ImageObject","inLanguage":"es","@id":"https:\/\/www.noticiasradioreflejos.com.ar\/2021\/proponen-establecer-una-licencia-por-dia-menstrual\/#primaryimage","url":"","contentUrl":""},{"@type":"BreadcrumbList","@id":"https:\/\/www.noticiasradioreflejos.com.ar\/2021\/proponen-establecer-una-licencia-por-dia-menstrual\/#breadcrumb","itemListElement":[{"@type":"ListItem","position":1,"name":"Portada","item":"https:\/\/www.noticiasradioreflejos.com.ar\/2021\/"},{"@type":"ListItem","position":2,"name":"Proponen establecer una licencia por d\u00eda menstrual"}]},{"@type":"WebSite","@id":"https:\/\/www.noticiasradioreflejos.com.ar\/2021\/#website","url":"https:\/\/www.noticiasradioreflejos.com.ar\/2021\/","name":"Noticias Radio Reflejos","description":"Las noticias de mi comarca","potentialAction":[{"@type":"SearchAction","target":{"@type":"EntryPoint","urlTemplate":"https:\/\/www.noticiasradioreflejos.com.ar\/2021\/?s={search_term_string}"},"query-input":{"@type":"PropertyValueSpecification","valueRequired":true,"valueName":"search_term_string"}}],"inLanguage":"es"},{"@type":"Person","@id":"https:\/\/www.noticiasradioreflejos.com.ar\/2021\/#\/schema\/person\/ad82545263dcc5ec0996818884fd5fb1","name":"Arnaldo Botto","image":{"@type":"ImageObject","inLanguage":"es","@id":"https:\/\/www.noticiasradioreflejos.com.ar\/2021\/#\/schema\/person\/image\/","url":"https:\/\/secure.gravatar.com\/avatar\/55cb5e37c1efa326397366e6974cb338056df65cb50e7d64d1cf314e87504837?s=96&d=mm&r=g","contentUrl":"https:\/\/secure.gravatar.com\/avatar\/55cb5e37c1efa326397366e6974cb338056df65cb50e7d64d1cf314e87504837?s=96&d=mm&r=g","caption":"Arnaldo Botto"},"url":"https:\/\/www.noticiasradioreflejos.com.ar\/2021\/author\/arnaldo\/"}]}},"_links":{"self":[{"href":"https:\/\/www.noticiasradioreflejos.com.ar\/2021\/wp-json\/wp\/v2\/posts\/51885","targetHints":{"allow":["GET"]}}],"collection":[{"href":"https:\/\/www.noticiasradioreflejos.com.ar\/2021\/wp-json\/wp\/v2\/posts"}],"about":[{"href":"https:\/\/www.noticiasradioreflejos.com.ar\/2021\/wp-json\/wp\/v2\/types\/post"}],"author":[{"embeddable":true,"href":"https:\/\/www.noticiasradioreflejos.com.ar\/2021\/wp-json\/wp\/v2\/users\/3"}],"replies":[{"embeddable":true,"href":"https:\/\/www.noticiasradioreflejos.com.ar\/2021\/wp-json\/wp\/v2\/comments?post=51885"}],"version-history":[{"count":0,"href":"https:\/\/www.noticiasradioreflejos.com.ar\/2021\/wp-json\/wp\/v2\/posts\/51885\/revisions"}],"wp:featuredmedia":[{"embeddable":true,"href":"https:\/\/www.noticiasradioreflejos.com.ar\/2021\/wp-json\/"}],"wp:attachment":[{"href":"https:\/\/www.noticiasradioreflejos.com.ar\/2021\/wp-json\/wp\/v2\/media?parent=51885"}],"wp:term":[{"taxonomy":"category","embeddable":true,"href":"https:\/\/www.noticiasradioreflejos.com.ar\/2021\/wp-json\/wp\/v2\/categories?post=51885"},{"taxonomy":"post_tag","embeddable":true,"href":"https:\/\/www.noticiasradioreflejos.com.ar\/2021\/wp-json\/wp\/v2\/tags?post=51885"}],"curies":[{"name":"wp","href":"https:\/\/api.w.org\/{rel}","templated":true}]}}