{"id":51882,"date":"2021-01-31T11:23:05","date_gmt":"2021-01-31T14:23:05","guid":{"rendered":"http:\/\/www.noticiasradioreflejos.com.ar\/noticias\/?p=51882"},"modified":"2021-01-31T11:23:05","modified_gmt":"2021-01-31T14:23:05","slug":"descontrol-en-reta-a-pierdrazos-destrozaron-la-comisaria-hay-dos-policias-heridos","status":"publish","type":"post","link":"https:\/\/www.noticiasradioreflejos.com.ar\/2021\/descontrol-en-reta-a-pierdrazos-destrozaron-la-comisaria-hay-dos-policias-heridos\/","title":{"rendered":"Descontrol en Reta: A pierdrazos\u00a0 destrozaron la comisar\u00eda. Hay dos polic\u00edas heridos"},"content":{"rendered":"<p>El salvaje hecho se produjo despu\u00e9s de ser suspendidas varias fiestas clandestinas en la playa. Adem\u00e1s, atacaron m\u00f3viles policiales y autos.<!--more--><\/p>\n<p>Hechos de extrema violencia se produjeron esta madrugada en el balneario Reta. Mientras la Polic\u00eda se dirig\u00eda a desarticular una fiesta clandestina en la playa, fueron recibidos a piedrazos por los j\u00f3venes participantes y, como si fuera poco, un grupo de personas ingres\u00f3 a la dependencia policial y atac\u00f3 a los uniformados.<\/p>\n<p>Tal como informa el portal\u00a0<em>La Voz del Pueblo<\/em>, en la comisar\u00eda el ataque comenz\u00f3 con piedras, que poco a poco destruyeron cada una de las ventanas. Posteriormente empezaron a intentar ingresar, pero el acceso fue bloqueado con muebles por los dos polic\u00edas que quedaron en el lugar.<\/p>\n<div class=\"code-block code-block-11\"><\/div>\n<p>La intenci\u00f3n, seg\u00fan la informaci\u00f3n recogida, era recuperar los elementos secuestrados la noche anterior, en dos fiestas clandestinas que fueron suspendidas durante la madrugada del s\u00e1bado. Al no poder hacerlo, destrozaron el m\u00f3vil que hab\u00eda quedado en la puerta y el auto privado de uno de los efectivos. Incluso, clavaron un cartel se\u00f1alizador de calle en el rodado del oficial.<\/p>\n<figure class=\"wp-block-image size-large\"><img decoding=\"async\" class=\"wp-image-104425\" src=\"https:\/\/www.labrujula24.com\/wp-content\/uploads\/2021\/01\/lvp.retaa_.jpg\" sizes=\"(max-width: 1280px) 100vw, 1280px\" srcset=\"https:\/\/www.labrujula24.com\/wp-content\/uploads\/2021\/01\/lvp.retaa_.jpg 1280w, https:\/\/www.labrujula24.com\/wp-content\/uploads\/2021\/01\/lvp.retaa_-768x576.jpg 768w\" alt=\"\" data-cfsrc=\"https:\/\/www.labrujula24.com\/wp-content\/uploads\/2021\/01\/lvp.retaa_.jpg\" \/><figcaption>Gentileza La Voz del Pueblo<\/figcaption><\/figure>\n<p>Si bien no lograron ingresar a la dependencia, dos uniformados fueron heridos, ninguno de gravedad.<\/p>\n<div class=\"code-block code-block-1\">\n<p>\u00a0En el lugar trabajan los efectivos que prestan servicios en Reta, con refuerzos de Tres Arroyos y de Polic\u00eda Cient\u00edfica.<\/p>\n<p><span style=\"color: #0000ff;\"><strong>Fuente La Brujula<\/strong><\/span><\/p>\n<\/div>\n","protected":false},"excerpt":{"rendered":"<p>El salvaje hecho se produjo despu\u00e9s de ser suspendidas varias fiestas clandestinas en la playa. Adem\u00e1s, atacaron m\u00f3viles policiales y autos.<\/p>\n","protected":false},"author":3,"featured_media":51883,"comment_status":"closed","ping_status":"open","sticky":false,"template":"","format":"standard","meta":{"footnotes":""},"categories":[29],"tags":[],"class_list":["post-51882","post","type-post","status-publish","format-standard","has-post-thumbnail","hentry","category-policiales"],"yoast_head":"<!-- This site is optimized with the Yoast SEO plugin v25.9 - https:\/\/yoast.com\/wordpress\/plugins\/seo\/ -->\n<title>Descontrol en Reta: A pierdrazos\u00a0 destrozaron la comisar\u00eda. Hay dos polic\u00edas heridos - Noticias Radio Reflejos<\/title>\n<meta name=\"robots\" content=\"index, follow, max-snippet:-1, max-image-preview:large, max-video-preview:-1\" \/>\n<link rel=\"canonical\" href=\"https:\/\/www.noticiasradioreflejos.com.ar\/2021\/descontrol-en-reta-a-pierdrazos-destrozaron-la-comisaria-hay-dos-policias-heridos\/\" \/>\n<meta property=\"og:locale\" content=\"es_ES\" \/>\n<meta property=\"og:type\" content=\"article\" \/>\n<meta property=\"og:title\" content=\"Descontrol en Reta: A pierdrazos\u00a0 destrozaron la comisar\u00eda. Hay dos polic\u00edas heridos - Noticias Radio Reflejos\" \/>\n<meta property=\"og:description\" content=\"El salvaje hecho se produjo despu\u00e9s de ser suspendidas varias fiestas clandestinas en la playa. Adem\u00e1s, atacaron m\u00f3viles policiales y autos.\" \/>\n<meta property=\"og:url\" content=\"https:\/\/www.noticiasradioreflejos.com.ar\/2021\/descontrol-en-reta-a-pierdrazos-destrozaron-la-comisaria-hay-dos-policias-heridos\/\" \/>\n<meta property=\"og:site_name\" content=\"Noticias Radio Reflejos\" \/>\n<meta property=\"article:published_time\" content=\"2021-01-31T14:23:05+00:00\" \/>\n<meta property=\"og:image\" content=\"https:\/\/www.noticiasradioreflejos.com.ar\/2021\/wp-content\/uploads\/2021\/07\/logosol300x200.png\" \/>\n\t<meta property=\"og:image:width\" content=\"300\" \/>\n\t<meta property=\"og:image:height\" content=\"200\" \/>\n\t<meta property=\"og:image:type\" content=\"image\/png\" \/>\n<meta name=\"author\" content=\"Arnaldo Botto\" \/>\n<meta name=\"twitter:card\" content=\"summary_large_image\" \/>\n<script type=\"application\/ld+json\" class=\"yoast-schema-graph\">{\"@context\":\"https:\/\/schema.org\",\"@graph\":[{\"@type\":\"WebPage\",\"@id\":\"https:\/\/www.noticiasradioreflejos.com.ar\/2021\/descontrol-en-reta-a-pierdrazos-destrozaron-la-comisaria-hay-dos-policias-heridos\/\",\"url\":\"https:\/\/www.noticiasradioreflejos.com.ar\/2021\/descontrol-en-reta-a-pierdrazos-destrozaron-la-comisaria-hay-dos-policias-heridos\/\",\"name\":\"Descontrol en Reta: A pierdrazos\u00a0 destrozaron la comisar\u00eda. Hay dos polic\u00edas heridos - Noticias Radio Reflejos\",\"isPartOf\":{\"@id\":\"https:\/\/www.noticiasradioreflejos.com.ar\/2021\/#website\"},\"primaryImageOfPage\":{\"@id\":\"https:\/\/www.noticiasradioreflejos.com.ar\/2021\/descontrol-en-reta-a-pierdrazos-destrozaron-la-comisaria-hay-dos-policias-heridos\/#primaryimage\"},\"image\":{\"@id\":\"https:\/\/www.noticiasradioreflejos.com.ar\/2021\/descontrol-en-reta-a-pierdrazos-destrozaron-la-comisaria-hay-dos-policias-heridos\/#primaryimage\"},\"thumbnailUrl\":\"\",\"datePublished\":\"2021-01-31T14:23:05+00:00\",\"author\":{\"@id\":\"https:\/\/www.noticiasradioreflejos.com.ar\/2021\/#\/schema\/person\/ad82545263dcc5ec0996818884fd5fb1\"},\"breadcrumb\":{\"@id\":\"https:\/\/www.noticiasradioreflejos.com.ar\/2021\/descontrol-en-reta-a-pierdrazos-destrozaron-la-comisaria-hay-dos-policias-heridos\/#breadcrumb\"},\"inLanguage\":\"es\",\"potentialAction\":[{\"@type\":\"ReadAction\",\"target\":[\"https:\/\/www.noticiasradioreflejos.com.ar\/2021\/descontrol-en-reta-a-pierdrazos-destrozaron-la-comisaria-hay-dos-policias-heridos\/\"]}]},{\"@type\":\"ImageObject\",\"inLanguage\":\"es\",\"@id\":\"https:\/\/www.noticiasradioreflejos.com.ar\/2021\/descontrol-en-reta-a-pierdrazos-destrozaron-la-comisaria-hay-dos-policias-heridos\/#primaryimage\",\"url\":\"\",\"contentUrl\":\"\"},{\"@type\":\"BreadcrumbList\",\"@id\":\"https:\/\/www.noticiasradioreflejos.com.ar\/2021\/descontrol-en-reta-a-pierdrazos-destrozaron-la-comisaria-hay-dos-policias-heridos\/#breadcrumb\",\"itemListElement\":[{\"@type\":\"ListItem\",\"position\":1,\"name\":\"Portada\",\"item\":\"https:\/\/www.noticiasradioreflejos.com.ar\/2021\/\"},{\"@type\":\"ListItem\",\"position\":2,\"name\":\"Descontrol en Reta: A pierdrazos\u00a0 destrozaron la comisar\u00eda. Hay dos polic\u00edas heridos\"}]},{\"@type\":\"WebSite\",\"@id\":\"https:\/\/www.noticiasradioreflejos.com.ar\/2021\/#website\",\"url\":\"https:\/\/www.noticiasradioreflejos.com.ar\/2021\/\",\"name\":\"Noticias Radio Reflejos\",\"description\":\"Las noticias de mi comarca\",\"potentialAction\":[{\"@type\":\"SearchAction\",\"target\":{\"@type\":\"EntryPoint\",\"urlTemplate\":\"https:\/\/www.noticiasradioreflejos.com.ar\/2021\/?s={search_term_string}\"},\"query-input\":{\"@type\":\"PropertyValueSpecification\",\"valueRequired\":true,\"valueName\":\"search_term_string\"}}],\"inLanguage\":\"es\"},{\"@type\":\"Person\",\"@id\":\"https:\/\/www.noticiasradioreflejos.com.ar\/2021\/#\/schema\/person\/ad82545263dcc5ec0996818884fd5fb1\",\"name\":\"Arnaldo Botto\",\"image\":{\"@type\":\"ImageObject\",\"inLanguage\":\"es\",\"@id\":\"https:\/\/www.noticiasradioreflejos.com.ar\/2021\/#\/schema\/person\/image\/\",\"url\":\"https:\/\/secure.gravatar.com\/avatar\/55cb5e37c1efa326397366e6974cb338056df65cb50e7d64d1cf314e87504837?s=96&d=mm&r=g\",\"contentUrl\":\"https:\/\/secure.gravatar.com\/avatar\/55cb5e37c1efa326397366e6974cb338056df65cb50e7d64d1cf314e87504837?s=96&d=mm&r=g\",\"caption\":\"Arnaldo Botto\"},\"url\":\"https:\/\/www.noticiasradioreflejos.com.ar\/2021\/author\/arnaldo\/\"}]}<\/script>\n<!-- \/ Yoast SEO plugin. -->","yoast_head_json":{"title":"Descontrol en Reta: A pierdrazos\u00a0 destrozaron la comisar\u00eda. Hay dos polic\u00edas heridos - Noticias Radio Reflejos","robots":{"index":"index","follow":"follow","max-snippet":"max-snippet:-1","max-image-preview":"max-image-preview:large","max-video-preview":"max-video-preview:-1"},"canonical":"https:\/\/www.noticiasradioreflejos.com.ar\/2021\/descontrol-en-reta-a-pierdrazos-destrozaron-la-comisaria-hay-dos-policias-heridos\/","og_locale":"es_ES","og_type":"article","og_title":"Descontrol en Reta: A pierdrazos\u00a0 destrozaron la comisar\u00eda. Hay dos polic\u00edas heridos - Noticias Radio Reflejos","og_description":"El salvaje hecho se produjo despu\u00e9s de ser suspendidas varias fiestas clandestinas en la playa. Adem\u00e1s, atacaron m\u00f3viles policiales y autos.","og_url":"https:\/\/www.noticiasradioreflejos.com.ar\/2021\/descontrol-en-reta-a-pierdrazos-destrozaron-la-comisaria-hay-dos-policias-heridos\/","og_site_name":"Noticias Radio Reflejos","article_published_time":"2021-01-31T14:23:05+00:00","og_image":[{"width":300,"height":200,"url":"https:\/\/www.noticiasradioreflejos.com.ar\/2021\/wp-content\/uploads\/2021\/07\/logosol300x200.png","type":"image\/png"}],"author":"Arnaldo Botto","twitter_card":"summary_large_image","schema":{"@context":"https:\/\/schema.org","@graph":[{"@type":"WebPage","@id":"https:\/\/www.noticiasradioreflejos.com.ar\/2021\/descontrol-en-reta-a-pierdrazos-destrozaron-la-comisaria-hay-dos-policias-heridos\/","url":"https:\/\/www.noticiasradioreflejos.com.ar\/2021\/descontrol-en-reta-a-pierdrazos-destrozaron-la-comisaria-hay-dos-policias-heridos\/","name":"Descontrol en Reta: A pierdrazos\u00a0 destrozaron la comisar\u00eda. Hay dos polic\u00edas heridos - Noticias Radio Reflejos","isPartOf":{"@id":"https:\/\/www.noticiasradioreflejos.com.ar\/2021\/#website"},"primaryImageOfPage":{"@id":"https:\/\/www.noticiasradioreflejos.com.ar\/2021\/descontrol-en-reta-a-pierdrazos-destrozaron-la-comisaria-hay-dos-policias-heridos\/#primaryimage"},"image":{"@id":"https:\/\/www.noticiasradioreflejos.com.ar\/2021\/descontrol-en-reta-a-pierdrazos-destrozaron-la-comisaria-hay-dos-policias-heridos\/#primaryimage"},"thumbnailUrl":"","datePublished":"2021-01-31T14:23:05+00:00","author":{"@id":"https:\/\/www.noticiasradioreflejos.com.ar\/2021\/#\/schema\/person\/ad82545263dcc5ec0996818884fd5fb1"},"breadcrumb":{"@id":"https:\/\/www.noticiasradioreflejos.com.ar\/2021\/descontrol-en-reta-a-pierdrazos-destrozaron-la-comisaria-hay-dos-policias-heridos\/#breadcrumb"},"inLanguage":"es","potentialAction":[{"@type":"ReadAction","target":["https:\/\/www.noticiasradioreflejos.com.ar\/2021\/descontrol-en-reta-a-pierdrazos-destrozaron-la-comisaria-hay-dos-policias-heridos\/"]}]},{"@type":"ImageObject","inLanguage":"es","@id":"https:\/\/www.noticiasradioreflejos.com.ar\/2021\/descontrol-en-reta-a-pierdrazos-destrozaron-la-comisaria-hay-dos-policias-heridos\/#primaryimage","url":"","contentUrl":""},{"@type":"BreadcrumbList","@id":"https:\/\/www.noticiasradioreflejos.com.ar\/2021\/descontrol-en-reta-a-pierdrazos-destrozaron-la-comisaria-hay-dos-policias-heridos\/#breadcrumb","itemListElement":[{"@type":"ListItem","position":1,"name":"Portada","item":"https:\/\/www.noticiasradioreflejos.com.ar\/2021\/"},{"@type":"ListItem","position":2,"name":"Descontrol en Reta: A pierdrazos\u00a0 destrozaron la comisar\u00eda. Hay dos polic\u00edas heridos"}]},{"@type":"WebSite","@id":"https:\/\/www.noticiasradioreflejos.com.ar\/2021\/#website","url":"https:\/\/www.noticiasradioreflejos.com.ar\/2021\/","name":"Noticias Radio Reflejos","description":"Las noticias de mi comarca","potentialAction":[{"@type":"SearchAction","target":{"@type":"EntryPoint","urlTemplate":"https:\/\/www.noticiasradioreflejos.com.ar\/2021\/?s={search_term_string}"},"query-input":{"@type":"PropertyValueSpecification","valueRequired":true,"valueName":"search_term_string"}}],"inLanguage":"es"},{"@type":"Person","@id":"https:\/\/www.noticiasradioreflejos.com.ar\/2021\/#\/schema\/person\/ad82545263dcc5ec0996818884fd5fb1","name":"Arnaldo Botto","image":{"@type":"ImageObject","inLanguage":"es","@id":"https:\/\/www.noticiasradioreflejos.com.ar\/2021\/#\/schema\/person\/image\/","url":"https:\/\/secure.gravatar.com\/avatar\/55cb5e37c1efa326397366e6974cb338056df65cb50e7d64d1cf314e87504837?s=96&d=mm&r=g","contentUrl":"https:\/\/secure.gravatar.com\/avatar\/55cb5e37c1efa326397366e6974cb338056df65cb50e7d64d1cf314e87504837?s=96&d=mm&r=g","caption":"Arnaldo Botto"},"url":"https:\/\/www.noticiasradioreflejos.com.ar\/2021\/author\/arnaldo\/"}]}},"_links":{"self":[{"href":"https:\/\/www.noticiasradioreflejos.com.ar\/2021\/wp-json\/wp\/v2\/posts\/51882","targetHints":{"allow":["GET"]}}],"collection":[{"href":"https:\/\/www.noticiasradioreflejos.com.ar\/2021\/wp-json\/wp\/v2\/posts"}],"about":[{"href":"https:\/\/www.noticiasradioreflejos.com.ar\/2021\/wp-json\/wp\/v2\/types\/post"}],"author":[{"embeddable":true,"href":"https:\/\/www.noticiasradioreflejos.com.ar\/2021\/wp-json\/wp\/v2\/users\/3"}],"replies":[{"embeddable":true,"href":"https:\/\/www.noticiasradioreflejos.com.ar\/2021\/wp-json\/wp\/v2\/comments?post=51882"}],"version-history":[{"count":0,"href":"https:\/\/www.noticiasradioreflejos.com.ar\/2021\/wp-json\/wp\/v2\/posts\/51882\/revisions"}],"wp:featuredmedia":[{"embeddable":true,"href":"https:\/\/www.noticiasradioreflejos.com.ar\/2021\/wp-json\/"}],"wp:attachment":[{"href":"https:\/\/www.noticiasradioreflejos.com.ar\/2021\/wp-json\/wp\/v2\/media?parent=51882"}],"wp:term":[{"taxonomy":"category","embeddable":true,"href":"https:\/\/www.noticiasradioreflejos.com.ar\/2021\/wp-json\/wp\/v2\/categories?post=51882"},{"taxonomy":"post_tag","embeddable":true,"href":"https:\/\/www.noticiasradioreflejos.com.ar\/2021\/wp-json\/wp\/v2\/tags?post=51882"}],"curies":[{"name":"wp","href":"https:\/\/api.w.org\/{rel}","templated":true}]}}