{"id":51811,"date":"2021-01-28T18:00:12","date_gmt":"2021-01-28T21:00:12","guid":{"rendered":"http:\/\/www.noticiasradioreflejos.com.ar\/noticias\/?p=51811"},"modified":"2021-01-28T18:00:12","modified_gmt":"2021-01-28T21:00:12","slug":"segun-un-estudio-argentino-la-pediculosis-se-redujo-de-un-70-a-un-44-despues-de-la-cuarentena","status":"publish","type":"post","link":"https:\/\/www.noticiasradioreflejos.com.ar\/2021\/segun-un-estudio-argentino-la-pediculosis-se-redujo-de-un-70-a-un-44-despues-de-la-cuarentena\/","title":{"rendered":"Seg\u00fan un estudio argentino, la pediculosis se redujo de un 70% a un 44% despu\u00e9s de la cuarentena"},"content":{"rendered":"<p>El estudio permiti\u00f3 comprobar que \u00abla din\u00e1mica de infestaci\u00f3n-reinfestaci\u00f3n de las poblaciones de piojos se redujo marcadamente debido al bajo contacto entre los ni\u00f1os que asisten a los establecimientos educativos\u00bb.<!--more--><\/p>\n<p>Un estudio argentino, el primero en el mundo que abord\u00f3 la tem\u00e1tica del impacto de las cuarentenas en la pediculosis, concluy\u00f3 que la prevalencia de los piojos en ni\u00f1as y ni\u00f1os en edad escolar pas\u00f3 del 70 por ciento al 44 por ciento despu\u00e9s de los aislamientos estrictos, es decir que tuvo una ca\u00edda de 26 puntos porcentuales.<\/p>\n<p>Para llegar a esos conclusi\u00f3n, cient\u00edficos del Centro de Investigaciones en Plagas e Insecticidas (Cipein) -que depende del Conicet y de la Unidad de Investigaci\u00f3n y Desarrollo Estrat\u00e9gico para la Defensa (Unidef)- realizaron 627 encuestas en redes sociales a padres que permitieron cubrir una poblaci\u00f3n de 1.118 ni\u00f1os de entre 3 y 14 a\u00f1os comprendiendo todos los niveles correspondientes a la escuela primaria.<\/p>\n<p><strong>\u00abLos valores de infestaci\u00f3n disminuyeron de un 70% antes de la cuarentena a un 44% en el momento de cuarentena m\u00e1s estricto\u00bb, indic\u00f3 a T\u00e9lam Ariel Toloza, director del estudio e investigador del Conicet en el Cipein.<\/strong><\/p>\n<p>El 46 por ciento de las familias encuestadas fueron de la Ciudad de Buenos Aires, el 38 por ciento del primer cord\u00f3n del Conurbano y el 16 por ciento restante del segundo y tercer cord\u00f3n.<\/p>\n<p>El estudio permiti\u00f3 comprobar que \u00abla din\u00e1mica de infestaci\u00f3n-reinfestaci\u00f3n de las poblaciones de piojos se redujo marcadamente debido al bajo contacto entre los ni\u00f1os que asisten a los establecimientos educativos\u00bb.<\/p>\n<p>La cantidad de ni\u00f1os que hay en una casa es una de las variables que m\u00e1s determina la respuesta frente al control de la pediculosis: seg\u00fan el estudio, ya antes de la pandemia la prevalencia de piojos en hogares con un ni\u00f1o era de 50 por ciento, mientras que en hogares con dos, tres o m\u00e1s ni\u00f1os los valores ascend\u00edan al 80 por ciento.<\/p>\n<p>\u00abEstos valores se redujeron significativamente durante la cuarentena, ya que la prevalencia en hogares con un ni\u00f1o fue de 20 por ciento; con dos ni\u00f1os, 40 por ciento; y en hogares con tres o m\u00e1s chicos fue de 60 por ciento\u00bb, revel\u00f3 el trabajo liderado por Toloza seg\u00fan detall\u00f3 la agencia CyTA-Leloir.<\/p>\n<p><strong>Los investigadores tambi\u00e9n identificaron el impacto de las medidas de control realizadas en el hogar por los familiares (para este caso excepcional) sugiriendo que, en aquellos hogares donde los ni\u00f1os no interaccionaron con otros, el empleo de simples medidas de control como el uso de peino fino o pediculicidas permitieron reducir de manera considerable los niveles de infestaci\u00f3n de piojos.<\/strong><\/p>\n<p>\u00abA la falta de contacto con otros ni\u00f1os se sum\u00f3 que los padres estuvieron m\u00e1s tiempo con sus hijos para realizar estos controles\u00bb, se\u00f1al\u00f3 Toloza.<\/p>\n<p>Los principales datos del estudio, publicado en\u00a0<strong><a href=\"https:\/\/link.springer.com\/article\/10.1007\/s00436-020-07038-\" target=\"_blank\" rel=\"noopener\">https:\/\/link.springer.com\/article\/10.1007\/s00436-020-07038-<\/a><\/strong>y, corroboraron la premisa de que si el contacto entre chicos disminu\u00eda (como consecuencia de las normas del cierre de colegios e interrupci\u00f3n de actividades extraescolares), los niveles de infestaci\u00f3n de piojos tambi\u00e9n disminuir\u00edan por el poco contacto cabeza-cabeza que requieren estos ectopar\u00e1sitos para colonizar nuevos lugares de cr\u00eda.<\/p>\n<p>\u00abFue una comprobaci\u00f3n de la hip\u00f3tesis de que el ambiente escolar es el factor principal que favorece la dispersi\u00f3n del contagio\u00bb, se\u00f1al\u00f3.<\/p>\n<blockquote class=\"small-left\"><p>La \u00abpediculosis capitis\u00bb es una de las enfermedades parasitarias m\u00e1s comunes entre los ni\u00f1os en todo el mundo<\/p><\/blockquote>\n<h4><span style=\"background-color: #ffff99;\">En referencia a qu\u00e9 medidas podr\u00edan tomarse cuando retornen las clases, el investigador describi\u00f3 que \u00abser\u00eda bueno aplicar t\u00e9cnicas de control preventivo programado, esto podr\u00eda ser, por ejemplo, que los padres de un grado se pongan de acuerdo y realicen una semana al mes control de la pediculosis en simult\u00e1neo con lo cual se puede disminuir la densidad de piojos en un aula y de esa manera se baja la posibilidad de reinfestaci\u00f3n\u00bb.<\/span><\/h4>\n<p><strong>En tanto que para el futuro cercano, \u00absi las clases presenciales comienzan con distanciamiento o en burbujas como est\u00e1 previsto se estimar\u00eda que la prevalencia deber\u00eda continuar baja ya que no tendr\u00eda que existir el contagio cabeza-cabeza que se da por proximidad\u00bb.<\/strong><\/p>\n<p>La \u00abpediculosis capitis\u00bb es una de las enfermedades parasitarias m\u00e1s comunes entre los ni\u00f1os en todo el mundo y es causada por el piojo de la cabeza humana Pediculus humanus capitis; se trata de un ectopar\u00e1sito que se alimenta de sangre y pasa todo su ciclo de vida en la cabeza de su hu\u00e9sped.<\/p>\n<p>Las dos estrategias principales contra la propagaci\u00f3n de la pediculosis son el control individual de los piojos y la prevenci\u00f3n de la transmisi\u00f3n.<\/p>\n<p>Seg\u00fan los autores del estudio en Argentina los principales tratamientos consisten en peinarlos solos o en combinaci\u00f3n con pediculicidas de venta libre.<\/p>\n<p><strong>\u00abEl uso excesivo de productos que contienen permetrina en las \u00faltimas d\u00e9cadas ha llevado al desarrollo de altos niveles de resistencia\u00bb, aseguraron.<\/strong><\/p>\n<p>Del estudio tambi\u00e9n participaron Federico Galassi, primer autor del trabajo e investigador del Conicet en el Cipein; Isabel Ortega-Insaurralde, del Instituto Biodiversidad y Biolog\u00eda Experimental y Aplicada (Ibbea), que depende de la UBA y del Conicet; y Victor Adjemian, Paola Gonzalez-Audino y Maria In\u00e9s Picollo, del Conicet y del Cipein.<\/p>\n<div class=\"main-content-block\"><\/div>\n","protected":false},"excerpt":{"rendered":"<p>El estudio permiti\u00f3 comprobar que \u00abla din\u00e1mica de infestaci\u00f3n-reinfestaci\u00f3n de las poblaciones de piojos se redujo marcadamente debido al bajo contacto entre los ni\u00f1os que asisten a los establecimientos educativos\u00bb.<\/p>\n","protected":false},"author":3,"featured_media":51812,"comment_status":"closed","ping_status":"open","sticky":false,"template":"","format":"standard","meta":{"footnotes":""},"categories":[30,26],"tags":[],"class_list":["post-51811","post","type-post","status-publish","format-standard","has-post-thumbnail","hentry","category-salud","category-sociedad"],"yoast_head":"<!-- This site is optimized with the Yoast SEO plugin v25.9 - https:\/\/yoast.com\/wordpress\/plugins\/seo\/ -->\n<title>Seg\u00fan un estudio argentino, la pediculosis se redujo de un 70% a un 44% despu\u00e9s de la cuarentena - Noticias Radio Reflejos<\/title>\n<meta name=\"robots\" content=\"index, follow, max-snippet:-1, max-image-preview:large, max-video-preview:-1\" \/>\n<link rel=\"canonical\" href=\"https:\/\/www.noticiasradioreflejos.com.ar\/2021\/segun-un-estudio-argentino-la-pediculosis-se-redujo-de-un-70-a-un-44-despues-de-la-cuarentena\/\" \/>\n<meta property=\"og:locale\" content=\"es_ES\" \/>\n<meta property=\"og:type\" content=\"article\" \/>\n<meta property=\"og:title\" content=\"Seg\u00fan un estudio argentino, la pediculosis se redujo de un 70% a un 44% despu\u00e9s de la cuarentena - Noticias Radio Reflejos\" \/>\n<meta property=\"og:description\" content=\"El estudio permiti\u00f3 comprobar que \u00abla din\u00e1mica de infestaci\u00f3n-reinfestaci\u00f3n de las poblaciones de piojos se redujo marcadamente debido al bajo contacto entre los ni\u00f1os que asisten a los establecimientos educativos\u00bb.\" \/>\n<meta property=\"og:url\" content=\"https:\/\/www.noticiasradioreflejos.com.ar\/2021\/segun-un-estudio-argentino-la-pediculosis-se-redujo-de-un-70-a-un-44-despues-de-la-cuarentena\/\" \/>\n<meta property=\"og:site_name\" content=\"Noticias Radio Reflejos\" \/>\n<meta property=\"article:published_time\" content=\"2021-01-28T21:00:12+00:00\" \/>\n<meta property=\"og:image\" content=\"https:\/\/www.noticiasradioreflejos.com.ar\/2021\/wp-content\/uploads\/2021\/07\/logosol300x200.png\" \/>\n\t<meta property=\"og:image:width\" content=\"300\" \/>\n\t<meta property=\"og:image:height\" content=\"200\" \/>\n\t<meta property=\"og:image:type\" content=\"image\/png\" \/>\n<meta name=\"author\" content=\"Arnaldo Botto\" \/>\n<meta name=\"twitter:card\" content=\"summary_large_image\" \/>\n<script type=\"application\/ld+json\" class=\"yoast-schema-graph\">{\"@context\":\"https:\/\/schema.org\",\"@graph\":[{\"@type\":\"WebPage\",\"@id\":\"https:\/\/www.noticiasradioreflejos.com.ar\/2021\/segun-un-estudio-argentino-la-pediculosis-se-redujo-de-un-70-a-un-44-despues-de-la-cuarentena\/\",\"url\":\"https:\/\/www.noticiasradioreflejos.com.ar\/2021\/segun-un-estudio-argentino-la-pediculosis-se-redujo-de-un-70-a-un-44-despues-de-la-cuarentena\/\",\"name\":\"Seg\u00fan un estudio argentino, la pediculosis se redujo de un 70% a un 44% despu\u00e9s de la cuarentena - Noticias Radio Reflejos\",\"isPartOf\":{\"@id\":\"https:\/\/www.noticiasradioreflejos.com.ar\/2021\/#website\"},\"primaryImageOfPage\":{\"@id\":\"https:\/\/www.noticiasradioreflejos.com.ar\/2021\/segun-un-estudio-argentino-la-pediculosis-se-redujo-de-un-70-a-un-44-despues-de-la-cuarentena\/#primaryimage\"},\"image\":{\"@id\":\"https:\/\/www.noticiasradioreflejos.com.ar\/2021\/segun-un-estudio-argentino-la-pediculosis-se-redujo-de-un-70-a-un-44-despues-de-la-cuarentena\/#primaryimage\"},\"thumbnailUrl\":\"\",\"datePublished\":\"2021-01-28T21:00:12+00:00\",\"author\":{\"@id\":\"https:\/\/www.noticiasradioreflejos.com.ar\/2021\/#\/schema\/person\/ad82545263dcc5ec0996818884fd5fb1\"},\"breadcrumb\":{\"@id\":\"https:\/\/www.noticiasradioreflejos.com.ar\/2021\/segun-un-estudio-argentino-la-pediculosis-se-redujo-de-un-70-a-un-44-despues-de-la-cuarentena\/#breadcrumb\"},\"inLanguage\":\"es\",\"potentialAction\":[{\"@type\":\"ReadAction\",\"target\":[\"https:\/\/www.noticiasradioreflejos.com.ar\/2021\/segun-un-estudio-argentino-la-pediculosis-se-redujo-de-un-70-a-un-44-despues-de-la-cuarentena\/\"]}]},{\"@type\":\"ImageObject\",\"inLanguage\":\"es\",\"@id\":\"https:\/\/www.noticiasradioreflejos.com.ar\/2021\/segun-un-estudio-argentino-la-pediculosis-se-redujo-de-un-70-a-un-44-despues-de-la-cuarentena\/#primaryimage\",\"url\":\"\",\"contentUrl\":\"\"},{\"@type\":\"BreadcrumbList\",\"@id\":\"https:\/\/www.noticiasradioreflejos.com.ar\/2021\/segun-un-estudio-argentino-la-pediculosis-se-redujo-de-un-70-a-un-44-despues-de-la-cuarentena\/#breadcrumb\",\"itemListElement\":[{\"@type\":\"ListItem\",\"position\":1,\"name\":\"Portada\",\"item\":\"https:\/\/www.noticiasradioreflejos.com.ar\/2021\/\"},{\"@type\":\"ListItem\",\"position\":2,\"name\":\"Seg\u00fan un estudio argentino, la pediculosis se redujo de un 70% a un 44% despu\u00e9s de la cuarentena\"}]},{\"@type\":\"WebSite\",\"@id\":\"https:\/\/www.noticiasradioreflejos.com.ar\/2021\/#website\",\"url\":\"https:\/\/www.noticiasradioreflejos.com.ar\/2021\/\",\"name\":\"Noticias Radio Reflejos\",\"description\":\"Las noticias de mi comarca\",\"potentialAction\":[{\"@type\":\"SearchAction\",\"target\":{\"@type\":\"EntryPoint\",\"urlTemplate\":\"https:\/\/www.noticiasradioreflejos.com.ar\/2021\/?s={search_term_string}\"},\"query-input\":{\"@type\":\"PropertyValueSpecification\",\"valueRequired\":true,\"valueName\":\"search_term_string\"}}],\"inLanguage\":\"es\"},{\"@type\":\"Person\",\"@id\":\"https:\/\/www.noticiasradioreflejos.com.ar\/2021\/#\/schema\/person\/ad82545263dcc5ec0996818884fd5fb1\",\"name\":\"Arnaldo Botto\",\"image\":{\"@type\":\"ImageObject\",\"inLanguage\":\"es\",\"@id\":\"https:\/\/www.noticiasradioreflejos.com.ar\/2021\/#\/schema\/person\/image\/\",\"url\":\"https:\/\/secure.gravatar.com\/avatar\/55cb5e37c1efa326397366e6974cb338056df65cb50e7d64d1cf314e87504837?s=96&d=mm&r=g\",\"contentUrl\":\"https:\/\/secure.gravatar.com\/avatar\/55cb5e37c1efa326397366e6974cb338056df65cb50e7d64d1cf314e87504837?s=96&d=mm&r=g\",\"caption\":\"Arnaldo Botto\"},\"url\":\"https:\/\/www.noticiasradioreflejos.com.ar\/2021\/author\/arnaldo\/\"}]}<\/script>\n<!-- \/ Yoast SEO plugin. -->","yoast_head_json":{"title":"Seg\u00fan un estudio argentino, la pediculosis se redujo de un 70% a un 44% despu\u00e9s de la cuarentena - Noticias Radio Reflejos","robots":{"index":"index","follow":"follow","max-snippet":"max-snippet:-1","max-image-preview":"max-image-preview:large","max-video-preview":"max-video-preview:-1"},"canonical":"https:\/\/www.noticiasradioreflejos.com.ar\/2021\/segun-un-estudio-argentino-la-pediculosis-se-redujo-de-un-70-a-un-44-despues-de-la-cuarentena\/","og_locale":"es_ES","og_type":"article","og_title":"Seg\u00fan un estudio argentino, la pediculosis se redujo de un 70% a un 44% despu\u00e9s de la cuarentena - Noticias Radio Reflejos","og_description":"El estudio permiti\u00f3 comprobar que \u00abla din\u00e1mica de infestaci\u00f3n-reinfestaci\u00f3n de las poblaciones de piojos se redujo marcadamente debido al bajo contacto entre los ni\u00f1os que asisten a los establecimientos educativos\u00bb.","og_url":"https:\/\/www.noticiasradioreflejos.com.ar\/2021\/segun-un-estudio-argentino-la-pediculosis-se-redujo-de-un-70-a-un-44-despues-de-la-cuarentena\/","og_site_name":"Noticias Radio Reflejos","article_published_time":"2021-01-28T21:00:12+00:00","og_image":[{"width":300,"height":200,"url":"https:\/\/www.noticiasradioreflejos.com.ar\/2021\/wp-content\/uploads\/2021\/07\/logosol300x200.png","type":"image\/png"}],"author":"Arnaldo Botto","twitter_card":"summary_large_image","schema":{"@context":"https:\/\/schema.org","@graph":[{"@type":"WebPage","@id":"https:\/\/www.noticiasradioreflejos.com.ar\/2021\/segun-un-estudio-argentino-la-pediculosis-se-redujo-de-un-70-a-un-44-despues-de-la-cuarentena\/","url":"https:\/\/www.noticiasradioreflejos.com.ar\/2021\/segun-un-estudio-argentino-la-pediculosis-se-redujo-de-un-70-a-un-44-despues-de-la-cuarentena\/","name":"Seg\u00fan un estudio argentino, la pediculosis se redujo de un 70% a un 44% despu\u00e9s de la cuarentena - Noticias Radio Reflejos","isPartOf":{"@id":"https:\/\/www.noticiasradioreflejos.com.ar\/2021\/#website"},"primaryImageOfPage":{"@id":"https:\/\/www.noticiasradioreflejos.com.ar\/2021\/segun-un-estudio-argentino-la-pediculosis-se-redujo-de-un-70-a-un-44-despues-de-la-cuarentena\/#primaryimage"},"image":{"@id":"https:\/\/www.noticiasradioreflejos.com.ar\/2021\/segun-un-estudio-argentino-la-pediculosis-se-redujo-de-un-70-a-un-44-despues-de-la-cuarentena\/#primaryimage"},"thumbnailUrl":"","datePublished":"2021-01-28T21:00:12+00:00","author":{"@id":"https:\/\/www.noticiasradioreflejos.com.ar\/2021\/#\/schema\/person\/ad82545263dcc5ec0996818884fd5fb1"},"breadcrumb":{"@id":"https:\/\/www.noticiasradioreflejos.com.ar\/2021\/segun-un-estudio-argentino-la-pediculosis-se-redujo-de-un-70-a-un-44-despues-de-la-cuarentena\/#breadcrumb"},"inLanguage":"es","potentialAction":[{"@type":"ReadAction","target":["https:\/\/www.noticiasradioreflejos.com.ar\/2021\/segun-un-estudio-argentino-la-pediculosis-se-redujo-de-un-70-a-un-44-despues-de-la-cuarentena\/"]}]},{"@type":"ImageObject","inLanguage":"es","@id":"https:\/\/www.noticiasradioreflejos.com.ar\/2021\/segun-un-estudio-argentino-la-pediculosis-se-redujo-de-un-70-a-un-44-despues-de-la-cuarentena\/#primaryimage","url":"","contentUrl":""},{"@type":"BreadcrumbList","@id":"https:\/\/www.noticiasradioreflejos.com.ar\/2021\/segun-un-estudio-argentino-la-pediculosis-se-redujo-de-un-70-a-un-44-despues-de-la-cuarentena\/#breadcrumb","itemListElement":[{"@type":"ListItem","position":1,"name":"Portada","item":"https:\/\/www.noticiasradioreflejos.com.ar\/2021\/"},{"@type":"ListItem","position":2,"name":"Seg\u00fan un estudio argentino, la pediculosis se redujo de un 70% a un 44% despu\u00e9s de la cuarentena"}]},{"@type":"WebSite","@id":"https:\/\/www.noticiasradioreflejos.com.ar\/2021\/#website","url":"https:\/\/www.noticiasradioreflejos.com.ar\/2021\/","name":"Noticias Radio Reflejos","description":"Las noticias de mi comarca","potentialAction":[{"@type":"SearchAction","target":{"@type":"EntryPoint","urlTemplate":"https:\/\/www.noticiasradioreflejos.com.ar\/2021\/?s={search_term_string}"},"query-input":{"@type":"PropertyValueSpecification","valueRequired":true,"valueName":"search_term_string"}}],"inLanguage":"es"},{"@type":"Person","@id":"https:\/\/www.noticiasradioreflejos.com.ar\/2021\/#\/schema\/person\/ad82545263dcc5ec0996818884fd5fb1","name":"Arnaldo Botto","image":{"@type":"ImageObject","inLanguage":"es","@id":"https:\/\/www.noticiasradioreflejos.com.ar\/2021\/#\/schema\/person\/image\/","url":"https:\/\/secure.gravatar.com\/avatar\/55cb5e37c1efa326397366e6974cb338056df65cb50e7d64d1cf314e87504837?s=96&d=mm&r=g","contentUrl":"https:\/\/secure.gravatar.com\/avatar\/55cb5e37c1efa326397366e6974cb338056df65cb50e7d64d1cf314e87504837?s=96&d=mm&r=g","caption":"Arnaldo Botto"},"url":"https:\/\/www.noticiasradioreflejos.com.ar\/2021\/author\/arnaldo\/"}]}},"_links":{"self":[{"href":"https:\/\/www.noticiasradioreflejos.com.ar\/2021\/wp-json\/wp\/v2\/posts\/51811","targetHints":{"allow":["GET"]}}],"collection":[{"href":"https:\/\/www.noticiasradioreflejos.com.ar\/2021\/wp-json\/wp\/v2\/posts"}],"about":[{"href":"https:\/\/www.noticiasradioreflejos.com.ar\/2021\/wp-json\/wp\/v2\/types\/post"}],"author":[{"embeddable":true,"href":"https:\/\/www.noticiasradioreflejos.com.ar\/2021\/wp-json\/wp\/v2\/users\/3"}],"replies":[{"embeddable":true,"href":"https:\/\/www.noticiasradioreflejos.com.ar\/2021\/wp-json\/wp\/v2\/comments?post=51811"}],"version-history":[{"count":0,"href":"https:\/\/www.noticiasradioreflejos.com.ar\/2021\/wp-json\/wp\/v2\/posts\/51811\/revisions"}],"wp:featuredmedia":[{"embeddable":true,"href":"https:\/\/www.noticiasradioreflejos.com.ar\/2021\/wp-json\/"}],"wp:attachment":[{"href":"https:\/\/www.noticiasradioreflejos.com.ar\/2021\/wp-json\/wp\/v2\/media?parent=51811"}],"wp:term":[{"taxonomy":"category","embeddable":true,"href":"https:\/\/www.noticiasradioreflejos.com.ar\/2021\/wp-json\/wp\/v2\/categories?post=51811"},{"taxonomy":"post_tag","embeddable":true,"href":"https:\/\/www.noticiasradioreflejos.com.ar\/2021\/wp-json\/wp\/v2\/tags?post=51811"}],"curies":[{"name":"wp","href":"https:\/\/api.w.org\/{rel}","templated":true}]}}