{"id":51801,"date":"2021-01-28T10:44:02","date_gmt":"2021-01-28T13:44:02","guid":{"rendered":"http:\/\/www.noticiasradioreflejos.com.ar\/noticias\/?p=51801"},"modified":"2021-01-28T10:44:02","modified_gmt":"2021-01-28T13:44:02","slug":"mientras-se-cumplan-los-protocolos-las-clases-comenzaran-el-1-de-marzo-planteo-suteba","status":"publish","type":"post","link":"https:\/\/www.noticiasradioreflejos.com.ar\/2021\/mientras-se-cumplan-los-protocolos-las-clases-comenzaran-el-1-de-marzo-planteo-suteba\/","title":{"rendered":"\u00abMientras se cumplan los protocolos, las clases comenzar\u00e1n el 1 de marzo\u00bb, plante\u00f3 Suteba"},"content":{"rendered":"<p>La secretaria general adjunta del Sindicato Unificado de Trabajadores de la Educaci\u00f3n de Buenos Aires (Suteba), Mar\u00eda Laura Torre, adelant\u00f3 hoy que \u00abmientras se cumplan los protocolos, las clases comenzar\u00e1n el 1 de marzo\u00bb en la provincia de Buenos Aires.<!--more--><br \/>\n\u00abMientras se cumplan los protocolos, no habr\u00eda dificultades para reanudar las clases en forma presencial\u00bb, dijo la dirigente gremial en declaraciones a radio La Red.<\/p>\n<p>Anticip\u00f3 que la presencialidad de los alumnos en las aulas \u00abno ser\u00e1 como a comienzos de 2020\u00bb, cuando \u00abtodos\u00bb juntos llegaban a las escuelas, y afirm\u00f3: \u00abNo habr\u00e1 presencialidad masiva\u00bb.<\/p>\n<p>\u00abLlevamos seis meses de mucho trabajo con la Provincia de Buenos Aires porque en julio se comenz\u00f3 a trabajar un plan jurisdiccional\u00bb y destac\u00f3 que \u00abcon mucho esfuerzo, mucho debate se lleg\u00f3 a ese plan sabiendo que en un momento ten\u00edamos que preparar la vuelta a la presencialidad\u00bb.<\/p>\n<p>Torre detall\u00f3 que \u00abeste plan tiene ocho protocolos\u00bb, entre ellos la situaci\u00f3n de limpieza en las aulas, la ventilaci\u00f3n, la dotaci\u00f3n de docentes y auxiliares y la situaci\u00f3n del transporte.<\/p>\n<p>\u00abGracias a esos protocolos se pudo volver a la presencialidad el a\u00f1o pasado en aquellos lugares donde la circulaci\u00f3n del virus era nula o de baja intensidad\u00bb, precis\u00f3.<\/p>\n<p>Indic\u00f3 finalmente que con el regreso a las aulas, el 1 de marzo, \u00abdesde cada escuela se va a ir informando c\u00f3mo es la modalidad, cu\u00e1ndo se empieza y seguramente va a ser escalonado\u00bb.<\/p>\n","protected":false},"excerpt":{"rendered":"<p>La secretaria general adjunta del Sindicato Unificado de Trabajadores de la Educaci\u00f3n de Buenos Aires (Suteba), Mar\u00eda Laura Torre, adelant\u00f3 hoy que \u00abmientras se cumplan los protocolos, las clases comenzar\u00e1n el 1 de marzo\u00bb en la provincia de Buenos Aires.<\/p>\n","protected":false},"author":3,"featured_media":51554,"comment_status":"closed","ping_status":"open","sticky":false,"template":"","format":"standard","meta":{"footnotes":""},"categories":[34],"tags":[],"class_list":["post-51801","post","type-post","status-publish","format-standard","has-post-thumbnail","hentry","category-educacion"],"yoast_head":"<!-- This site is optimized with the Yoast SEO plugin v25.9 - https:\/\/yoast.com\/wordpress\/plugins\/seo\/ -->\n<title>&quot;Mientras se cumplan los protocolos, las clases comenzar\u00e1n el 1 de marzo&quot;, plante\u00f3 Suteba - Noticias Radio Reflejos<\/title>\n<meta name=\"robots\" content=\"index, follow, max-snippet:-1, max-image-preview:large, max-video-preview:-1\" \/>\n<link rel=\"canonical\" href=\"https:\/\/www.noticiasradioreflejos.com.ar\/2021\/mientras-se-cumplan-los-protocolos-las-clases-comenzaran-el-1-de-marzo-planteo-suteba\/\" \/>\n<meta property=\"og:locale\" content=\"es_ES\" \/>\n<meta property=\"og:type\" content=\"article\" \/>\n<meta property=\"og:title\" content=\"&quot;Mientras se cumplan los protocolos, las clases comenzar\u00e1n el 1 de marzo&quot;, plante\u00f3 Suteba - Noticias Radio Reflejos\" \/>\n<meta property=\"og:description\" content=\"La secretaria general adjunta del Sindicato Unificado de Trabajadores de la Educaci\u00f3n de Buenos Aires (Suteba), Mar\u00eda Laura Torre, adelant\u00f3 hoy que \u00abmientras se cumplan los protocolos, las clases comenzar\u00e1n el 1 de marzo\u00bb en la provincia de Buenos Aires.\" \/>\n<meta property=\"og:url\" content=\"https:\/\/www.noticiasradioreflejos.com.ar\/2021\/mientras-se-cumplan-los-protocolos-las-clases-comenzaran-el-1-de-marzo-planteo-suteba\/\" \/>\n<meta property=\"og:site_name\" content=\"Noticias Radio Reflejos\" \/>\n<meta property=\"article:published_time\" content=\"2021-01-28T13:44:02+00:00\" \/>\n<meta property=\"og:image\" content=\"https:\/\/www.noticiasradioreflejos.com.ar\/2021\/wp-content\/uploads\/2021\/07\/logosol300x200.png\" \/>\n\t<meta property=\"og:image:width\" content=\"300\" \/>\n\t<meta property=\"og:image:height\" content=\"200\" \/>\n\t<meta property=\"og:image:type\" content=\"image\/png\" \/>\n<meta name=\"author\" content=\"Arnaldo Botto\" \/>\n<meta name=\"twitter:card\" content=\"summary_large_image\" \/>\n<script type=\"application\/ld+json\" class=\"yoast-schema-graph\">{\"@context\":\"https:\/\/schema.org\",\"@graph\":[{\"@type\":\"WebPage\",\"@id\":\"https:\/\/www.noticiasradioreflejos.com.ar\/2021\/mientras-se-cumplan-los-protocolos-las-clases-comenzaran-el-1-de-marzo-planteo-suteba\/\",\"url\":\"https:\/\/www.noticiasradioreflejos.com.ar\/2021\/mientras-se-cumplan-los-protocolos-las-clases-comenzaran-el-1-de-marzo-planteo-suteba\/\",\"name\":\"\\\"Mientras se cumplan los protocolos, las clases comenzar\u00e1n el 1 de marzo\\\", plante\u00f3 Suteba - Noticias Radio Reflejos\",\"isPartOf\":{\"@id\":\"https:\/\/www.noticiasradioreflejos.com.ar\/2021\/#website\"},\"primaryImageOfPage\":{\"@id\":\"https:\/\/www.noticiasradioreflejos.com.ar\/2021\/mientras-se-cumplan-los-protocolos-las-clases-comenzaran-el-1-de-marzo-planteo-suteba\/#primaryimage\"},\"image\":{\"@id\":\"https:\/\/www.noticiasradioreflejos.com.ar\/2021\/mientras-se-cumplan-los-protocolos-las-clases-comenzaran-el-1-de-marzo-planteo-suteba\/#primaryimage\"},\"thumbnailUrl\":\"\",\"datePublished\":\"2021-01-28T13:44:02+00:00\",\"author\":{\"@id\":\"https:\/\/www.noticiasradioreflejos.com.ar\/2021\/#\/schema\/person\/ad82545263dcc5ec0996818884fd5fb1\"},\"breadcrumb\":{\"@id\":\"https:\/\/www.noticiasradioreflejos.com.ar\/2021\/mientras-se-cumplan-los-protocolos-las-clases-comenzaran-el-1-de-marzo-planteo-suteba\/#breadcrumb\"},\"inLanguage\":\"es\",\"potentialAction\":[{\"@type\":\"ReadAction\",\"target\":[\"https:\/\/www.noticiasradioreflejos.com.ar\/2021\/mientras-se-cumplan-los-protocolos-las-clases-comenzaran-el-1-de-marzo-planteo-suteba\/\"]}]},{\"@type\":\"ImageObject\",\"inLanguage\":\"es\",\"@id\":\"https:\/\/www.noticiasradioreflejos.com.ar\/2021\/mientras-se-cumplan-los-protocolos-las-clases-comenzaran-el-1-de-marzo-planteo-suteba\/#primaryimage\",\"url\":\"\",\"contentUrl\":\"\"},{\"@type\":\"BreadcrumbList\",\"@id\":\"https:\/\/www.noticiasradioreflejos.com.ar\/2021\/mientras-se-cumplan-los-protocolos-las-clases-comenzaran-el-1-de-marzo-planteo-suteba\/#breadcrumb\",\"itemListElement\":[{\"@type\":\"ListItem\",\"position\":1,\"name\":\"Portada\",\"item\":\"https:\/\/www.noticiasradioreflejos.com.ar\/2021\/\"},{\"@type\":\"ListItem\",\"position\":2,\"name\":\"\u00abMientras se cumplan los protocolos, las clases comenzar\u00e1n el 1 de marzo\u00bb, plante\u00f3 Suteba\"}]},{\"@type\":\"WebSite\",\"@id\":\"https:\/\/www.noticiasradioreflejos.com.ar\/2021\/#website\",\"url\":\"https:\/\/www.noticiasradioreflejos.com.ar\/2021\/\",\"name\":\"Noticias Radio Reflejos\",\"description\":\"Las noticias de mi comarca\",\"potentialAction\":[{\"@type\":\"SearchAction\",\"target\":{\"@type\":\"EntryPoint\",\"urlTemplate\":\"https:\/\/www.noticiasradioreflejos.com.ar\/2021\/?s={search_term_string}\"},\"query-input\":{\"@type\":\"PropertyValueSpecification\",\"valueRequired\":true,\"valueName\":\"search_term_string\"}}],\"inLanguage\":\"es\"},{\"@type\":\"Person\",\"@id\":\"https:\/\/www.noticiasradioreflejos.com.ar\/2021\/#\/schema\/person\/ad82545263dcc5ec0996818884fd5fb1\",\"name\":\"Arnaldo Botto\",\"image\":{\"@type\":\"ImageObject\",\"inLanguage\":\"es\",\"@id\":\"https:\/\/www.noticiasradioreflejos.com.ar\/2021\/#\/schema\/person\/image\/\",\"url\":\"https:\/\/secure.gravatar.com\/avatar\/55cb5e37c1efa326397366e6974cb338056df65cb50e7d64d1cf314e87504837?s=96&d=mm&r=g\",\"contentUrl\":\"https:\/\/secure.gravatar.com\/avatar\/55cb5e37c1efa326397366e6974cb338056df65cb50e7d64d1cf314e87504837?s=96&d=mm&r=g\",\"caption\":\"Arnaldo Botto\"},\"url\":\"https:\/\/www.noticiasradioreflejos.com.ar\/2021\/author\/arnaldo\/\"}]}<\/script>\n<!-- \/ Yoast SEO plugin. -->","yoast_head_json":{"title":"\"Mientras se cumplan los protocolos, las clases comenzar\u00e1n el 1 de marzo\", plante\u00f3 Suteba - Noticias Radio Reflejos","robots":{"index":"index","follow":"follow","max-snippet":"max-snippet:-1","max-image-preview":"max-image-preview:large","max-video-preview":"max-video-preview:-1"},"canonical":"https:\/\/www.noticiasradioreflejos.com.ar\/2021\/mientras-se-cumplan-los-protocolos-las-clases-comenzaran-el-1-de-marzo-planteo-suteba\/","og_locale":"es_ES","og_type":"article","og_title":"\"Mientras se cumplan los protocolos, las clases comenzar\u00e1n el 1 de marzo\", plante\u00f3 Suteba - Noticias Radio Reflejos","og_description":"La secretaria general adjunta del Sindicato Unificado de Trabajadores de la Educaci\u00f3n de Buenos Aires (Suteba), Mar\u00eda Laura Torre, adelant\u00f3 hoy que \u00abmientras se cumplan los protocolos, las clases comenzar\u00e1n el 1 de marzo\u00bb en la provincia de Buenos Aires.","og_url":"https:\/\/www.noticiasradioreflejos.com.ar\/2021\/mientras-se-cumplan-los-protocolos-las-clases-comenzaran-el-1-de-marzo-planteo-suteba\/","og_site_name":"Noticias Radio Reflejos","article_published_time":"2021-01-28T13:44:02+00:00","og_image":[{"width":300,"height":200,"url":"https:\/\/www.noticiasradioreflejos.com.ar\/2021\/wp-content\/uploads\/2021\/07\/logosol300x200.png","type":"image\/png"}],"author":"Arnaldo Botto","twitter_card":"summary_large_image","schema":{"@context":"https:\/\/schema.org","@graph":[{"@type":"WebPage","@id":"https:\/\/www.noticiasradioreflejos.com.ar\/2021\/mientras-se-cumplan-los-protocolos-las-clases-comenzaran-el-1-de-marzo-planteo-suteba\/","url":"https:\/\/www.noticiasradioreflejos.com.ar\/2021\/mientras-se-cumplan-los-protocolos-las-clases-comenzaran-el-1-de-marzo-planteo-suteba\/","name":"\"Mientras se cumplan los protocolos, las clases comenzar\u00e1n el 1 de marzo\", plante\u00f3 Suteba - Noticias Radio Reflejos","isPartOf":{"@id":"https:\/\/www.noticiasradioreflejos.com.ar\/2021\/#website"},"primaryImageOfPage":{"@id":"https:\/\/www.noticiasradioreflejos.com.ar\/2021\/mientras-se-cumplan-los-protocolos-las-clases-comenzaran-el-1-de-marzo-planteo-suteba\/#primaryimage"},"image":{"@id":"https:\/\/www.noticiasradioreflejos.com.ar\/2021\/mientras-se-cumplan-los-protocolos-las-clases-comenzaran-el-1-de-marzo-planteo-suteba\/#primaryimage"},"thumbnailUrl":"","datePublished":"2021-01-28T13:44:02+00:00","author":{"@id":"https:\/\/www.noticiasradioreflejos.com.ar\/2021\/#\/schema\/person\/ad82545263dcc5ec0996818884fd5fb1"},"breadcrumb":{"@id":"https:\/\/www.noticiasradioreflejos.com.ar\/2021\/mientras-se-cumplan-los-protocolos-las-clases-comenzaran-el-1-de-marzo-planteo-suteba\/#breadcrumb"},"inLanguage":"es","potentialAction":[{"@type":"ReadAction","target":["https:\/\/www.noticiasradioreflejos.com.ar\/2021\/mientras-se-cumplan-los-protocolos-las-clases-comenzaran-el-1-de-marzo-planteo-suteba\/"]}]},{"@type":"ImageObject","inLanguage":"es","@id":"https:\/\/www.noticiasradioreflejos.com.ar\/2021\/mientras-se-cumplan-los-protocolos-las-clases-comenzaran-el-1-de-marzo-planteo-suteba\/#primaryimage","url":"","contentUrl":""},{"@type":"BreadcrumbList","@id":"https:\/\/www.noticiasradioreflejos.com.ar\/2021\/mientras-se-cumplan-los-protocolos-las-clases-comenzaran-el-1-de-marzo-planteo-suteba\/#breadcrumb","itemListElement":[{"@type":"ListItem","position":1,"name":"Portada","item":"https:\/\/www.noticiasradioreflejos.com.ar\/2021\/"},{"@type":"ListItem","position":2,"name":"\u00abMientras se cumplan los protocolos, las clases comenzar\u00e1n el 1 de marzo\u00bb, plante\u00f3 Suteba"}]},{"@type":"WebSite","@id":"https:\/\/www.noticiasradioreflejos.com.ar\/2021\/#website","url":"https:\/\/www.noticiasradioreflejos.com.ar\/2021\/","name":"Noticias Radio Reflejos","description":"Las noticias de mi comarca","potentialAction":[{"@type":"SearchAction","target":{"@type":"EntryPoint","urlTemplate":"https:\/\/www.noticiasradioreflejos.com.ar\/2021\/?s={search_term_string}"},"query-input":{"@type":"PropertyValueSpecification","valueRequired":true,"valueName":"search_term_string"}}],"inLanguage":"es"},{"@type":"Person","@id":"https:\/\/www.noticiasradioreflejos.com.ar\/2021\/#\/schema\/person\/ad82545263dcc5ec0996818884fd5fb1","name":"Arnaldo Botto","image":{"@type":"ImageObject","inLanguage":"es","@id":"https:\/\/www.noticiasradioreflejos.com.ar\/2021\/#\/schema\/person\/image\/","url":"https:\/\/secure.gravatar.com\/avatar\/55cb5e37c1efa326397366e6974cb338056df65cb50e7d64d1cf314e87504837?s=96&d=mm&r=g","contentUrl":"https:\/\/secure.gravatar.com\/avatar\/55cb5e37c1efa326397366e6974cb338056df65cb50e7d64d1cf314e87504837?s=96&d=mm&r=g","caption":"Arnaldo Botto"},"url":"https:\/\/www.noticiasradioreflejos.com.ar\/2021\/author\/arnaldo\/"}]}},"_links":{"self":[{"href":"https:\/\/www.noticiasradioreflejos.com.ar\/2021\/wp-json\/wp\/v2\/posts\/51801","targetHints":{"allow":["GET"]}}],"collection":[{"href":"https:\/\/www.noticiasradioreflejos.com.ar\/2021\/wp-json\/wp\/v2\/posts"}],"about":[{"href":"https:\/\/www.noticiasradioreflejos.com.ar\/2021\/wp-json\/wp\/v2\/types\/post"}],"author":[{"embeddable":true,"href":"https:\/\/www.noticiasradioreflejos.com.ar\/2021\/wp-json\/wp\/v2\/users\/3"}],"replies":[{"embeddable":true,"href":"https:\/\/www.noticiasradioreflejos.com.ar\/2021\/wp-json\/wp\/v2\/comments?post=51801"}],"version-history":[{"count":0,"href":"https:\/\/www.noticiasradioreflejos.com.ar\/2021\/wp-json\/wp\/v2\/posts\/51801\/revisions"}],"wp:featuredmedia":[{"embeddable":true,"href":"https:\/\/www.noticiasradioreflejos.com.ar\/2021\/wp-json\/"}],"wp:attachment":[{"href":"https:\/\/www.noticiasradioreflejos.com.ar\/2021\/wp-json\/wp\/v2\/media?parent=51801"}],"wp:term":[{"taxonomy":"category","embeddable":true,"href":"https:\/\/www.noticiasradioreflejos.com.ar\/2021\/wp-json\/wp\/v2\/categories?post=51801"},{"taxonomy":"post_tag","embeddable":true,"href":"https:\/\/www.noticiasradioreflejos.com.ar\/2021\/wp-json\/wp\/v2\/tags?post=51801"}],"curies":[{"name":"wp","href":"https:\/\/api.w.org\/{rel}","templated":true}]}}