{"id":51795,"date":"2021-01-28T08:20:59","date_gmt":"2021-01-28T11:20:59","guid":{"rendered":"http:\/\/www.noticiasradioreflejos.com.ar\/noticias\/?p=51795"},"modified":"2021-01-28T08:20:59","modified_gmt":"2021-01-28T11:20:59","slug":"el-incendio-en-el-bolson-causo-grave-dano-ambiental-y-llego-a-chubut","status":"publish","type":"post","link":"https:\/\/www.noticiasradioreflejos.com.ar\/2021\/el-incendio-en-el-bolson-causo-grave-dano-ambiental-y-llego-a-chubut\/","title":{"rendered":"El incendio en El Bols\u00f3n caus\u00f3 \u00abgrave\u00bb da\u00f1o ambiental y lleg\u00f3 a Chubut"},"content":{"rendered":"<p>El incendio forestal que afect\u00f3 8.000 hect\u00e1reas en R\u00edo Negro lleg\u00f3 hasta la provincia vecina, cerca de la localidad de El Mait\u00e9n, donde treinta personas, entre brigadistas y personal a cargo de log\u00edstica, fueron desplegados para combatir las llamas.<!--more--><\/p>\n<p><iframe loading=\"lazy\" width=\"560\" height=\"315\" src=\"https:\/\/www.youtube.com\/embed\/JrM67TFcJIQ\" frameborder=\"0\" allow=\"accelerometer; autoplay; clipboard-write; encrypted-media; gyroscope; picture-in-picture\" allowfullscreen><\/iframe><br \/>\n\u00abDe momento se propaga desde la ladera este del C\u00b0 Piltriquitr\u00f3n con direcci\u00f3n a El Mait\u00e9n, sobre la estancia Mall\u00edn Cum\u00e9, sin poner en riesgo infraestructura. Treinta personas, entre brigadistas y personal a cargo de log\u00edstica, fueron desplegadas en terreno\u00bb, inform\u00f3 el Servicio Provincial de Manejo del Fuego chubutense.<\/p>\n<p>En tanto, se sumaron habitantes de El Mait\u00e9n, Lago Puelo, Las Golondrinas y Cholila que \u00abtrabajan en la construcci\u00f3n de fajas cortafuego para controlar focos secundarios que se desprenden del frente de avance, mientras se eval\u00faa el comportamiento del fuego en las partes altas de la monta\u00f1a para ajustar la estrategia de control\u00bb, informaron.<\/p>\n<p>Durante el d\u00eda, la lluvia favoreci\u00f3 las tareas que desarrollan los equipos operativos para controlar el incendio.<\/p>\n<p>\u00abEn el pueblo est\u00e1 lloviendo, una lluvia leve, lluvias d\u00e9biles, esto no est\u00e1 teniendo impacto todav\u00eda en la zona del incendio, aunque l\u00f3gicamente la humedad y el descenso de temperatura est\u00e1n favoreciendo las tareas de control\u00bb, dijo esta tarde a T\u00e9lam el coordinador de Defensa Civil de la ciudad patag\u00f3nica de El Bols\u00f3n, Leandro Romairone.<\/p>\n<p>\u00abSe est\u00e1 pudiendo contener el avance del fuego en algunos sectores y protegiendo sobre todo los lugares m\u00e1s cr\u00edticos\u00bb, detall\u00f3 el funcionario.<\/p>\n<div id=\"image\" class=\"image\">\n<p><img decoding=\"async\" title=\"Las lloviznas que se registran est\u00e1n mejorando la situaci\u00f3n en la zona.\" src=\"https:\/\/www.telam.com.ar\/advf\/imagenes\/2021\/01\/601031e6503b5_1004x565.jpg\" alt=\"Las lloviznas que se registran est\u00e1n mejorando la situaci\u00f3n en la zona.\" \/><\/p>\n<div class=\"epigrafe\">Las lloviznas que se registran est\u00e1n mejorando la situaci\u00f3n en la zona.<\/div>\n<\/div>\n<p>Romairone se\u00f1al\u00f3 que \u00abse est\u00e1 trabajando a pleno con todos los brigadistas y maquinaria pesada, los medios a\u00e9reos, pero se contin\u00faa hasta \u00faltima hora\u00bb.<\/p>\n<p>\u00abAl final del d\u00eda se va a evaluar lo actuado, lo avanzado y las novedades y se planifica el d\u00eda de ma\u00f1ana\u00bb, concluy\u00f3 el coordinador de Defensa Civil.<\/p>\n<p>\u00abLas lloviznas que se presentaron este mediod\u00eda enfriaron el ambiente lo que ayuda a la situaci\u00f3n\u00bb, coment\u00f3 a T\u00e9lam el jefe del \u00c1rea T\u00e9cnica del Servicio de Prevenci\u00f3n y Lucha contra Incendios Forestales (Splif) de la localidad andina de El Bols\u00f3n, Nicol\u00e1s De Agostini.<\/p>\n<p>\u00abEl tema es el viento, est\u00e1 m\u00e1s fresco que el d\u00eda de ayer y eso es positivo porque hace que el incendio no avance a la velocidad que ven\u00eda haci\u00e9ndolo estos d\u00edas\u00bb, explic\u00f3.<\/p>\n<p>En cuanto a la afectaci\u00f3n ambiental, Fernando Arbat, subsecretario de Recursos Forestales de R\u00edo Negro, dijo a T\u00e9lam que \u00abla cantidad de bosque nativo o implantado consumido son 8.000 hect\u00e1reas, el da\u00f1o ambiental es muy importante, muy grave\u00bb.<\/p>\n<p>El fuego afect\u00f3 a la vegetaci\u00f3n nativa como lengas, cipresales, maitenes, \u00f1ires y radales, y tambi\u00e9n a distintas variedades de pino como el oreg\u00f3n, insigne, murrayana y ponderosa, que son plantaciones ex\u00f3ticas que se usan para el fomento de la industria forestal en la zona.<\/p>\n<p>\u00abSe han quemado cipresales que est\u00e1n en la ladera de la monta\u00f1a Piltriquitr\u00f3n. Tambi\u00e9n se consumieron \u00e1rboles de lenga, que esos est\u00e1n arriba de los 900 metros y son parte del bosque nativo\u00bb, precis\u00f3 Arbat.<\/p>\n<p>El funcionario explic\u00f3 que Cuesta de Ternero con r\u00e1fagas de hasta 90 kil\u00f3metros por hora el lunes \u00aben 12 horas se consumieron 5.800 hect\u00e1reas\u00bb.<\/p>\n<p>Arbat asever\u00f3 que \u00ablos incendios del lunes fueron de una extrema gravedad y con una voracidad que los t\u00e9cnicos y las personas que est\u00e1n trabajando en incendios forestales no hab\u00edan visto nunca en esa magnitud\u00bb.<\/p>\n<p>El subsecretario inform\u00f3 tambi\u00e9n que no se reportaron da\u00f1os en animales, a los que \u00ables debe haber afectado pero no los encerr\u00f3 el fuego, tuvieron v\u00edas de escape; tampoco hay animales en cautiverio que hayan sufrido heridas\u00bb.<\/p>\n<p>El Gobierno nacional, a trav\u00e9s del Servicio Nacional de Manejo del Fuego (SNMF), despleg\u00f3 a pedido de la provincia 36 brigadistas de la Brigada Nacional del SNMF y de la Administraci\u00f3n de Parques Nacionales, siete autobombas, siete camionetas pick up, dos helic\u00f3pteros y dos aviones hidrantes con base en Bariloche, tambi\u00e9n del SNMF.<\/p>\n<div class=\"auth\">Las tareas en El Bols\u00f3n<\/div>\n<p>El Municipio de El Bols\u00f3n, en tanto, sum\u00f3 dos camiones cisternas con personal municipal al operativo en el cual trabajan intensamente cerca de 100 personas pertenecientes a distintas instituciones como SPLIF El Bols\u00f3n; SNMF; Splif Bariloche; Bomberos Voluntarios; Protecci\u00f3n Civil provincial y Defensa Civil municipal.<\/p>\n<p>Por el incendio, el intendente Bruno Pogliano, en acuerdo con la gobernadora Arabela Carreras, decidi\u00f3 suspender el acto protocolar con motivo del 95\u00ba aniversario de la fundaci\u00f3n de El Bols\u00f3n, previsto para ma\u00f1ana.<\/p>\n<p>En su lugar, Pogliano y la gobernadora Carreras ofrecer\u00e1n una conferencia de prensa a las 12:15 horas en el municipio de El Bols\u00f3n.<\/p>\n<p>El de Cuesta del Ternero es uno de los cuatro incendios activos en el pa\u00eds, junto a otros dos en Futaleuf\u00fa (Planicie Loma de Trevel\u00edn y Poblaci\u00f3n Salazar, en Los Alerces, Chubut) y otro en Z\u00e1rate, report\u00f3 el ministerio de Ambiente y Desarrollo Sostenible.<\/p>\n<p>La previsi\u00f3n del Servicio Meteorol\u00f3gico para esta noche es de entre el 40 y 70% de probabilidad de lluvia, aunque para ma\u00f1ana el pron\u00f3stico indica un d\u00eda mayormente nublado y reci\u00e9n el viernes hay una probabilidad de entre el 10 y el 40% de lluvias.<\/p>\n<\/div>\n<\/div>\n<\/div>\n<\/div>\n<\/div>\n<p><!--more--><\/p>\n<p><!--more--><\/p>\n","protected":false},"excerpt":{"rendered":"<p>El incendio forestal que afect\u00f3 8.000 hect\u00e1reas en R\u00edo Negro lleg\u00f3 hasta la provincia vecina, cerca de la localidad de El Mait\u00e9n, donde treinta personas, entre brigadistas y personal a cargo de log\u00edstica, fueron desplegados para combatir las llamas.<\/p>\n","protected":false},"author":3,"featured_media":51796,"comment_status":"closed","ping_status":"open","sticky":false,"template":"","format":"standard","meta":{"footnotes":""},"categories":[29,26],"tags":[],"class_list":["post-51795","post","type-post","status-publish","format-standard","has-post-thumbnail","hentry","category-policiales","category-sociedad"],"yoast_head":"<!-- This site is optimized with the Yoast SEO plugin v25.9 - https:\/\/yoast.com\/wordpress\/plugins\/seo\/ -->\n<title>El incendio en El Bols\u00f3n caus\u00f3 &quot;grave&quot; da\u00f1o ambiental y lleg\u00f3 a Chubut - Noticias Radio Reflejos<\/title>\n<meta name=\"robots\" content=\"index, follow, max-snippet:-1, max-image-preview:large, max-video-preview:-1\" \/>\n<link rel=\"canonical\" href=\"https:\/\/www.noticiasradioreflejos.com.ar\/2021\/el-incendio-en-el-bolson-causo-grave-dano-ambiental-y-llego-a-chubut\/\" \/>\n<meta property=\"og:locale\" content=\"es_ES\" \/>\n<meta property=\"og:type\" content=\"article\" \/>\n<meta property=\"og:title\" content=\"El incendio en El Bols\u00f3n caus\u00f3 &quot;grave&quot; da\u00f1o ambiental y lleg\u00f3 a Chubut - Noticias Radio Reflejos\" \/>\n<meta property=\"og:description\" content=\"El incendio forestal que afect\u00f3 8.000 hect\u00e1reas en R\u00edo Negro lleg\u00f3 hasta la provincia vecina, cerca de la localidad de El Mait\u00e9n, donde treinta personas, entre brigadistas y personal a cargo de log\u00edstica, fueron desplegados para combatir las llamas.\" \/>\n<meta property=\"og:url\" content=\"https:\/\/www.noticiasradioreflejos.com.ar\/2021\/el-incendio-en-el-bolson-causo-grave-dano-ambiental-y-llego-a-chubut\/\" \/>\n<meta property=\"og:site_name\" content=\"Noticias Radio Reflejos\" \/>\n<meta property=\"article:published_time\" content=\"2021-01-28T11:20:59+00:00\" \/>\n<meta property=\"og:image\" content=\"https:\/\/www.noticiasradioreflejos.com.ar\/2021\/wp-content\/uploads\/2021\/07\/logosol300x200.png\" \/>\n\t<meta property=\"og:image:width\" content=\"300\" \/>\n\t<meta property=\"og:image:height\" content=\"200\" \/>\n\t<meta property=\"og:image:type\" content=\"image\/png\" \/>\n<meta name=\"author\" content=\"Arnaldo Botto\" \/>\n<meta name=\"twitter:card\" content=\"summary_large_image\" \/>\n<script type=\"application\/ld+json\" class=\"yoast-schema-graph\">{\"@context\":\"https:\/\/schema.org\",\"@graph\":[{\"@type\":\"WebPage\",\"@id\":\"https:\/\/www.noticiasradioreflejos.com.ar\/2021\/el-incendio-en-el-bolson-causo-grave-dano-ambiental-y-llego-a-chubut\/\",\"url\":\"https:\/\/www.noticiasradioreflejos.com.ar\/2021\/el-incendio-en-el-bolson-causo-grave-dano-ambiental-y-llego-a-chubut\/\",\"name\":\"El incendio en El Bols\u00f3n caus\u00f3 \\\"grave\\\" da\u00f1o ambiental y lleg\u00f3 a Chubut - Noticias Radio Reflejos\",\"isPartOf\":{\"@id\":\"https:\/\/www.noticiasradioreflejos.com.ar\/2021\/#website\"},\"primaryImageOfPage\":{\"@id\":\"https:\/\/www.noticiasradioreflejos.com.ar\/2021\/el-incendio-en-el-bolson-causo-grave-dano-ambiental-y-llego-a-chubut\/#primaryimage\"},\"image\":{\"@id\":\"https:\/\/www.noticiasradioreflejos.com.ar\/2021\/el-incendio-en-el-bolson-causo-grave-dano-ambiental-y-llego-a-chubut\/#primaryimage\"},\"thumbnailUrl\":\"\",\"datePublished\":\"2021-01-28T11:20:59+00:00\",\"author\":{\"@id\":\"https:\/\/www.noticiasradioreflejos.com.ar\/2021\/#\/schema\/person\/ad82545263dcc5ec0996818884fd5fb1\"},\"breadcrumb\":{\"@id\":\"https:\/\/www.noticiasradioreflejos.com.ar\/2021\/el-incendio-en-el-bolson-causo-grave-dano-ambiental-y-llego-a-chubut\/#breadcrumb\"},\"inLanguage\":\"es\",\"potentialAction\":[{\"@type\":\"ReadAction\",\"target\":[\"https:\/\/www.noticiasradioreflejos.com.ar\/2021\/el-incendio-en-el-bolson-causo-grave-dano-ambiental-y-llego-a-chubut\/\"]}]},{\"@type\":\"ImageObject\",\"inLanguage\":\"es\",\"@id\":\"https:\/\/www.noticiasradioreflejos.com.ar\/2021\/el-incendio-en-el-bolson-causo-grave-dano-ambiental-y-llego-a-chubut\/#primaryimage\",\"url\":\"\",\"contentUrl\":\"\"},{\"@type\":\"BreadcrumbList\",\"@id\":\"https:\/\/www.noticiasradioreflejos.com.ar\/2021\/el-incendio-en-el-bolson-causo-grave-dano-ambiental-y-llego-a-chubut\/#breadcrumb\",\"itemListElement\":[{\"@type\":\"ListItem\",\"position\":1,\"name\":\"Portada\",\"item\":\"https:\/\/www.noticiasradioreflejos.com.ar\/2021\/\"},{\"@type\":\"ListItem\",\"position\":2,\"name\":\"El incendio en El Bols\u00f3n caus\u00f3 \u00abgrave\u00bb da\u00f1o ambiental y lleg\u00f3 a Chubut\"}]},{\"@type\":\"WebSite\",\"@id\":\"https:\/\/www.noticiasradioreflejos.com.ar\/2021\/#website\",\"url\":\"https:\/\/www.noticiasradioreflejos.com.ar\/2021\/\",\"name\":\"Noticias Radio Reflejos\",\"description\":\"Las noticias de mi comarca\",\"potentialAction\":[{\"@type\":\"SearchAction\",\"target\":{\"@type\":\"EntryPoint\",\"urlTemplate\":\"https:\/\/www.noticiasradioreflejos.com.ar\/2021\/?s={search_term_string}\"},\"query-input\":{\"@type\":\"PropertyValueSpecification\",\"valueRequired\":true,\"valueName\":\"search_term_string\"}}],\"inLanguage\":\"es\"},{\"@type\":\"Person\",\"@id\":\"https:\/\/www.noticiasradioreflejos.com.ar\/2021\/#\/schema\/person\/ad82545263dcc5ec0996818884fd5fb1\",\"name\":\"Arnaldo Botto\",\"image\":{\"@type\":\"ImageObject\",\"inLanguage\":\"es\",\"@id\":\"https:\/\/www.noticiasradioreflejos.com.ar\/2021\/#\/schema\/person\/image\/\",\"url\":\"https:\/\/secure.gravatar.com\/avatar\/55cb5e37c1efa326397366e6974cb338056df65cb50e7d64d1cf314e87504837?s=96&d=mm&r=g\",\"contentUrl\":\"https:\/\/secure.gravatar.com\/avatar\/55cb5e37c1efa326397366e6974cb338056df65cb50e7d64d1cf314e87504837?s=96&d=mm&r=g\",\"caption\":\"Arnaldo Botto\"},\"url\":\"https:\/\/www.noticiasradioreflejos.com.ar\/2021\/author\/arnaldo\/\"}]}<\/script>\n<!-- \/ Yoast SEO plugin. -->","yoast_head_json":{"title":"El incendio en El Bols\u00f3n caus\u00f3 \"grave\" da\u00f1o ambiental y lleg\u00f3 a Chubut - Noticias Radio Reflejos","robots":{"index":"index","follow":"follow","max-snippet":"max-snippet:-1","max-image-preview":"max-image-preview:large","max-video-preview":"max-video-preview:-1"},"canonical":"https:\/\/www.noticiasradioreflejos.com.ar\/2021\/el-incendio-en-el-bolson-causo-grave-dano-ambiental-y-llego-a-chubut\/","og_locale":"es_ES","og_type":"article","og_title":"El incendio en El Bols\u00f3n caus\u00f3 \"grave\" da\u00f1o ambiental y lleg\u00f3 a Chubut - Noticias Radio Reflejos","og_description":"El incendio forestal que afect\u00f3 8.000 hect\u00e1reas en R\u00edo Negro lleg\u00f3 hasta la provincia vecina, cerca de la localidad de El Mait\u00e9n, donde treinta personas, entre brigadistas y personal a cargo de log\u00edstica, fueron desplegados para combatir las llamas.","og_url":"https:\/\/www.noticiasradioreflejos.com.ar\/2021\/el-incendio-en-el-bolson-causo-grave-dano-ambiental-y-llego-a-chubut\/","og_site_name":"Noticias Radio Reflejos","article_published_time":"2021-01-28T11:20:59+00:00","og_image":[{"width":300,"height":200,"url":"https:\/\/www.noticiasradioreflejos.com.ar\/2021\/wp-content\/uploads\/2021\/07\/logosol300x200.png","type":"image\/png"}],"author":"Arnaldo Botto","twitter_card":"summary_large_image","schema":{"@context":"https:\/\/schema.org","@graph":[{"@type":"WebPage","@id":"https:\/\/www.noticiasradioreflejos.com.ar\/2021\/el-incendio-en-el-bolson-causo-grave-dano-ambiental-y-llego-a-chubut\/","url":"https:\/\/www.noticiasradioreflejos.com.ar\/2021\/el-incendio-en-el-bolson-causo-grave-dano-ambiental-y-llego-a-chubut\/","name":"El incendio en El Bols\u00f3n caus\u00f3 \"grave\" da\u00f1o ambiental y lleg\u00f3 a Chubut - Noticias Radio Reflejos","isPartOf":{"@id":"https:\/\/www.noticiasradioreflejos.com.ar\/2021\/#website"},"primaryImageOfPage":{"@id":"https:\/\/www.noticiasradioreflejos.com.ar\/2021\/el-incendio-en-el-bolson-causo-grave-dano-ambiental-y-llego-a-chubut\/#primaryimage"},"image":{"@id":"https:\/\/www.noticiasradioreflejos.com.ar\/2021\/el-incendio-en-el-bolson-causo-grave-dano-ambiental-y-llego-a-chubut\/#primaryimage"},"thumbnailUrl":"","datePublished":"2021-01-28T11:20:59+00:00","author":{"@id":"https:\/\/www.noticiasradioreflejos.com.ar\/2021\/#\/schema\/person\/ad82545263dcc5ec0996818884fd5fb1"},"breadcrumb":{"@id":"https:\/\/www.noticiasradioreflejos.com.ar\/2021\/el-incendio-en-el-bolson-causo-grave-dano-ambiental-y-llego-a-chubut\/#breadcrumb"},"inLanguage":"es","potentialAction":[{"@type":"ReadAction","target":["https:\/\/www.noticiasradioreflejos.com.ar\/2021\/el-incendio-en-el-bolson-causo-grave-dano-ambiental-y-llego-a-chubut\/"]}]},{"@type":"ImageObject","inLanguage":"es","@id":"https:\/\/www.noticiasradioreflejos.com.ar\/2021\/el-incendio-en-el-bolson-causo-grave-dano-ambiental-y-llego-a-chubut\/#primaryimage","url":"","contentUrl":""},{"@type":"BreadcrumbList","@id":"https:\/\/www.noticiasradioreflejos.com.ar\/2021\/el-incendio-en-el-bolson-causo-grave-dano-ambiental-y-llego-a-chubut\/#breadcrumb","itemListElement":[{"@type":"ListItem","position":1,"name":"Portada","item":"https:\/\/www.noticiasradioreflejos.com.ar\/2021\/"},{"@type":"ListItem","position":2,"name":"El incendio en El Bols\u00f3n caus\u00f3 \u00abgrave\u00bb da\u00f1o ambiental y lleg\u00f3 a Chubut"}]},{"@type":"WebSite","@id":"https:\/\/www.noticiasradioreflejos.com.ar\/2021\/#website","url":"https:\/\/www.noticiasradioreflejos.com.ar\/2021\/","name":"Noticias Radio Reflejos","description":"Las noticias de mi comarca","potentialAction":[{"@type":"SearchAction","target":{"@type":"EntryPoint","urlTemplate":"https:\/\/www.noticiasradioreflejos.com.ar\/2021\/?s={search_term_string}"},"query-input":{"@type":"PropertyValueSpecification","valueRequired":true,"valueName":"search_term_string"}}],"inLanguage":"es"},{"@type":"Person","@id":"https:\/\/www.noticiasradioreflejos.com.ar\/2021\/#\/schema\/person\/ad82545263dcc5ec0996818884fd5fb1","name":"Arnaldo Botto","image":{"@type":"ImageObject","inLanguage":"es","@id":"https:\/\/www.noticiasradioreflejos.com.ar\/2021\/#\/schema\/person\/image\/","url":"https:\/\/secure.gravatar.com\/avatar\/55cb5e37c1efa326397366e6974cb338056df65cb50e7d64d1cf314e87504837?s=96&d=mm&r=g","contentUrl":"https:\/\/secure.gravatar.com\/avatar\/55cb5e37c1efa326397366e6974cb338056df65cb50e7d64d1cf314e87504837?s=96&d=mm&r=g","caption":"Arnaldo Botto"},"url":"https:\/\/www.noticiasradioreflejos.com.ar\/2021\/author\/arnaldo\/"}]}},"_links":{"self":[{"href":"https:\/\/www.noticiasradioreflejos.com.ar\/2021\/wp-json\/wp\/v2\/posts\/51795","targetHints":{"allow":["GET"]}}],"collection":[{"href":"https:\/\/www.noticiasradioreflejos.com.ar\/2021\/wp-json\/wp\/v2\/posts"}],"about":[{"href":"https:\/\/www.noticiasradioreflejos.com.ar\/2021\/wp-json\/wp\/v2\/types\/post"}],"author":[{"embeddable":true,"href":"https:\/\/www.noticiasradioreflejos.com.ar\/2021\/wp-json\/wp\/v2\/users\/3"}],"replies":[{"embeddable":true,"href":"https:\/\/www.noticiasradioreflejos.com.ar\/2021\/wp-json\/wp\/v2\/comments?post=51795"}],"version-history":[{"count":0,"href":"https:\/\/www.noticiasradioreflejos.com.ar\/2021\/wp-json\/wp\/v2\/posts\/51795\/revisions"}],"wp:featuredmedia":[{"embeddable":true,"href":"https:\/\/www.noticiasradioreflejos.com.ar\/2021\/wp-json\/"}],"wp:attachment":[{"href":"https:\/\/www.noticiasradioreflejos.com.ar\/2021\/wp-json\/wp\/v2\/media?parent=51795"}],"wp:term":[{"taxonomy":"category","embeddable":true,"href":"https:\/\/www.noticiasradioreflejos.com.ar\/2021\/wp-json\/wp\/v2\/categories?post=51795"},{"taxonomy":"post_tag","embeddable":true,"href":"https:\/\/www.noticiasradioreflejos.com.ar\/2021\/wp-json\/wp\/v2\/tags?post=51795"}],"curies":[{"name":"wp","href":"https:\/\/api.w.org\/{rel}","templated":true}]}}