{"id":51792,"date":"2021-01-28T08:16:22","date_gmt":"2021-01-28T11:16:22","guid":{"rendered":"http:\/\/www.noticiasradioreflejos.com.ar\/noticias\/?p=51792"},"modified":"2021-01-28T08:16:22","modified_gmt":"2021-01-28T11:16:22","slug":"el-gobierno-presenta-un-programa-para-facilitar-el-acceso-de-la-ciudadania-a-planes-de-trabajo","status":"publish","type":"post","link":"https:\/\/www.noticiasradioreflejos.com.ar\/2021\/el-gobierno-presenta-un-programa-para-facilitar-el-acceso-de-la-ciudadania-a-planes-de-trabajo\/","title":{"rendered":"El Gobierno presenta un programa para facilitar el acceso de la ciudadan\u00eda a planes de Trabajo"},"content":{"rendered":"<p>El Gobierno presentar\u00e1 hoy el Programa de Agencias M\u00f3viles para facilitar el acceso de la ciudadan\u00eda a los planes, programas, pol\u00edticas y acciones del Ministerio de Trabajo, en un acto que se llevar\u00e1 a cabo en el Centro Cultural Kirchner (CCK).<!--more--><\/p>\n<p>La presentaci\u00f3n, a las 11, estar\u00e1 a cargo del jefe de Gabinete, Santiago Cafiero, junto a los ministros de Trabajo, Claudio Moroni, y de Cultura, Trist\u00e1n Bauer, informaron a T\u00e9lam fuentes oficiales.<\/p>\n<p>Seg\u00fan se explic\u00f3, el objetivo es \u00abdescentralizar el servicio de atenci\u00f3n de las Agencias Territoriales del Ministerio de Trabajo y garantizar una mayor presencia institucional en el \u00e1mbito territorial para la atenci\u00f3n directa de la ciudadan\u00eda\u00bb.<\/p>\n<p>Asimismo, el proyecto busca \u00abpropiciar instrumentos y \u00e1mbitos que contribuyan a la inserci\u00f3n laboral de empleabilidad y a orientar a la ciudadan\u00eda en materia de derechos laborales\u00bb y persigue la meta de \u00aboptimizar la intervenci\u00f3n territorial\u00bb, seg\u00fan se indic\u00f3.<\/p>\n<p>Las prestaciones que ofrece el plan son \u00abcarga de historias laborales para la adhesi\u00f3n al Programa J\u00f3venes con M\u00e1s y Mejor Trabajo (PJMyMT) y Seguro de Capacitaci\u00f3n y Empleo (SCyE)\u00bb.<\/p>\n<p>Tambi\u00e9n, el \u00abasesoramiento laboral en materia de registraci\u00f3n y derechos laborales con orientaci\u00f3n en leyes protectorias Registro de denuncias vinculadas a trabajo no registrado y competencia federal del Ministerio: Trabajo Infantil, Trata y Trabajo Forzoso\u00bb.<\/p>\n","protected":false},"excerpt":{"rendered":"<p>El Gobierno presentar\u00e1 hoy el Programa de Agencias M\u00f3viles para facilitar el acceso de la ciudadan\u00eda a los planes, programas, pol\u00edticas y acciones del Ministerio de Trabajo, en un acto que se llevar\u00e1 a cabo en el Centro Cultural Kirchner (CCK).<\/p>\n","protected":false},"author":3,"featured_media":51793,"comment_status":"closed","ping_status":"open","sticky":false,"template":"","format":"standard","meta":{"footnotes":""},"categories":[25],"tags":[],"class_list":["post-51792","post","type-post","status-publish","format-standard","has-post-thumbnail","hentry","category-uncategorized"],"yoast_head":"<!-- This site is optimized with the Yoast SEO plugin v25.9 - https:\/\/yoast.com\/wordpress\/plugins\/seo\/ -->\n<title>El Gobierno presenta un programa para facilitar el acceso de la ciudadan\u00eda a planes de Trabajo - Noticias Radio Reflejos<\/title>\n<meta name=\"robots\" content=\"index, follow, max-snippet:-1, max-image-preview:large, max-video-preview:-1\" \/>\n<link rel=\"canonical\" href=\"https:\/\/www.noticiasradioreflejos.com.ar\/2021\/el-gobierno-presenta-un-programa-para-facilitar-el-acceso-de-la-ciudadania-a-planes-de-trabajo\/\" \/>\n<meta property=\"og:locale\" content=\"es_ES\" \/>\n<meta property=\"og:type\" content=\"article\" \/>\n<meta property=\"og:title\" content=\"El Gobierno presenta un programa para facilitar el acceso de la ciudadan\u00eda a planes de Trabajo - Noticias Radio Reflejos\" \/>\n<meta property=\"og:description\" content=\"El Gobierno presentar\u00e1 hoy el Programa de Agencias M\u00f3viles para facilitar el acceso de la ciudadan\u00eda a los planes, programas, pol\u00edticas y acciones del Ministerio de Trabajo, en un acto que se llevar\u00e1 a cabo en el Centro Cultural Kirchner (CCK).\" \/>\n<meta property=\"og:url\" content=\"https:\/\/www.noticiasradioreflejos.com.ar\/2021\/el-gobierno-presenta-un-programa-para-facilitar-el-acceso-de-la-ciudadania-a-planes-de-trabajo\/\" \/>\n<meta property=\"og:site_name\" content=\"Noticias Radio Reflejos\" \/>\n<meta property=\"article:published_time\" content=\"2021-01-28T11:16:22+00:00\" \/>\n<meta property=\"og:image\" content=\"https:\/\/www.noticiasradioreflejos.com.ar\/2021\/wp-content\/uploads\/2021\/07\/logosol300x200.png\" \/>\n\t<meta property=\"og:image:width\" content=\"300\" \/>\n\t<meta property=\"og:image:height\" content=\"200\" \/>\n\t<meta property=\"og:image:type\" content=\"image\/png\" \/>\n<meta name=\"author\" content=\"Arnaldo Botto\" \/>\n<meta name=\"twitter:card\" content=\"summary_large_image\" \/>\n<script type=\"application\/ld+json\" class=\"yoast-schema-graph\">{\"@context\":\"https:\/\/schema.org\",\"@graph\":[{\"@type\":\"WebPage\",\"@id\":\"https:\/\/www.noticiasradioreflejos.com.ar\/2021\/el-gobierno-presenta-un-programa-para-facilitar-el-acceso-de-la-ciudadania-a-planes-de-trabajo\/\",\"url\":\"https:\/\/www.noticiasradioreflejos.com.ar\/2021\/el-gobierno-presenta-un-programa-para-facilitar-el-acceso-de-la-ciudadania-a-planes-de-trabajo\/\",\"name\":\"El Gobierno presenta un programa para facilitar el acceso de la ciudadan\u00eda a planes de Trabajo - Noticias Radio Reflejos\",\"isPartOf\":{\"@id\":\"https:\/\/www.noticiasradioreflejos.com.ar\/2021\/#website\"},\"primaryImageOfPage\":{\"@id\":\"https:\/\/www.noticiasradioreflejos.com.ar\/2021\/el-gobierno-presenta-un-programa-para-facilitar-el-acceso-de-la-ciudadania-a-planes-de-trabajo\/#primaryimage\"},\"image\":{\"@id\":\"https:\/\/www.noticiasradioreflejos.com.ar\/2021\/el-gobierno-presenta-un-programa-para-facilitar-el-acceso-de-la-ciudadania-a-planes-de-trabajo\/#primaryimage\"},\"thumbnailUrl\":\"\",\"datePublished\":\"2021-01-28T11:16:22+00:00\",\"author\":{\"@id\":\"https:\/\/www.noticiasradioreflejos.com.ar\/2021\/#\/schema\/person\/ad82545263dcc5ec0996818884fd5fb1\"},\"breadcrumb\":{\"@id\":\"https:\/\/www.noticiasradioreflejos.com.ar\/2021\/el-gobierno-presenta-un-programa-para-facilitar-el-acceso-de-la-ciudadania-a-planes-de-trabajo\/#breadcrumb\"},\"inLanguage\":\"es\",\"potentialAction\":[{\"@type\":\"ReadAction\",\"target\":[\"https:\/\/www.noticiasradioreflejos.com.ar\/2021\/el-gobierno-presenta-un-programa-para-facilitar-el-acceso-de-la-ciudadania-a-planes-de-trabajo\/\"]}]},{\"@type\":\"ImageObject\",\"inLanguage\":\"es\",\"@id\":\"https:\/\/www.noticiasradioreflejos.com.ar\/2021\/el-gobierno-presenta-un-programa-para-facilitar-el-acceso-de-la-ciudadania-a-planes-de-trabajo\/#primaryimage\",\"url\":\"\",\"contentUrl\":\"\"},{\"@type\":\"BreadcrumbList\",\"@id\":\"https:\/\/www.noticiasradioreflejos.com.ar\/2021\/el-gobierno-presenta-un-programa-para-facilitar-el-acceso-de-la-ciudadania-a-planes-de-trabajo\/#breadcrumb\",\"itemListElement\":[{\"@type\":\"ListItem\",\"position\":1,\"name\":\"Portada\",\"item\":\"https:\/\/www.noticiasradioreflejos.com.ar\/2021\/\"},{\"@type\":\"ListItem\",\"position\":2,\"name\":\"El Gobierno presenta un programa para facilitar el acceso de la ciudadan\u00eda a planes de Trabajo\"}]},{\"@type\":\"WebSite\",\"@id\":\"https:\/\/www.noticiasradioreflejos.com.ar\/2021\/#website\",\"url\":\"https:\/\/www.noticiasradioreflejos.com.ar\/2021\/\",\"name\":\"Noticias Radio Reflejos\",\"description\":\"Las noticias de mi comarca\",\"potentialAction\":[{\"@type\":\"SearchAction\",\"target\":{\"@type\":\"EntryPoint\",\"urlTemplate\":\"https:\/\/www.noticiasradioreflejos.com.ar\/2021\/?s={search_term_string}\"},\"query-input\":{\"@type\":\"PropertyValueSpecification\",\"valueRequired\":true,\"valueName\":\"search_term_string\"}}],\"inLanguage\":\"es\"},{\"@type\":\"Person\",\"@id\":\"https:\/\/www.noticiasradioreflejos.com.ar\/2021\/#\/schema\/person\/ad82545263dcc5ec0996818884fd5fb1\",\"name\":\"Arnaldo Botto\",\"image\":{\"@type\":\"ImageObject\",\"inLanguage\":\"es\",\"@id\":\"https:\/\/www.noticiasradioreflejos.com.ar\/2021\/#\/schema\/person\/image\/\",\"url\":\"https:\/\/secure.gravatar.com\/avatar\/55cb5e37c1efa326397366e6974cb338056df65cb50e7d64d1cf314e87504837?s=96&d=mm&r=g\",\"contentUrl\":\"https:\/\/secure.gravatar.com\/avatar\/55cb5e37c1efa326397366e6974cb338056df65cb50e7d64d1cf314e87504837?s=96&d=mm&r=g\",\"caption\":\"Arnaldo Botto\"},\"url\":\"https:\/\/www.noticiasradioreflejos.com.ar\/2021\/author\/arnaldo\/\"}]}<\/script>\n<!-- \/ Yoast SEO plugin. -->","yoast_head_json":{"title":"El Gobierno presenta un programa para facilitar el acceso de la ciudadan\u00eda a planes de Trabajo - Noticias Radio Reflejos","robots":{"index":"index","follow":"follow","max-snippet":"max-snippet:-1","max-image-preview":"max-image-preview:large","max-video-preview":"max-video-preview:-1"},"canonical":"https:\/\/www.noticiasradioreflejos.com.ar\/2021\/el-gobierno-presenta-un-programa-para-facilitar-el-acceso-de-la-ciudadania-a-planes-de-trabajo\/","og_locale":"es_ES","og_type":"article","og_title":"El Gobierno presenta un programa para facilitar el acceso de la ciudadan\u00eda a planes de Trabajo - Noticias Radio Reflejos","og_description":"El Gobierno presentar\u00e1 hoy el Programa de Agencias M\u00f3viles para facilitar el acceso de la ciudadan\u00eda a los planes, programas, pol\u00edticas y acciones del Ministerio de Trabajo, en un acto que se llevar\u00e1 a cabo en el Centro Cultural Kirchner (CCK).","og_url":"https:\/\/www.noticiasradioreflejos.com.ar\/2021\/el-gobierno-presenta-un-programa-para-facilitar-el-acceso-de-la-ciudadania-a-planes-de-trabajo\/","og_site_name":"Noticias Radio Reflejos","article_published_time":"2021-01-28T11:16:22+00:00","og_image":[{"width":300,"height":200,"url":"https:\/\/www.noticiasradioreflejos.com.ar\/2021\/wp-content\/uploads\/2021\/07\/logosol300x200.png","type":"image\/png"}],"author":"Arnaldo Botto","twitter_card":"summary_large_image","schema":{"@context":"https:\/\/schema.org","@graph":[{"@type":"WebPage","@id":"https:\/\/www.noticiasradioreflejos.com.ar\/2021\/el-gobierno-presenta-un-programa-para-facilitar-el-acceso-de-la-ciudadania-a-planes-de-trabajo\/","url":"https:\/\/www.noticiasradioreflejos.com.ar\/2021\/el-gobierno-presenta-un-programa-para-facilitar-el-acceso-de-la-ciudadania-a-planes-de-trabajo\/","name":"El Gobierno presenta un programa para facilitar el acceso de la ciudadan\u00eda a planes de Trabajo - Noticias Radio Reflejos","isPartOf":{"@id":"https:\/\/www.noticiasradioreflejos.com.ar\/2021\/#website"},"primaryImageOfPage":{"@id":"https:\/\/www.noticiasradioreflejos.com.ar\/2021\/el-gobierno-presenta-un-programa-para-facilitar-el-acceso-de-la-ciudadania-a-planes-de-trabajo\/#primaryimage"},"image":{"@id":"https:\/\/www.noticiasradioreflejos.com.ar\/2021\/el-gobierno-presenta-un-programa-para-facilitar-el-acceso-de-la-ciudadania-a-planes-de-trabajo\/#primaryimage"},"thumbnailUrl":"","datePublished":"2021-01-28T11:16:22+00:00","author":{"@id":"https:\/\/www.noticiasradioreflejos.com.ar\/2021\/#\/schema\/person\/ad82545263dcc5ec0996818884fd5fb1"},"breadcrumb":{"@id":"https:\/\/www.noticiasradioreflejos.com.ar\/2021\/el-gobierno-presenta-un-programa-para-facilitar-el-acceso-de-la-ciudadania-a-planes-de-trabajo\/#breadcrumb"},"inLanguage":"es","potentialAction":[{"@type":"ReadAction","target":["https:\/\/www.noticiasradioreflejos.com.ar\/2021\/el-gobierno-presenta-un-programa-para-facilitar-el-acceso-de-la-ciudadania-a-planes-de-trabajo\/"]}]},{"@type":"ImageObject","inLanguage":"es","@id":"https:\/\/www.noticiasradioreflejos.com.ar\/2021\/el-gobierno-presenta-un-programa-para-facilitar-el-acceso-de-la-ciudadania-a-planes-de-trabajo\/#primaryimage","url":"","contentUrl":""},{"@type":"BreadcrumbList","@id":"https:\/\/www.noticiasradioreflejos.com.ar\/2021\/el-gobierno-presenta-un-programa-para-facilitar-el-acceso-de-la-ciudadania-a-planes-de-trabajo\/#breadcrumb","itemListElement":[{"@type":"ListItem","position":1,"name":"Portada","item":"https:\/\/www.noticiasradioreflejos.com.ar\/2021\/"},{"@type":"ListItem","position":2,"name":"El Gobierno presenta un programa para facilitar el acceso de la ciudadan\u00eda a planes de Trabajo"}]},{"@type":"WebSite","@id":"https:\/\/www.noticiasradioreflejos.com.ar\/2021\/#website","url":"https:\/\/www.noticiasradioreflejos.com.ar\/2021\/","name":"Noticias Radio Reflejos","description":"Las noticias de mi comarca","potentialAction":[{"@type":"SearchAction","target":{"@type":"EntryPoint","urlTemplate":"https:\/\/www.noticiasradioreflejos.com.ar\/2021\/?s={search_term_string}"},"query-input":{"@type":"PropertyValueSpecification","valueRequired":true,"valueName":"search_term_string"}}],"inLanguage":"es"},{"@type":"Person","@id":"https:\/\/www.noticiasradioreflejos.com.ar\/2021\/#\/schema\/person\/ad82545263dcc5ec0996818884fd5fb1","name":"Arnaldo Botto","image":{"@type":"ImageObject","inLanguage":"es","@id":"https:\/\/www.noticiasradioreflejos.com.ar\/2021\/#\/schema\/person\/image\/","url":"https:\/\/secure.gravatar.com\/avatar\/55cb5e37c1efa326397366e6974cb338056df65cb50e7d64d1cf314e87504837?s=96&d=mm&r=g","contentUrl":"https:\/\/secure.gravatar.com\/avatar\/55cb5e37c1efa326397366e6974cb338056df65cb50e7d64d1cf314e87504837?s=96&d=mm&r=g","caption":"Arnaldo Botto"},"url":"https:\/\/www.noticiasradioreflejos.com.ar\/2021\/author\/arnaldo\/"}]}},"_links":{"self":[{"href":"https:\/\/www.noticiasradioreflejos.com.ar\/2021\/wp-json\/wp\/v2\/posts\/51792","targetHints":{"allow":["GET"]}}],"collection":[{"href":"https:\/\/www.noticiasradioreflejos.com.ar\/2021\/wp-json\/wp\/v2\/posts"}],"about":[{"href":"https:\/\/www.noticiasradioreflejos.com.ar\/2021\/wp-json\/wp\/v2\/types\/post"}],"author":[{"embeddable":true,"href":"https:\/\/www.noticiasradioreflejos.com.ar\/2021\/wp-json\/wp\/v2\/users\/3"}],"replies":[{"embeddable":true,"href":"https:\/\/www.noticiasradioreflejos.com.ar\/2021\/wp-json\/wp\/v2\/comments?post=51792"}],"version-history":[{"count":0,"href":"https:\/\/www.noticiasradioreflejos.com.ar\/2021\/wp-json\/wp\/v2\/posts\/51792\/revisions"}],"wp:featuredmedia":[{"embeddable":true,"href":"https:\/\/www.noticiasradioreflejos.com.ar\/2021\/wp-json\/"}],"wp:attachment":[{"href":"https:\/\/www.noticiasradioreflejos.com.ar\/2021\/wp-json\/wp\/v2\/media?parent=51792"}],"wp:term":[{"taxonomy":"category","embeddable":true,"href":"https:\/\/www.noticiasradioreflejos.com.ar\/2021\/wp-json\/wp\/v2\/categories?post=51792"},{"taxonomy":"post_tag","embeddable":true,"href":"https:\/\/www.noticiasradioreflejos.com.ar\/2021\/wp-json\/wp\/v2\/tags?post=51792"}],"curies":[{"name":"wp","href":"https:\/\/api.w.org\/{rel}","templated":true}]}}