{"id":51784,"date":"2021-01-27T19:45:12","date_gmt":"2021-01-27T22:45:12","guid":{"rendered":"http:\/\/www.noticiasradioreflejos.com.ar\/noticias\/?p=51784"},"modified":"2021-01-27T19:45:12","modified_gmt":"2021-01-27T22:45:12","slug":"regresa-a-la-argentina-el-tercer-vuelo-con-vacunas-sputnik-v","status":"publish","type":"post","link":"https:\/\/www.noticiasradioreflejos.com.ar\/2021\/regresa-a-la-argentina-el-tercer-vuelo-con-vacunas-sputnik-v\/","title":{"rendered":"Regresa a la Argentina el tercer vuelo con vacunas Sputnik V"},"content":{"rendered":"<p>El avi\u00f3n de Aerol\u00edneas Argentina despeg\u00f3 desde Mosc\u00fa a las 19.20 y est\u00e1 previsto que aterrice en Ezeiza este viernes antes del mediod\u00eda<!--more--><\/p>\n<div id=\"image\" class=\"image\">\n<p><img decoding=\"async\" title=\"Esta misi\u00f3n culminar\u00e1 el pr\u00f3ximo jueves al mediod\u00eda, cuando el avi\u00f3n aterrice de regreso en Ezeiza con las vacunas.\" src=\"https:\/\/www.telam.com.ar\/advf\/imagenes\/2020\/12\/5fe49b801de15_1004x566.jpg\" alt=\"Esta misi\u00f3n culminar\u00e1 el pr\u00f3ximo jueves al mediod\u00eda, cuando el avi\u00f3n aterrice de regreso en Ezeiza con las vacunas.\" \/><\/p>\n<div class=\"epigrafe\">Esta misi\u00f3n culminar\u00e1 el pr\u00f3ximo jueves al mediod\u00eda, cuando el avi\u00f3n aterrice de regreso en Ezeiza con las vacunas.<\/div>\n<\/div>\n<p>El vuelo AR1063 de Aerol\u00edneas que trasladar\u00e1 a la Argentina la tercera partida de las vacunas Sputnik V desde Mosc\u00fa, despeg\u00f3 a la 1.20 de la madrugada rusa (19.20 hora argentina) desde el Aeropuerto Internacional Sherem\u00e9tievo y est\u00e1 previsto que aterrice en Ezeiza este viernes antes del mediod\u00eda.<\/p>\n<div class=\"js-code\">\n<div class=\"twitter-tweet twitter-tweet-rendered\"><iframe loading=\"lazy\" id=\"twitter-widget-0\" class=\"\" title=\"Twitter Tweet\" src=\"https:\/\/platform.twitter.com\/embed\/index.html?creatorScreenName=agenciatelam&amp;dnt=false&amp;embedId=twitter-widget-0&amp;frame=false&amp;hideCard=false&amp;hideThread=false&amp;id=1354222723984142337&amp;lang=en&amp;origin=https%3A%2F%2Fwww.telam.com.ar%2Fnotas%2F202101%2F542693-avion-vacunas-coronavirus-sputnik-v-rusia-aerolineas-argentina.html&amp;siteScreenName=agenciatelam&amp;theme=light&amp;widgetsVersion=ed20a2b%3A1601588405575&amp;width=550px\" width=\"300\" height=\"150\" frameborder=\"0\" scrolling=\"no\" allowfullscreen=\"allowfullscreen\" data-tweet-id=\"1354222723984142337\"><\/iframe><\/div>\n<\/div>\n<p>El primero de los vuelos que transport\u00f3 la primera partida de vacunas lleg\u00f3 a la Argentina el 24 de diciembre con 300.000 dosis, mientras que el segundo lo hizo el 16 de este mes con la misma cantidad, para completar la inmunizaci\u00f3n de 300.000 personas que ya est\u00e1n siendo inoculadas en todo el pa\u00eds.<\/p>\n<div class=\"auth\">La traves\u00eda<\/div>\n<p>Tal como ocurri\u00f3 con los otros dos viajes, este vuelo a Mosc\u00fa se concreta de forma directa -sin escala t\u00e9cnica-, bajo la denominaci\u00f3n de \u00abferry\u00bb, es decir, cuando la aeronave va vac\u00eda, solo con su tripulaci\u00f3n de cabina e incluso t\u00e9cnicos de mantenimiento y de carga, seg\u00fan el caso.<\/p>\n<p>La traves\u00eda tambi\u00e9n est\u00e1 a cargo de 10 tripulantes, entre pilotos y copilotos, que se ir\u00e1n alternando al comando de la nave, a los que se suman despachantes, t\u00e9cnicos y personal de carga, para llegar a 18 personas.<\/p>\n<p>Est\u00e1 previsto que el viaje demande entre 15 y 16 horas.<\/p>\n<p>El tiempo de carga en Mosc\u00fa, partiendo de la base de las experiencias anteriores, no deber\u00eda demandar m\u00e1s de cinco horas, por lo que el avi\u00f3n estar\u00eda despegando desde la capital rusa, tras completar la recepci\u00f3n de las vacunas y cumplir con los tr\u00e1mites aduaneros, antes de la medianoche de este mi\u00e9rcoles.<\/p>\n<p>Inicialmente, se analizaba que el vuelo partiera el domingo pasado, pero se posterg\u00f3 por razones log\u00edsticas locales y de Mosc\u00fa.<\/p>\n","protected":false},"excerpt":{"rendered":"<p>El avi\u00f3n de Aerol\u00edneas Argentina despeg\u00f3 desde Mosc\u00fa a las 19.20 y est\u00e1 previsto que aterrice en Ezeiza este viernes antes del mediod\u00eda<\/p>\n","protected":false},"author":3,"featured_media":0,"comment_status":"closed","ping_status":"open","sticky":false,"template":"","format":"standard","meta":{"footnotes":""},"categories":[24,30],"tags":[],"class_list":["post-51784","post","type-post","status-publish","format-standard","hentry","category-politica","category-salud"],"yoast_head":"<!-- This site is optimized with the Yoast SEO plugin v25.9 - https:\/\/yoast.com\/wordpress\/plugins\/seo\/ -->\n<title>Regresa a la Argentina el tercer vuelo con vacunas Sputnik V - Noticias Radio Reflejos<\/title>\n<meta name=\"robots\" content=\"index, follow, max-snippet:-1, max-image-preview:large, max-video-preview:-1\" \/>\n<link rel=\"canonical\" href=\"https:\/\/www.noticiasradioreflejos.com.ar\/2021\/regresa-a-la-argentina-el-tercer-vuelo-con-vacunas-sputnik-v\/\" \/>\n<meta property=\"og:locale\" content=\"es_ES\" \/>\n<meta property=\"og:type\" content=\"article\" \/>\n<meta property=\"og:title\" content=\"Regresa a la Argentina el tercer vuelo con vacunas Sputnik V - Noticias Radio Reflejos\" \/>\n<meta property=\"og:description\" content=\"El avi\u00f3n de Aerol\u00edneas Argentina despeg\u00f3 desde Mosc\u00fa a las 19.20 y est\u00e1 previsto que aterrice en Ezeiza este viernes antes del mediod\u00eda\" \/>\n<meta property=\"og:url\" content=\"https:\/\/www.noticiasradioreflejos.com.ar\/2021\/regresa-a-la-argentina-el-tercer-vuelo-con-vacunas-sputnik-v\/\" \/>\n<meta property=\"og:site_name\" content=\"Noticias Radio Reflejos\" \/>\n<meta property=\"article:published_time\" content=\"2021-01-27T22:45:12+00:00\" \/>\n<meta property=\"og:image\" content=\"https:\/\/www.telam.com.ar\/advf\/imagenes\/2020\/12\/5fe49b801de15_1004x566.jpg\" \/>\n<meta name=\"author\" content=\"Arnaldo Botto\" \/>\n<meta name=\"twitter:card\" content=\"summary_large_image\" \/>\n<script type=\"application\/ld+json\" class=\"yoast-schema-graph\">{\"@context\":\"https:\/\/schema.org\",\"@graph\":[{\"@type\":\"WebPage\",\"@id\":\"https:\/\/www.noticiasradioreflejos.com.ar\/2021\/regresa-a-la-argentina-el-tercer-vuelo-con-vacunas-sputnik-v\/\",\"url\":\"https:\/\/www.noticiasradioreflejos.com.ar\/2021\/regresa-a-la-argentina-el-tercer-vuelo-con-vacunas-sputnik-v\/\",\"name\":\"Regresa a la Argentina el tercer vuelo con vacunas Sputnik V - Noticias Radio Reflejos\",\"isPartOf\":{\"@id\":\"https:\/\/www.noticiasradioreflejos.com.ar\/2021\/#website\"},\"primaryImageOfPage\":{\"@id\":\"https:\/\/www.noticiasradioreflejos.com.ar\/2021\/regresa-a-la-argentina-el-tercer-vuelo-con-vacunas-sputnik-v\/#primaryimage\"},\"image\":{\"@id\":\"https:\/\/www.noticiasradioreflejos.com.ar\/2021\/regresa-a-la-argentina-el-tercer-vuelo-con-vacunas-sputnik-v\/#primaryimage\"},\"thumbnailUrl\":\"https:\/\/www.telam.com.ar\/advf\/imagenes\/2020\/12\/5fe49b801de15_1004x566.jpg\",\"datePublished\":\"2021-01-27T22:45:12+00:00\",\"author\":{\"@id\":\"https:\/\/www.noticiasradioreflejos.com.ar\/2021\/#\/schema\/person\/ad82545263dcc5ec0996818884fd5fb1\"},\"breadcrumb\":{\"@id\":\"https:\/\/www.noticiasradioreflejos.com.ar\/2021\/regresa-a-la-argentina-el-tercer-vuelo-con-vacunas-sputnik-v\/#breadcrumb\"},\"inLanguage\":\"es\",\"potentialAction\":[{\"@type\":\"ReadAction\",\"target\":[\"https:\/\/www.noticiasradioreflejos.com.ar\/2021\/regresa-a-la-argentina-el-tercer-vuelo-con-vacunas-sputnik-v\/\"]}]},{\"@type\":\"ImageObject\",\"inLanguage\":\"es\",\"@id\":\"https:\/\/www.noticiasradioreflejos.com.ar\/2021\/regresa-a-la-argentina-el-tercer-vuelo-con-vacunas-sputnik-v\/#primaryimage\",\"url\":\"https:\/\/www.telam.com.ar\/advf\/imagenes\/2020\/12\/5fe49b801de15_1004x566.jpg\",\"contentUrl\":\"https:\/\/www.telam.com.ar\/advf\/imagenes\/2020\/12\/5fe49b801de15_1004x566.jpg\"},{\"@type\":\"BreadcrumbList\",\"@id\":\"https:\/\/www.noticiasradioreflejos.com.ar\/2021\/regresa-a-la-argentina-el-tercer-vuelo-con-vacunas-sputnik-v\/#breadcrumb\",\"itemListElement\":[{\"@type\":\"ListItem\",\"position\":1,\"name\":\"Portada\",\"item\":\"https:\/\/www.noticiasradioreflejos.com.ar\/2021\/\"},{\"@type\":\"ListItem\",\"position\":2,\"name\":\"Regresa a la Argentina el tercer vuelo con vacunas Sputnik V\"}]},{\"@type\":\"WebSite\",\"@id\":\"https:\/\/www.noticiasradioreflejos.com.ar\/2021\/#website\",\"url\":\"https:\/\/www.noticiasradioreflejos.com.ar\/2021\/\",\"name\":\"Noticias Radio Reflejos\",\"description\":\"Las noticias de mi comarca\",\"potentialAction\":[{\"@type\":\"SearchAction\",\"target\":{\"@type\":\"EntryPoint\",\"urlTemplate\":\"https:\/\/www.noticiasradioreflejos.com.ar\/2021\/?s={search_term_string}\"},\"query-input\":{\"@type\":\"PropertyValueSpecification\",\"valueRequired\":true,\"valueName\":\"search_term_string\"}}],\"inLanguage\":\"es\"},{\"@type\":\"Person\",\"@id\":\"https:\/\/www.noticiasradioreflejos.com.ar\/2021\/#\/schema\/person\/ad82545263dcc5ec0996818884fd5fb1\",\"name\":\"Arnaldo Botto\",\"image\":{\"@type\":\"ImageObject\",\"inLanguage\":\"es\",\"@id\":\"https:\/\/www.noticiasradioreflejos.com.ar\/2021\/#\/schema\/person\/image\/\",\"url\":\"https:\/\/secure.gravatar.com\/avatar\/55cb5e37c1efa326397366e6974cb338056df65cb50e7d64d1cf314e87504837?s=96&d=mm&r=g\",\"contentUrl\":\"https:\/\/secure.gravatar.com\/avatar\/55cb5e37c1efa326397366e6974cb338056df65cb50e7d64d1cf314e87504837?s=96&d=mm&r=g\",\"caption\":\"Arnaldo Botto\"},\"url\":\"https:\/\/www.noticiasradioreflejos.com.ar\/2021\/author\/arnaldo\/\"}]}<\/script>\n<!-- \/ Yoast SEO plugin. -->","yoast_head_json":{"title":"Regresa a la Argentina el tercer vuelo con vacunas Sputnik V - Noticias Radio Reflejos","robots":{"index":"index","follow":"follow","max-snippet":"max-snippet:-1","max-image-preview":"max-image-preview:large","max-video-preview":"max-video-preview:-1"},"canonical":"https:\/\/www.noticiasradioreflejos.com.ar\/2021\/regresa-a-la-argentina-el-tercer-vuelo-con-vacunas-sputnik-v\/","og_locale":"es_ES","og_type":"article","og_title":"Regresa a la Argentina el tercer vuelo con vacunas Sputnik V - Noticias Radio Reflejos","og_description":"El avi\u00f3n de Aerol\u00edneas Argentina despeg\u00f3 desde Mosc\u00fa a las 19.20 y est\u00e1 previsto que aterrice en Ezeiza este viernes antes del mediod\u00eda","og_url":"https:\/\/www.noticiasradioreflejos.com.ar\/2021\/regresa-a-la-argentina-el-tercer-vuelo-con-vacunas-sputnik-v\/","og_site_name":"Noticias Radio Reflejos","article_published_time":"2021-01-27T22:45:12+00:00","og_image":[{"url":"https:\/\/www.telam.com.ar\/advf\/imagenes\/2020\/12\/5fe49b801de15_1004x566.jpg","type":"","width":"","height":""}],"author":"Arnaldo Botto","twitter_card":"summary_large_image","schema":{"@context":"https:\/\/schema.org","@graph":[{"@type":"WebPage","@id":"https:\/\/www.noticiasradioreflejos.com.ar\/2021\/regresa-a-la-argentina-el-tercer-vuelo-con-vacunas-sputnik-v\/","url":"https:\/\/www.noticiasradioreflejos.com.ar\/2021\/regresa-a-la-argentina-el-tercer-vuelo-con-vacunas-sputnik-v\/","name":"Regresa a la Argentina el tercer vuelo con vacunas Sputnik V - Noticias Radio Reflejos","isPartOf":{"@id":"https:\/\/www.noticiasradioreflejos.com.ar\/2021\/#website"},"primaryImageOfPage":{"@id":"https:\/\/www.noticiasradioreflejos.com.ar\/2021\/regresa-a-la-argentina-el-tercer-vuelo-con-vacunas-sputnik-v\/#primaryimage"},"image":{"@id":"https:\/\/www.noticiasradioreflejos.com.ar\/2021\/regresa-a-la-argentina-el-tercer-vuelo-con-vacunas-sputnik-v\/#primaryimage"},"thumbnailUrl":"https:\/\/www.telam.com.ar\/advf\/imagenes\/2020\/12\/5fe49b801de15_1004x566.jpg","datePublished":"2021-01-27T22:45:12+00:00","author":{"@id":"https:\/\/www.noticiasradioreflejos.com.ar\/2021\/#\/schema\/person\/ad82545263dcc5ec0996818884fd5fb1"},"breadcrumb":{"@id":"https:\/\/www.noticiasradioreflejos.com.ar\/2021\/regresa-a-la-argentina-el-tercer-vuelo-con-vacunas-sputnik-v\/#breadcrumb"},"inLanguage":"es","potentialAction":[{"@type":"ReadAction","target":["https:\/\/www.noticiasradioreflejos.com.ar\/2021\/regresa-a-la-argentina-el-tercer-vuelo-con-vacunas-sputnik-v\/"]}]},{"@type":"ImageObject","inLanguage":"es","@id":"https:\/\/www.noticiasradioreflejos.com.ar\/2021\/regresa-a-la-argentina-el-tercer-vuelo-con-vacunas-sputnik-v\/#primaryimage","url":"https:\/\/www.telam.com.ar\/advf\/imagenes\/2020\/12\/5fe49b801de15_1004x566.jpg","contentUrl":"https:\/\/www.telam.com.ar\/advf\/imagenes\/2020\/12\/5fe49b801de15_1004x566.jpg"},{"@type":"BreadcrumbList","@id":"https:\/\/www.noticiasradioreflejos.com.ar\/2021\/regresa-a-la-argentina-el-tercer-vuelo-con-vacunas-sputnik-v\/#breadcrumb","itemListElement":[{"@type":"ListItem","position":1,"name":"Portada","item":"https:\/\/www.noticiasradioreflejos.com.ar\/2021\/"},{"@type":"ListItem","position":2,"name":"Regresa a la Argentina el tercer vuelo con vacunas Sputnik V"}]},{"@type":"WebSite","@id":"https:\/\/www.noticiasradioreflejos.com.ar\/2021\/#website","url":"https:\/\/www.noticiasradioreflejos.com.ar\/2021\/","name":"Noticias Radio Reflejos","description":"Las noticias de mi comarca","potentialAction":[{"@type":"SearchAction","target":{"@type":"EntryPoint","urlTemplate":"https:\/\/www.noticiasradioreflejos.com.ar\/2021\/?s={search_term_string}"},"query-input":{"@type":"PropertyValueSpecification","valueRequired":true,"valueName":"search_term_string"}}],"inLanguage":"es"},{"@type":"Person","@id":"https:\/\/www.noticiasradioreflejos.com.ar\/2021\/#\/schema\/person\/ad82545263dcc5ec0996818884fd5fb1","name":"Arnaldo Botto","image":{"@type":"ImageObject","inLanguage":"es","@id":"https:\/\/www.noticiasradioreflejos.com.ar\/2021\/#\/schema\/person\/image\/","url":"https:\/\/secure.gravatar.com\/avatar\/55cb5e37c1efa326397366e6974cb338056df65cb50e7d64d1cf314e87504837?s=96&d=mm&r=g","contentUrl":"https:\/\/secure.gravatar.com\/avatar\/55cb5e37c1efa326397366e6974cb338056df65cb50e7d64d1cf314e87504837?s=96&d=mm&r=g","caption":"Arnaldo Botto"},"url":"https:\/\/www.noticiasradioreflejos.com.ar\/2021\/author\/arnaldo\/"}]}},"_links":{"self":[{"href":"https:\/\/www.noticiasradioreflejos.com.ar\/2021\/wp-json\/wp\/v2\/posts\/51784","targetHints":{"allow":["GET"]}}],"collection":[{"href":"https:\/\/www.noticiasradioreflejos.com.ar\/2021\/wp-json\/wp\/v2\/posts"}],"about":[{"href":"https:\/\/www.noticiasradioreflejos.com.ar\/2021\/wp-json\/wp\/v2\/types\/post"}],"author":[{"embeddable":true,"href":"https:\/\/www.noticiasradioreflejos.com.ar\/2021\/wp-json\/wp\/v2\/users\/3"}],"replies":[{"embeddable":true,"href":"https:\/\/www.noticiasradioreflejos.com.ar\/2021\/wp-json\/wp\/v2\/comments?post=51784"}],"version-history":[{"count":0,"href":"https:\/\/www.noticiasradioreflejos.com.ar\/2021\/wp-json\/wp\/v2\/posts\/51784\/revisions"}],"wp:attachment":[{"href":"https:\/\/www.noticiasradioreflejos.com.ar\/2021\/wp-json\/wp\/v2\/media?parent=51784"}],"wp:term":[{"taxonomy":"category","embeddable":true,"href":"https:\/\/www.noticiasradioreflejos.com.ar\/2021\/wp-json\/wp\/v2\/categories?post=51784"},{"taxonomy":"post_tag","embeddable":true,"href":"https:\/\/www.noticiasradioreflejos.com.ar\/2021\/wp-json\/wp\/v2\/tags?post=51784"}],"curies":[{"name":"wp","href":"https:\/\/api.w.org\/{rel}","templated":true}]}}