{"id":51780,"date":"2021-01-27T17:45:43","date_gmt":"2021-01-27T20:45:43","guid":{"rendered":"http:\/\/www.noticiasradioreflejos.com.ar\/noticias\/?p=51780"},"modified":"2021-01-27T17:45:43","modified_gmt":"2021-01-27T20:45:43","slug":"nuestra-musica-en-vacaciones-se-viene-un-sabado-de-espectaculos-en-la-av-ernesto-tornquist","status":"publish","type":"post","link":"https:\/\/www.noticiasradioreflejos.com.ar\/2021\/nuestra-musica-en-vacaciones-se-viene-un-sabado-de-espectaculos-en-la-av-ernesto-tornquist\/","title":{"rendered":"Nuestra M\u00fasica en Vacaciones: Se viene un s\u00e1bado de espect\u00e1culos en la Av. Ernesto Tornquist"},"content":{"rendered":"<p>El pr\u00f3ximo s\u00e1bado se llevar\u00e1 a cabo en Tornquist el programa \u2018Nuestra M\u00fasica en Vacaciones\u2019, por el cual artistas locales se presentar\u00e1n en vivo en la intersecci\u00f3n de las avenidas Ernesto Tornquist y Alem \u2013 Gral Paz, frente a la plaza central.<!--more--><\/p>\n<p>Impulsada por el municipio, la iniciativa brinda ofrece un espacio para que bandas y vecinos del \u00e1mbito musical brinden sus shows ante la comunidad.<br \/>\nEn esta edici\u00f3n, que iniciar\u00e1 a las 21 hs, tocar\u00e1 la banda \u2018Media Pinta Rock\u2019, con grandes \u00e9xitos del rock nacional e internacional. Como artistas invitados, estar\u00e1n Carlos Polak (acorde\u00f3n), Lautaro Aguirre (viol\u00edn), y un cuerpo de baile de la Escuela Folkl\u00f3rica Municipal.<br \/>\nEl programa tuvo su primera jornada el pasado domingo en el bulevar de la Av. San Martin de Sierra de la Ventana, donde se replicar\u00e1 nuevamente el venidero 31 de enero, cuando hagan su presentaci\u00f3n Somos Tres (19.30 hs), Media Pinta Rock (20.30) y Forjados (21.30 hs).<\/p>\n<p><a title=\"Nuestra musica en vacaciones\" href=\"http:\/\/live.staticflickr.com\/65535\/50882337351_34a0cb28b4_s.jpg\" rel=\"\"><img loading=\"lazy\" decoding=\"async\" class=\"aligncenter\" title=\"Nuestra musica en vacaciones\" src=\"http:\/\/live.staticflickr.com\/65535\/50882337351_34a0cb28b4_c.jpg\" alt=\"Nuestra musica en vacaciones\" width=\"800\" height=\"800\" \/><\/a><\/p>\n","protected":false},"excerpt":{"rendered":"<p>El pr\u00f3ximo s\u00e1bado se llevar\u00e1 a cabo en Tornquist el programa \u2018Nuestra M\u00fasica en Vacaciones\u2019, por el cual artistas locales se presentar\u00e1n en vivo en la intersecci\u00f3n de las avenidas Ernesto Tornquist y Alem \u2013 Gral Paz, frente a la plaza central.<\/p>\n","protected":false},"author":3,"featured_media":0,"comment_status":"closed","ping_status":"open","sticky":false,"template":"","format":"standard","meta":{"footnotes":""},"categories":[35],"tags":[],"class_list":["post-51780","post","type-post","status-publish","format-standard","hentry","category-cultura"],"yoast_head":"<!-- This site is optimized with the Yoast SEO plugin v25.9 - https:\/\/yoast.com\/wordpress\/plugins\/seo\/ -->\n<title>Nuestra M\u00fasica en Vacaciones: Se viene un s\u00e1bado de espect\u00e1culos en la Av. Ernesto Tornquist - Noticias Radio Reflejos<\/title>\n<meta name=\"robots\" content=\"index, follow, max-snippet:-1, max-image-preview:large, max-video-preview:-1\" \/>\n<link rel=\"canonical\" href=\"https:\/\/www.noticiasradioreflejos.com.ar\/2021\/nuestra-musica-en-vacaciones-se-viene-un-sabado-de-espectaculos-en-la-av-ernesto-tornquist\/\" \/>\n<meta property=\"og:locale\" content=\"es_ES\" \/>\n<meta property=\"og:type\" content=\"article\" \/>\n<meta property=\"og:title\" content=\"Nuestra M\u00fasica en Vacaciones: Se viene un s\u00e1bado de espect\u00e1culos en la Av. Ernesto Tornquist - Noticias Radio Reflejos\" \/>\n<meta property=\"og:description\" content=\"El pr\u00f3ximo s\u00e1bado se llevar\u00e1 a cabo en Tornquist el programa \u2018Nuestra M\u00fasica en Vacaciones\u2019, por el cual artistas locales se presentar\u00e1n en vivo en la intersecci\u00f3n de las avenidas Ernesto Tornquist y Alem \u2013 Gral Paz, frente a la plaza central.\" \/>\n<meta property=\"og:url\" content=\"https:\/\/www.noticiasradioreflejos.com.ar\/2021\/nuestra-musica-en-vacaciones-se-viene-un-sabado-de-espectaculos-en-la-av-ernesto-tornquist\/\" \/>\n<meta property=\"og:site_name\" content=\"Noticias Radio Reflejos\" \/>\n<meta property=\"article:published_time\" content=\"2021-01-27T20:45:43+00:00\" \/>\n<meta property=\"og:image\" content=\"http:\/\/live.staticflickr.com\/65535\/50882337351_34a0cb28b4_c.jpg\" \/>\n<meta name=\"author\" content=\"Arnaldo Botto\" \/>\n<meta name=\"twitter:card\" content=\"summary_large_image\" \/>\n<script type=\"application\/ld+json\" class=\"yoast-schema-graph\">{\"@context\":\"https:\/\/schema.org\",\"@graph\":[{\"@type\":\"WebPage\",\"@id\":\"https:\/\/www.noticiasradioreflejos.com.ar\/2021\/nuestra-musica-en-vacaciones-se-viene-un-sabado-de-espectaculos-en-la-av-ernesto-tornquist\/\",\"url\":\"https:\/\/www.noticiasradioreflejos.com.ar\/2021\/nuestra-musica-en-vacaciones-se-viene-un-sabado-de-espectaculos-en-la-av-ernesto-tornquist\/\",\"name\":\"Nuestra M\u00fasica en Vacaciones: Se viene un s\u00e1bado de espect\u00e1culos en la Av. Ernesto Tornquist - Noticias Radio Reflejos\",\"isPartOf\":{\"@id\":\"https:\/\/www.noticiasradioreflejos.com.ar\/2021\/#website\"},\"primaryImageOfPage\":{\"@id\":\"https:\/\/www.noticiasradioreflejos.com.ar\/2021\/nuestra-musica-en-vacaciones-se-viene-un-sabado-de-espectaculos-en-la-av-ernesto-tornquist\/#primaryimage\"},\"image\":{\"@id\":\"https:\/\/www.noticiasradioreflejos.com.ar\/2021\/nuestra-musica-en-vacaciones-se-viene-un-sabado-de-espectaculos-en-la-av-ernesto-tornquist\/#primaryimage\"},\"thumbnailUrl\":\"http:\/\/live.staticflickr.com\/65535\/50882337351_34a0cb28b4_c.jpg\",\"datePublished\":\"2021-01-27T20:45:43+00:00\",\"author\":{\"@id\":\"https:\/\/www.noticiasradioreflejos.com.ar\/2021\/#\/schema\/person\/ad82545263dcc5ec0996818884fd5fb1\"},\"breadcrumb\":{\"@id\":\"https:\/\/www.noticiasradioreflejos.com.ar\/2021\/nuestra-musica-en-vacaciones-se-viene-un-sabado-de-espectaculos-en-la-av-ernesto-tornquist\/#breadcrumb\"},\"inLanguage\":\"es\",\"potentialAction\":[{\"@type\":\"ReadAction\",\"target\":[\"https:\/\/www.noticiasradioreflejos.com.ar\/2021\/nuestra-musica-en-vacaciones-se-viene-un-sabado-de-espectaculos-en-la-av-ernesto-tornquist\/\"]}]},{\"@type\":\"ImageObject\",\"inLanguage\":\"es\",\"@id\":\"https:\/\/www.noticiasradioreflejos.com.ar\/2021\/nuestra-musica-en-vacaciones-se-viene-un-sabado-de-espectaculos-en-la-av-ernesto-tornquist\/#primaryimage\",\"url\":\"http:\/\/live.staticflickr.com\/65535\/50882337351_34a0cb28b4_c.jpg\",\"contentUrl\":\"http:\/\/live.staticflickr.com\/65535\/50882337351_34a0cb28b4_c.jpg\"},{\"@type\":\"BreadcrumbList\",\"@id\":\"https:\/\/www.noticiasradioreflejos.com.ar\/2021\/nuestra-musica-en-vacaciones-se-viene-un-sabado-de-espectaculos-en-la-av-ernesto-tornquist\/#breadcrumb\",\"itemListElement\":[{\"@type\":\"ListItem\",\"position\":1,\"name\":\"Portada\",\"item\":\"https:\/\/www.noticiasradioreflejos.com.ar\/2021\/\"},{\"@type\":\"ListItem\",\"position\":2,\"name\":\"Nuestra M\u00fasica en Vacaciones: Se viene un s\u00e1bado de espect\u00e1culos en la Av. Ernesto Tornquist\"}]},{\"@type\":\"WebSite\",\"@id\":\"https:\/\/www.noticiasradioreflejos.com.ar\/2021\/#website\",\"url\":\"https:\/\/www.noticiasradioreflejos.com.ar\/2021\/\",\"name\":\"Noticias Radio Reflejos\",\"description\":\"Las noticias de mi comarca\",\"potentialAction\":[{\"@type\":\"SearchAction\",\"target\":{\"@type\":\"EntryPoint\",\"urlTemplate\":\"https:\/\/www.noticiasradioreflejos.com.ar\/2021\/?s={search_term_string}\"},\"query-input\":{\"@type\":\"PropertyValueSpecification\",\"valueRequired\":true,\"valueName\":\"search_term_string\"}}],\"inLanguage\":\"es\"},{\"@type\":\"Person\",\"@id\":\"https:\/\/www.noticiasradioreflejos.com.ar\/2021\/#\/schema\/person\/ad82545263dcc5ec0996818884fd5fb1\",\"name\":\"Arnaldo Botto\",\"image\":{\"@type\":\"ImageObject\",\"inLanguage\":\"es\",\"@id\":\"https:\/\/www.noticiasradioreflejos.com.ar\/2021\/#\/schema\/person\/image\/\",\"url\":\"https:\/\/secure.gravatar.com\/avatar\/55cb5e37c1efa326397366e6974cb338056df65cb50e7d64d1cf314e87504837?s=96&d=mm&r=g\",\"contentUrl\":\"https:\/\/secure.gravatar.com\/avatar\/55cb5e37c1efa326397366e6974cb338056df65cb50e7d64d1cf314e87504837?s=96&d=mm&r=g\",\"caption\":\"Arnaldo Botto\"},\"url\":\"https:\/\/www.noticiasradioreflejos.com.ar\/2021\/author\/arnaldo\/\"}]}<\/script>\n<!-- \/ Yoast SEO plugin. -->","yoast_head_json":{"title":"Nuestra M\u00fasica en Vacaciones: Se viene un s\u00e1bado de espect\u00e1culos en la Av. Ernesto Tornquist - Noticias Radio Reflejos","robots":{"index":"index","follow":"follow","max-snippet":"max-snippet:-1","max-image-preview":"max-image-preview:large","max-video-preview":"max-video-preview:-1"},"canonical":"https:\/\/www.noticiasradioreflejos.com.ar\/2021\/nuestra-musica-en-vacaciones-se-viene-un-sabado-de-espectaculos-en-la-av-ernesto-tornquist\/","og_locale":"es_ES","og_type":"article","og_title":"Nuestra M\u00fasica en Vacaciones: Se viene un s\u00e1bado de espect\u00e1culos en la Av. Ernesto Tornquist - Noticias Radio Reflejos","og_description":"El pr\u00f3ximo s\u00e1bado se llevar\u00e1 a cabo en Tornquist el programa \u2018Nuestra M\u00fasica en Vacaciones\u2019, por el cual artistas locales se presentar\u00e1n en vivo en la intersecci\u00f3n de las avenidas Ernesto Tornquist y Alem \u2013 Gral Paz, frente a la plaza central.","og_url":"https:\/\/www.noticiasradioreflejos.com.ar\/2021\/nuestra-musica-en-vacaciones-se-viene-un-sabado-de-espectaculos-en-la-av-ernesto-tornquist\/","og_site_name":"Noticias Radio Reflejos","article_published_time":"2021-01-27T20:45:43+00:00","og_image":[{"url":"http:\/\/live.staticflickr.com\/65535\/50882337351_34a0cb28b4_c.jpg","type":"","width":"","height":""}],"author":"Arnaldo Botto","twitter_card":"summary_large_image","schema":{"@context":"https:\/\/schema.org","@graph":[{"@type":"WebPage","@id":"https:\/\/www.noticiasradioreflejos.com.ar\/2021\/nuestra-musica-en-vacaciones-se-viene-un-sabado-de-espectaculos-en-la-av-ernesto-tornquist\/","url":"https:\/\/www.noticiasradioreflejos.com.ar\/2021\/nuestra-musica-en-vacaciones-se-viene-un-sabado-de-espectaculos-en-la-av-ernesto-tornquist\/","name":"Nuestra M\u00fasica en Vacaciones: Se viene un s\u00e1bado de espect\u00e1culos en la Av. Ernesto Tornquist - Noticias Radio Reflejos","isPartOf":{"@id":"https:\/\/www.noticiasradioreflejos.com.ar\/2021\/#website"},"primaryImageOfPage":{"@id":"https:\/\/www.noticiasradioreflejos.com.ar\/2021\/nuestra-musica-en-vacaciones-se-viene-un-sabado-de-espectaculos-en-la-av-ernesto-tornquist\/#primaryimage"},"image":{"@id":"https:\/\/www.noticiasradioreflejos.com.ar\/2021\/nuestra-musica-en-vacaciones-se-viene-un-sabado-de-espectaculos-en-la-av-ernesto-tornquist\/#primaryimage"},"thumbnailUrl":"http:\/\/live.staticflickr.com\/65535\/50882337351_34a0cb28b4_c.jpg","datePublished":"2021-01-27T20:45:43+00:00","author":{"@id":"https:\/\/www.noticiasradioreflejos.com.ar\/2021\/#\/schema\/person\/ad82545263dcc5ec0996818884fd5fb1"},"breadcrumb":{"@id":"https:\/\/www.noticiasradioreflejos.com.ar\/2021\/nuestra-musica-en-vacaciones-se-viene-un-sabado-de-espectaculos-en-la-av-ernesto-tornquist\/#breadcrumb"},"inLanguage":"es","potentialAction":[{"@type":"ReadAction","target":["https:\/\/www.noticiasradioreflejos.com.ar\/2021\/nuestra-musica-en-vacaciones-se-viene-un-sabado-de-espectaculos-en-la-av-ernesto-tornquist\/"]}]},{"@type":"ImageObject","inLanguage":"es","@id":"https:\/\/www.noticiasradioreflejos.com.ar\/2021\/nuestra-musica-en-vacaciones-se-viene-un-sabado-de-espectaculos-en-la-av-ernesto-tornquist\/#primaryimage","url":"http:\/\/live.staticflickr.com\/65535\/50882337351_34a0cb28b4_c.jpg","contentUrl":"http:\/\/live.staticflickr.com\/65535\/50882337351_34a0cb28b4_c.jpg"},{"@type":"BreadcrumbList","@id":"https:\/\/www.noticiasradioreflejos.com.ar\/2021\/nuestra-musica-en-vacaciones-se-viene-un-sabado-de-espectaculos-en-la-av-ernesto-tornquist\/#breadcrumb","itemListElement":[{"@type":"ListItem","position":1,"name":"Portada","item":"https:\/\/www.noticiasradioreflejos.com.ar\/2021\/"},{"@type":"ListItem","position":2,"name":"Nuestra M\u00fasica en Vacaciones: Se viene un s\u00e1bado de espect\u00e1culos en la Av. Ernesto Tornquist"}]},{"@type":"WebSite","@id":"https:\/\/www.noticiasradioreflejos.com.ar\/2021\/#website","url":"https:\/\/www.noticiasradioreflejos.com.ar\/2021\/","name":"Noticias Radio Reflejos","description":"Las noticias de mi comarca","potentialAction":[{"@type":"SearchAction","target":{"@type":"EntryPoint","urlTemplate":"https:\/\/www.noticiasradioreflejos.com.ar\/2021\/?s={search_term_string}"},"query-input":{"@type":"PropertyValueSpecification","valueRequired":true,"valueName":"search_term_string"}}],"inLanguage":"es"},{"@type":"Person","@id":"https:\/\/www.noticiasradioreflejos.com.ar\/2021\/#\/schema\/person\/ad82545263dcc5ec0996818884fd5fb1","name":"Arnaldo Botto","image":{"@type":"ImageObject","inLanguage":"es","@id":"https:\/\/www.noticiasradioreflejos.com.ar\/2021\/#\/schema\/person\/image\/","url":"https:\/\/secure.gravatar.com\/avatar\/55cb5e37c1efa326397366e6974cb338056df65cb50e7d64d1cf314e87504837?s=96&d=mm&r=g","contentUrl":"https:\/\/secure.gravatar.com\/avatar\/55cb5e37c1efa326397366e6974cb338056df65cb50e7d64d1cf314e87504837?s=96&d=mm&r=g","caption":"Arnaldo Botto"},"url":"https:\/\/www.noticiasradioreflejos.com.ar\/2021\/author\/arnaldo\/"}]}},"_links":{"self":[{"href":"https:\/\/www.noticiasradioreflejos.com.ar\/2021\/wp-json\/wp\/v2\/posts\/51780","targetHints":{"allow":["GET"]}}],"collection":[{"href":"https:\/\/www.noticiasradioreflejos.com.ar\/2021\/wp-json\/wp\/v2\/posts"}],"about":[{"href":"https:\/\/www.noticiasradioreflejos.com.ar\/2021\/wp-json\/wp\/v2\/types\/post"}],"author":[{"embeddable":true,"href":"https:\/\/www.noticiasradioreflejos.com.ar\/2021\/wp-json\/wp\/v2\/users\/3"}],"replies":[{"embeddable":true,"href":"https:\/\/www.noticiasradioreflejos.com.ar\/2021\/wp-json\/wp\/v2\/comments?post=51780"}],"version-history":[{"count":0,"href":"https:\/\/www.noticiasradioreflejos.com.ar\/2021\/wp-json\/wp\/v2\/posts\/51780\/revisions"}],"wp:attachment":[{"href":"https:\/\/www.noticiasradioreflejos.com.ar\/2021\/wp-json\/wp\/v2\/media?parent=51780"}],"wp:term":[{"taxonomy":"category","embeddable":true,"href":"https:\/\/www.noticiasradioreflejos.com.ar\/2021\/wp-json\/wp\/v2\/categories?post=51780"},{"taxonomy":"post_tag","embeddable":true,"href":"https:\/\/www.noticiasradioreflejos.com.ar\/2021\/wp-json\/wp\/v2\/tags?post=51780"}],"curies":[{"name":"wp","href":"https:\/\/api.w.org\/{rel}","templated":true}]}}