{"id":51775,"date":"2021-01-27T17:53:49","date_gmt":"2021-01-27T20:53:49","guid":{"rendered":"http:\/\/www.noticiasradioreflejos.com.ar\/noticias\/?p=51775"},"modified":"2021-01-27T17:53:49","modified_gmt":"2021-01-27T20:53:49","slug":"becas-residencias-estudiantiles-planeamiento-y-desarrollo-con-futuras-inversiones-productivas-en-el-distrito-temas-abordados-con-gonzalo-iparraguirre-y-bruno-zacconi","status":"publish","type":"post","link":"https:\/\/www.noticiasradioreflejos.com.ar\/2021\/becas-residencias-estudiantiles-planeamiento-y-desarrollo-con-futuras-inversiones-productivas-en-el-distrito-temas-abordados-con-gonzalo-iparraguirre-y-bruno-zacconi\/","title":{"rendered":"Becas, residencias estudiantiles, planeamiento y desarrollo con futuras inversiones productivas en el distrito &#8211; Temas abordados con Gonzalo Iparraguirre y Bruno Zacconi."},"content":{"rendered":"<p>A ra\u00edz de la visita a Sierra de la Ventana de <strong>Gonzalo Iparraguirre<\/strong>, Secretario de Desarrollo y Planeamiento y de <strong>Bruno Zacconi<\/strong>, Director de Juventud, G\u00e9nero y Diversidad, los invitamos a la radio para tocar las problem\u00e1ticas m\u00e1s importantes que tienen lugar en nuestro distrito. En esta extensa nota, ambos comunican las proyecciones que tienen para el 2021.<!--more--><\/p>\n<p>\u00abNosotros desde que entramos en la gesti\u00f3n planteamos un nuevo sistema de becas. Hemos planteado una serie de requisitos nuevos, hemos digitalizado la forma de hacer el tr\u00e1mite, pero eso no quita que tengamos que estar en las localidades de todo el distrito. Por eso hoy vinimos a Sierra de la Ventana a escuchar a la gente\u00bb comenz\u00f3 hablando Bruno Zacconi.<\/p>\n<p>Inform\u00f3 que los cambios realizados en el \u00e1rea de las becas tienen que ver con el establecimiento de montos y requisitos nuevos. \u00abLa beca total es de $3000 para estudiantes universitarios, dependiendo de la situaci\u00f3n de cada chico\u00bb explic\u00f3 y continu\u00f3 \u00abpara mantener los beneficios econ\u00f3micos, tienen que tener un 50% de aprobaci\u00f3n anual de las materias en las que deseen inscribirse\u00bb. Aclar\u00f3 que se incluy\u00f3 una trabajadora social que hace un seguimiento minucioso de la situaci\u00f3n de alumno y que, adem\u00e1s, no recibir\u00e1n las becas aquellos alumnos cuyos familiares cobren un sueldo por encima del salario m\u00ednimo, vital y m\u00f3vil. \u00abEste a\u00f1o (2020) mensualmente otorgamos 200 becas, fue un a\u00f1o at\u00edpico. Proyectamos otorgar un 50% m\u00e1s (2021)\u00bb.<\/p>\n<p>El Director de Juventud, G\u00e9nero y Diversidad tambi\u00e9n inform\u00f3 que este a\u00f1o (2021) se estar\u00e1n otorgando becas para primaria y secundaria. \u00abCreemos que fortalecer la educaci\u00f3n primaria y secundaria estimula mucho el conocimiento en el distrito\u00bb justific\u00f3.<\/p>\n<p>En relaci\u00f3n a las residencias, Bruno explic\u00f3: \u00abTenemos 4 casas actualmente. 3 en la ciudad de Bah\u00eda Blanca y 1 en la ciudad de La Plata. Son alrededor de 60 chicos que est\u00e1n en las residencias. La idea es aumentar la capacidad de las casas sin tener que aumentar la cantidad de inmuebles que alquila la Municipalidad\u00bb. Aclar\u00f3 que, junto con el Equipo de Obras p\u00fablicas, est\u00e1n viendo c\u00f3mo modificar las casas para poder ingresar m\u00e1s estudiantes. \u00abLa idea es poder aumentar entre 10 y 15 m\u00e1s en Bah\u00eda Blanca\u00bb.<\/p>\n<p>\u00abMi especialidad en Desarrollo fue lo que me permiti\u00f3 armar este \u00e1rea en el Municipio que no estaba y que la hemos fortalecido el a\u00f1o pasado uniendo el \u00e1rea de Asistencia Social. Logramos abarcar toda la pol\u00edtica social, fue un salto de calidad que hicimos en la gesti\u00f3n porque pudimos visualizar toda la problem\u00e1tica\u00bb mencion\u00f3 en su turno de hablar el Secretario de Desarrollo y Planeamiento, Gonzalo Iparraguirre.<\/p>\n<p>Gonzalo sostiene que una de las conquistas m\u00e1s grandes que se obtuvieron durante la segunda gesti\u00f3n del Intendente fue poder brindar Educaci\u00f3n Superior en las localidades de Saldungaray, Sierra de la Ventana y Tornquist. \u00abEntre el Instituto y la UPSO llegamos a tener 9 o 10 carreras abiertas. Es muy importante el tema de la educaci\u00f3n superior, no s\u00f3lo para los estudiantes sino tambi\u00e9n para los docentes que tienen la oportunidad de trabajar en su localidad\u00bb.<\/p>\n<p>\u00abSi hay algo que tenemos claro en nuestra Secretar\u00eda es que, por la escala de poblaci\u00f3n que tenemos, no se nos puede escapar nadie. Es una exigencia que yo pongo a mi equipo de trabajo. No podemos no conocer una situaci\u00f3n de vulnerabilidad porque la poblaci\u00f3n lo permite\u00bb explic\u00f3 Gonzalo c\u00f3mo se trabaja desde Desarrollo en el Municipio de Tornquist. Agreg\u00f3 que trabajan con una pol\u00edtica integral, abordando discapacidad, tercera edad, minoridad, y tambi\u00e9n el \u00e1mbito cultural.<\/p>\n<p>Por otro lado, Bruno Zacconi estuvo haciendo algunas aclaraciones con respecto a la vuelta de las clases. \u00abEstamos trabajando sobre el convenio que hubo hasta el mes de Marzo para asegurar que los chicos que necesiten viajar de Sierra de la Ventana y Saldungaray hacia Tornquist para continuar con sus estudios Terciarios y Universitarios lo hagan, va a estar asegurado, como tambi\u00e9n quienes tengan que viajar hacia Sierra de la Ventana. A partir de Marzo vamos a asegurar el transporte para la presencialidad\u00bb. Agreg\u00f3 que, en el caso de Primaria y Secundaria, se est\u00e1 evaluando la situaci\u00f3n con el Consejo Escolar para ver c\u00f3mo transportar a los alumnos.<\/p>\n<p>\u00abSiempre pensamos en la pol\u00edtica de g\u00e9nero como una pol\u00edtica transversal que tiene que impactar en todas las \u00e1reas\u00bb hizo referencia el Director de Juventud, G\u00e9nero y Diversidad a los encuentros que mantiene con la Coordinadora de la Sexta Secci\u00f3n del Ministerio Provincial de Mujeres, Pol\u00edticas de G\u00e9nero y Diversidad Sexual, Silvia Zaballa. \u00abSe est\u00e1 avanzando mucho, la decisi\u00f3n del Intendente fue siempre avanzar mucho con esta pol\u00edtica. Se cre\u00f3 la oficina de violencia de g\u00e9nero en Tornquist y venimos trabajando con el Ministerio lo que es la implementaci\u00f3n de programas\u00bb continu\u00f3.<\/p>\n<p>En cuanto a lo que son las diversidades, Bruno coment\u00f3 que tienen pensado hacer jornadas art\u00edsticas en todo el distrito. \u00abSe quieren hacer intervenciones art\u00edsticas a favor de la diversidad en Saldungaray, en Sierra de la Ventana, en Tornquist, en Chasic\u00f3 y en Tres Picos\u00bb. Adem\u00e1s, cont\u00f3 que est\u00e1 en carpeta el registro de prestadores tur\u00edsticos de libre discriminaci\u00f3n, una certificaci\u00f3n de calidad que se les entregar\u00e1 a los prestadores luego de hacer una capacitaci\u00f3n sobre qu\u00e9 hacer en caso de que haya discriminaci\u00f3n en sus locales. \u00abEstamos trabajando con turismo para fortalecer el destino desde el punto de vista de la diversidad. Muchos turistas se familiarizan con el destino que se identifican\u00bb agreg\u00f3 Gonzalo.<\/p>\n<p>Por otro lado, estuvimos conversando sobre el tema inversiones. En relaci\u00f3n al proyecto de la huerta comunitaria, Gonzalo declar\u00f3: \u00abSe trata de un proyecto que apunta a la l\u00f3gica de poder fomentar un desarrollo productivo end\u00f3geno de nuestro distrito y tener soberan\u00eda alimentaria\u00bb. Gonzalo explic\u00f3 que est\u00e1n tratando atraer a que los empresarios se erradiquen en nuestro distrito \u00abpor una cuesti\u00f3n de log\u00edstica\u00bb. Tambi\u00e9n mencion\u00f3 que la llegada del Parque E\u00f3lico le abri\u00f3 los ojos a los inversores para que Tornquist pueda visualizarse como un distrito m\u00e1s industrial. \u00abNos acerc\u00f3 un mont\u00f3n de empresarios y posibles inversores que vieron nuestro distrito con otros ojos. Tenemos el potencial en t\u00e9rmino de recursos naturales y recursos humanos para poder diversificarnos\u00bb.<\/p>\n<p>Gonzalo tambi\u00e9n comunic\u00f3 que desde este a\u00f1o est\u00e1n lanzando un programa de empleo municipal. \u00abEsta apuntado en unir el mundo del aprendizaje y de la educaci\u00f3n con el mundo del trabajo. Unir a un estudiante que necesite un apoyo econ\u00f3mico y un empleador que necesite alguien que lo ayude en su comercio y no tiene el recurso para cubrirlo\u00bb explic\u00f3. De esta manera, los alumnos saldr\u00edan de la escuela con experiencia laboral y el Municipio le suprimir\u00eda un gasto al empleador.<\/p>\n<p>Nota completa a continuaci\u00f3n:<br \/>\n<iframe loading=\"lazy\" src=\"https:\/\/w.soundcloud.com\/player\/?url=https%3A\/\/api.soundcloud.com\/tracks\/973766422&amp;color=%23ff5500&amp;auto_play=false&amp;hide_related=false&amp;show_comments=true&amp;show_user=true&amp;show_reposts=false&amp;show_teaser=true\" width=\"100%\" height=\"166\" frameborder=\"no\" scrolling=\"no\"><\/iframe><\/p>\n<div style=\"font-size: 10px; color: #cccccc; line-break: anywhere; word-break: normal; overflow: hidden; white-space: nowrap; text-overflow: ellipsis; font-family: Interstate,Lucida Grande,Lucida Sans Unicode,Lucida Sans,Garuda,Verdana,Tahoma,sans-serif; font-weight: 100;\"><a style=\"color: #cccccc; text-decoration: none;\" title=\"fmreflejos 103.7\" href=\"https:\/\/soundcloud.com\/fmreflejos-103-7\" target=\"_blank\" rel=\"noopener\">fmreflejos 103.7<\/a> \u00b7 <a style=\"color: #cccccc; text-decoration: none;\" title=\"Nota Bruno Y Gonzalo\" href=\"https:\/\/soundcloud.com\/fmreflejos-103-7\/nota-bruno-y-gonzalo\" target=\"_blank\" rel=\"noopener\">Nota Bruno Y Gonzalo<\/a><\/div>\n","protected":false},"excerpt":{"rendered":"<p>A ra\u00edz de la visita a Sierra de la Ventana de Gonzalo Iparraguirre, Secretario de Desarrollo y Planeamiento y de Bruno Zacconi, Director de Juventud, G\u00e9nero y Diversidad, los invitamos a la radio para tocar las problem\u00e1ticas m\u00e1s importantes que tienen lugar en nuestro distrito. En esta extensa nota, ambos comunican las proyecciones que tienen [&hellip;]<\/p>\n","protected":false},"author":3,"featured_media":51782,"comment_status":"closed","ping_status":"open","sticky":false,"template":"","format":"standard","meta":{"footnotes":""},"categories":[24,26],"tags":[],"class_list":["post-51775","post","type-post","status-publish","format-standard","has-post-thumbnail","hentry","category-politica","category-sociedad"],"yoast_head":"<!-- This site is optimized with the Yoast SEO plugin v25.9 - https:\/\/yoast.com\/wordpress\/plugins\/seo\/ -->\n<title>Becas, residencias estudiantiles, planeamiento y desarrollo con futuras inversiones productivas en el distrito - Temas abordados con Gonzalo Iparraguirre y Bruno Zacconi. - Noticias Radio Reflejos<\/title>\n<meta name=\"robots\" content=\"index, follow, max-snippet:-1, max-image-preview:large, max-video-preview:-1\" \/>\n<link rel=\"canonical\" href=\"https:\/\/www.noticiasradioreflejos.com.ar\/2021\/becas-residencias-estudiantiles-planeamiento-y-desarrollo-con-futuras-inversiones-productivas-en-el-distrito-temas-abordados-con-gonzalo-iparraguirre-y-bruno-zacconi\/\" \/>\n<meta property=\"og:locale\" content=\"es_ES\" \/>\n<meta property=\"og:type\" content=\"article\" \/>\n<meta property=\"og:title\" content=\"Becas, residencias estudiantiles, planeamiento y desarrollo con futuras inversiones productivas en el distrito - Temas abordados con Gonzalo Iparraguirre y Bruno Zacconi. - Noticias Radio Reflejos\" \/>\n<meta property=\"og:description\" content=\"A ra\u00edz de la visita a Sierra de la Ventana de Gonzalo Iparraguirre, Secretario de Desarrollo y Planeamiento y de Bruno Zacconi, Director de Juventud, G\u00e9nero y Diversidad, los invitamos a la radio para tocar las problem\u00e1ticas m\u00e1s importantes que tienen lugar en nuestro distrito. En esta extensa nota, ambos comunican las proyecciones que tienen [&hellip;]\" \/>\n<meta property=\"og:url\" content=\"https:\/\/www.noticiasradioreflejos.com.ar\/2021\/becas-residencias-estudiantiles-planeamiento-y-desarrollo-con-futuras-inversiones-productivas-en-el-distrito-temas-abordados-con-gonzalo-iparraguirre-y-bruno-zacconi\/\" \/>\n<meta property=\"og:site_name\" content=\"Noticias Radio Reflejos\" \/>\n<meta property=\"article:published_time\" content=\"2021-01-27T20:53:49+00:00\" \/>\n<meta property=\"og:image\" content=\"https:\/\/www.noticiasradioreflejos.com.ar\/2021\/wp-content\/uploads\/2021\/07\/logosol300x200.png\" \/>\n\t<meta property=\"og:image:width\" content=\"300\" \/>\n\t<meta property=\"og:image:height\" content=\"200\" \/>\n\t<meta property=\"og:image:type\" content=\"image\/png\" \/>\n<meta name=\"author\" content=\"Arnaldo Botto\" \/>\n<meta name=\"twitter:card\" content=\"summary_large_image\" \/>\n<script type=\"application\/ld+json\" class=\"yoast-schema-graph\">{\"@context\":\"https:\/\/schema.org\",\"@graph\":[{\"@type\":\"WebPage\",\"@id\":\"https:\/\/www.noticiasradioreflejos.com.ar\/2021\/becas-residencias-estudiantiles-planeamiento-y-desarrollo-con-futuras-inversiones-productivas-en-el-distrito-temas-abordados-con-gonzalo-iparraguirre-y-bruno-zacconi\/\",\"url\":\"https:\/\/www.noticiasradioreflejos.com.ar\/2021\/becas-residencias-estudiantiles-planeamiento-y-desarrollo-con-futuras-inversiones-productivas-en-el-distrito-temas-abordados-con-gonzalo-iparraguirre-y-bruno-zacconi\/\",\"name\":\"Becas, residencias estudiantiles, planeamiento y desarrollo con futuras inversiones productivas en el distrito - Temas abordados con Gonzalo Iparraguirre y Bruno Zacconi. - Noticias Radio Reflejos\",\"isPartOf\":{\"@id\":\"https:\/\/www.noticiasradioreflejos.com.ar\/2021\/#website\"},\"primaryImageOfPage\":{\"@id\":\"https:\/\/www.noticiasradioreflejos.com.ar\/2021\/becas-residencias-estudiantiles-planeamiento-y-desarrollo-con-futuras-inversiones-productivas-en-el-distrito-temas-abordados-con-gonzalo-iparraguirre-y-bruno-zacconi\/#primaryimage\"},\"image\":{\"@id\":\"https:\/\/www.noticiasradioreflejos.com.ar\/2021\/becas-residencias-estudiantiles-planeamiento-y-desarrollo-con-futuras-inversiones-productivas-en-el-distrito-temas-abordados-con-gonzalo-iparraguirre-y-bruno-zacconi\/#primaryimage\"},\"thumbnailUrl\":\"\",\"datePublished\":\"2021-01-27T20:53:49+00:00\",\"author\":{\"@id\":\"https:\/\/www.noticiasradioreflejos.com.ar\/2021\/#\/schema\/person\/ad82545263dcc5ec0996818884fd5fb1\"},\"breadcrumb\":{\"@id\":\"https:\/\/www.noticiasradioreflejos.com.ar\/2021\/becas-residencias-estudiantiles-planeamiento-y-desarrollo-con-futuras-inversiones-productivas-en-el-distrito-temas-abordados-con-gonzalo-iparraguirre-y-bruno-zacconi\/#breadcrumb\"},\"inLanguage\":\"es\",\"potentialAction\":[{\"@type\":\"ReadAction\",\"target\":[\"https:\/\/www.noticiasradioreflejos.com.ar\/2021\/becas-residencias-estudiantiles-planeamiento-y-desarrollo-con-futuras-inversiones-productivas-en-el-distrito-temas-abordados-con-gonzalo-iparraguirre-y-bruno-zacconi\/\"]}]},{\"@type\":\"ImageObject\",\"inLanguage\":\"es\",\"@id\":\"https:\/\/www.noticiasradioreflejos.com.ar\/2021\/becas-residencias-estudiantiles-planeamiento-y-desarrollo-con-futuras-inversiones-productivas-en-el-distrito-temas-abordados-con-gonzalo-iparraguirre-y-bruno-zacconi\/#primaryimage\",\"url\":\"\",\"contentUrl\":\"\"},{\"@type\":\"BreadcrumbList\",\"@id\":\"https:\/\/www.noticiasradioreflejos.com.ar\/2021\/becas-residencias-estudiantiles-planeamiento-y-desarrollo-con-futuras-inversiones-productivas-en-el-distrito-temas-abordados-con-gonzalo-iparraguirre-y-bruno-zacconi\/#breadcrumb\",\"itemListElement\":[{\"@type\":\"ListItem\",\"position\":1,\"name\":\"Portada\",\"item\":\"https:\/\/www.noticiasradioreflejos.com.ar\/2021\/\"},{\"@type\":\"ListItem\",\"position\":2,\"name\":\"Becas, residencias estudiantiles, planeamiento y desarrollo con futuras inversiones productivas en el distrito &#8211; Temas abordados con Gonzalo Iparraguirre y Bruno Zacconi.\"}]},{\"@type\":\"WebSite\",\"@id\":\"https:\/\/www.noticiasradioreflejos.com.ar\/2021\/#website\",\"url\":\"https:\/\/www.noticiasradioreflejos.com.ar\/2021\/\",\"name\":\"Noticias Radio Reflejos\",\"description\":\"Las noticias de mi comarca\",\"potentialAction\":[{\"@type\":\"SearchAction\",\"target\":{\"@type\":\"EntryPoint\",\"urlTemplate\":\"https:\/\/www.noticiasradioreflejos.com.ar\/2021\/?s={search_term_string}\"},\"query-input\":{\"@type\":\"PropertyValueSpecification\",\"valueRequired\":true,\"valueName\":\"search_term_string\"}}],\"inLanguage\":\"es\"},{\"@type\":\"Person\",\"@id\":\"https:\/\/www.noticiasradioreflejos.com.ar\/2021\/#\/schema\/person\/ad82545263dcc5ec0996818884fd5fb1\",\"name\":\"Arnaldo Botto\",\"image\":{\"@type\":\"ImageObject\",\"inLanguage\":\"es\",\"@id\":\"https:\/\/www.noticiasradioreflejos.com.ar\/2021\/#\/schema\/person\/image\/\",\"url\":\"https:\/\/secure.gravatar.com\/avatar\/55cb5e37c1efa326397366e6974cb338056df65cb50e7d64d1cf314e87504837?s=96&d=mm&r=g\",\"contentUrl\":\"https:\/\/secure.gravatar.com\/avatar\/55cb5e37c1efa326397366e6974cb338056df65cb50e7d64d1cf314e87504837?s=96&d=mm&r=g\",\"caption\":\"Arnaldo Botto\"},\"url\":\"https:\/\/www.noticiasradioreflejos.com.ar\/2021\/author\/arnaldo\/\"}]}<\/script>\n<!-- \/ Yoast SEO plugin. -->","yoast_head_json":{"title":"Becas, residencias estudiantiles, planeamiento y desarrollo con futuras inversiones productivas en el distrito - Temas abordados con Gonzalo Iparraguirre y Bruno Zacconi. - Noticias Radio Reflejos","robots":{"index":"index","follow":"follow","max-snippet":"max-snippet:-1","max-image-preview":"max-image-preview:large","max-video-preview":"max-video-preview:-1"},"canonical":"https:\/\/www.noticiasradioreflejos.com.ar\/2021\/becas-residencias-estudiantiles-planeamiento-y-desarrollo-con-futuras-inversiones-productivas-en-el-distrito-temas-abordados-con-gonzalo-iparraguirre-y-bruno-zacconi\/","og_locale":"es_ES","og_type":"article","og_title":"Becas, residencias estudiantiles, planeamiento y desarrollo con futuras inversiones productivas en el distrito - Temas abordados con Gonzalo Iparraguirre y Bruno Zacconi. - Noticias Radio Reflejos","og_description":"A ra\u00edz de la visita a Sierra de la Ventana de Gonzalo Iparraguirre, Secretario de Desarrollo y Planeamiento y de Bruno Zacconi, Director de Juventud, G\u00e9nero y Diversidad, los invitamos a la radio para tocar las problem\u00e1ticas m\u00e1s importantes que tienen lugar en nuestro distrito. En esta extensa nota, ambos comunican las proyecciones que tienen [&hellip;]","og_url":"https:\/\/www.noticiasradioreflejos.com.ar\/2021\/becas-residencias-estudiantiles-planeamiento-y-desarrollo-con-futuras-inversiones-productivas-en-el-distrito-temas-abordados-con-gonzalo-iparraguirre-y-bruno-zacconi\/","og_site_name":"Noticias Radio Reflejos","article_published_time":"2021-01-27T20:53:49+00:00","og_image":[{"width":300,"height":200,"url":"https:\/\/www.noticiasradioreflejos.com.ar\/2021\/wp-content\/uploads\/2021\/07\/logosol300x200.png","type":"image\/png"}],"author":"Arnaldo Botto","twitter_card":"summary_large_image","schema":{"@context":"https:\/\/schema.org","@graph":[{"@type":"WebPage","@id":"https:\/\/www.noticiasradioreflejos.com.ar\/2021\/becas-residencias-estudiantiles-planeamiento-y-desarrollo-con-futuras-inversiones-productivas-en-el-distrito-temas-abordados-con-gonzalo-iparraguirre-y-bruno-zacconi\/","url":"https:\/\/www.noticiasradioreflejos.com.ar\/2021\/becas-residencias-estudiantiles-planeamiento-y-desarrollo-con-futuras-inversiones-productivas-en-el-distrito-temas-abordados-con-gonzalo-iparraguirre-y-bruno-zacconi\/","name":"Becas, residencias estudiantiles, planeamiento y desarrollo con futuras inversiones productivas en el distrito - Temas abordados con Gonzalo Iparraguirre y Bruno Zacconi. - Noticias Radio Reflejos","isPartOf":{"@id":"https:\/\/www.noticiasradioreflejos.com.ar\/2021\/#website"},"primaryImageOfPage":{"@id":"https:\/\/www.noticiasradioreflejos.com.ar\/2021\/becas-residencias-estudiantiles-planeamiento-y-desarrollo-con-futuras-inversiones-productivas-en-el-distrito-temas-abordados-con-gonzalo-iparraguirre-y-bruno-zacconi\/#primaryimage"},"image":{"@id":"https:\/\/www.noticiasradioreflejos.com.ar\/2021\/becas-residencias-estudiantiles-planeamiento-y-desarrollo-con-futuras-inversiones-productivas-en-el-distrito-temas-abordados-con-gonzalo-iparraguirre-y-bruno-zacconi\/#primaryimage"},"thumbnailUrl":"","datePublished":"2021-01-27T20:53:49+00:00","author":{"@id":"https:\/\/www.noticiasradioreflejos.com.ar\/2021\/#\/schema\/person\/ad82545263dcc5ec0996818884fd5fb1"},"breadcrumb":{"@id":"https:\/\/www.noticiasradioreflejos.com.ar\/2021\/becas-residencias-estudiantiles-planeamiento-y-desarrollo-con-futuras-inversiones-productivas-en-el-distrito-temas-abordados-con-gonzalo-iparraguirre-y-bruno-zacconi\/#breadcrumb"},"inLanguage":"es","potentialAction":[{"@type":"ReadAction","target":["https:\/\/www.noticiasradioreflejos.com.ar\/2021\/becas-residencias-estudiantiles-planeamiento-y-desarrollo-con-futuras-inversiones-productivas-en-el-distrito-temas-abordados-con-gonzalo-iparraguirre-y-bruno-zacconi\/"]}]},{"@type":"ImageObject","inLanguage":"es","@id":"https:\/\/www.noticiasradioreflejos.com.ar\/2021\/becas-residencias-estudiantiles-planeamiento-y-desarrollo-con-futuras-inversiones-productivas-en-el-distrito-temas-abordados-con-gonzalo-iparraguirre-y-bruno-zacconi\/#primaryimage","url":"","contentUrl":""},{"@type":"BreadcrumbList","@id":"https:\/\/www.noticiasradioreflejos.com.ar\/2021\/becas-residencias-estudiantiles-planeamiento-y-desarrollo-con-futuras-inversiones-productivas-en-el-distrito-temas-abordados-con-gonzalo-iparraguirre-y-bruno-zacconi\/#breadcrumb","itemListElement":[{"@type":"ListItem","position":1,"name":"Portada","item":"https:\/\/www.noticiasradioreflejos.com.ar\/2021\/"},{"@type":"ListItem","position":2,"name":"Becas, residencias estudiantiles, planeamiento y desarrollo con futuras inversiones productivas en el distrito &#8211; Temas abordados con Gonzalo Iparraguirre y Bruno Zacconi."}]},{"@type":"WebSite","@id":"https:\/\/www.noticiasradioreflejos.com.ar\/2021\/#website","url":"https:\/\/www.noticiasradioreflejos.com.ar\/2021\/","name":"Noticias Radio Reflejos","description":"Las noticias de mi comarca","potentialAction":[{"@type":"SearchAction","target":{"@type":"EntryPoint","urlTemplate":"https:\/\/www.noticiasradioreflejos.com.ar\/2021\/?s={search_term_string}"},"query-input":{"@type":"PropertyValueSpecification","valueRequired":true,"valueName":"search_term_string"}}],"inLanguage":"es"},{"@type":"Person","@id":"https:\/\/www.noticiasradioreflejos.com.ar\/2021\/#\/schema\/person\/ad82545263dcc5ec0996818884fd5fb1","name":"Arnaldo Botto","image":{"@type":"ImageObject","inLanguage":"es","@id":"https:\/\/www.noticiasradioreflejos.com.ar\/2021\/#\/schema\/person\/image\/","url":"https:\/\/secure.gravatar.com\/avatar\/55cb5e37c1efa326397366e6974cb338056df65cb50e7d64d1cf314e87504837?s=96&d=mm&r=g","contentUrl":"https:\/\/secure.gravatar.com\/avatar\/55cb5e37c1efa326397366e6974cb338056df65cb50e7d64d1cf314e87504837?s=96&d=mm&r=g","caption":"Arnaldo Botto"},"url":"https:\/\/www.noticiasradioreflejos.com.ar\/2021\/author\/arnaldo\/"}]}},"_links":{"self":[{"href":"https:\/\/www.noticiasradioreflejos.com.ar\/2021\/wp-json\/wp\/v2\/posts\/51775","targetHints":{"allow":["GET"]}}],"collection":[{"href":"https:\/\/www.noticiasradioreflejos.com.ar\/2021\/wp-json\/wp\/v2\/posts"}],"about":[{"href":"https:\/\/www.noticiasradioreflejos.com.ar\/2021\/wp-json\/wp\/v2\/types\/post"}],"author":[{"embeddable":true,"href":"https:\/\/www.noticiasradioreflejos.com.ar\/2021\/wp-json\/wp\/v2\/users\/3"}],"replies":[{"embeddable":true,"href":"https:\/\/www.noticiasradioreflejos.com.ar\/2021\/wp-json\/wp\/v2\/comments?post=51775"}],"version-history":[{"count":0,"href":"https:\/\/www.noticiasradioreflejos.com.ar\/2021\/wp-json\/wp\/v2\/posts\/51775\/revisions"}],"wp:featuredmedia":[{"embeddable":true,"href":"https:\/\/www.noticiasradioreflejos.com.ar\/2021\/wp-json\/"}],"wp:attachment":[{"href":"https:\/\/www.noticiasradioreflejos.com.ar\/2021\/wp-json\/wp\/v2\/media?parent=51775"}],"wp:term":[{"taxonomy":"category","embeddable":true,"href":"https:\/\/www.noticiasradioreflejos.com.ar\/2021\/wp-json\/wp\/v2\/categories?post=51775"},{"taxonomy":"post_tag","embeddable":true,"href":"https:\/\/www.noticiasradioreflejos.com.ar\/2021\/wp-json\/wp\/v2\/tags?post=51775"}],"curies":[{"name":"wp","href":"https:\/\/api.w.org\/{rel}","templated":true}]}}